{"id":10058,"date":"2014-11-26T08:50:03","date_gmt":"2014-11-26T07:50:03","guid":{"rendered":"http:\/\/noticiascasadellibro.es\/?p=10058"},"modified":"2014-11-26T08:50:03","modified_gmt":"2014-11-26T07:50:03","slug":"el-gran-wyoming-firma-libros","status":"publish","type":"post","link":"https:\/\/www.casadellibro.com\/blog\/el-gran-wyoming-firma-libros\/","title":{"rendered":"El Gran Wyoming: primera y \u00fanica firma de libros"},"content":{"rendered":"<p><a title=\"No estamos solos\" href=\"http:\/\/www.casadellibro.com\/libro-no-estamos-solos\/9788408131557\/2371664\" target=\"_blank\" rel=\"noopener noreferrer\"><img loading=\"lazy\" decoding=\"async\" class=\"alignright  wp-image-10098\" src=\"http:\/\/noticiascasadellibro.es\/wp-content\/uploads\/2014\/11\/FIRMA-WYOMING-2.jpg\" alt=\"FIRMA WYOMING\" width=\"390\" height=\"551\" \/><\/a>Tras el \u00e9xito social y de ventas de su anterior libro <a title=\"No estamos locos\" href=\"http:\/\/www.casadellibro.com\/libro-no-estamos-locos\/9788408118657\/2178802\" target=\"_blank\" rel=\"noopener noreferrer\"><strong>No estamos locos<\/strong><\/a>, <strong>El\u00a0Gran Wyoming<\/strong> regresa con un nuevo libro de cr\u00edtica social y afirma que\u00a0<a title=\"No estamos solos\" href=\"http:\/\/www.casadellibro.com\/libro-no-estamos-solos\/9788408131557\/2371664\" target=\"_blank\" rel=\"noopener noreferrer\"><strong>No estamos solos.<\/strong><\/a><\/p>\n<p>Un libro que pretende reivindicar el papel de los ciudadanos;\u00a0qu\u00e9 les mueve y c\u00f3mo lo hacen.\u00a0Una obra coral que da voz a la gente que agita cada d\u00eda la vida en las distintas\u00a0ciudades espa\u00f1olas. A trav\u00e9s de historias personales que se cruzan,\u00a0descubrimos como la indignaci\u00f3n se ha convertido en una fuente de\u00a0inspiraci\u00f3n. Un viaje por la Espa\u00f1a que no se resigna y que est\u00e1 consiguiendo\u00a0cambiar las cosas.\u00a0Este es el libro que le\u00a0da voz a la gente que ha decidido pasar de la queja a la acci\u00f3n. <strong>Wyoming<\/strong>\u00a0sale a la calle para poner cara y ojos a la indignaci\u00f3n pac\u00edfica ciudadana.<\/p>\n<p>El presentador y comunicador afirma <em><strong>\u00a1Que\u00a0no, que no estamos solos!.<\/strong> S<\/em>e pueden conseguir cosas desde que\u00a0muchas personas han decidido tomar la iniciativa.<\/p>\n<p>Descubre\u00a0ya el retrato\u00a0que hace <strong>El Gran Wyoming<\/strong> de la gente que est\u00e1 cambiando el pa\u00eds y adem\u00e1s consigue tu ejemplar firmado por el autor. Te esperamos el pr\u00f3ximo <strong>viernes 28<\/strong> a partir de las 18:00h en <strong>Casa del Libro<\/strong> de la Gran V\u00eda madrile\u00f1a, en la <strong>primera \u00fanica firma de libros<\/strong>, \u00a1no faltes!.<\/p>\n<p>&nbsp;<\/p>\n<p><strong>FIRMA DE LIBROS<\/strong><\/p>\n<p>Lugar:\u00a0<a title=\"GRan via casa del libro\" href=\"http:\/\/www.casadellibro.com\/nosotros\/tienda\/gran-via-29\/1\" target=\"_blank\" rel=\"noopener noreferrer\"><strong>Casa del Libro\u00a0Gran V\u00eda<\/strong><\/a><\/p>\n<p>Direcci\u00f3n: Gran V\u00eda 29, Madrid<\/p>\n<p>Fecha:<strong>\u00a0Viernes, 28 \u00a0de\u00a0noviembre<\/strong><\/p>\n<p>Hora: a partir de las\u00a0<strong>18:00h.<\/strong><\/p>\n<p><iframe loading=\"lazy\" src=\"\/\/www.youtube.com\/embed\/01mbxJwDiJg\" width=\"560\" height=\"315\" frameborder=\"0\" allowfullscreen=\"allowfullscreen\"><\/iframe><\/p>\n","protected":false},"excerpt":{"rendered":"<p>Tras el \u00e9xito social y de ventas de su anterior libro No estamos locos, El\u00a0Gran Wyoming regresa con un nuevo libro de cr\u00edtica social y afirma que\u00a0No estamos solos. Un libro que pretende reivindicar el papel de los ciudadanos;\u00a0qu\u00e9 les mueve y c\u00f3mo lo hacen.\u00a0Una obra coral que da voz a la gente que agita [&hellip;]<\/p>\n","protected":false},"author":2,"featured_media":10061,"comment_status":"open","ping_status":"open","sticky":false,"template":"","format":"standard","meta":{"tdm_status":"","tdm_grid_status":"","footnotes":""},"categories":[6],"tags":[59,69,931],"class_list":{"0":"post-10058","1":"post","2":"type-post","3":"status-publish","4":"format-standard","5":"has-post-thumbnail","7":"category-eventos-en-tu-libreria","8":"tag-firmas","9":"tag-madrid","10":"tag-wyoming"},"yoast_head":"<!-- This site is optimized with the Yoast SEO plugin v26.8 - https:\/\/yoast.com\/product\/yoast-seo-wordpress\/ -->\n<title>El Gran Wyoming: primera y \u00fanica firma de libros | Casa del Libro<\/title>\n<meta name=\"description\" content=\"Ven a Casa del Libro Gran V\u00eda en Madrid el pr\u00f3ximo viernes 28 de noviembre. Primera y \u00fanica firma de libros de Wyoming\" \/>\n<meta name=\"robots\" content=\"index, follow, max-snippet:-1, max-image-preview:large, max-video-preview:-1\" \/>\n<link rel=\"canonical\" href=\"https:\/\/www.casadellibro.com\/blog\/el-gran-wyoming-firma-libros\/\" \/>\n<meta property=\"og:locale\" content=\"es_ES\" \/>\n<meta property=\"og:type\" content=\"article\" \/>\n<meta property=\"og:title\" content=\"El Gran Wyoming: primera y \u00fanica firma de libros | Casa del Libro\" \/>\n<meta property=\"og:description\" content=\"Ven a Casa del Libro Gran V\u00eda en Madrid el pr\u00f3ximo viernes 28 de noviembre. Primera y \u00fanica firma de libros de Wyoming\" \/>\n<meta property=\"og:url\" content=\"https:\/\/www.casadellibro.com\/blog\/el-gran-wyoming-firma-libros\/\" \/>\n<meta property=\"og:site_name\" content=\"Blog Casa del Libro\" \/>\n<meta property=\"article:publisher\" content=\"https:\/\/www.facebook.com\/casadellibro\" \/>\n<meta property=\"article:published_time\" content=\"2014-11-26T07:50:03+00:00\" \/>\n<meta property=\"og:image\" content=\"https:\/\/www.casadellibro.com\/blog\/wp-content\/uploads\/2025\/01\/Favicon.png\" \/>\n\t<meta property=\"og:image:width\" content=\"512\" \/>\n\t<meta property=\"og:image:height\" content=\"512\" \/>\n\t<meta property=\"og:image:type\" content=\"image\/png\" \/>\n<meta name=\"author\" content=\"Casa del Libro\" \/>\n<meta name=\"twitter:card\" content=\"summary_large_image\" \/>\n<meta name=\"twitter:creator\" content=\"@casadellibro\" \/>\n<meta name=\"twitter:site\" content=\"@casadellibro\" \/>\n<meta name=\"twitter:label1\" content=\"Written by\" \/>\n\t<meta name=\"twitter:data1\" content=\"Casa del Libro\" \/>\n\t<meta name=\"twitter:label2\" content=\"Est. reading time\" \/>\n\t<meta name=\"twitter:data2\" content=\"1 minuto\" \/>\n<script type=\"application\/ld+json\" class=\"yoast-schema-graph\">{\"@context\":\"https:\/\/schema.org\",\"@graph\":[{\"@type\":\"Article\",\"@id\":\"https:\/\/www.casadellibro.com\/blog\/el-gran-wyoming-firma-libros\/#article\",\"isPartOf\":{\"@id\":\"https:\/\/www.casadellibro.com\/blog\/el-gran-wyoming-firma-libros\/\"},\"author\":{\"name\":\"Casa del Libro\",\"@id\":\"https:\/\/www.casadellibro.com\/blog\/#\/schema\/person\/4c5249ad5735629a37e929060c823fe5\"},\"headline\":\"El Gran Wyoming: primera y \u00fanica firma de libros\",\"datePublished\":\"2014-11-26T07:50:03+00:00\",\"mainEntityOfPage\":{\"@id\":\"https:\/\/www.casadellibro.com\/blog\/el-gran-wyoming-firma-libros\/\"},\"wordCount\":270,\"commentCount\":0,\"publisher\":{\"@id\":\"https:\/\/www.casadellibro.com\/blog\/#organization\"},\"image\":{\"@id\":\"https:\/\/www.casadellibro.com\/blog\/el-gran-wyoming-firma-libros\/#primaryimage\"},\"thumbnailUrl\":\"\",\"keywords\":[\"firmas\",\"Madrid\",\"Wyoming\"],\"articleSection\":[\"Eventos en tu librer\u00eda\"],\"inLanguage\":\"es\",\"potentialAction\":[{\"@type\":\"CommentAction\",\"name\":\"Comment\",\"target\":[\"https:\/\/www.casadellibro.com\/blog\/el-gran-wyoming-firma-libros\/#respond\"]}]},{\"@type\":\"WebPage\",\"@id\":\"https:\/\/www.casadellibro.com\/blog\/el-gran-wyoming-firma-libros\/\",\"url\":\"https:\/\/www.casadellibro.com\/blog\/el-gran-wyoming-firma-libros\/\",\"name\":\"El Gran Wyoming: primera y \u00fanica firma de libros | Casa del Libro\",\"isPartOf\":{\"@id\":\"https:\/\/www.casadellibro.com\/blog\/#website\"},\"primaryImageOfPage\":{\"@id\":\"https:\/\/www.casadellibro.com\/blog\/el-gran-wyoming-firma-libros\/#primaryimage\"},\"image\":{\"@id\":\"https:\/\/www.casadellibro.com\/blog\/el-gran-wyoming-firma-libros\/#primaryimage\"},\"thumbnailUrl\":\"\",\"datePublished\":\"2014-11-26T07:50:03+00:00\",\"description\":\"Ven a Casa del Libro Gran V\u00eda en Madrid el pr\u00f3ximo viernes 28 de noviembre. Primera y \u00fanica firma de libros de Wyoming\",\"breadcrumb\":{\"@id\":\"https:\/\/www.casadellibro.com\/blog\/el-gran-wyoming-firma-libros\/#breadcrumb\"},\"inLanguage\":\"es\",\"potentialAction\":[{\"@type\":\"ReadAction\",\"target\":[\"https:\/\/www.casadellibro.com\/blog\/el-gran-wyoming-firma-libros\/\"]}]},{\"@type\":\"ImageObject\",\"inLanguage\":\"es\",\"@id\":\"https:\/\/www.casadellibro.com\/blog\/el-gran-wyoming-firma-libros\/#primaryimage\",\"url\":\"\",\"contentUrl\":\"\"},{\"@type\":\"BreadcrumbList\",\"@id\":\"https:\/\/www.casadellibro.com\/blog\/el-gran-wyoming-firma-libros\/#breadcrumb\",\"itemListElement\":[{\"@type\":\"ListItem\",\"position\":1,\"name\":\"Casa del Libro\",\"item\":\"https:\/\/www.casadellibro.com\/blog\/\"},{\"@type\":\"ListItem\",\"position\":2,\"name\":\"El Gran Wyoming: primera y \u00fanica firma de libros\"}]},{\"@type\":\"WebSite\",\"@id\":\"https:\/\/www.casadellibro.com\/blog\/#website\",\"url\":\"https:\/\/www.casadellibro.com\/blog\/\",\"name\":\"Blog Casa del Libro\",\"description\":\"Descubre todas las novedades en eBooks, eReaders y Libros en el Blog oficial de Casa del Libro, recomendaciones en eBook, eReader y Libro online\",\"publisher\":{\"@id\":\"https:\/\/www.casadellibro.com\/blog\/#organization\"},\"potentialAction\":[{\"@type\":\"SearchAction\",\"target\":{\"@type\":\"EntryPoint\",\"urlTemplate\":\"https:\/\/www.casadellibro.com\/blog\/?s={search_term_string}\"},\"query-input\":{\"@type\":\"PropertyValueSpecification\",\"valueRequired\":true,\"valueName\":\"search_term_string\"}}],\"inLanguage\":\"es\"},{\"@type\":\"Organization\",\"@id\":\"https:\/\/www.casadellibro.com\/blog\/#organization\",\"name\":\"Blog Casa del Libro\",\"url\":\"https:\/\/www.casadellibro.com\/blog\/\",\"logo\":{\"@type\":\"ImageObject\",\"inLanguage\":\"es\",\"@id\":\"https:\/\/www.casadellibro.com\/blog\/#\/schema\/logo\/image\/\",\"url\":\"https:\/\/www.casadellibro.com\/blog\/wp-content\/uploads\/2022\/04\/cropped-image-2-300x98-1.png\",\"contentUrl\":\"https:\/\/www.casadellibro.com\/blog\/wp-content\/uploads\/2022\/04\/cropped-image-2-300x98-1.png\",\"width\":300,\"height\":98,\"caption\":\"Blog Casa del Libro\"},\"image\":{\"@id\":\"https:\/\/www.casadellibro.com\/blog\/#\/schema\/logo\/image\/\"},\"sameAs\":[\"https:\/\/www.facebook.com\/casadellibro\",\"https:\/\/x.com\/casadellibro\",\"https:\/\/www.youtube.com\/user\/casadellibropuntocom\",\"https:\/\/es.pinterest.com\/casadellibro\/\",\"https:\/\/open.spotify.com\/user\/wi2k27ijtmw114f531okf8nd4?si=JEaWkM75S56kXufnbmExww&nd=1&dlsi=6959f4c0a6474806\"]},{\"@type\":\"Person\",\"@id\":\"https:\/\/www.casadellibro.com\/blog\/#\/schema\/person\/4c5249ad5735629a37e929060c823fe5\",\"name\":\"Casa del Libro\",\"image\":{\"@type\":\"ImageObject\",\"inLanguage\":\"es\",\"@id\":\"https:\/\/www.casadellibro.com\/blog\/#\/schema\/person\/image\/\",\"url\":\"https:\/\/secure.gravatar.com\/avatar\/1ac01d90ad8e35013aff9d51865aa025?s=96&d=identicon&r=g\",\"contentUrl\":\"https:\/\/secure.gravatar.com\/avatar\/1ac01d90ad8e35013aff9d51865aa025?s=96&d=identicon&r=g\",\"caption\":\"Casa del Libro\"}}]}<\/script>\n<!-- \/ Yoast SEO plugin. -->","yoast_head_json":{"title":"El Gran Wyoming: primera y \u00fanica firma de libros | Casa del Libro","description":"Ven a Casa del Libro Gran V\u00eda en Madrid el pr\u00f3ximo viernes 28 de noviembre. Primera y \u00fanica firma de libros de Wyoming","robots":{"index":"index","follow":"follow","max-snippet":"max-snippet:-1","max-image-preview":"max-image-preview:large","max-video-preview":"max-video-preview:-1"},"canonical":"https:\/\/www.casadellibro.com\/blog\/el-gran-wyoming-firma-libros\/","og_locale":"es_ES","og_type":"article","og_title":"El Gran Wyoming: primera y \u00fanica firma de libros | Casa del Libro","og_description":"Ven a Casa del Libro Gran V\u00eda en Madrid el pr\u00f3ximo viernes 28 de noviembre. Primera y \u00fanica firma de libros de Wyoming","og_url":"https:\/\/www.casadellibro.com\/blog\/el-gran-wyoming-firma-libros\/","og_site_name":"Blog Casa del Libro","article_publisher":"https:\/\/www.facebook.com\/casadellibro","article_published_time":"2014-11-26T07:50:03+00:00","og_image":[{"width":512,"height":512,"url":"https:\/\/www.casadellibro.com\/blog\/wp-content\/uploads\/2025\/01\/Favicon.png","type":"image\/png"}],"author":"Casa del Libro","twitter_card":"summary_large_image","twitter_creator":"@casadellibro","twitter_site":"@casadellibro","twitter_misc":{"Written by":"Casa del Libro","Est. reading time":"1 minuto"},"schema":{"@context":"https:\/\/schema.org","@graph":[{"@type":"Article","@id":"https:\/\/www.casadellibro.com\/blog\/el-gran-wyoming-firma-libros\/#article","isPartOf":{"@id":"https:\/\/www.casadellibro.com\/blog\/el-gran-wyoming-firma-libros\/"},"author":{"name":"Casa del Libro","@id":"https:\/\/www.casadellibro.com\/blog\/#\/schema\/person\/4c5249ad5735629a37e929060c823fe5"},"headline":"El Gran Wyoming: primera y \u00fanica firma de libros","datePublished":"2014-11-26T07:50:03+00:00","mainEntityOfPage":{"@id":"https:\/\/www.casadellibro.com\/blog\/el-gran-wyoming-firma-libros\/"},"wordCount":270,"commentCount":0,"publisher":{"@id":"https:\/\/www.casadellibro.com\/blog\/#organization"},"image":{"@id":"https:\/\/www.casadellibro.com\/blog\/el-gran-wyoming-firma-libros\/#primaryimage"},"thumbnailUrl":"","keywords":["firmas","Madrid","Wyoming"],"articleSection":["Eventos en tu librer\u00eda"],"inLanguage":"es","potentialAction":[{"@type":"CommentAction","name":"Comment","target":["https:\/\/www.casadellibro.com\/blog\/el-gran-wyoming-firma-libros\/#respond"]}]},{"@type":"WebPage","@id":"https:\/\/www.casadellibro.com\/blog\/el-gran-wyoming-firma-libros\/","url":"https:\/\/www.casadellibro.com\/blog\/el-gran-wyoming-firma-libros\/","name":"El Gran Wyoming: primera y \u00fanica firma de libros | Casa del Libro","isPartOf":{"@id":"https:\/\/www.casadellibro.com\/blog\/#website"},"primaryImageOfPage":{"@id":"https:\/\/www.casadellibro.com\/blog\/el-gran-wyoming-firma-libros\/#primaryimage"},"image":{"@id":"https:\/\/www.casadellibro.com\/blog\/el-gran-wyoming-firma-libros\/#primaryimage"},"thumbnailUrl":"","datePublished":"2014-11-26T07:50:03+00:00","description":"Ven a Casa del Libro Gran V\u00eda en Madrid el pr\u00f3ximo viernes 28 de noviembre. Primera y \u00fanica firma de libros de Wyoming","breadcrumb":{"@id":"https:\/\/www.casadellibro.com\/blog\/el-gran-wyoming-firma-libros\/#breadcrumb"},"inLanguage":"es","potentialAction":[{"@type":"ReadAction","target":["https:\/\/www.casadellibro.com\/blog\/el-gran-wyoming-firma-libros\/"]}]},{"@type":"ImageObject","inLanguage":"es","@id":"https:\/\/www.casadellibro.com\/blog\/el-gran-wyoming-firma-libros\/#primaryimage","url":"","contentUrl":""},{"@type":"BreadcrumbList","@id":"https:\/\/www.casadellibro.com\/blog\/el-gran-wyoming-firma-libros\/#breadcrumb","itemListElement":[{"@type":"ListItem","position":1,"name":"Casa del Libro","item":"https:\/\/www.casadellibro.com\/blog\/"},{"@type":"ListItem","position":2,"name":"El Gran Wyoming: primera y \u00fanica firma de libros"}]},{"@type":"WebSite","@id":"https:\/\/www.casadellibro.com\/blog\/#website","url":"https:\/\/www.casadellibro.com\/blog\/","name":"Blog Casa del Libro","description":"Descubre todas las novedades en eBooks, eReaders y Libros en el Blog oficial de Casa del Libro, recomendaciones en eBook, eReader y Libro online","publisher":{"@id":"https:\/\/www.casadellibro.com\/blog\/#organization"},"potentialAction":[{"@type":"SearchAction","target":{"@type":"EntryPoint","urlTemplate":"https:\/\/www.casadellibro.com\/blog\/?s={search_term_string}"},"query-input":{"@type":"PropertyValueSpecification","valueRequired":true,"valueName":"search_term_string"}}],"inLanguage":"es"},{"@type":"Organization","@id":"https:\/\/www.casadellibro.com\/blog\/#organization","name":"Blog Casa del Libro","url":"https:\/\/www.casadellibro.com\/blog\/","logo":{"@type":"ImageObject","inLanguage":"es","@id":"https:\/\/www.casadellibro.com\/blog\/#\/schema\/logo\/image\/","url":"https:\/\/www.casadellibro.com\/blog\/wp-content\/uploads\/2022\/04\/cropped-image-2-300x98-1.png","contentUrl":"https:\/\/www.casadellibro.com\/blog\/wp-content\/uploads\/2022\/04\/cropped-image-2-300x98-1.png","width":300,"height":98,"caption":"Blog Casa del Libro"},"image":{"@id":"https:\/\/www.casadellibro.com\/blog\/#\/schema\/logo\/image\/"},"sameAs":["https:\/\/www.facebook.com\/casadellibro","https:\/\/x.com\/casadellibro","https:\/\/www.youtube.com\/user\/casadellibropuntocom","https:\/\/es.pinterest.com\/casadellibro\/","https:\/\/open.spotify.com\/user\/wi2k27ijtmw114f531okf8nd4?si=JEaWkM75S56kXufnbmExww&nd=1&dlsi=6959f4c0a6474806"]},{"@type":"Person","@id":"https:\/\/www.casadellibro.com\/blog\/#\/schema\/person\/4c5249ad5735629a37e929060c823fe5","name":"Casa del Libro","image":{"@type":"ImageObject","inLanguage":"es","@id":"https:\/\/www.casadellibro.com\/blog\/#\/schema\/person\/image\/","url":"https:\/\/secure.gravatar.com\/avatar\/1ac01d90ad8e35013aff9d51865aa025?s=96&d=identicon&r=g","contentUrl":"https:\/\/secure.gravatar.com\/avatar\/1ac01d90ad8e35013aff9d51865aa025?s=96&d=identicon&r=g","caption":"Casa del Libro"}}]}},"_links":{"self":[{"href":"https:\/\/www.casadellibro.com\/blog\/wp-json\/wp\/v2\/posts\/10058","targetHints":{"allow":["GET"]}}],"collection":[{"href":"https:\/\/www.casadellibro.com\/blog\/wp-json\/wp\/v2\/posts"}],"about":[{"href":"https:\/\/www.casadellibro.com\/blog\/wp-json\/wp\/v2\/types\/post"}],"author":[{"embeddable":true,"href":"https:\/\/www.casadellibro.com\/blog\/wp-json\/wp\/v2\/users\/2"}],"replies":[{"embeddable":true,"href":"https:\/\/www.casadellibro.com\/blog\/wp-json\/wp\/v2\/comments?post=10058"}],"version-history":[{"count":0,"href":"https:\/\/www.casadellibro.com\/blog\/wp-json\/wp\/v2\/posts\/10058\/revisions"}],"wp:featuredmedia":[{"embeddable":true,"href":"https:\/\/www.casadellibro.com\/blog\/wp-json\/"}],"wp:attachment":[{"href":"https:\/\/www.casadellibro.com\/blog\/wp-json\/wp\/v2\/media?parent=10058"}],"wp:term":[{"taxonomy":"category","embeddable":true,"href":"https:\/\/www.casadellibro.com\/blog\/wp-json\/wp\/v2\/categories?post=10058"},{"taxonomy":"post_tag","embeddable":true,"href":"https:\/\/www.casadellibro.com\/blog\/wp-json\/wp\/v2\/tags?post=10058"}],"curies":[{"name":"wp","href":"https:\/\/api.w.org\/{rel}","templated":true}]}}