{"id":10312,"date":"2015-01-19T11:52:35","date_gmt":"2015-01-19T09:52:35","guid":{"rendered":"http:\/\/noticiascasadellibro.es\/?p=10312"},"modified":"2015-01-19T11:52:35","modified_gmt":"2015-01-19T09:52:35","slug":"tu-pones-el-nombre-y-nosotros-el-concurso","status":"publish","type":"post","link":"https:\/\/www.casadellibro.com\/blog\/tu-pones-el-nombre-y-nosotros-el-concurso\/","title":{"rendered":"T\u00fa pones el nombre y nosotros el concurso"},"content":{"rendered":"<p>En Casa del Libro&nbsp;estamos creando un <strong>espacio \u00fanico y personalizado<\/strong> en Facebook para cada uno de nuestro seguidores donde podr\u00e1s ganar premios, conocer las \u00faltimas novedades, eventos y presentaciones y tener acceso a contenido exclusivo. \u00a1Toda la informaci\u00f3n que m\u00e1s te interesa en un \u00fanico espacio!<\/p>\n<p>Estamos buscamos un nombre para nuestra nueva<strong> APP de Casa del Libro<\/strong>&nbsp;&nbsp;y queremos que t\u00fa nos ayudes. <a title=\"Concurso Ponle nombre\" href=\"https:\/\/www.facebook.com\/CasadelLibro?sk=app_79458893817\" target=\"_blank\" rel=\"noopener noreferrer\"><strong>Participa en el concurso<\/strong><\/a> con un nombre original, divertido, que enganche, que sea pegadizo, que refleje todo lo que vas a encontrar en este nuevo espacio exclusivo.. \u00a1lo que t\u00fa quieras!. Si tu nombre resulta elegido ganar\u00e1s un <a title=\"Tagus Lux 2015\" href=\"http:\/\/www.casadellibro.com\/papeleria-tagus-lux-2015\/8414606689699\/2352991\" target=\"_blank\" rel=\"noopener noreferrer\"><strong>Tagus Lux 2015<\/strong><\/a>&nbsp;valorado en 99.90\u20ac, y adem\u00e1s &nbsp;te convertir\u00e1s en el protagonista de nuestras redes sociales con una peque\u00f1a entrevista.<\/p>\n<p><a title=\"Ponle nombre concurso\" href=\"https:\/\/www.facebook.com\/CasadelLibro?sk=app_79458893817\" target=\"_blank\" rel=\"noopener noreferrer\"><img loading=\"lazy\" decoding=\"async\" class=\"aligncenter size-full wp-image-10313\" src=\"http:\/\/noticiascasadellibro.es\/wp-content\/uploads\/2015\/01\/infografia-app-cdl.jpg\" alt=\"infografia app cdl\" width=\"450\" height=\"616\"><\/a><\/p>\n<p>Un jurado de <strong>Casa del Libro<\/strong> elegir\u00e1 un&nbsp;nombre entre todos los recibidos,&nbsp;valorando entre&nbsp;otra criterios la <strong>originalidad<\/strong> del nombre y su <strong>relaci\u00f3n<\/strong> con lo que cada d\u00eda promocionamos: cultura, libros, autores, experiencias, juegos educativos, etc. Tambi\u00e9n se valorar\u00e1 que el nombre sea de ra\u00edz latina. No se considerar\u00e1n aquellas propuestas que recojan nombres abusivos o malsonantes, nombres ya usados en otras aplicaciones similares, gen\u00e9ricos o nombres propios de personas o entidades.<\/p>\n<p>Sigue el concurso y opina sobre los nombres propuestos con el hastag: <strong><a title=\"Ponlenombre twitter\" href=\"https:\/\/twitter.com\/hashtag\/PonleNombre?src=hash\" target=\"_blank\" rel=\"noopener noreferrer\">#ponlenombre<\/a>.<\/strong><\/p>\n<p>\u00a1Da rienda suelta a tu imaginaci\u00f3n! Piensa como llamar\u00edas al nuevo espacio exclusivo en el que podr\u00e1s participar en todos los concursos, sorteos y juegos, ser el primero en conocer novedades y noticias, participar en promociones y estar informado de las nuevas tendencias. Adem\u00e1s, recuerda que si tu nombre es el elegido disfrutar\u00e1s del nuevo e-reader <a title=\"Tagus Lux 2015\" href=\"http:\/\/www.casadellibro.com\/papeleria-tagus-lux-2015\/8414606689699\/2352991\" target=\"_blank\" rel=\"noopener noreferrer\">Tagus Lux 2015<\/a>.<\/p>\n","protected":false},"excerpt":{"rendered":"<p>En Casa del Libro&nbsp;estamos creando un espacio \u00fanico y personalizado en Facebook para cada uno de nuestro seguidores donde podr\u00e1s ganar premios, conocer las \u00faltimas novedades, eventos y presentaciones y tener acceso a contenido exclusivo. \u00a1Toda la informaci\u00f3n que m\u00e1s te interesa en un \u00fanico espacio! Estamos buscamos un nombre para nuestra nueva APP de [&hellip;]<\/p>\n","protected":false},"author":2,"featured_media":10313,"comment_status":"open","ping_status":"open","sticky":false,"template":"","format":"standard","meta":{"tdm_status":"","tdm_grid_status":"","footnotes":""},"categories":[1],"tags":[945,529,65],"class_list":{"0":"post-10312","1":"post","2":"type-post","3":"status-publish","4":"format-standard","5":"has-post-thumbnail","7":"category-sin-categoria","8":"tag-app","9":"tag-concurso","10":"tag-facebook"},"yoast_head":"<!-- This site is optimized with the Yoast SEO plugin v26.8 - https:\/\/yoast.com\/product\/yoast-seo-wordpress\/ -->\n<title>T\u00fa pones el nombre y nosotros el concurso | Casa del Libro<\/title>\n<meta name=\"robots\" content=\"index, follow, max-snippet:-1, max-image-preview:large, max-video-preview:-1\" \/>\n<link rel=\"canonical\" href=\"https:\/\/www.casadellibro.com\/blog\/tu-pones-el-nombre-y-nosotros-el-concurso\/\" \/>\n<meta property=\"og:locale\" content=\"es_ES\" \/>\n<meta property=\"og:type\" content=\"article\" \/>\n<meta property=\"og:title\" content=\"T\u00fa pones el nombre y nosotros el concurso | Casa del Libro\" \/>\n<meta property=\"og:description\" content=\"En Casa del Libro&nbsp;estamos creando un espacio \u00fanico y personalizado en Facebook para cada uno de nuestro seguidores donde podr\u00e1s ganar premios, conocer las \u00faltimas novedades, eventos y presentaciones y tener acceso a contenido exclusivo. \u00a1Toda la informaci\u00f3n que m\u00e1s te interesa en un \u00fanico espacio! Estamos buscamos un nombre para nuestra nueva APP de [&hellip;]\" \/>\n<meta property=\"og:url\" content=\"https:\/\/www.casadellibro.com\/blog\/tu-pones-el-nombre-y-nosotros-el-concurso\/\" \/>\n<meta property=\"og:site_name\" content=\"Blog Casa del Libro\" \/>\n<meta property=\"article:publisher\" content=\"https:\/\/www.facebook.com\/casadellibro\" \/>\n<meta property=\"article:published_time\" content=\"2015-01-19T09:52:35+00:00\" \/>\n<meta property=\"og:image\" content=\"https:\/\/www.casadellibro.com\/blog\/wp-content\/uploads\/2025\/01\/Favicon.png\" \/>\n\t<meta property=\"og:image:width\" content=\"512\" \/>\n\t<meta property=\"og:image:height\" content=\"512\" \/>\n\t<meta property=\"og:image:type\" content=\"image\/png\" \/>\n<meta name=\"author\" content=\"Casa del Libro\" \/>\n<meta name=\"twitter:card\" content=\"summary_large_image\" \/>\n<meta name=\"twitter:creator\" content=\"@casadellibro\" \/>\n<meta name=\"twitter:site\" content=\"@casadellibro\" \/>\n<meta name=\"twitter:label1\" content=\"Written by\" \/>\n\t<meta name=\"twitter:data1\" content=\"Casa del Libro\" \/>\n\t<meta name=\"twitter:label2\" content=\"Est. reading time\" \/>\n\t<meta name=\"twitter:data2\" content=\"1 minuto\" \/>\n<script type=\"application\/ld+json\" class=\"yoast-schema-graph\">{\"@context\":\"https:\/\/schema.org\",\"@graph\":[{\"@type\":\"Article\",\"@id\":\"https:\/\/www.casadellibro.com\/blog\/tu-pones-el-nombre-y-nosotros-el-concurso\/#article\",\"isPartOf\":{\"@id\":\"https:\/\/www.casadellibro.com\/blog\/tu-pones-el-nombre-y-nosotros-el-concurso\/\"},\"author\":{\"name\":\"Casa del Libro\",\"@id\":\"https:\/\/www.casadellibro.com\/blog\/#\/schema\/person\/4c5249ad5735629a37e929060c823fe5\"},\"headline\":\"T\u00fa pones el nombre y nosotros el concurso\",\"datePublished\":\"2015-01-19T09:52:35+00:00\",\"mainEntityOfPage\":{\"@id\":\"https:\/\/www.casadellibro.com\/blog\/tu-pones-el-nombre-y-nosotros-el-concurso\/\"},\"wordCount\":300,\"commentCount\":1,\"publisher\":{\"@id\":\"https:\/\/www.casadellibro.com\/blog\/#organization\"},\"image\":{\"@id\":\"https:\/\/www.casadellibro.com\/blog\/tu-pones-el-nombre-y-nosotros-el-concurso\/#primaryimage\"},\"thumbnailUrl\":\"\",\"keywords\":[\"APP\",\"concurso\",\"Facebook\"],\"inLanguage\":\"es\",\"potentialAction\":[{\"@type\":\"CommentAction\",\"name\":\"Comment\",\"target\":[\"https:\/\/www.casadellibro.com\/blog\/tu-pones-el-nombre-y-nosotros-el-concurso\/#respond\"]}]},{\"@type\":\"WebPage\",\"@id\":\"https:\/\/www.casadellibro.com\/blog\/tu-pones-el-nombre-y-nosotros-el-concurso\/\",\"url\":\"https:\/\/www.casadellibro.com\/blog\/tu-pones-el-nombre-y-nosotros-el-concurso\/\",\"name\":\"T\u00fa pones el nombre y nosotros el concurso | Casa del Libro\",\"isPartOf\":{\"@id\":\"https:\/\/www.casadellibro.com\/blog\/#website\"},\"primaryImageOfPage\":{\"@id\":\"https:\/\/www.casadellibro.com\/blog\/tu-pones-el-nombre-y-nosotros-el-concurso\/#primaryimage\"},\"image\":{\"@id\":\"https:\/\/www.casadellibro.com\/blog\/tu-pones-el-nombre-y-nosotros-el-concurso\/#primaryimage\"},\"thumbnailUrl\":\"\",\"datePublished\":\"2015-01-19T09:52:35+00:00\",\"breadcrumb\":{\"@id\":\"https:\/\/www.casadellibro.com\/blog\/tu-pones-el-nombre-y-nosotros-el-concurso\/#breadcrumb\"},\"inLanguage\":\"es\",\"potentialAction\":[{\"@type\":\"ReadAction\",\"target\":[\"https:\/\/www.casadellibro.com\/blog\/tu-pones-el-nombre-y-nosotros-el-concurso\/\"]}]},{\"@type\":\"ImageObject\",\"inLanguage\":\"es\",\"@id\":\"https:\/\/www.casadellibro.com\/blog\/tu-pones-el-nombre-y-nosotros-el-concurso\/#primaryimage\",\"url\":\"\",\"contentUrl\":\"\"},{\"@type\":\"BreadcrumbList\",\"@id\":\"https:\/\/www.casadellibro.com\/blog\/tu-pones-el-nombre-y-nosotros-el-concurso\/#breadcrumb\",\"itemListElement\":[{\"@type\":\"ListItem\",\"position\":1,\"name\":\"Casa del Libro\",\"item\":\"https:\/\/www.casadellibro.com\/blog\/\"},{\"@type\":\"ListItem\",\"position\":2,\"name\":\"T\u00fa pones el nombre y nosotros el concurso\"}]},{\"@type\":\"WebSite\",\"@id\":\"https:\/\/www.casadellibro.com\/blog\/#website\",\"url\":\"https:\/\/www.casadellibro.com\/blog\/\",\"name\":\"Blog Casa del Libro\",\"description\":\"Descubre todas las novedades en eBooks, eReaders y Libros en el Blog oficial de Casa del Libro, recomendaciones en eBook, eReader y Libro online\",\"publisher\":{\"@id\":\"https:\/\/www.casadellibro.com\/blog\/#organization\"},\"potentialAction\":[{\"@type\":\"SearchAction\",\"target\":{\"@type\":\"EntryPoint\",\"urlTemplate\":\"https:\/\/www.casadellibro.com\/blog\/?s={search_term_string}\"},\"query-input\":{\"@type\":\"PropertyValueSpecification\",\"valueRequired\":true,\"valueName\":\"search_term_string\"}}],\"inLanguage\":\"es\"},{\"@type\":\"Organization\",\"@id\":\"https:\/\/www.casadellibro.com\/blog\/#organization\",\"name\":\"Blog Casa del Libro\",\"url\":\"https:\/\/www.casadellibro.com\/blog\/\",\"logo\":{\"@type\":\"ImageObject\",\"inLanguage\":\"es\",\"@id\":\"https:\/\/www.casadellibro.com\/blog\/#\/schema\/logo\/image\/\",\"url\":\"https:\/\/www.casadellibro.com\/blog\/wp-content\/uploads\/2022\/04\/cropped-image-2-300x98-1.png\",\"contentUrl\":\"https:\/\/www.casadellibro.com\/blog\/wp-content\/uploads\/2022\/04\/cropped-image-2-300x98-1.png\",\"width\":300,\"height\":98,\"caption\":\"Blog Casa del Libro\"},\"image\":{\"@id\":\"https:\/\/www.casadellibro.com\/blog\/#\/schema\/logo\/image\/\"},\"sameAs\":[\"https:\/\/www.facebook.com\/casadellibro\",\"https:\/\/x.com\/casadellibro\",\"https:\/\/www.youtube.com\/user\/casadellibropuntocom\",\"https:\/\/es.pinterest.com\/casadellibro\/\",\"https:\/\/open.spotify.com\/user\/wi2k27ijtmw114f531okf8nd4?si=JEaWkM75S56kXufnbmExww&nd=1&dlsi=6959f4c0a6474806\"]},{\"@type\":\"Person\",\"@id\":\"https:\/\/www.casadellibro.com\/blog\/#\/schema\/person\/4c5249ad5735629a37e929060c823fe5\",\"name\":\"Casa del Libro\",\"image\":{\"@type\":\"ImageObject\",\"inLanguage\":\"es\",\"@id\":\"https:\/\/www.casadellibro.com\/blog\/#\/schema\/person\/image\/\",\"url\":\"https:\/\/secure.gravatar.com\/avatar\/1ac01d90ad8e35013aff9d51865aa025?s=96&d=identicon&r=g\",\"contentUrl\":\"https:\/\/secure.gravatar.com\/avatar\/1ac01d90ad8e35013aff9d51865aa025?s=96&d=identicon&r=g\",\"caption\":\"Casa del Libro\"}}]}<\/script>\n<!-- \/ Yoast SEO plugin. -->","yoast_head_json":{"title":"T\u00fa pones el nombre y nosotros el concurso | Casa del Libro","robots":{"index":"index","follow":"follow","max-snippet":"max-snippet:-1","max-image-preview":"max-image-preview:large","max-video-preview":"max-video-preview:-1"},"canonical":"https:\/\/www.casadellibro.com\/blog\/tu-pones-el-nombre-y-nosotros-el-concurso\/","og_locale":"es_ES","og_type":"article","og_title":"T\u00fa pones el nombre y nosotros el concurso | Casa del Libro","og_description":"En Casa del Libro&nbsp;estamos creando un espacio \u00fanico y personalizado en Facebook para cada uno de nuestro seguidores donde podr\u00e1s ganar premios, conocer las \u00faltimas novedades, eventos y presentaciones y tener acceso a contenido exclusivo. \u00a1Toda la informaci\u00f3n que m\u00e1s te interesa en un \u00fanico espacio! Estamos buscamos un nombre para nuestra nueva APP de [&hellip;]","og_url":"https:\/\/www.casadellibro.com\/blog\/tu-pones-el-nombre-y-nosotros-el-concurso\/","og_site_name":"Blog Casa del Libro","article_publisher":"https:\/\/www.facebook.com\/casadellibro","article_published_time":"2015-01-19T09:52:35+00:00","og_image":[{"width":512,"height":512,"url":"https:\/\/www.casadellibro.com\/blog\/wp-content\/uploads\/2025\/01\/Favicon.png","type":"image\/png"}],"author":"Casa del Libro","twitter_card":"summary_large_image","twitter_creator":"@casadellibro","twitter_site":"@casadellibro","twitter_misc":{"Written by":"Casa del Libro","Est. reading time":"1 minuto"},"schema":{"@context":"https:\/\/schema.org","@graph":[{"@type":"Article","@id":"https:\/\/www.casadellibro.com\/blog\/tu-pones-el-nombre-y-nosotros-el-concurso\/#article","isPartOf":{"@id":"https:\/\/www.casadellibro.com\/blog\/tu-pones-el-nombre-y-nosotros-el-concurso\/"},"author":{"name":"Casa del Libro","@id":"https:\/\/www.casadellibro.com\/blog\/#\/schema\/person\/4c5249ad5735629a37e929060c823fe5"},"headline":"T\u00fa pones el nombre y nosotros el concurso","datePublished":"2015-01-19T09:52:35+00:00","mainEntityOfPage":{"@id":"https:\/\/www.casadellibro.com\/blog\/tu-pones-el-nombre-y-nosotros-el-concurso\/"},"wordCount":300,"commentCount":1,"publisher":{"@id":"https:\/\/www.casadellibro.com\/blog\/#organization"},"image":{"@id":"https:\/\/www.casadellibro.com\/blog\/tu-pones-el-nombre-y-nosotros-el-concurso\/#primaryimage"},"thumbnailUrl":"","keywords":["APP","concurso","Facebook"],"inLanguage":"es","potentialAction":[{"@type":"CommentAction","name":"Comment","target":["https:\/\/www.casadellibro.com\/blog\/tu-pones-el-nombre-y-nosotros-el-concurso\/#respond"]}]},{"@type":"WebPage","@id":"https:\/\/www.casadellibro.com\/blog\/tu-pones-el-nombre-y-nosotros-el-concurso\/","url":"https:\/\/www.casadellibro.com\/blog\/tu-pones-el-nombre-y-nosotros-el-concurso\/","name":"T\u00fa pones el nombre y nosotros el concurso | Casa del Libro","isPartOf":{"@id":"https:\/\/www.casadellibro.com\/blog\/#website"},"primaryImageOfPage":{"@id":"https:\/\/www.casadellibro.com\/blog\/tu-pones-el-nombre-y-nosotros-el-concurso\/#primaryimage"},"image":{"@id":"https:\/\/www.casadellibro.com\/blog\/tu-pones-el-nombre-y-nosotros-el-concurso\/#primaryimage"},"thumbnailUrl":"","datePublished":"2015-01-19T09:52:35+00:00","breadcrumb":{"@id":"https:\/\/www.casadellibro.com\/blog\/tu-pones-el-nombre-y-nosotros-el-concurso\/#breadcrumb"},"inLanguage":"es","potentialAction":[{"@type":"ReadAction","target":["https:\/\/www.casadellibro.com\/blog\/tu-pones-el-nombre-y-nosotros-el-concurso\/"]}]},{"@type":"ImageObject","inLanguage":"es","@id":"https:\/\/www.casadellibro.com\/blog\/tu-pones-el-nombre-y-nosotros-el-concurso\/#primaryimage","url":"","contentUrl":""},{"@type":"BreadcrumbList","@id":"https:\/\/www.casadellibro.com\/blog\/tu-pones-el-nombre-y-nosotros-el-concurso\/#breadcrumb","itemListElement":[{"@type":"ListItem","position":1,"name":"Casa del Libro","item":"https:\/\/www.casadellibro.com\/blog\/"},{"@type":"ListItem","position":2,"name":"T\u00fa pones el nombre y nosotros el concurso"}]},{"@type":"WebSite","@id":"https:\/\/www.casadellibro.com\/blog\/#website","url":"https:\/\/www.casadellibro.com\/blog\/","name":"Blog Casa del Libro","description":"Descubre todas las novedades en eBooks, eReaders y Libros en el Blog oficial de Casa del Libro, recomendaciones en eBook, eReader y Libro online","publisher":{"@id":"https:\/\/www.casadellibro.com\/blog\/#organization"},"potentialAction":[{"@type":"SearchAction","target":{"@type":"EntryPoint","urlTemplate":"https:\/\/www.casadellibro.com\/blog\/?s={search_term_string}"},"query-input":{"@type":"PropertyValueSpecification","valueRequired":true,"valueName":"search_term_string"}}],"inLanguage":"es"},{"@type":"Organization","@id":"https:\/\/www.casadellibro.com\/blog\/#organization","name":"Blog Casa del Libro","url":"https:\/\/www.casadellibro.com\/blog\/","logo":{"@type":"ImageObject","inLanguage":"es","@id":"https:\/\/www.casadellibro.com\/blog\/#\/schema\/logo\/image\/","url":"https:\/\/www.casadellibro.com\/blog\/wp-content\/uploads\/2022\/04\/cropped-image-2-300x98-1.png","contentUrl":"https:\/\/www.casadellibro.com\/blog\/wp-content\/uploads\/2022\/04\/cropped-image-2-300x98-1.png","width":300,"height":98,"caption":"Blog Casa del Libro"},"image":{"@id":"https:\/\/www.casadellibro.com\/blog\/#\/schema\/logo\/image\/"},"sameAs":["https:\/\/www.facebook.com\/casadellibro","https:\/\/x.com\/casadellibro","https:\/\/www.youtube.com\/user\/casadellibropuntocom","https:\/\/es.pinterest.com\/casadellibro\/","https:\/\/open.spotify.com\/user\/wi2k27ijtmw114f531okf8nd4?si=JEaWkM75S56kXufnbmExww&nd=1&dlsi=6959f4c0a6474806"]},{"@type":"Person","@id":"https:\/\/www.casadellibro.com\/blog\/#\/schema\/person\/4c5249ad5735629a37e929060c823fe5","name":"Casa del Libro","image":{"@type":"ImageObject","inLanguage":"es","@id":"https:\/\/www.casadellibro.com\/blog\/#\/schema\/person\/image\/","url":"https:\/\/secure.gravatar.com\/avatar\/1ac01d90ad8e35013aff9d51865aa025?s=96&d=identicon&r=g","contentUrl":"https:\/\/secure.gravatar.com\/avatar\/1ac01d90ad8e35013aff9d51865aa025?s=96&d=identicon&r=g","caption":"Casa del Libro"}}]}},"_links":{"self":[{"href":"https:\/\/www.casadellibro.com\/blog\/wp-json\/wp\/v2\/posts\/10312","targetHints":{"allow":["GET"]}}],"collection":[{"href":"https:\/\/www.casadellibro.com\/blog\/wp-json\/wp\/v2\/posts"}],"about":[{"href":"https:\/\/www.casadellibro.com\/blog\/wp-json\/wp\/v2\/types\/post"}],"author":[{"embeddable":true,"href":"https:\/\/www.casadellibro.com\/blog\/wp-json\/wp\/v2\/users\/2"}],"replies":[{"embeddable":true,"href":"https:\/\/www.casadellibro.com\/blog\/wp-json\/wp\/v2\/comments?post=10312"}],"version-history":[{"count":0,"href":"https:\/\/www.casadellibro.com\/blog\/wp-json\/wp\/v2\/posts\/10312\/revisions"}],"wp:featuredmedia":[{"embeddable":true,"href":"https:\/\/www.casadellibro.com\/blog\/wp-json\/"}],"wp:attachment":[{"href":"https:\/\/www.casadellibro.com\/blog\/wp-json\/wp\/v2\/media?parent=10312"}],"wp:term":[{"taxonomy":"category","embeddable":true,"href":"https:\/\/www.casadellibro.com\/blog\/wp-json\/wp\/v2\/categories?post=10312"},{"taxonomy":"post_tag","embeddable":true,"href":"https:\/\/www.casadellibro.com\/blog\/wp-json\/wp\/v2\/tags?post=10312"}],"curies":[{"name":"wp","href":"https:\/\/api.w.org\/{rel}","templated":true}]}}