{"id":10517,"date":"2015-02-06T08:34:41","date_gmt":"2015-02-06T07:34:41","guid":{"rendered":"http:\/\/noticiascasadellibro.es\/?p=10517"},"modified":"2015-02-06T08:34:41","modified_gmt":"2015-02-06T07:34:41","slug":"cine-y-literatura-un-amasiato-polemico","status":"publish","type":"post","link":"https:\/\/www.casadellibro.com\/blog\/cine-y-literatura-un-amasiato-polemico\/","title":{"rendered":"Cine y literatura: un amasiato pol\u00e9mico"},"content":{"rendered":"<p><img loading=\"lazy\" decoding=\"async\" class=\"aligncenter size-full wp-image-10521\" src=\"http:\/\/noticiascasadellibro.es\/wp-content\/uploads\/2015\/02\/cineyliteratura.jpg\" alt=\"cineyliteratura\" width=\"500\" height=\"577\" \/><\/p>\n<p>Desde el nacimiento mismo del nuevo arte, que algunos obsesivos ven como el n\u00famero siete, el cine se ha nutrido de la literatura. Basta recordar que la primera cinta de ficci\u00f3n fue la adaptaci\u00f3n que hizo aqu\u00e9l mago llamado Georges M\u00e9li\u00e8s de ese otro so\u00f1ador: Julio Verne.<br \/>\nDe la Tierra a la Luna se convirti\u00f3 en Viaje a la Luna y los azorados espectadores pudieron observar la verdadera magia del ex cirquero. M\u00e9li\u00e8s ya no sacaba conejos de la chistera, logr\u00f3 que una nave espacial le picara el ojo a esa Luna chiclosa que no paraba de parpadear.<br \/>\nLa literatura se ha conseguido desde el principio un amante muy joven. Esta ped\u00f3fila relaci\u00f3n ha sido fecunda y, como todos los amantes, ha despertado encendidas pol\u00e9micas entre partidarios de la madura se\u00f1ora, quienes dicen que es insuperable, y el din\u00e1mico jovenzuelo, que puede ser multifac\u00e9tico, afirman sus fan\u00e1ticos.<br \/>\nQuiz\u00e1 ahora, como nunca antes, las adaptaciones que el cine hace de la\u00a0 literatura sean mucho m\u00e1s frecuentes. S\u00f3lo hay que asomarse a la cartelera actual o navegar por ese cat\u00e1logo infinito que es Netflix, para asombrarse por el n\u00famero de filmes que tienen sus ra\u00edces en las letras. La raz\u00f3n es que la tecnolog\u00eda ha podido lograr poner en la pantalla, de manera convincente, cosas que anteriormente s\u00f3lo lograba la imaginaci\u00f3n m\u00e1s desbocada.<br \/>\nTomemos un pu\u00f1ado reciente de este amasiato.<br \/>\nLa historia que James Dashner cre\u00f3 con el nombre de <em>Maze Runner<\/em> o <a href=\"http:\/\/bit.ly\/1EKVBHd\"><em>El corredor del laberinto<\/em><\/a>, en espa\u00f1ol, fue llevada a la pantalla por un joven director: Wes Ball. La historia de unos chicos atrapados en un laberinto por una misteriosa organizaci\u00f3n, apenas fue rodada el a\u00f1o pasado y ya est\u00e1n en progreso dos secuelas m\u00e1s.<br \/>\nLa incursi\u00f3n, como directora, de Angelina Jolie en un filme con gran presupuesto se llama <a href=\"http:\/\/bit.ly\/1zenW0p\"><em>Inquebrantable<\/em><\/a>, basado en la novela\u00a0 del mismo nombre de Laura Hillenbrand. Esta es la historia real de Louis Zamperini, quien de ser un gran atleta, se convirti\u00f3 en piloto de aviones durante la Segunda Guerra Mundial. Zamperini fue derribado en medio del oc\u00e9ano y su lucha por sobrevivir en medio de un embravecido mar lleno de tiburones, es el tema de esta novela.<br \/>\nEl mundialmente famoso Steven Spielberg, no puede resistirse a rodar el relato de un joven al que su padre le arrebata, para vender, su amado caballo.\u00a0 En <a href=\"http:\/\/bit.ly\/1Km5nQo\"><em>Caballo de batalla<\/em><\/a>\u00a0 Albert\u00a0 desafiar\u00e1 las cruentas batallas de la Primera Guerra Mundial para poder recuperar a su corcel.<br \/>\nPor supuesto, no podemos olvidar el gran \u00e9xito comercial que supuso la adaptaci\u00f3n de <a href=\"http:\/\/bit.ly\/16KLNPr\"><em>Los juegos del hambre<\/em><\/a> . Esta distop\u00eda ideada por Suzanne Collins habla acerca de los pruebas que deben pasar doce chicos y doce chicas, escogidos al azar, para sobrevivir en un reality show. \u00bfQu\u00e9 tan lejos estamos ahora de ello? Parece la pregunta latente de esta novela.<br \/>\nLos libros digitales enriquecidos pueden reavivar la pol\u00e9mica, ya que los materiales audiovisuales y la interactividad han irrumpido en ese rect\u00e1ngulo que antes s\u00f3lo albergaba a letras, y en algunos casos, ilustraciones. \u00bfUn ejemplar de \u00e9stos sigue siendo un libro o se convierte en otro arte?<br \/>\nEn mx.casadellibro.com podr\u00e1s ver nuestra selecci\u00f3n completa de libros recientemente adaptados a la pantalla de plata.<\/p>\n","protected":false},"excerpt":{"rendered":"<p>Desde el nacimiento mismo del nuevo arte, que algunos obsesivos ven como el n\u00famero siete, el cine se ha nutrido de la literatura. Basta recordar que la primera cinta de ficci\u00f3n fue la adaptaci\u00f3n que hizo aqu\u00e9l mago llamado Georges M\u00e9li\u00e8s de ese otro so\u00f1ador: Julio Verne. De la Tierra a la Luna se convirti\u00f3 [&hellip;]<\/p>\n","protected":false},"author":2,"featured_media":0,"comment_status":"open","ping_status":"open","sticky":false,"template":"","format":"standard","meta":{"tdm_status":"","tdm_grid_status":"","footnotes":""},"categories":[4],"tags":[],"class_list":{"0":"post-10517","1":"post","2":"type-post","3":"status-publish","4":"format-standard","6":"category-actualidad"},"yoast_head":"<!-- This site is optimized with the Yoast SEO plugin v26.8 - https:\/\/yoast.com\/product\/yoast-seo-wordpress\/ -->\n<title>Cine y literatura: un amasiato pol\u00e9mico | Casa del Libro<\/title>\n<meta name=\"description\" content=\"Las adaptaciones cinematogr\u00e1ficas que se han hecho recientemente de algunos libros.\" \/>\n<meta name=\"robots\" content=\"index, follow, max-snippet:-1, max-image-preview:large, max-video-preview:-1\" \/>\n<link rel=\"canonical\" href=\"https:\/\/www.casadellibro.com\/blog\/cine-y-literatura-un-amasiato-polemico\/\" \/>\n<meta property=\"og:locale\" content=\"es_ES\" \/>\n<meta property=\"og:type\" content=\"article\" \/>\n<meta property=\"og:title\" content=\"Cine y literatura: un amasiato pol\u00e9mico | Casa del Libro\" \/>\n<meta property=\"og:description\" content=\"Las adaptaciones cinematogr\u00e1ficas que se han hecho recientemente de algunos libros.\" \/>\n<meta property=\"og:url\" content=\"https:\/\/www.casadellibro.com\/blog\/cine-y-literatura-un-amasiato-polemico\/\" \/>\n<meta property=\"og:site_name\" content=\"Blog Casa del Libro\" \/>\n<meta property=\"article:publisher\" content=\"https:\/\/www.facebook.com\/casadellibro\" \/>\n<meta property=\"article:published_time\" content=\"2015-02-06T07:34:41+00:00\" \/>\n<meta property=\"og:image\" content=\"http:\/\/noticiascasadellibro.es\/wp-content\/uploads\/2015\/02\/cineyliteratura.jpg\" \/>\n<meta name=\"author\" content=\"Casa del Libro\" \/>\n<meta name=\"twitter:card\" content=\"summary_large_image\" \/>\n<meta name=\"twitter:creator\" content=\"@casadellibro\" \/>\n<meta name=\"twitter:site\" content=\"@casadellibro\" \/>\n<meta name=\"twitter:label1\" content=\"Written by\" \/>\n\t<meta name=\"twitter:data1\" content=\"Casa del Libro\" \/>\n\t<meta name=\"twitter:label2\" content=\"Est. reading time\" \/>\n\t<meta name=\"twitter:data2\" content=\"3 minutos\" \/>\n<script type=\"application\/ld+json\" class=\"yoast-schema-graph\">{\"@context\":\"https:\/\/schema.org\",\"@graph\":[{\"@type\":\"Article\",\"@id\":\"https:\/\/www.casadellibro.com\/blog\/cine-y-literatura-un-amasiato-polemico\/#article\",\"isPartOf\":{\"@id\":\"https:\/\/www.casadellibro.com\/blog\/cine-y-literatura-un-amasiato-polemico\/\"},\"author\":{\"name\":\"Casa del Libro\",\"@id\":\"https:\/\/www.casadellibro.com\/blog\/#\/schema\/person\/4c5249ad5735629a37e929060c823fe5\"},\"headline\":\"Cine y literatura: un amasiato pol\u00e9mico\",\"datePublished\":\"2015-02-06T07:34:41+00:00\",\"mainEntityOfPage\":{\"@id\":\"https:\/\/www.casadellibro.com\/blog\/cine-y-literatura-un-amasiato-polemico\/\"},\"wordCount\":581,\"commentCount\":0,\"publisher\":{\"@id\":\"https:\/\/www.casadellibro.com\/blog\/#organization\"},\"image\":{\"@id\":\"https:\/\/www.casadellibro.com\/blog\/cine-y-literatura-un-amasiato-polemico\/#primaryimage\"},\"thumbnailUrl\":\"http:\/\/noticiascasadellibro.es\/wp-content\/uploads\/2015\/02\/cineyliteratura.jpg\",\"articleSection\":[\"Actualidad\"],\"inLanguage\":\"es\",\"potentialAction\":[{\"@type\":\"CommentAction\",\"name\":\"Comment\",\"target\":[\"https:\/\/www.casadellibro.com\/blog\/cine-y-literatura-un-amasiato-polemico\/#respond\"]}]},{\"@type\":\"WebPage\",\"@id\":\"https:\/\/www.casadellibro.com\/blog\/cine-y-literatura-un-amasiato-polemico\/\",\"url\":\"https:\/\/www.casadellibro.com\/blog\/cine-y-literatura-un-amasiato-polemico\/\",\"name\":\"Cine y literatura: un amasiato pol\u00e9mico | Casa del Libro\",\"isPartOf\":{\"@id\":\"https:\/\/www.casadellibro.com\/blog\/#website\"},\"primaryImageOfPage\":{\"@id\":\"https:\/\/www.casadellibro.com\/blog\/cine-y-literatura-un-amasiato-polemico\/#primaryimage\"},\"image\":{\"@id\":\"https:\/\/www.casadellibro.com\/blog\/cine-y-literatura-un-amasiato-polemico\/#primaryimage\"},\"thumbnailUrl\":\"http:\/\/noticiascasadellibro.es\/wp-content\/uploads\/2015\/02\/cineyliteratura.jpg\",\"datePublished\":\"2015-02-06T07:34:41+00:00\",\"description\":\"Las adaptaciones cinematogr\u00e1ficas que se han hecho recientemente de algunos libros.\",\"breadcrumb\":{\"@id\":\"https:\/\/www.casadellibro.com\/blog\/cine-y-literatura-un-amasiato-polemico\/#breadcrumb\"},\"inLanguage\":\"es\",\"potentialAction\":[{\"@type\":\"ReadAction\",\"target\":[\"https:\/\/www.casadellibro.com\/blog\/cine-y-literatura-un-amasiato-polemico\/\"]}]},{\"@type\":\"ImageObject\",\"inLanguage\":\"es\",\"@id\":\"https:\/\/www.casadellibro.com\/blog\/cine-y-literatura-un-amasiato-polemico\/#primaryimage\",\"url\":\"http:\/\/noticiascasadellibro.es\/wp-content\/uploads\/2015\/02\/cineyliteratura.jpg\",\"contentUrl\":\"http:\/\/noticiascasadellibro.es\/wp-content\/uploads\/2015\/02\/cineyliteratura.jpg\"},{\"@type\":\"BreadcrumbList\",\"@id\":\"https:\/\/www.casadellibro.com\/blog\/cine-y-literatura-un-amasiato-polemico\/#breadcrumb\",\"itemListElement\":[{\"@type\":\"ListItem\",\"position\":1,\"name\":\"Casa del Libro\",\"item\":\"https:\/\/www.casadellibro.com\/blog\/\"},{\"@type\":\"ListItem\",\"position\":2,\"name\":\"Cine y literatura: un amasiato pol\u00e9mico\"}]},{\"@type\":\"WebSite\",\"@id\":\"https:\/\/www.casadellibro.com\/blog\/#website\",\"url\":\"https:\/\/www.casadellibro.com\/blog\/\",\"name\":\"Blog Casa del Libro\",\"description\":\"Descubre todas las novedades en eBooks, eReaders y Libros en el Blog oficial de Casa del Libro, recomendaciones en eBook, eReader y Libro online\",\"publisher\":{\"@id\":\"https:\/\/www.casadellibro.com\/blog\/#organization\"},\"potentialAction\":[{\"@type\":\"SearchAction\",\"target\":{\"@type\":\"EntryPoint\",\"urlTemplate\":\"https:\/\/www.casadellibro.com\/blog\/?s={search_term_string}\"},\"query-input\":{\"@type\":\"PropertyValueSpecification\",\"valueRequired\":true,\"valueName\":\"search_term_string\"}}],\"inLanguage\":\"es\"},{\"@type\":\"Organization\",\"@id\":\"https:\/\/www.casadellibro.com\/blog\/#organization\",\"name\":\"Blog Casa del Libro\",\"url\":\"https:\/\/www.casadellibro.com\/blog\/\",\"logo\":{\"@type\":\"ImageObject\",\"inLanguage\":\"es\",\"@id\":\"https:\/\/www.casadellibro.com\/blog\/#\/schema\/logo\/image\/\",\"url\":\"https:\/\/www.casadellibro.com\/blog\/wp-content\/uploads\/2022\/04\/cropped-image-2-300x98-1.png\",\"contentUrl\":\"https:\/\/www.casadellibro.com\/blog\/wp-content\/uploads\/2022\/04\/cropped-image-2-300x98-1.png\",\"width\":300,\"height\":98,\"caption\":\"Blog Casa del Libro\"},\"image\":{\"@id\":\"https:\/\/www.casadellibro.com\/blog\/#\/schema\/logo\/image\/\"},\"sameAs\":[\"https:\/\/www.facebook.com\/casadellibro\",\"https:\/\/x.com\/casadellibro\",\"https:\/\/www.youtube.com\/user\/casadellibropuntocom\",\"https:\/\/es.pinterest.com\/casadellibro\/\",\"https:\/\/open.spotify.com\/user\/wi2k27ijtmw114f531okf8nd4?si=JEaWkM75S56kXufnbmExww&nd=1&dlsi=6959f4c0a6474806\"]},{\"@type\":\"Person\",\"@id\":\"https:\/\/www.casadellibro.com\/blog\/#\/schema\/person\/4c5249ad5735629a37e929060c823fe5\",\"name\":\"Casa del Libro\",\"image\":{\"@type\":\"ImageObject\",\"inLanguage\":\"es\",\"@id\":\"https:\/\/www.casadellibro.com\/blog\/#\/schema\/person\/image\/\",\"url\":\"https:\/\/secure.gravatar.com\/avatar\/1ac01d90ad8e35013aff9d51865aa025?s=96&d=identicon&r=g\",\"contentUrl\":\"https:\/\/secure.gravatar.com\/avatar\/1ac01d90ad8e35013aff9d51865aa025?s=96&d=identicon&r=g\",\"caption\":\"Casa del Libro\"}}]}<\/script>\n<!-- \/ Yoast SEO plugin. -->","yoast_head_json":{"title":"Cine y literatura: un amasiato pol\u00e9mico | Casa del Libro","description":"Las adaptaciones cinematogr\u00e1ficas que se han hecho recientemente de algunos libros.","robots":{"index":"index","follow":"follow","max-snippet":"max-snippet:-1","max-image-preview":"max-image-preview:large","max-video-preview":"max-video-preview:-1"},"canonical":"https:\/\/www.casadellibro.com\/blog\/cine-y-literatura-un-amasiato-polemico\/","og_locale":"es_ES","og_type":"article","og_title":"Cine y literatura: un amasiato pol\u00e9mico | Casa del Libro","og_description":"Las adaptaciones cinematogr\u00e1ficas que se han hecho recientemente de algunos libros.","og_url":"https:\/\/www.casadellibro.com\/blog\/cine-y-literatura-un-amasiato-polemico\/","og_site_name":"Blog Casa del Libro","article_publisher":"https:\/\/www.facebook.com\/casadellibro","article_published_time":"2015-02-06T07:34:41+00:00","og_image":[{"url":"http:\/\/noticiascasadellibro.es\/wp-content\/uploads\/2015\/02\/cineyliteratura.jpg","type":"","width":"","height":""}],"author":"Casa del Libro","twitter_card":"summary_large_image","twitter_creator":"@casadellibro","twitter_site":"@casadellibro","twitter_misc":{"Written by":"Casa del Libro","Est. reading time":"3 minutos"},"schema":{"@context":"https:\/\/schema.org","@graph":[{"@type":"Article","@id":"https:\/\/www.casadellibro.com\/blog\/cine-y-literatura-un-amasiato-polemico\/#article","isPartOf":{"@id":"https:\/\/www.casadellibro.com\/blog\/cine-y-literatura-un-amasiato-polemico\/"},"author":{"name":"Casa del Libro","@id":"https:\/\/www.casadellibro.com\/blog\/#\/schema\/person\/4c5249ad5735629a37e929060c823fe5"},"headline":"Cine y literatura: un amasiato pol\u00e9mico","datePublished":"2015-02-06T07:34:41+00:00","mainEntityOfPage":{"@id":"https:\/\/www.casadellibro.com\/blog\/cine-y-literatura-un-amasiato-polemico\/"},"wordCount":581,"commentCount":0,"publisher":{"@id":"https:\/\/www.casadellibro.com\/blog\/#organization"},"image":{"@id":"https:\/\/www.casadellibro.com\/blog\/cine-y-literatura-un-amasiato-polemico\/#primaryimage"},"thumbnailUrl":"http:\/\/noticiascasadellibro.es\/wp-content\/uploads\/2015\/02\/cineyliteratura.jpg","articleSection":["Actualidad"],"inLanguage":"es","potentialAction":[{"@type":"CommentAction","name":"Comment","target":["https:\/\/www.casadellibro.com\/blog\/cine-y-literatura-un-amasiato-polemico\/#respond"]}]},{"@type":"WebPage","@id":"https:\/\/www.casadellibro.com\/blog\/cine-y-literatura-un-amasiato-polemico\/","url":"https:\/\/www.casadellibro.com\/blog\/cine-y-literatura-un-amasiato-polemico\/","name":"Cine y literatura: un amasiato pol\u00e9mico | Casa del Libro","isPartOf":{"@id":"https:\/\/www.casadellibro.com\/blog\/#website"},"primaryImageOfPage":{"@id":"https:\/\/www.casadellibro.com\/blog\/cine-y-literatura-un-amasiato-polemico\/#primaryimage"},"image":{"@id":"https:\/\/www.casadellibro.com\/blog\/cine-y-literatura-un-amasiato-polemico\/#primaryimage"},"thumbnailUrl":"http:\/\/noticiascasadellibro.es\/wp-content\/uploads\/2015\/02\/cineyliteratura.jpg","datePublished":"2015-02-06T07:34:41+00:00","description":"Las adaptaciones cinematogr\u00e1ficas que se han hecho recientemente de algunos libros.","breadcrumb":{"@id":"https:\/\/www.casadellibro.com\/blog\/cine-y-literatura-un-amasiato-polemico\/#breadcrumb"},"inLanguage":"es","potentialAction":[{"@type":"ReadAction","target":["https:\/\/www.casadellibro.com\/blog\/cine-y-literatura-un-amasiato-polemico\/"]}]},{"@type":"ImageObject","inLanguage":"es","@id":"https:\/\/www.casadellibro.com\/blog\/cine-y-literatura-un-amasiato-polemico\/#primaryimage","url":"http:\/\/noticiascasadellibro.es\/wp-content\/uploads\/2015\/02\/cineyliteratura.jpg","contentUrl":"http:\/\/noticiascasadellibro.es\/wp-content\/uploads\/2015\/02\/cineyliteratura.jpg"},{"@type":"BreadcrumbList","@id":"https:\/\/www.casadellibro.com\/blog\/cine-y-literatura-un-amasiato-polemico\/#breadcrumb","itemListElement":[{"@type":"ListItem","position":1,"name":"Casa del Libro","item":"https:\/\/www.casadellibro.com\/blog\/"},{"@type":"ListItem","position":2,"name":"Cine y literatura: un amasiato pol\u00e9mico"}]},{"@type":"WebSite","@id":"https:\/\/www.casadellibro.com\/blog\/#website","url":"https:\/\/www.casadellibro.com\/blog\/","name":"Blog Casa del Libro","description":"Descubre todas las novedades en eBooks, eReaders y Libros en el Blog oficial de Casa del Libro, recomendaciones en eBook, eReader y Libro online","publisher":{"@id":"https:\/\/www.casadellibro.com\/blog\/#organization"},"potentialAction":[{"@type":"SearchAction","target":{"@type":"EntryPoint","urlTemplate":"https:\/\/www.casadellibro.com\/blog\/?s={search_term_string}"},"query-input":{"@type":"PropertyValueSpecification","valueRequired":true,"valueName":"search_term_string"}}],"inLanguage":"es"},{"@type":"Organization","@id":"https:\/\/www.casadellibro.com\/blog\/#organization","name":"Blog Casa del Libro","url":"https:\/\/www.casadellibro.com\/blog\/","logo":{"@type":"ImageObject","inLanguage":"es","@id":"https:\/\/www.casadellibro.com\/blog\/#\/schema\/logo\/image\/","url":"https:\/\/www.casadellibro.com\/blog\/wp-content\/uploads\/2022\/04\/cropped-image-2-300x98-1.png","contentUrl":"https:\/\/www.casadellibro.com\/blog\/wp-content\/uploads\/2022\/04\/cropped-image-2-300x98-1.png","width":300,"height":98,"caption":"Blog Casa del Libro"},"image":{"@id":"https:\/\/www.casadellibro.com\/blog\/#\/schema\/logo\/image\/"},"sameAs":["https:\/\/www.facebook.com\/casadellibro","https:\/\/x.com\/casadellibro","https:\/\/www.youtube.com\/user\/casadellibropuntocom","https:\/\/es.pinterest.com\/casadellibro\/","https:\/\/open.spotify.com\/user\/wi2k27ijtmw114f531okf8nd4?si=JEaWkM75S56kXufnbmExww&nd=1&dlsi=6959f4c0a6474806"]},{"@type":"Person","@id":"https:\/\/www.casadellibro.com\/blog\/#\/schema\/person\/4c5249ad5735629a37e929060c823fe5","name":"Casa del Libro","image":{"@type":"ImageObject","inLanguage":"es","@id":"https:\/\/www.casadellibro.com\/blog\/#\/schema\/person\/image\/","url":"https:\/\/secure.gravatar.com\/avatar\/1ac01d90ad8e35013aff9d51865aa025?s=96&d=identicon&r=g","contentUrl":"https:\/\/secure.gravatar.com\/avatar\/1ac01d90ad8e35013aff9d51865aa025?s=96&d=identicon&r=g","caption":"Casa del Libro"}}]}},"_links":{"self":[{"href":"https:\/\/www.casadellibro.com\/blog\/wp-json\/wp\/v2\/posts\/10517","targetHints":{"allow":["GET"]}}],"collection":[{"href":"https:\/\/www.casadellibro.com\/blog\/wp-json\/wp\/v2\/posts"}],"about":[{"href":"https:\/\/www.casadellibro.com\/blog\/wp-json\/wp\/v2\/types\/post"}],"author":[{"embeddable":true,"href":"https:\/\/www.casadellibro.com\/blog\/wp-json\/wp\/v2\/users\/2"}],"replies":[{"embeddable":true,"href":"https:\/\/www.casadellibro.com\/blog\/wp-json\/wp\/v2\/comments?post=10517"}],"version-history":[{"count":0,"href":"https:\/\/www.casadellibro.com\/blog\/wp-json\/wp\/v2\/posts\/10517\/revisions"}],"wp:attachment":[{"href":"https:\/\/www.casadellibro.com\/blog\/wp-json\/wp\/v2\/media?parent=10517"}],"wp:term":[{"taxonomy":"category","embeddable":true,"href":"https:\/\/www.casadellibro.com\/blog\/wp-json\/wp\/v2\/categories?post=10517"},{"taxonomy":"post_tag","embeddable":true,"href":"https:\/\/www.casadellibro.com\/blog\/wp-json\/wp\/v2\/tags?post=10517"}],"curies":[{"name":"wp","href":"https:\/\/api.w.org\/{rel}","templated":true}]}}