{"id":10911,"date":"2015-03-26T16:00:41","date_gmt":"2015-03-26T14:00:41","guid":{"rendered":"http:\/\/noticiascasadellibro.es\/?p=10911"},"modified":"2015-03-26T16:00:41","modified_gmt":"2015-03-26T14:00:41","slug":"autor-tagus-del-mes-oscar-lamela","status":"publish","type":"post","link":"https:\/\/www.casadellibro.com\/blog\/autor-tagus-del-mes-oscar-lamela\/","title":{"rendered":"Autor Tagus del mes: \u00d3scar Lamela"},"content":{"rendered":"<p><img loading=\"lazy\" decoding=\"async\" class=\"aligncenter size-medium wp-image-10914\" src=\"http:\/\/noticiascasadellibro.es\/wp-content\/uploads\/2015\/03\/oscar-lamela-277x300.jpg\" alt=\"oscar lamela\" width=\"277\" height=\"300\"><\/p>\n<p style=\"text-align: center;\">\u00d3scar Lamela: Autor de: Llamada de Sangre<\/p>\n<p style=\"text-align: left;\">Delante del ordenador me pregunto el c\u00f3mo empezar a hablar de mi experiencia con <a href=\"http:\/\/www.casadellibro.com\/selloEditorial\" target=\"_blank\" rel=\"noopener noreferrer\">Ediciones Tagus<\/a>. Mi humildad ni siquiera me deja considerarme un Autor Tagus, solo un so\u00f1ador que gracias quiz\u00e1s a la perseverancia, la suerte y el azar, hoy puede decir que es feliz gracias a este grupo de profesionales tan estupendo. Llegu\u00e9 aqu\u00ed a trav\u00e9s de un Twit del escritor y periodista Eric Fratini y me present\u00e9 al<strong> concurso Operaci\u00f3n Tagus Live<\/strong> gracias a su anuncio por esta red y por el apoyo de mis familiares y amigos.<\/p>\n<p style=\"text-align: left;\">El d\u00eda del concurso ya pude comprobar el mundo en el que me met\u00eda. Lleno de gente con un baremo de profesionalidad a la altura de sus corazones. A d\u00eda de hoy no puedo m\u00e1s que agradecerles el apoyo que me han mostrado y la confianza que pusieron en mi novela \u201c<a href=\"http:\/\/www.casadellibro.com\/ebook-llamada-de-sangre-ebook\/9788415623564\/2317864\" target=\"_blank\" rel=\"noopener noreferrer\">Llamada de sangre<\/a>\u201d para que se publicara.<\/p>\n<p style=\"text-align: left;\">Mis editores, como yo les llamo cari\u00f1osamente me han ayudado infinidad de veces a seguir adelante con este sue\u00f1o y el equipo siempre me dio <strong>todas las facilidades<\/strong> para empezar con la fase de edici\u00f3n, maquetaci\u00f3n de la portada de la novela que me hizo una amiga y posterior lanzamiento. Sin olvidar los consejos infinitos y sugerencias a la hora de su correcci\u00f3n y pr\u00f3xima promoci\u00f3n del booktrailer que hicimos mi hijo y yo.<\/p>\n<p style=\"text-align: left;\">Si no fuera por ellos, estoy seguro de que ahora mismo no estar\u00eda tecleando estas palabras de agradecimiento. Ediciones Tagus es una <strong>forma diferente, futurible y ambiciosa<\/strong> de ver la nueva era de los libros y aunque el papel es el papel, como buenos lectores a\u00f1ejos que todos nos consideramos, las ventajas y precios de esta editorial no son comparables en su formato digital.<\/p>\n<p style=\"text-align: left;\">Desde el minuto uno, han contado conmigo para todo tipo de eventos, lanzamientos, ofertas e incluso apoyaron un concurso que surgi\u00f3 dentro de esta mente perturbada y que ha dado unos resultados muy bonitos.<\/p>\n<p style=\"text-align: left;\">Para colmo de males, esta editorial ha unido \u00faltimamente a un grupo de escritores noveles de Ediciones Tagus&nbsp; a trav\u00e9s de las redes. <strong>La familia crece<\/strong> y qui\u00e9n sabe si el futuro nos deparar\u00e1 grandes \u00e9xitos.<\/p>\n<p style=\"text-align: left;\">Gracias de todo coraz\u00f3n por cuidar de mi beb\u00e9 literario y por hacerme cada d\u00eda un poco m\u00e1s escritor con vuestra experiencia. Es un honor formar parte de esta gran familia y ser como no el Autor del mes de Marzo. Casa del libro y Ediciones Tagus son el emblema de muchos corazones de tinta noveles, gracias por vuestra confianza.<\/p>\n","protected":false},"excerpt":{"rendered":"<p>\u00d3scar Lamela: Autor de: Llamada de Sangre Delante del ordenador me pregunto el c\u00f3mo empezar a hablar de mi experiencia con Ediciones Tagus. Mi humildad ni siquiera me deja considerarme un Autor Tagus, solo un so\u00f1ador que gracias quiz\u00e1s a la perseverancia, la suerte y el azar, hoy puede decir que es feliz gracias a [&hellip;]<\/p>\n","protected":false},"author":2,"featured_media":10914,"comment_status":"open","ping_status":"open","sticky":false,"template":"","format":"standard","meta":{"tdm_status":"","tdm_grid_status":"","footnotes":""},"categories":[771],"tags":[797,784,798],"class_list":{"0":"post-10911","1":"post","2":"type-post","3":"status-publish","4":"format-standard","5":"has-post-thumbnail","7":"category-libros-digitales","8":"tag-experiencia-tagus","9":"tag-publicar-ebook","10":"tag-publicar-libro"},"yoast_head":"<!-- This site is optimized with the Yoast SEO plugin v26.8 - https:\/\/yoast.com\/product\/yoast-seo-wordpress\/ -->\n<title>Autor Tagus del mes: \u00d3scar Lamela | Casa del Libro<\/title>\n<meta name=\"robots\" content=\"index, follow, max-snippet:-1, max-image-preview:large, max-video-preview:-1\" \/>\n<link rel=\"canonical\" href=\"https:\/\/www.casadellibro.com\/blog\/autor-tagus-del-mes-oscar-lamela\/\" \/>\n<meta property=\"og:locale\" content=\"es_ES\" \/>\n<meta property=\"og:type\" content=\"article\" \/>\n<meta property=\"og:title\" content=\"Autor Tagus del mes: \u00d3scar Lamela | Casa del Libro\" \/>\n<meta property=\"og:description\" content=\"\u00d3scar Lamela: Autor de: Llamada de Sangre Delante del ordenador me pregunto el c\u00f3mo empezar a hablar de mi experiencia con Ediciones Tagus. Mi humildad ni siquiera me deja considerarme un Autor Tagus, solo un so\u00f1ador que gracias quiz\u00e1s a la perseverancia, la suerte y el azar, hoy puede decir que es feliz gracias a [&hellip;]\" \/>\n<meta property=\"og:url\" content=\"https:\/\/www.casadellibro.com\/blog\/autor-tagus-del-mes-oscar-lamela\/\" \/>\n<meta property=\"og:site_name\" content=\"Blog Casa del Libro\" \/>\n<meta property=\"article:publisher\" content=\"https:\/\/www.facebook.com\/casadellibro\" \/>\n<meta property=\"article:published_time\" content=\"2015-03-26T14:00:41+00:00\" \/>\n<meta property=\"og:image\" content=\"https:\/\/www.casadellibro.com\/blog\/wp-content\/uploads\/2025\/01\/Favicon.png\" \/>\n\t<meta property=\"og:image:width\" content=\"512\" \/>\n\t<meta property=\"og:image:height\" content=\"512\" \/>\n\t<meta property=\"og:image:type\" content=\"image\/png\" \/>\n<meta name=\"author\" content=\"Casa del Libro\" \/>\n<meta name=\"twitter:card\" content=\"summary_large_image\" \/>\n<meta name=\"twitter:creator\" content=\"@casadellibro\" \/>\n<meta name=\"twitter:site\" content=\"@casadellibro\" \/>\n<meta name=\"twitter:label1\" content=\"Written by\" \/>\n\t<meta name=\"twitter:data1\" content=\"Casa del Libro\" \/>\n\t<meta name=\"twitter:label2\" content=\"Est. reading time\" \/>\n\t<meta name=\"twitter:data2\" content=\"2 minutos\" \/>\n<script type=\"application\/ld+json\" class=\"yoast-schema-graph\">{\"@context\":\"https:\/\/schema.org\",\"@graph\":[{\"@type\":\"Article\",\"@id\":\"https:\/\/www.casadellibro.com\/blog\/autor-tagus-del-mes-oscar-lamela\/#article\",\"isPartOf\":{\"@id\":\"https:\/\/www.casadellibro.com\/blog\/autor-tagus-del-mes-oscar-lamela\/\"},\"author\":{\"name\":\"Casa del Libro\",\"@id\":\"https:\/\/www.casadellibro.com\/blog\/#\/schema\/person\/4c5249ad5735629a37e929060c823fe5\"},\"headline\":\"Autor Tagus del mes: \u00d3scar Lamela\",\"datePublished\":\"2015-03-26T14:00:41+00:00\",\"mainEntityOfPage\":{\"@id\":\"https:\/\/www.casadellibro.com\/blog\/autor-tagus-del-mes-oscar-lamela\/\"},\"wordCount\":454,\"commentCount\":0,\"publisher\":{\"@id\":\"https:\/\/www.casadellibro.com\/blog\/#organization\"},\"image\":{\"@id\":\"https:\/\/www.casadellibro.com\/blog\/autor-tagus-del-mes-oscar-lamela\/#primaryimage\"},\"thumbnailUrl\":\"\",\"keywords\":[\"experiencia Tagus\",\"publicar ebook\",\"publicar libro\"],\"articleSection\":[\"Libros digitales\"],\"inLanguage\":\"es\",\"potentialAction\":[{\"@type\":\"CommentAction\",\"name\":\"Comment\",\"target\":[\"https:\/\/www.casadellibro.com\/blog\/autor-tagus-del-mes-oscar-lamela\/#respond\"]}]},{\"@type\":\"WebPage\",\"@id\":\"https:\/\/www.casadellibro.com\/blog\/autor-tagus-del-mes-oscar-lamela\/\",\"url\":\"https:\/\/www.casadellibro.com\/blog\/autor-tagus-del-mes-oscar-lamela\/\",\"name\":\"Autor Tagus del mes: \u00d3scar Lamela | Casa del Libro\",\"isPartOf\":{\"@id\":\"https:\/\/www.casadellibro.com\/blog\/#website\"},\"primaryImageOfPage\":{\"@id\":\"https:\/\/www.casadellibro.com\/blog\/autor-tagus-del-mes-oscar-lamela\/#primaryimage\"},\"image\":{\"@id\":\"https:\/\/www.casadellibro.com\/blog\/autor-tagus-del-mes-oscar-lamela\/#primaryimage\"},\"thumbnailUrl\":\"\",\"datePublished\":\"2015-03-26T14:00:41+00:00\",\"breadcrumb\":{\"@id\":\"https:\/\/www.casadellibro.com\/blog\/autor-tagus-del-mes-oscar-lamela\/#breadcrumb\"},\"inLanguage\":\"es\",\"potentialAction\":[{\"@type\":\"ReadAction\",\"target\":[\"https:\/\/www.casadellibro.com\/blog\/autor-tagus-del-mes-oscar-lamela\/\"]}]},{\"@type\":\"ImageObject\",\"inLanguage\":\"es\",\"@id\":\"https:\/\/www.casadellibro.com\/blog\/autor-tagus-del-mes-oscar-lamela\/#primaryimage\",\"url\":\"\",\"contentUrl\":\"\"},{\"@type\":\"BreadcrumbList\",\"@id\":\"https:\/\/www.casadellibro.com\/blog\/autor-tagus-del-mes-oscar-lamela\/#breadcrumb\",\"itemListElement\":[{\"@type\":\"ListItem\",\"position\":1,\"name\":\"Casa del Libro\",\"item\":\"https:\/\/www.casadellibro.com\/blog\/\"},{\"@type\":\"ListItem\",\"position\":2,\"name\":\"Autor Tagus del mes: \u00d3scar Lamela\"}]},{\"@type\":\"WebSite\",\"@id\":\"https:\/\/www.casadellibro.com\/blog\/#website\",\"url\":\"https:\/\/www.casadellibro.com\/blog\/\",\"name\":\"Blog Casa del Libro\",\"description\":\"Descubre todas las novedades en eBooks, eReaders y Libros en el Blog oficial de Casa del Libro, recomendaciones en eBook, eReader y Libro online\",\"publisher\":{\"@id\":\"https:\/\/www.casadellibro.com\/blog\/#organization\"},\"potentialAction\":[{\"@type\":\"SearchAction\",\"target\":{\"@type\":\"EntryPoint\",\"urlTemplate\":\"https:\/\/www.casadellibro.com\/blog\/?s={search_term_string}\"},\"query-input\":{\"@type\":\"PropertyValueSpecification\",\"valueRequired\":true,\"valueName\":\"search_term_string\"}}],\"inLanguage\":\"es\"},{\"@type\":\"Organization\",\"@id\":\"https:\/\/www.casadellibro.com\/blog\/#organization\",\"name\":\"Blog Casa del Libro\",\"url\":\"https:\/\/www.casadellibro.com\/blog\/\",\"logo\":{\"@type\":\"ImageObject\",\"inLanguage\":\"es\",\"@id\":\"https:\/\/www.casadellibro.com\/blog\/#\/schema\/logo\/image\/\",\"url\":\"https:\/\/www.casadellibro.com\/blog\/wp-content\/uploads\/2022\/04\/cropped-image-2-300x98-1.png\",\"contentUrl\":\"https:\/\/www.casadellibro.com\/blog\/wp-content\/uploads\/2022\/04\/cropped-image-2-300x98-1.png\",\"width\":300,\"height\":98,\"caption\":\"Blog Casa del Libro\"},\"image\":{\"@id\":\"https:\/\/www.casadellibro.com\/blog\/#\/schema\/logo\/image\/\"},\"sameAs\":[\"https:\/\/www.facebook.com\/casadellibro\",\"https:\/\/x.com\/casadellibro\",\"https:\/\/www.youtube.com\/user\/casadellibropuntocom\",\"https:\/\/es.pinterest.com\/casadellibro\/\",\"https:\/\/open.spotify.com\/user\/wi2k27ijtmw114f531okf8nd4?si=JEaWkM75S56kXufnbmExww&nd=1&dlsi=6959f4c0a6474806\"]},{\"@type\":\"Person\",\"@id\":\"https:\/\/www.casadellibro.com\/blog\/#\/schema\/person\/4c5249ad5735629a37e929060c823fe5\",\"name\":\"Casa del Libro\",\"image\":{\"@type\":\"ImageObject\",\"inLanguage\":\"es\",\"@id\":\"https:\/\/www.casadellibro.com\/blog\/#\/schema\/person\/image\/\",\"url\":\"https:\/\/secure.gravatar.com\/avatar\/1ac01d90ad8e35013aff9d51865aa025?s=96&d=identicon&r=g\",\"contentUrl\":\"https:\/\/secure.gravatar.com\/avatar\/1ac01d90ad8e35013aff9d51865aa025?s=96&d=identicon&r=g\",\"caption\":\"Casa del Libro\"}}]}<\/script>\n<!-- \/ Yoast SEO plugin. -->","yoast_head_json":{"title":"Autor Tagus del mes: \u00d3scar Lamela | Casa del Libro","robots":{"index":"index","follow":"follow","max-snippet":"max-snippet:-1","max-image-preview":"max-image-preview:large","max-video-preview":"max-video-preview:-1"},"canonical":"https:\/\/www.casadellibro.com\/blog\/autor-tagus-del-mes-oscar-lamela\/","og_locale":"es_ES","og_type":"article","og_title":"Autor Tagus del mes: \u00d3scar Lamela | Casa del Libro","og_description":"\u00d3scar Lamela: Autor de: Llamada de Sangre Delante del ordenador me pregunto el c\u00f3mo empezar a hablar de mi experiencia con Ediciones Tagus. Mi humildad ni siquiera me deja considerarme un Autor Tagus, solo un so\u00f1ador que gracias quiz\u00e1s a la perseverancia, la suerte y el azar, hoy puede decir que es feliz gracias a [&hellip;]","og_url":"https:\/\/www.casadellibro.com\/blog\/autor-tagus-del-mes-oscar-lamela\/","og_site_name":"Blog Casa del Libro","article_publisher":"https:\/\/www.facebook.com\/casadellibro","article_published_time":"2015-03-26T14:00:41+00:00","og_image":[{"width":512,"height":512,"url":"https:\/\/www.casadellibro.com\/blog\/wp-content\/uploads\/2025\/01\/Favicon.png","type":"image\/png"}],"author":"Casa del Libro","twitter_card":"summary_large_image","twitter_creator":"@casadellibro","twitter_site":"@casadellibro","twitter_misc":{"Written by":"Casa del Libro","Est. reading time":"2 minutos"},"schema":{"@context":"https:\/\/schema.org","@graph":[{"@type":"Article","@id":"https:\/\/www.casadellibro.com\/blog\/autor-tagus-del-mes-oscar-lamela\/#article","isPartOf":{"@id":"https:\/\/www.casadellibro.com\/blog\/autor-tagus-del-mes-oscar-lamela\/"},"author":{"name":"Casa del Libro","@id":"https:\/\/www.casadellibro.com\/blog\/#\/schema\/person\/4c5249ad5735629a37e929060c823fe5"},"headline":"Autor Tagus del mes: \u00d3scar Lamela","datePublished":"2015-03-26T14:00:41+00:00","mainEntityOfPage":{"@id":"https:\/\/www.casadellibro.com\/blog\/autor-tagus-del-mes-oscar-lamela\/"},"wordCount":454,"commentCount":0,"publisher":{"@id":"https:\/\/www.casadellibro.com\/blog\/#organization"},"image":{"@id":"https:\/\/www.casadellibro.com\/blog\/autor-tagus-del-mes-oscar-lamela\/#primaryimage"},"thumbnailUrl":"","keywords":["experiencia Tagus","publicar ebook","publicar libro"],"articleSection":["Libros digitales"],"inLanguage":"es","potentialAction":[{"@type":"CommentAction","name":"Comment","target":["https:\/\/www.casadellibro.com\/blog\/autor-tagus-del-mes-oscar-lamela\/#respond"]}]},{"@type":"WebPage","@id":"https:\/\/www.casadellibro.com\/blog\/autor-tagus-del-mes-oscar-lamela\/","url":"https:\/\/www.casadellibro.com\/blog\/autor-tagus-del-mes-oscar-lamela\/","name":"Autor Tagus del mes: \u00d3scar Lamela | Casa del Libro","isPartOf":{"@id":"https:\/\/www.casadellibro.com\/blog\/#website"},"primaryImageOfPage":{"@id":"https:\/\/www.casadellibro.com\/blog\/autor-tagus-del-mes-oscar-lamela\/#primaryimage"},"image":{"@id":"https:\/\/www.casadellibro.com\/blog\/autor-tagus-del-mes-oscar-lamela\/#primaryimage"},"thumbnailUrl":"","datePublished":"2015-03-26T14:00:41+00:00","breadcrumb":{"@id":"https:\/\/www.casadellibro.com\/blog\/autor-tagus-del-mes-oscar-lamela\/#breadcrumb"},"inLanguage":"es","potentialAction":[{"@type":"ReadAction","target":["https:\/\/www.casadellibro.com\/blog\/autor-tagus-del-mes-oscar-lamela\/"]}]},{"@type":"ImageObject","inLanguage":"es","@id":"https:\/\/www.casadellibro.com\/blog\/autor-tagus-del-mes-oscar-lamela\/#primaryimage","url":"","contentUrl":""},{"@type":"BreadcrumbList","@id":"https:\/\/www.casadellibro.com\/blog\/autor-tagus-del-mes-oscar-lamela\/#breadcrumb","itemListElement":[{"@type":"ListItem","position":1,"name":"Casa del Libro","item":"https:\/\/www.casadellibro.com\/blog\/"},{"@type":"ListItem","position":2,"name":"Autor Tagus del mes: \u00d3scar Lamela"}]},{"@type":"WebSite","@id":"https:\/\/www.casadellibro.com\/blog\/#website","url":"https:\/\/www.casadellibro.com\/blog\/","name":"Blog Casa del Libro","description":"Descubre todas las novedades en eBooks, eReaders y Libros en el Blog oficial de Casa del Libro, recomendaciones en eBook, eReader y Libro online","publisher":{"@id":"https:\/\/www.casadellibro.com\/blog\/#organization"},"potentialAction":[{"@type":"SearchAction","target":{"@type":"EntryPoint","urlTemplate":"https:\/\/www.casadellibro.com\/blog\/?s={search_term_string}"},"query-input":{"@type":"PropertyValueSpecification","valueRequired":true,"valueName":"search_term_string"}}],"inLanguage":"es"},{"@type":"Organization","@id":"https:\/\/www.casadellibro.com\/blog\/#organization","name":"Blog Casa del Libro","url":"https:\/\/www.casadellibro.com\/blog\/","logo":{"@type":"ImageObject","inLanguage":"es","@id":"https:\/\/www.casadellibro.com\/blog\/#\/schema\/logo\/image\/","url":"https:\/\/www.casadellibro.com\/blog\/wp-content\/uploads\/2022\/04\/cropped-image-2-300x98-1.png","contentUrl":"https:\/\/www.casadellibro.com\/blog\/wp-content\/uploads\/2022\/04\/cropped-image-2-300x98-1.png","width":300,"height":98,"caption":"Blog Casa del Libro"},"image":{"@id":"https:\/\/www.casadellibro.com\/blog\/#\/schema\/logo\/image\/"},"sameAs":["https:\/\/www.facebook.com\/casadellibro","https:\/\/x.com\/casadellibro","https:\/\/www.youtube.com\/user\/casadellibropuntocom","https:\/\/es.pinterest.com\/casadellibro\/","https:\/\/open.spotify.com\/user\/wi2k27ijtmw114f531okf8nd4?si=JEaWkM75S56kXufnbmExww&nd=1&dlsi=6959f4c0a6474806"]},{"@type":"Person","@id":"https:\/\/www.casadellibro.com\/blog\/#\/schema\/person\/4c5249ad5735629a37e929060c823fe5","name":"Casa del Libro","image":{"@type":"ImageObject","inLanguage":"es","@id":"https:\/\/www.casadellibro.com\/blog\/#\/schema\/person\/image\/","url":"https:\/\/secure.gravatar.com\/avatar\/1ac01d90ad8e35013aff9d51865aa025?s=96&d=identicon&r=g","contentUrl":"https:\/\/secure.gravatar.com\/avatar\/1ac01d90ad8e35013aff9d51865aa025?s=96&d=identicon&r=g","caption":"Casa del Libro"}}]}},"_links":{"self":[{"href":"https:\/\/www.casadellibro.com\/blog\/wp-json\/wp\/v2\/posts\/10911","targetHints":{"allow":["GET"]}}],"collection":[{"href":"https:\/\/www.casadellibro.com\/blog\/wp-json\/wp\/v2\/posts"}],"about":[{"href":"https:\/\/www.casadellibro.com\/blog\/wp-json\/wp\/v2\/types\/post"}],"author":[{"embeddable":true,"href":"https:\/\/www.casadellibro.com\/blog\/wp-json\/wp\/v2\/users\/2"}],"replies":[{"embeddable":true,"href":"https:\/\/www.casadellibro.com\/blog\/wp-json\/wp\/v2\/comments?post=10911"}],"version-history":[{"count":0,"href":"https:\/\/www.casadellibro.com\/blog\/wp-json\/wp\/v2\/posts\/10911\/revisions"}],"wp:featuredmedia":[{"embeddable":true,"href":"https:\/\/www.casadellibro.com\/blog\/wp-json\/"}],"wp:attachment":[{"href":"https:\/\/www.casadellibro.com\/blog\/wp-json\/wp\/v2\/media?parent=10911"}],"wp:term":[{"taxonomy":"category","embeddable":true,"href":"https:\/\/www.casadellibro.com\/blog\/wp-json\/wp\/v2\/categories?post=10911"},{"taxonomy":"post_tag","embeddable":true,"href":"https:\/\/www.casadellibro.com\/blog\/wp-json\/wp\/v2\/tags?post=10911"}],"curies":[{"name":"wp","href":"https:\/\/api.w.org\/{rel}","templated":true}]}}