{"id":10917,"date":"2015-03-26T16:55:54","date_gmt":"2015-03-26T14:55:54","guid":{"rendered":"http:\/\/noticiascasadellibro.es\/?p=10917"},"modified":"2015-03-26T16:55:54","modified_gmt":"2015-03-26T14:55:54","slug":"planes-para-ninos-en-semana-santa","status":"publish","type":"post","link":"https:\/\/www.casadellibro.com\/blog\/planes-para-ninos-en-semana-santa\/","title":{"rendered":"Planes para ni\u00f1os en Semana Santa"},"content":{"rendered":"<p>Empiezan las vacaciones y en Casa del Libro os proponemos los mejores<strong> planes para ni\u00f1os en Semana Santa<\/strong>. Visita\u00a0nuestras<a href=\"http:\/\/www.casadellibro.com\/nosotros\/nuestras-tiendas-nuestrastiendas\/0\" target=\"_blank\" rel=\"noopener noreferrer\"><strong> librer\u00edas Casa del Libro<\/strong><\/a>\u00a0y encuentra los mejores planes de ocio infantil en tu ciudad.\u00a0Como siempre, son gratuitos y\u00a0est\u00e1n orientados a pasar un buen rato en familia mientras los m\u00e1s peque\u00f1os disfrutan y aprenden.<\/p>\n<p>Este fin de semana podremos disfrutar de <strong>cuentacuentos<\/strong>, un<strong> taller de jabones<\/strong>, talleres de <strong>manualidades, taller de poes\u00eda\u00a0<\/strong>o\u00a0la visita de <strong>Geronimo Stilton<\/strong>\u00a0 y <strong>Pompita.\u00a0<\/strong>Adem\u00e1s, tenemos una serie de <strong>CuentaCuentos<\/strong> para ense\u00f1ar <strong>h\u00e1bitos saludable<\/strong> a los m\u00e1s peque\u00f1os; ya que este mes lo dedicamos a la Salud y Bienestar. Descubre m\u00e1s sobre la c\u00f3mo<a title=\"Consejos de Vida Sana para Ni\u00f1os\" href=\"http:\/\/noticiascasadellibro.es\/2015\/03\/consejos-de-vida-sana-para-ninos\/\" target=\"_blank\" rel=\"noopener noreferrer\"><strong> fomentar la vida sana en los ni\u00f1os aqu\u00ed.<\/strong><\/a><\/p>\n<p><strong>ASTURIAS<img loading=\"lazy\" decoding=\"async\" class=\" size-medium wp-image-10846 alignright\" src=\"http:\/\/noticiascasadellibro.es\/wp-content\/uploads\/2015\/03\/oviedo-cuentacuentos-blog-212x300.jpg\" alt=\"oviedo cuentacuentos\" width=\"212\" height=\"300\" \/><\/strong><\/p>\n<p><a title=\"Casa del Libro Gij\u00f3n\" href=\"http:\/\/www.casadellibro.com\/nosotros\/tienda\/plaza-de-italia-3\/14\" target=\"_blank\" rel=\"noopener noreferrer\"><strong>Casa del Libro\u00a0Gij\u00f3n<\/strong><\/a><\/p>\n<ul>\n<li><strong>Viernes 27, 19:30 &#8211; Cuentacuentos <\/strong>con Gloria Sagasti.<\/li>\n<\/ul>\n<p><a title=\"Oviedo\" href=\"http:\/\/www.casadellibro.com\/nosotros\/tienda\/cc-modoo-arturo-alvarez-de-buylla-sn\/39\" target=\"_blank\" rel=\"noopener noreferrer\"><strong>Casa del Libro Oviedo<\/strong><\/a><\/p>\n<ul>\n<li><strong>S\u00e1bado 28, 12:30h &#8211; Cuentacuentos con David Acera,<\/strong> \u00a1cuentos\u00a0para infancia y mentes \u00a0 \u00a0 \u00a0 \u00a0 \u00a0 \u00a0 \u00a0 \u00a0 so\u00f1adoras!<\/li>\n<\/ul>\n<p><strong><a href=\"http:\/\/www.casadellibro.com\/buscador\/busquedaLibros?lang=es&amp;busqueda=RAQUEL%20GU&amp;nivel=5&amp;auto=2\" target=\"_blank\" rel=\"noopener noreferrer\"><img loading=\"lazy\" decoding=\"async\" class=\" wp-image-10918 alignleft\" src=\"http:\/\/noticiascasadellibro.es\/wp-content\/uploads\/2015\/03\/9788416075447-Dracaleg-224x300.jpg\" alt=\"9788416075447 Dracaleg\" width=\"216\" height=\"289\" \/><\/a>BARCELONA<br \/>\n<\/strong><\/p>\n<p><strong><a title=\"Casa del Libro paseo de Gr\u00e1cia\" href=\"http:\/\/www.casadellibro.com\/nosotros\/tienda\/passeig-de-gracia-62\/4\" target=\"_blank\" rel=\"noopener noreferrer\">Casa del Libro\u00a0\u00a0P\u00ba Gr\u00e0cia<\/a><br \/>\n<\/strong><\/p>\n<ul>\n<li><strong>S\u00e1bado 28, 12:30h &#8211;<\/strong> Cuentacuentos y taller con la Payasa Lola,\u00a0Coco Chanel.<\/li>\n<li>\u00a0<strong>S\u00e1bado 28, 18:00h &#8211;\u00a0<\/strong>Cuentacuentos con Raquel Gu, autora de <a title=\"Drac\u00e0leg\/Dragonario\" href=\"http:\/\/www.casadellibro.com\/buscador\/busquedaLibros?lang=es&amp;busqueda=RAQUEL%20GU&amp;nivel=5&amp;auto=2\" target=\"_blank\" rel=\"noopener noreferrer\">Drac\u00e1leg\/Dragonario<\/a>, un original proyecto que tiene como protagonistas a los dragones, antih\u00e9roes por excelencia de la fiesta de Sant Jordi.<\/li>\n<\/ul>\n<p><a title=\"Casa del Libro Rambla Catalunya\" href=\"http:\/\/www.casadellibro.com\/nosotros\/tienda\/rambla-catalunya-37\/35\" target=\"_blank\" rel=\"noopener noreferrer\"><strong>Casa del Libro Rambla Catalunya<\/strong><\/a><\/p>\n<ul>\n<li><strong>S\u00e1bado 28, 12:00h &#8211;\u00a0<\/strong>Cuentacuentos.<\/li>\n<\/ul>\n<p><strong>LE\u00d3N<img loading=\"lazy\" decoding=\"async\" class=\" wp-image-10920 alignright\" src=\"http:\/\/noticiascasadellibro.es\/wp-content\/uploads\/2015\/03\/Stilton-Le\u00f3n-212x300.jpg\" alt=\"Stilton Le\u00f3n\" width=\"210\" height=\"297\" \/><\/strong><\/p>\n<p><b><a title=\"Casa del Libro Le\u00f3n\" href=\"http:\/\/www.casadellibro.com\/nosotros\/tienda\/cc-espacio-leon-avda-pais-leones-12-local-311-planta-superior\/42\" target=\"_blank\" rel=\"noopener noreferrer\">Casa del Libro Le\u00f3n<\/a>\u00a0<\/b><\/p>\n<ul>\n<li><strong>S\u00e1bado 28, 12:15h &#8211;\u00a0<\/strong>El periodista m\u00e1s famoso del Reino de la Fantas\u00eda nos visita. Tendremos cuentacuentos y firma de ejemplares de esta gran estrella medi\u00e1tica llegado directamente desde Ratonia, <strong>\u00a1Ger\u00f3nimo Stilton!<\/strong><\/li>\n<\/ul>\n<p><strong>MADRID: <\/strong>Durante este mes, los cuentacuentos de las librer\u00edas de Madrid se encargar\u00e1n de iniciar a los mas peque\u00f1os a tener una <strong>vida sana y saludable.<\/strong><\/p>\n<ul>\n<li><strong><a title=\"Casa del Libro Alcal\u00e1\" href=\"http:\/\/www.casadellibro.com\/nosotros\/tienda\/alcala-96\/3\" target=\"_blank\" rel=\"noopener noreferrer\">Casa del Libro\u00a0Alcal\u00e1 96:<\/a>\u00a0S\u00e1bado 28, 18:30h &#8211;<\/strong> Cuentacuentos con <strong>Lili Cuentacuentos<\/strong>, para una vida sana.<\/li>\n<li><strong><a title=\"Casa del Libro Fuencarral\" href=\"http:\/\/www.casadellibro.com\/nosotros\/tienda\/fuencarral-119\/15\" target=\"_blank\" rel=\"noopener noreferrer\">Casa del \u00a0Libro Fuencarral:<\/a>\u00a0Domingo 29, 12:30h &#8211;<\/strong> Cuentacuentos con <strong>Lili Cuentacuentos<\/strong>, para una vida sana.<\/li>\n<li><strong><a title=\"Gran V\u00eda Casa del Libro\" href=\"http:\/\/www.casadellibro.com\/nosotros\/tienda\/gran-via-29\/1\" target=\"_blank\" rel=\"noopener noreferrer\">Casa del Libro\u00a0Gran V\u00eda<\/a>:\u00a0S\u00e1bado 28, 12:30h\u00a0&#8211;<\/strong> \u00a0Cuentacuentos\u00a0 con <strong>Lili Cuentacuentos<\/strong> para una vida sana.<\/li>\n<li><strong><a title=\"Torrelodones\" href=\"http:\/\/www.casadellibro.com\/nosotros\/tienda\/cc-espacio-torrelodones-avda-fontanilla-sn\/34\" target=\"_blank\" rel=\"noopener noreferrer\">Casa del Libro Espacio Torrelodones<\/a>:<\/strong>\u00a0<strong>Domingo 29,\u00a012:30h &#8211;<\/strong> Cuentos para una vida sana con <strong>Sonia.<\/strong><\/li>\n<\/ul>\n<ul>\n<li><strong><a title=\"Casa del Libro Maestro Victoria\" href=\"http:\/\/www.casadellibro.com\/nosotros\/tienda\/maestro-victoria-3\/2\" target=\"_blank\" rel=\"noopener noreferrer\"><img loading=\"lazy\" decoding=\"async\" class=\"alignright size-medium wp-image-10921\" src=\"http:\/\/noticiascasadellibro.es\/wp-content\/uploads\/2015\/03\/9788496646032-el-leon-que-no-sabia-escribir-300x214.jpg\" alt=\"9788496646032- el leon que no sabia escribir\" width=\"300\" height=\"214\" \/>Casa del Libro Maestro Victoria<\/a>:\u00a0S\u00e1bado 28, 18:30h<\/strong> <strong>&#8211;<\/strong>\u00a0Con motivo del <strong>D\u00eda del Libro Infantil y Juvenil<\/strong>, que tiene lugar el 2 de Abril, leeremos <strong><a title=\"El le\u00f3n que no sab\u00eda escribir\" href=\"http:\/\/www.casadellibro.com\/libro-el-leon-que-no-sabia-escribir\/9788496646032\/1109507\" target=\"_blank\" rel=\"noopener noreferrer\">\u00abEl le\u00f3n que\u00a0no sab\u00eda escribir\u00bb<\/a><\/strong>, y hablaremos sobre la importancia de leer y escribir bien \u00a1No os lo perd\u00e1is!<\/li>\n<\/ul>\n<ul>\n<li><strong><a title=\"Casa del Libro Alcal\u00e1 de Henares\" href=\"http:\/\/www.casadellibro.com\/nosotros\/tienda\/cc-alcala-magna-c-valentin-juara-bellot-4\/33\" target=\"_blank\" rel=\"noopener noreferrer\">Casa del Libro Alcal\u00e1 de Henares:<\/a>\u00a0S\u00e1bado 28, 19:00h &#8211;<\/strong> Taller de manualidades infantil. Haremos m\u00e1scaras\u00a0y otras actividades, con la artesana Zaira, del taller \u00abla danza de mis manos\u00bb. Para ni\u00f1os de todas las edades.<\/li>\n<\/ul>\n<p>Durtante los meses de marzo y abril, tendremos <strong>EXPOSICI\u00d3N DE MANUALIDADES<\/strong> y <strong>AMIGURUMIS<\/strong> del taller de artesan\u00eda <strong>LA DANZA DE MIS MANOS.<\/strong><\/p>\n<p><strong>M\u00c1LAGA<\/strong><\/p>\n<p><b><a title=\"Casa del Libro M\u00e1laga\" href=\"http:\/\/www.casadellibro.com\/nosotros\/tienda\/nueva-5\/27\" target=\"_blank\" rel=\"noopener noreferrer\">Casa del Libro M\u00e1laga\u00a0<\/a><img loading=\"lazy\" decoding=\"async\" class=\"alignright size-medium wp-image-10919\" src=\"http:\/\/noticiascasadellibro.es\/wp-content\/uploads\/2015\/03\/jabones-malaga-212x300.jpg\" alt=\"jabones malaga\" width=\"212\" height=\"300\" \/><\/b><\/p>\n<ul>\n<li><strong>Jueves 26, 18:30h &#8211; Taller. <\/strong>Aprende a fabricar tus propios jabones artesanales de glicerina, actividad ideal para compartir entre adultos y ni\u00f1os. Coste: 3,50 \u20ac (materiales incluidos).<\/li>\n<\/ul>\n<p><strong>MURCIA<\/strong><\/p>\n<p><a href=\"http:\/\/www.casadellibro.com\/nosotros\/tienda\/cc-espacio-mediterraneo-budapest-sn-esq-londres\/40\" target=\"_blank\" rel=\"noopener noreferrer\"><b>Casa del Libro\u00a0Cartagena<\/b><\/a><\/p>\n<ul>\n<li><strong>S\u00e1bado 28, 19:00h &#8211;<\/strong>\u00a0<strong>Actividad Infantil.<\/strong> Ven a divertirte en nuestro taller de manualidades.<\/li>\n<\/ul>\n<p><strong>SEVILLA<b><img loading=\"lazy\" decoding=\"async\" class=\" size-medium wp-image-10922 alignleft\" src=\"http:\/\/noticiascasadellibro.es\/wp-content\/uploads\/2015\/03\/kumon-sevilla-225x300.jpg\" alt=\"kumon sevilla\" width=\"225\" height=\"300\" \/><\/b><\/strong><\/p>\n<p><b><\/b><a href=\"http:\/\/www.casadellibro.com\/nosotros\/tienda\/velazquez-8\/8\" target=\"_blank\" rel=\"noopener noreferrer\"><b>Casa del Libro Sevilla<\/b><\/a><\/p>\n<ul>\n<li><strong>S\u00e1bado 28, 12:00h &#8211;\u00a0Actividad infantil. Taller de poes\u00eda creativa para ni\u00f1os.\u00a0<\/strong>De forma l\u00fadica y pl\u00e1stica, <strong>Kumon<\/strong> se suma al fomento de la lectura con un taller po\u00e9tico. Leeremos poemas de nuestros ilustres poetas y acabaremos creando de una forma muy original, nuestro propio poema, que al final te podr\u00e1s llevar contigo.<\/li>\n<\/ul>\n<p><strong><img loading=\"lazy\" decoding=\"async\" class=\"alignright  wp-image-10931\" src=\"http:\/\/noticiascasadellibro.es\/wp-content\/uploads\/2015\/03\/Alicia-Valencia-214x300.jpg\" alt=\"Alicia en el pa\u00eds de las maravillas\" width=\"185\" height=\"260\" \/><\/strong><\/p>\n<p><strong>VALENCIA<\/strong><\/p>\n<p><strong><a title=\"Casa del Libro Valencia\" href=\"http:\/\/www.casadellibro.com\/nosotros\/tienda\/passeig-russafa-11\/13\" target=\"_blank\" rel=\"noopener noreferrer\">Casa del Libro Valencia<\/a><\/strong><\/p>\n<ul>\n<li><strong>S\u00e1bado 28, 18:30h &#8211;\u00a0<\/strong>\u00a1Atenci\u00f3n peques! Esta semana vuelven nuestras actividades infantiles. En esta ocasi\u00f3n nos divertiremos con el cl\u00e1sico <strong>Alicia en el Pa\u00eds de las Maravillas,<\/strong> de Lewis Carroll.<\/li>\n<\/ul>\n<p><strong>VITORIA<\/strong><\/p>\n<p><a title=\"Casa del libro Vitoria\" href=\"http:\/\/www.casadellibro.com\/nosotros\/tienda\/arka-11\/10\" target=\"_blank\" rel=\"noopener noreferrer\"><strong>Casa del Libro Vitoria\u00a0<\/strong><\/a><\/p>\n<ul>\n<li><strong>S\u00e1bado 28, 12:30h &#8211;\u00a0<\/strong>Alicia y Zyro han invitado a <strong>Pompita, la hermana de Pupi\u00a0<\/strong>al cuenta cuentos, \u00a1ven y hazte una foto con Pompita!.<\/li>\n<\/ul>\n<p>Sigue a Zyro en nuestras redes sociales y s\u00e9 el primero en conocer todas las novedades de <strong>ocio y literatura infantil<\/strong> as\u00ed como los pr\u00f3ximos eventos y actividades para ni\u00f1os.<\/p>\n<ul>\n<li>Twitter:\u00a0<a href=\"https:\/\/twitter.com\/mundozyro\" rel=\"nofollow \">@MundoZyro<\/a><\/li>\n<li>Facebook:\u00a0<a href=\"https:\/\/www.facebook.com\/ElMundodeZyro.CasaDelLibro\" rel=\"nofollow \">facebook.com\/ElMundodeZyro.CasaDelLibro<\/a><\/li>\n<\/ul>\n","protected":false},"excerpt":{"rendered":"<p>Empiezan las vacaciones y en Casa del Libro os proponemos los mejores planes para ni\u00f1os en Semana Santa. Visita\u00a0nuestras librer\u00edas Casa del Libro\u00a0y encuentra los mejores planes de ocio infantil en tu ciudad.\u00a0Como siempre, son gratuitos y\u00a0est\u00e1n orientados a pasar un buen rato en familia mientras los m\u00e1s peque\u00f1os disfrutan y aprenden. Este fin de [&hellip;]<\/p>\n","protected":false},"author":2,"featured_media":10920,"comment_status":"open","ping_status":"open","sticky":false,"template":"","format":"standard","meta":{"tdm_status":"","tdm_grid_status":"","footnotes":""},"categories":[6],"tags":[765,768,200,702,766,182],"class_list":{"0":"post-10917","1":"post","2":"type-post","3":"status-publish","4":"format-standard","5":"has-post-thumbnail","7":"category-eventos-en-tu-libreria","8":"tag-actividades-infantiles","9":"tag-geronimo-stilton","10":"tag-literatura-infantil","11":"tag-ocio-infantil","12":"tag-taller-infantil","13":"tag-zyro"},"yoast_head":"<!-- This site is optimized with the Yoast SEO plugin v26.8 - https:\/\/yoast.com\/product\/yoast-seo-wordpress\/ -->\n<title>Planes para ni\u00f1os en Semana Santa | Casa del Libro<\/title>\n<meta name=\"description\" content=\"Empieza las vacaciones con los mejores Planes para ni\u00f1os en Semana Santa en Casa del Libro: con Ger\u00f3nimo Stilton, Pompita, cuentacuentos y talleres.\" \/>\n<meta name=\"robots\" content=\"index, follow, max-snippet:-1, max-image-preview:large, max-video-preview:-1\" \/>\n<link rel=\"canonical\" href=\"https:\/\/www.casadellibro.com\/blog\/planes-para-ninos-en-semana-santa\/\" \/>\n<meta property=\"og:locale\" content=\"es_ES\" \/>\n<meta property=\"og:type\" content=\"article\" \/>\n<meta property=\"og:title\" content=\"Planes para ni\u00f1os en Semana Santa | Casa del Libro\" \/>\n<meta property=\"og:description\" content=\"Empieza las vacaciones con los mejores Planes para ni\u00f1os en Semana Santa en Casa del Libro: con Ger\u00f3nimo Stilton, Pompita, cuentacuentos y talleres.\" \/>\n<meta property=\"og:url\" content=\"https:\/\/www.casadellibro.com\/blog\/planes-para-ninos-en-semana-santa\/\" \/>\n<meta property=\"og:site_name\" content=\"Blog Casa del Libro\" \/>\n<meta property=\"article:publisher\" content=\"https:\/\/www.facebook.com\/casadellibro\" \/>\n<meta property=\"article:published_time\" content=\"2015-03-26T14:55:54+00:00\" \/>\n<meta property=\"og:image\" content=\"https:\/\/www.casadellibro.com\/blog\/wp-content\/uploads\/2025\/01\/Favicon.png\" \/>\n\t<meta property=\"og:image:width\" content=\"512\" \/>\n\t<meta property=\"og:image:height\" content=\"512\" \/>\n\t<meta property=\"og:image:type\" content=\"image\/png\" \/>\n<meta name=\"author\" content=\"Casa del Libro\" \/>\n<meta name=\"twitter:card\" content=\"summary_large_image\" \/>\n<meta name=\"twitter:creator\" content=\"@casadellibro\" \/>\n<meta name=\"twitter:site\" content=\"@casadellibro\" \/>\n<meta name=\"twitter:label1\" content=\"Written by\" \/>\n\t<meta name=\"twitter:data1\" content=\"Casa del Libro\" \/>\n\t<meta name=\"twitter:label2\" content=\"Est. reading time\" \/>\n\t<meta name=\"twitter:data2\" content=\"3 minutos\" \/>\n<script type=\"application\/ld+json\" class=\"yoast-schema-graph\">{\"@context\":\"https:\/\/schema.org\",\"@graph\":[{\"@type\":\"Article\",\"@id\":\"https:\/\/www.casadellibro.com\/blog\/planes-para-ninos-en-semana-santa\/#article\",\"isPartOf\":{\"@id\":\"https:\/\/www.casadellibro.com\/blog\/planes-para-ninos-en-semana-santa\/\"},\"author\":{\"name\":\"Casa del Libro\",\"@id\":\"https:\/\/www.casadellibro.com\/blog\/#\/schema\/person\/4c5249ad5735629a37e929060c823fe5\"},\"headline\":\"Planes para ni\u00f1os en Semana Santa\",\"datePublished\":\"2015-03-26T14:55:54+00:00\",\"mainEntityOfPage\":{\"@id\":\"https:\/\/www.casadellibro.com\/blog\/planes-para-ninos-en-semana-santa\/\"},\"wordCount\":705,\"commentCount\":0,\"publisher\":{\"@id\":\"https:\/\/www.casadellibro.com\/blog\/#organization\"},\"image\":{\"@id\":\"https:\/\/www.casadellibro.com\/blog\/planes-para-ninos-en-semana-santa\/#primaryimage\"},\"thumbnailUrl\":\"\",\"keywords\":[\"Actividades infantiles\",\"Ger\u00f3nimo Stilton\",\"Literatura infantil\",\"ocio infantil\",\"taller infantil\",\"Zyro\"],\"articleSection\":[\"Eventos en tu librer\u00eda\"],\"inLanguage\":\"es\",\"potentialAction\":[{\"@type\":\"CommentAction\",\"name\":\"Comment\",\"target\":[\"https:\/\/www.casadellibro.com\/blog\/planes-para-ninos-en-semana-santa\/#respond\"]}]},{\"@type\":\"WebPage\",\"@id\":\"https:\/\/www.casadellibro.com\/blog\/planes-para-ninos-en-semana-santa\/\",\"url\":\"https:\/\/www.casadellibro.com\/blog\/planes-para-ninos-en-semana-santa\/\",\"name\":\"Planes para ni\u00f1os en Semana Santa | Casa del Libro\",\"isPartOf\":{\"@id\":\"https:\/\/www.casadellibro.com\/blog\/#website\"},\"primaryImageOfPage\":{\"@id\":\"https:\/\/www.casadellibro.com\/blog\/planes-para-ninos-en-semana-santa\/#primaryimage\"},\"image\":{\"@id\":\"https:\/\/www.casadellibro.com\/blog\/planes-para-ninos-en-semana-santa\/#primaryimage\"},\"thumbnailUrl\":\"\",\"datePublished\":\"2015-03-26T14:55:54+00:00\",\"description\":\"Empieza las vacaciones con los mejores Planes para ni\u00f1os en Semana Santa en Casa del Libro: con Ger\u00f3nimo Stilton, Pompita, cuentacuentos y talleres.\",\"breadcrumb\":{\"@id\":\"https:\/\/www.casadellibro.com\/blog\/planes-para-ninos-en-semana-santa\/#breadcrumb\"},\"inLanguage\":\"es\",\"potentialAction\":[{\"@type\":\"ReadAction\",\"target\":[\"https:\/\/www.casadellibro.com\/blog\/planes-para-ninos-en-semana-santa\/\"]}]},{\"@type\":\"ImageObject\",\"inLanguage\":\"es\",\"@id\":\"https:\/\/www.casadellibro.com\/blog\/planes-para-ninos-en-semana-santa\/#primaryimage\",\"url\":\"\",\"contentUrl\":\"\"},{\"@type\":\"BreadcrumbList\",\"@id\":\"https:\/\/www.casadellibro.com\/blog\/planes-para-ninos-en-semana-santa\/#breadcrumb\",\"itemListElement\":[{\"@type\":\"ListItem\",\"position\":1,\"name\":\"Casa del Libro\",\"item\":\"https:\/\/www.casadellibro.com\/blog\/\"},{\"@type\":\"ListItem\",\"position\":2,\"name\":\"Planes para ni\u00f1os en Semana Santa\"}]},{\"@type\":\"WebSite\",\"@id\":\"https:\/\/www.casadellibro.com\/blog\/#website\",\"url\":\"https:\/\/www.casadellibro.com\/blog\/\",\"name\":\"Blog Casa del Libro\",\"description\":\"Descubre todas las novedades en eBooks, eReaders y Libros en el Blog oficial de Casa del Libro, recomendaciones en eBook, eReader y Libro online\",\"publisher\":{\"@id\":\"https:\/\/www.casadellibro.com\/blog\/#organization\"},\"potentialAction\":[{\"@type\":\"SearchAction\",\"target\":{\"@type\":\"EntryPoint\",\"urlTemplate\":\"https:\/\/www.casadellibro.com\/blog\/?s={search_term_string}\"},\"query-input\":{\"@type\":\"PropertyValueSpecification\",\"valueRequired\":true,\"valueName\":\"search_term_string\"}}],\"inLanguage\":\"es\"},{\"@type\":\"Organization\",\"@id\":\"https:\/\/www.casadellibro.com\/blog\/#organization\",\"name\":\"Blog Casa del Libro\",\"url\":\"https:\/\/www.casadellibro.com\/blog\/\",\"logo\":{\"@type\":\"ImageObject\",\"inLanguage\":\"es\",\"@id\":\"https:\/\/www.casadellibro.com\/blog\/#\/schema\/logo\/image\/\",\"url\":\"https:\/\/www.casadellibro.com\/blog\/wp-content\/uploads\/2022\/04\/cropped-image-2-300x98-1.png\",\"contentUrl\":\"https:\/\/www.casadellibro.com\/blog\/wp-content\/uploads\/2022\/04\/cropped-image-2-300x98-1.png\",\"width\":300,\"height\":98,\"caption\":\"Blog Casa del Libro\"},\"image\":{\"@id\":\"https:\/\/www.casadellibro.com\/blog\/#\/schema\/logo\/image\/\"},\"sameAs\":[\"https:\/\/www.facebook.com\/casadellibro\",\"https:\/\/x.com\/casadellibro\",\"https:\/\/www.youtube.com\/user\/casadellibropuntocom\",\"https:\/\/es.pinterest.com\/casadellibro\/\",\"https:\/\/open.spotify.com\/user\/wi2k27ijtmw114f531okf8nd4?si=JEaWkM75S56kXufnbmExww&nd=1&dlsi=6959f4c0a6474806\"]},{\"@type\":\"Person\",\"@id\":\"https:\/\/www.casadellibro.com\/blog\/#\/schema\/person\/4c5249ad5735629a37e929060c823fe5\",\"name\":\"Casa del Libro\",\"image\":{\"@type\":\"ImageObject\",\"inLanguage\":\"es\",\"@id\":\"https:\/\/www.casadellibro.com\/blog\/#\/schema\/person\/image\/\",\"url\":\"https:\/\/secure.gravatar.com\/avatar\/1ac01d90ad8e35013aff9d51865aa025?s=96&d=identicon&r=g\",\"contentUrl\":\"https:\/\/secure.gravatar.com\/avatar\/1ac01d90ad8e35013aff9d51865aa025?s=96&d=identicon&r=g\",\"caption\":\"Casa del Libro\"}}]}<\/script>\n<!-- \/ Yoast SEO plugin. -->","yoast_head_json":{"title":"Planes para ni\u00f1os en Semana Santa | Casa del Libro","description":"Empieza las vacaciones con los mejores Planes para ni\u00f1os en Semana Santa en Casa del Libro: con Ger\u00f3nimo Stilton, Pompita, cuentacuentos y talleres.","robots":{"index":"index","follow":"follow","max-snippet":"max-snippet:-1","max-image-preview":"max-image-preview:large","max-video-preview":"max-video-preview:-1"},"canonical":"https:\/\/www.casadellibro.com\/blog\/planes-para-ninos-en-semana-santa\/","og_locale":"es_ES","og_type":"article","og_title":"Planes para ni\u00f1os en Semana Santa | Casa del Libro","og_description":"Empieza las vacaciones con los mejores Planes para ni\u00f1os en Semana Santa en Casa del Libro: con Ger\u00f3nimo Stilton, Pompita, cuentacuentos y talleres.","og_url":"https:\/\/www.casadellibro.com\/blog\/planes-para-ninos-en-semana-santa\/","og_site_name":"Blog Casa del Libro","article_publisher":"https:\/\/www.facebook.com\/casadellibro","article_published_time":"2015-03-26T14:55:54+00:00","og_image":[{"width":512,"height":512,"url":"https:\/\/www.casadellibro.com\/blog\/wp-content\/uploads\/2025\/01\/Favicon.png","type":"image\/png"}],"author":"Casa del Libro","twitter_card":"summary_large_image","twitter_creator":"@casadellibro","twitter_site":"@casadellibro","twitter_misc":{"Written by":"Casa del Libro","Est. reading time":"3 minutos"},"schema":{"@context":"https:\/\/schema.org","@graph":[{"@type":"Article","@id":"https:\/\/www.casadellibro.com\/blog\/planes-para-ninos-en-semana-santa\/#article","isPartOf":{"@id":"https:\/\/www.casadellibro.com\/blog\/planes-para-ninos-en-semana-santa\/"},"author":{"name":"Casa del Libro","@id":"https:\/\/www.casadellibro.com\/blog\/#\/schema\/person\/4c5249ad5735629a37e929060c823fe5"},"headline":"Planes para ni\u00f1os en Semana Santa","datePublished":"2015-03-26T14:55:54+00:00","mainEntityOfPage":{"@id":"https:\/\/www.casadellibro.com\/blog\/planes-para-ninos-en-semana-santa\/"},"wordCount":705,"commentCount":0,"publisher":{"@id":"https:\/\/www.casadellibro.com\/blog\/#organization"},"image":{"@id":"https:\/\/www.casadellibro.com\/blog\/planes-para-ninos-en-semana-santa\/#primaryimage"},"thumbnailUrl":"","keywords":["Actividades infantiles","Ger\u00f3nimo Stilton","Literatura infantil","ocio infantil","taller infantil","Zyro"],"articleSection":["Eventos en tu librer\u00eda"],"inLanguage":"es","potentialAction":[{"@type":"CommentAction","name":"Comment","target":["https:\/\/www.casadellibro.com\/blog\/planes-para-ninos-en-semana-santa\/#respond"]}]},{"@type":"WebPage","@id":"https:\/\/www.casadellibro.com\/blog\/planes-para-ninos-en-semana-santa\/","url":"https:\/\/www.casadellibro.com\/blog\/planes-para-ninos-en-semana-santa\/","name":"Planes para ni\u00f1os en Semana Santa | Casa del Libro","isPartOf":{"@id":"https:\/\/www.casadellibro.com\/blog\/#website"},"primaryImageOfPage":{"@id":"https:\/\/www.casadellibro.com\/blog\/planes-para-ninos-en-semana-santa\/#primaryimage"},"image":{"@id":"https:\/\/www.casadellibro.com\/blog\/planes-para-ninos-en-semana-santa\/#primaryimage"},"thumbnailUrl":"","datePublished":"2015-03-26T14:55:54+00:00","description":"Empieza las vacaciones con los mejores Planes para ni\u00f1os en Semana Santa en Casa del Libro: con Ger\u00f3nimo Stilton, Pompita, cuentacuentos y talleres.","breadcrumb":{"@id":"https:\/\/www.casadellibro.com\/blog\/planes-para-ninos-en-semana-santa\/#breadcrumb"},"inLanguage":"es","potentialAction":[{"@type":"ReadAction","target":["https:\/\/www.casadellibro.com\/blog\/planes-para-ninos-en-semana-santa\/"]}]},{"@type":"ImageObject","inLanguage":"es","@id":"https:\/\/www.casadellibro.com\/blog\/planes-para-ninos-en-semana-santa\/#primaryimage","url":"","contentUrl":""},{"@type":"BreadcrumbList","@id":"https:\/\/www.casadellibro.com\/blog\/planes-para-ninos-en-semana-santa\/#breadcrumb","itemListElement":[{"@type":"ListItem","position":1,"name":"Casa del Libro","item":"https:\/\/www.casadellibro.com\/blog\/"},{"@type":"ListItem","position":2,"name":"Planes para ni\u00f1os en Semana Santa"}]},{"@type":"WebSite","@id":"https:\/\/www.casadellibro.com\/blog\/#website","url":"https:\/\/www.casadellibro.com\/blog\/","name":"Blog Casa del Libro","description":"Descubre todas las novedades en eBooks, eReaders y Libros en el Blog oficial de Casa del Libro, recomendaciones en eBook, eReader y Libro online","publisher":{"@id":"https:\/\/www.casadellibro.com\/blog\/#organization"},"potentialAction":[{"@type":"SearchAction","target":{"@type":"EntryPoint","urlTemplate":"https:\/\/www.casadellibro.com\/blog\/?s={search_term_string}"},"query-input":{"@type":"PropertyValueSpecification","valueRequired":true,"valueName":"search_term_string"}}],"inLanguage":"es"},{"@type":"Organization","@id":"https:\/\/www.casadellibro.com\/blog\/#organization","name":"Blog Casa del Libro","url":"https:\/\/www.casadellibro.com\/blog\/","logo":{"@type":"ImageObject","inLanguage":"es","@id":"https:\/\/www.casadellibro.com\/blog\/#\/schema\/logo\/image\/","url":"https:\/\/www.casadellibro.com\/blog\/wp-content\/uploads\/2022\/04\/cropped-image-2-300x98-1.png","contentUrl":"https:\/\/www.casadellibro.com\/blog\/wp-content\/uploads\/2022\/04\/cropped-image-2-300x98-1.png","width":300,"height":98,"caption":"Blog Casa del Libro"},"image":{"@id":"https:\/\/www.casadellibro.com\/blog\/#\/schema\/logo\/image\/"},"sameAs":["https:\/\/www.facebook.com\/casadellibro","https:\/\/x.com\/casadellibro","https:\/\/www.youtube.com\/user\/casadellibropuntocom","https:\/\/es.pinterest.com\/casadellibro\/","https:\/\/open.spotify.com\/user\/wi2k27ijtmw114f531okf8nd4?si=JEaWkM75S56kXufnbmExww&nd=1&dlsi=6959f4c0a6474806"]},{"@type":"Person","@id":"https:\/\/www.casadellibro.com\/blog\/#\/schema\/person\/4c5249ad5735629a37e929060c823fe5","name":"Casa del Libro","image":{"@type":"ImageObject","inLanguage":"es","@id":"https:\/\/www.casadellibro.com\/blog\/#\/schema\/person\/image\/","url":"https:\/\/secure.gravatar.com\/avatar\/1ac01d90ad8e35013aff9d51865aa025?s=96&d=identicon&r=g","contentUrl":"https:\/\/secure.gravatar.com\/avatar\/1ac01d90ad8e35013aff9d51865aa025?s=96&d=identicon&r=g","caption":"Casa del Libro"}}]}},"_links":{"self":[{"href":"https:\/\/www.casadellibro.com\/blog\/wp-json\/wp\/v2\/posts\/10917","targetHints":{"allow":["GET"]}}],"collection":[{"href":"https:\/\/www.casadellibro.com\/blog\/wp-json\/wp\/v2\/posts"}],"about":[{"href":"https:\/\/www.casadellibro.com\/blog\/wp-json\/wp\/v2\/types\/post"}],"author":[{"embeddable":true,"href":"https:\/\/www.casadellibro.com\/blog\/wp-json\/wp\/v2\/users\/2"}],"replies":[{"embeddable":true,"href":"https:\/\/www.casadellibro.com\/blog\/wp-json\/wp\/v2\/comments?post=10917"}],"version-history":[{"count":0,"href":"https:\/\/www.casadellibro.com\/blog\/wp-json\/wp\/v2\/posts\/10917\/revisions"}],"wp:featuredmedia":[{"embeddable":true,"href":"https:\/\/www.casadellibro.com\/blog\/wp-json\/"}],"wp:attachment":[{"href":"https:\/\/www.casadellibro.com\/blog\/wp-json\/wp\/v2\/media?parent=10917"}],"wp:term":[{"taxonomy":"category","embeddable":true,"href":"https:\/\/www.casadellibro.com\/blog\/wp-json\/wp\/v2\/categories?post=10917"},{"taxonomy":"post_tag","embeddable":true,"href":"https:\/\/www.casadellibro.com\/blog\/wp-json\/wp\/v2\/tags?post=10917"}],"curies":[{"name":"wp","href":"https:\/\/api.w.org\/{rel}","templated":true}]}}