{"id":11109,"date":"2015-04-15T17:39:41","date_gmt":"2015-04-15T15:39:41","guid":{"rendered":"http:\/\/noticiascasadellibro.es\/?p=11109"},"modified":"2015-04-15T17:39:41","modified_gmt":"2015-04-15T15:39:41","slug":"dia-del-libro-2015-madrid-leyendo-en-chamberi","status":"publish","type":"post","link":"https:\/\/www.casadellibro.com\/blog\/dia-del-libro-2015-madrid-leyendo-en-chamberi\/","title":{"rendered":"D\u00eda del Libro 2015 Madrid: Leyendo en Chamber\u00ed"},"content":{"rendered":"<p><img loading=\"lazy\" decoding=\"async\" class=\"wp-image-11113 alignright\" src=\"http:\/\/noticiascasadellibro.es\/wp-content\/uploads\/2015\/04\/Feria-Chamberi-Dia-del-Libro.jpg\" alt=\"Feria Chamberi Dia del Libro\" width=\"319\" height=\"452\" \/>Un a\u00f1o m\u00e1s, el madrile\u00f1o barrio de <strong>Chamber\u00ed<\/strong> organiza su propia\u00a0<strong>feria de libro<\/strong>, del 23 al 26 de abril, en la Plaza de Chamber\u00ed.<\/p>\n<p><strong>Leyendo en Chamber\u00ed, V Edici\u00f3n<\/strong>, se convierte en una de las citas m\u00e1s importantes celebradas en la capital con motivo del <strong><a href=\"http:\/\/www.casadellibro.com\/libros-dia-del-libro\/765\">D\u00eda del Libro<\/a><\/strong>. Este a\u00f1o habr\u00e1, como viene siendo habitual, diversas actividades que en las que participan colegios,\u00a0familias, educadores y ni\u00f1os.<\/p>\n<p>En esta edici\u00f3n, Casa del Libro estaremos presentes con una caseta en la Plaza de Chamber\u00ed (Caseta n\u00ba4) , y\u00a0adem\u00e1s\u00a0nos acompa\u00f1ar\u00e1n varios autores que estar\u00e1n firmando libros.<\/p>\n<p>Recuerda que el pr\u00f3ximo\u00a0<strong>23 de abril<\/strong>\u00a0celebramos el D\u00eda del Libro, con descuentos en todos los libros, actividades y firmas en diversas librer\u00edas y con <strong>La Noche de los Libros, <\/strong>como final a la gran fiesta literaria.<strong>\u00a0<\/strong><\/p>\n<p><strong>LEYENDO EN CHAMBER\u00cd<\/strong><\/p>\n<p>Autores que firmar\u00e1n ejemplares en la caseta<\/p>\n<p style=\"text-align: left;\"><strong>Viernes 24 de Abril<\/strong><\/p>\n<ul>\n<li style=\"text-align: left;\">18:00h &#8211; 20:00h &#8211; Irene Visedo,\u00a0Cristina Higueras<\/li>\n<\/ul>\n<p style=\"text-align: left;\"><strong>S\u00e1bado\u00a025 de Abril<\/strong><\/p>\n<ul>\n<li style=\"text-align: left;\">12:00h &#8211; 14:00h &#8211;\u00a0Pilar Cernuda<\/li>\n<li style=\"text-align: left;\">18:00h &#8211; 20:00h &#8211;\u00a0Javier Urra<\/li>\n<\/ul>\n<p style=\"text-align: left;\"><strong>Domingo\u00a025 de Abril<\/strong><\/p>\n<ul>\n<li style=\"text-align: left;\">12:00h &#8211; 14:00h &#8211;\u00a0Rayden<\/li>\n<\/ul>\n<p>&nbsp;<\/p>\n<p>Disfruta del\u00a0<strong>D\u00eda del Libro<\/strong>\u00a0y cu\u00e9ntanos tu experiencia\u00a0con el hashtag\u00a0<strong>#HoyesunGranD\u00eda<\/strong>. Consulta aqu\u00ed las firmas y recitales que tendremos durante <strong>La Noche de los Libros<\/strong> en nuestras librer\u00edas de Madrid<strong>.<\/strong><\/p>\n","protected":false},"excerpt":{"rendered":"<p>Un a\u00f1o m\u00e1s, el madrile\u00f1o barrio de Chamber\u00ed organiza su propia\u00a0feria de libro, del 23 al 26 de abril, en la Plaza de Chamber\u00ed. Leyendo en Chamber\u00ed, V Edici\u00f3n, se convierte en una de las citas m\u00e1s importantes celebradas en la capital con motivo del D\u00eda del Libro. Este a\u00f1o habr\u00e1, como viene siendo habitual, [&hellip;]<\/p>\n","protected":false},"author":2,"featured_media":11122,"comment_status":"open","ping_status":"open","sticky":false,"template":"","format":"standard","meta":{"tdm_status":"","tdm_grid_status":"","footnotes":""},"categories":[16],"tags":[184],"class_list":{"0":"post-11109","1":"post","2":"type-post","3":"status-publish","4":"format-standard","5":"has-post-thumbnail","7":"category-eventos-en-madrid","8":"tag-dia-del-libro"},"yoast_head":"<!-- This site is optimized with the Yoast SEO plugin v26.8 - https:\/\/yoast.com\/product\/yoast-seo-wordpress\/ -->\n<title>D\u00eda del Libro 2015 Madrid: Leyendo en Chamber\u00ed | Casa del Libro<\/title>\n<meta name=\"description\" content=\"D\u00eda del Libro 2015 Madrid: Leyendo en Chamber\u00ed, V Edici\u00f3n. Descubre la Feria del Libro en la Plaza de Chamber\u00ed, del 23 al 26 de abril de 2015\" \/>\n<meta name=\"robots\" content=\"index, follow, max-snippet:-1, max-image-preview:large, max-video-preview:-1\" \/>\n<link rel=\"canonical\" href=\"https:\/\/www.casadellibro.com\/blog\/dia-del-libro-2015-madrid-leyendo-en-chamberi\/\" \/>\n<meta property=\"og:locale\" content=\"es_ES\" \/>\n<meta property=\"og:type\" content=\"article\" \/>\n<meta property=\"og:title\" content=\"D\u00eda del Libro 2015 Madrid: Leyendo en Chamber\u00ed | Casa del Libro\" \/>\n<meta property=\"og:description\" content=\"D\u00eda del Libro 2015 Madrid: Leyendo en Chamber\u00ed, V Edici\u00f3n. Descubre la Feria del Libro en la Plaza de Chamber\u00ed, del 23 al 26 de abril de 2015\" \/>\n<meta property=\"og:url\" content=\"https:\/\/www.casadellibro.com\/blog\/dia-del-libro-2015-madrid-leyendo-en-chamberi\/\" \/>\n<meta property=\"og:site_name\" content=\"Blog Casa del Libro\" \/>\n<meta property=\"article:publisher\" content=\"https:\/\/www.facebook.com\/casadellibro\" \/>\n<meta property=\"article:published_time\" content=\"2015-04-15T15:39:41+00:00\" \/>\n<meta property=\"og:image\" content=\"https:\/\/www.casadellibro.com\/blog\/wp-content\/uploads\/2025\/01\/Favicon.png\" \/>\n\t<meta property=\"og:image:width\" content=\"512\" \/>\n\t<meta property=\"og:image:height\" content=\"512\" \/>\n\t<meta property=\"og:image:type\" content=\"image\/png\" \/>\n<meta name=\"author\" content=\"Casa del Libro\" \/>\n<meta name=\"twitter:card\" content=\"summary_large_image\" \/>\n<meta name=\"twitter:creator\" content=\"@casadellibro\" \/>\n<meta name=\"twitter:site\" content=\"@casadellibro\" \/>\n<meta name=\"twitter:label1\" content=\"Written by\" \/>\n\t<meta name=\"twitter:data1\" content=\"Casa del Libro\" \/>\n\t<meta name=\"twitter:label2\" content=\"Est. reading time\" \/>\n\t<meta name=\"twitter:data2\" content=\"1 minuto\" \/>\n<script type=\"application\/ld+json\" class=\"yoast-schema-graph\">{\"@context\":\"https:\/\/schema.org\",\"@graph\":[{\"@type\":\"Article\",\"@id\":\"https:\/\/www.casadellibro.com\/blog\/dia-del-libro-2015-madrid-leyendo-en-chamberi\/#article\",\"isPartOf\":{\"@id\":\"https:\/\/www.casadellibro.com\/blog\/dia-del-libro-2015-madrid-leyendo-en-chamberi\/\"},\"author\":{\"name\":\"Casa del Libro\",\"@id\":\"https:\/\/www.casadellibro.com\/blog\/#\/schema\/person\/4c5249ad5735629a37e929060c823fe5\"},\"headline\":\"D\u00eda del Libro 2015 Madrid: Leyendo en Chamber\u00ed\",\"datePublished\":\"2015-04-15T15:39:41+00:00\",\"mainEntityOfPage\":{\"@id\":\"https:\/\/www.casadellibro.com\/blog\/dia-del-libro-2015-madrid-leyendo-en-chamberi\/\"},\"wordCount\":238,\"commentCount\":1,\"publisher\":{\"@id\":\"https:\/\/www.casadellibro.com\/blog\/#organization\"},\"image\":{\"@id\":\"https:\/\/www.casadellibro.com\/blog\/dia-del-libro-2015-madrid-leyendo-en-chamberi\/#primaryimage\"},\"thumbnailUrl\":\"\",\"keywords\":[\"D\u00eda del Libro\"],\"articleSection\":[\"Eventos en Madrid\"],\"inLanguage\":\"es\",\"potentialAction\":[{\"@type\":\"CommentAction\",\"name\":\"Comment\",\"target\":[\"https:\/\/www.casadellibro.com\/blog\/dia-del-libro-2015-madrid-leyendo-en-chamberi\/#respond\"]}]},{\"@type\":\"WebPage\",\"@id\":\"https:\/\/www.casadellibro.com\/blog\/dia-del-libro-2015-madrid-leyendo-en-chamberi\/\",\"url\":\"https:\/\/www.casadellibro.com\/blog\/dia-del-libro-2015-madrid-leyendo-en-chamberi\/\",\"name\":\"D\u00eda del Libro 2015 Madrid: Leyendo en Chamber\u00ed | Casa del Libro\",\"isPartOf\":{\"@id\":\"https:\/\/www.casadellibro.com\/blog\/#website\"},\"primaryImageOfPage\":{\"@id\":\"https:\/\/www.casadellibro.com\/blog\/dia-del-libro-2015-madrid-leyendo-en-chamberi\/#primaryimage\"},\"image\":{\"@id\":\"https:\/\/www.casadellibro.com\/blog\/dia-del-libro-2015-madrid-leyendo-en-chamberi\/#primaryimage\"},\"thumbnailUrl\":\"\",\"datePublished\":\"2015-04-15T15:39:41+00:00\",\"description\":\"D\u00eda del Libro 2015 Madrid: Leyendo en Chamber\u00ed, V Edici\u00f3n. Descubre la Feria del Libro en la Plaza de Chamber\u00ed, del 23 al 26 de abril de 2015\",\"breadcrumb\":{\"@id\":\"https:\/\/www.casadellibro.com\/blog\/dia-del-libro-2015-madrid-leyendo-en-chamberi\/#breadcrumb\"},\"inLanguage\":\"es\",\"potentialAction\":[{\"@type\":\"ReadAction\",\"target\":[\"https:\/\/www.casadellibro.com\/blog\/dia-del-libro-2015-madrid-leyendo-en-chamberi\/\"]}]},{\"@type\":\"ImageObject\",\"inLanguage\":\"es\",\"@id\":\"https:\/\/www.casadellibro.com\/blog\/dia-del-libro-2015-madrid-leyendo-en-chamberi\/#primaryimage\",\"url\":\"\",\"contentUrl\":\"\"},{\"@type\":\"BreadcrumbList\",\"@id\":\"https:\/\/www.casadellibro.com\/blog\/dia-del-libro-2015-madrid-leyendo-en-chamberi\/#breadcrumb\",\"itemListElement\":[{\"@type\":\"ListItem\",\"position\":1,\"name\":\"Casa del Libro\",\"item\":\"https:\/\/www.casadellibro.com\/blog\/\"},{\"@type\":\"ListItem\",\"position\":2,\"name\":\"D\u00eda del Libro 2015 Madrid: Leyendo en Chamber\u00ed\"}]},{\"@type\":\"WebSite\",\"@id\":\"https:\/\/www.casadellibro.com\/blog\/#website\",\"url\":\"https:\/\/www.casadellibro.com\/blog\/\",\"name\":\"Blog Casa del Libro\",\"description\":\"Descubre todas las novedades en eBooks, eReaders y Libros en el Blog oficial de Casa del Libro, recomendaciones en eBook, eReader y Libro online\",\"publisher\":{\"@id\":\"https:\/\/www.casadellibro.com\/blog\/#organization\"},\"potentialAction\":[{\"@type\":\"SearchAction\",\"target\":{\"@type\":\"EntryPoint\",\"urlTemplate\":\"https:\/\/www.casadellibro.com\/blog\/?s={search_term_string}\"},\"query-input\":{\"@type\":\"PropertyValueSpecification\",\"valueRequired\":true,\"valueName\":\"search_term_string\"}}],\"inLanguage\":\"es\"},{\"@type\":\"Organization\",\"@id\":\"https:\/\/www.casadellibro.com\/blog\/#organization\",\"name\":\"Blog Casa del Libro\",\"url\":\"https:\/\/www.casadellibro.com\/blog\/\",\"logo\":{\"@type\":\"ImageObject\",\"inLanguage\":\"es\",\"@id\":\"https:\/\/www.casadellibro.com\/blog\/#\/schema\/logo\/image\/\",\"url\":\"https:\/\/www.casadellibro.com\/blog\/wp-content\/uploads\/2022\/04\/cropped-image-2-300x98-1.png\",\"contentUrl\":\"https:\/\/www.casadellibro.com\/blog\/wp-content\/uploads\/2022\/04\/cropped-image-2-300x98-1.png\",\"width\":300,\"height\":98,\"caption\":\"Blog Casa del Libro\"},\"image\":{\"@id\":\"https:\/\/www.casadellibro.com\/blog\/#\/schema\/logo\/image\/\"},\"sameAs\":[\"https:\/\/www.facebook.com\/casadellibro\",\"https:\/\/x.com\/casadellibro\",\"https:\/\/www.youtube.com\/user\/casadellibropuntocom\",\"https:\/\/es.pinterest.com\/casadellibro\/\",\"https:\/\/open.spotify.com\/user\/wi2k27ijtmw114f531okf8nd4?si=JEaWkM75S56kXufnbmExww&nd=1&dlsi=6959f4c0a6474806\"]},{\"@type\":\"Person\",\"@id\":\"https:\/\/www.casadellibro.com\/blog\/#\/schema\/person\/4c5249ad5735629a37e929060c823fe5\",\"name\":\"Casa del Libro\",\"image\":{\"@type\":\"ImageObject\",\"inLanguage\":\"es\",\"@id\":\"https:\/\/www.casadellibro.com\/blog\/#\/schema\/person\/image\/\",\"url\":\"https:\/\/secure.gravatar.com\/avatar\/1ac01d90ad8e35013aff9d51865aa025?s=96&d=identicon&r=g\",\"contentUrl\":\"https:\/\/secure.gravatar.com\/avatar\/1ac01d90ad8e35013aff9d51865aa025?s=96&d=identicon&r=g\",\"caption\":\"Casa del Libro\"}}]}<\/script>\n<!-- \/ Yoast SEO plugin. -->","yoast_head_json":{"title":"D\u00eda del Libro 2015 Madrid: Leyendo en Chamber\u00ed | Casa del Libro","description":"D\u00eda del Libro 2015 Madrid: Leyendo en Chamber\u00ed, V Edici\u00f3n. Descubre la Feria del Libro en la Plaza de Chamber\u00ed, del 23 al 26 de abril de 2015","robots":{"index":"index","follow":"follow","max-snippet":"max-snippet:-1","max-image-preview":"max-image-preview:large","max-video-preview":"max-video-preview:-1"},"canonical":"https:\/\/www.casadellibro.com\/blog\/dia-del-libro-2015-madrid-leyendo-en-chamberi\/","og_locale":"es_ES","og_type":"article","og_title":"D\u00eda del Libro 2015 Madrid: Leyendo en Chamber\u00ed | Casa del Libro","og_description":"D\u00eda del Libro 2015 Madrid: Leyendo en Chamber\u00ed, V Edici\u00f3n. Descubre la Feria del Libro en la Plaza de Chamber\u00ed, del 23 al 26 de abril de 2015","og_url":"https:\/\/www.casadellibro.com\/blog\/dia-del-libro-2015-madrid-leyendo-en-chamberi\/","og_site_name":"Blog Casa del Libro","article_publisher":"https:\/\/www.facebook.com\/casadellibro","article_published_time":"2015-04-15T15:39:41+00:00","og_image":[{"width":512,"height":512,"url":"https:\/\/www.casadellibro.com\/blog\/wp-content\/uploads\/2025\/01\/Favicon.png","type":"image\/png"}],"author":"Casa del Libro","twitter_card":"summary_large_image","twitter_creator":"@casadellibro","twitter_site":"@casadellibro","twitter_misc":{"Written by":"Casa del Libro","Est. reading time":"1 minuto"},"schema":{"@context":"https:\/\/schema.org","@graph":[{"@type":"Article","@id":"https:\/\/www.casadellibro.com\/blog\/dia-del-libro-2015-madrid-leyendo-en-chamberi\/#article","isPartOf":{"@id":"https:\/\/www.casadellibro.com\/blog\/dia-del-libro-2015-madrid-leyendo-en-chamberi\/"},"author":{"name":"Casa del Libro","@id":"https:\/\/www.casadellibro.com\/blog\/#\/schema\/person\/4c5249ad5735629a37e929060c823fe5"},"headline":"D\u00eda del Libro 2015 Madrid: Leyendo en Chamber\u00ed","datePublished":"2015-04-15T15:39:41+00:00","mainEntityOfPage":{"@id":"https:\/\/www.casadellibro.com\/blog\/dia-del-libro-2015-madrid-leyendo-en-chamberi\/"},"wordCount":238,"commentCount":1,"publisher":{"@id":"https:\/\/www.casadellibro.com\/blog\/#organization"},"image":{"@id":"https:\/\/www.casadellibro.com\/blog\/dia-del-libro-2015-madrid-leyendo-en-chamberi\/#primaryimage"},"thumbnailUrl":"","keywords":["D\u00eda del Libro"],"articleSection":["Eventos en Madrid"],"inLanguage":"es","potentialAction":[{"@type":"CommentAction","name":"Comment","target":["https:\/\/www.casadellibro.com\/blog\/dia-del-libro-2015-madrid-leyendo-en-chamberi\/#respond"]}]},{"@type":"WebPage","@id":"https:\/\/www.casadellibro.com\/blog\/dia-del-libro-2015-madrid-leyendo-en-chamberi\/","url":"https:\/\/www.casadellibro.com\/blog\/dia-del-libro-2015-madrid-leyendo-en-chamberi\/","name":"D\u00eda del Libro 2015 Madrid: Leyendo en Chamber\u00ed | Casa del Libro","isPartOf":{"@id":"https:\/\/www.casadellibro.com\/blog\/#website"},"primaryImageOfPage":{"@id":"https:\/\/www.casadellibro.com\/blog\/dia-del-libro-2015-madrid-leyendo-en-chamberi\/#primaryimage"},"image":{"@id":"https:\/\/www.casadellibro.com\/blog\/dia-del-libro-2015-madrid-leyendo-en-chamberi\/#primaryimage"},"thumbnailUrl":"","datePublished":"2015-04-15T15:39:41+00:00","description":"D\u00eda del Libro 2015 Madrid: Leyendo en Chamber\u00ed, V Edici\u00f3n. Descubre la Feria del Libro en la Plaza de Chamber\u00ed, del 23 al 26 de abril de 2015","breadcrumb":{"@id":"https:\/\/www.casadellibro.com\/blog\/dia-del-libro-2015-madrid-leyendo-en-chamberi\/#breadcrumb"},"inLanguage":"es","potentialAction":[{"@type":"ReadAction","target":["https:\/\/www.casadellibro.com\/blog\/dia-del-libro-2015-madrid-leyendo-en-chamberi\/"]}]},{"@type":"ImageObject","inLanguage":"es","@id":"https:\/\/www.casadellibro.com\/blog\/dia-del-libro-2015-madrid-leyendo-en-chamberi\/#primaryimage","url":"","contentUrl":""},{"@type":"BreadcrumbList","@id":"https:\/\/www.casadellibro.com\/blog\/dia-del-libro-2015-madrid-leyendo-en-chamberi\/#breadcrumb","itemListElement":[{"@type":"ListItem","position":1,"name":"Casa del Libro","item":"https:\/\/www.casadellibro.com\/blog\/"},{"@type":"ListItem","position":2,"name":"D\u00eda del Libro 2015 Madrid: Leyendo en Chamber\u00ed"}]},{"@type":"WebSite","@id":"https:\/\/www.casadellibro.com\/blog\/#website","url":"https:\/\/www.casadellibro.com\/blog\/","name":"Blog Casa del Libro","description":"Descubre todas las novedades en eBooks, eReaders y Libros en el Blog oficial de Casa del Libro, recomendaciones en eBook, eReader y Libro online","publisher":{"@id":"https:\/\/www.casadellibro.com\/blog\/#organization"},"potentialAction":[{"@type":"SearchAction","target":{"@type":"EntryPoint","urlTemplate":"https:\/\/www.casadellibro.com\/blog\/?s={search_term_string}"},"query-input":{"@type":"PropertyValueSpecification","valueRequired":true,"valueName":"search_term_string"}}],"inLanguage":"es"},{"@type":"Organization","@id":"https:\/\/www.casadellibro.com\/blog\/#organization","name":"Blog Casa del Libro","url":"https:\/\/www.casadellibro.com\/blog\/","logo":{"@type":"ImageObject","inLanguage":"es","@id":"https:\/\/www.casadellibro.com\/blog\/#\/schema\/logo\/image\/","url":"https:\/\/www.casadellibro.com\/blog\/wp-content\/uploads\/2022\/04\/cropped-image-2-300x98-1.png","contentUrl":"https:\/\/www.casadellibro.com\/blog\/wp-content\/uploads\/2022\/04\/cropped-image-2-300x98-1.png","width":300,"height":98,"caption":"Blog Casa del Libro"},"image":{"@id":"https:\/\/www.casadellibro.com\/blog\/#\/schema\/logo\/image\/"},"sameAs":["https:\/\/www.facebook.com\/casadellibro","https:\/\/x.com\/casadellibro","https:\/\/www.youtube.com\/user\/casadellibropuntocom","https:\/\/es.pinterest.com\/casadellibro\/","https:\/\/open.spotify.com\/user\/wi2k27ijtmw114f531okf8nd4?si=JEaWkM75S56kXufnbmExww&nd=1&dlsi=6959f4c0a6474806"]},{"@type":"Person","@id":"https:\/\/www.casadellibro.com\/blog\/#\/schema\/person\/4c5249ad5735629a37e929060c823fe5","name":"Casa del Libro","image":{"@type":"ImageObject","inLanguage":"es","@id":"https:\/\/www.casadellibro.com\/blog\/#\/schema\/person\/image\/","url":"https:\/\/secure.gravatar.com\/avatar\/1ac01d90ad8e35013aff9d51865aa025?s=96&d=identicon&r=g","contentUrl":"https:\/\/secure.gravatar.com\/avatar\/1ac01d90ad8e35013aff9d51865aa025?s=96&d=identicon&r=g","caption":"Casa del Libro"}}]}},"_links":{"self":[{"href":"https:\/\/www.casadellibro.com\/blog\/wp-json\/wp\/v2\/posts\/11109","targetHints":{"allow":["GET"]}}],"collection":[{"href":"https:\/\/www.casadellibro.com\/blog\/wp-json\/wp\/v2\/posts"}],"about":[{"href":"https:\/\/www.casadellibro.com\/blog\/wp-json\/wp\/v2\/types\/post"}],"author":[{"embeddable":true,"href":"https:\/\/www.casadellibro.com\/blog\/wp-json\/wp\/v2\/users\/2"}],"replies":[{"embeddable":true,"href":"https:\/\/www.casadellibro.com\/blog\/wp-json\/wp\/v2\/comments?post=11109"}],"version-history":[{"count":0,"href":"https:\/\/www.casadellibro.com\/blog\/wp-json\/wp\/v2\/posts\/11109\/revisions"}],"wp:featuredmedia":[{"embeddable":true,"href":"https:\/\/www.casadellibro.com\/blog\/wp-json\/"}],"wp:attachment":[{"href":"https:\/\/www.casadellibro.com\/blog\/wp-json\/wp\/v2\/media?parent=11109"}],"wp:term":[{"taxonomy":"category","embeddable":true,"href":"https:\/\/www.casadellibro.com\/blog\/wp-json\/wp\/v2\/categories?post=11109"},{"taxonomy":"post_tag","embeddable":true,"href":"https:\/\/www.casadellibro.com\/blog\/wp-json\/wp\/v2\/tags?post=11109"}],"curies":[{"name":"wp","href":"https:\/\/api.w.org\/{rel}","templated":true}]}}