{"id":11275,"date":"2015-05-04T11:06:26","date_gmt":"2015-05-04T09:06:26","guid":{"rendered":"http:\/\/noticiascasadellibro.es\/?p=11275"},"modified":"2015-05-04T11:06:26","modified_gmt":"2015-05-04T09:06:26","slug":"novedades-autores-tagus-del-4-al-10-de-mayo","status":"publish","type":"post","link":"https:\/\/www.casadellibro.com\/blog\/novedades-autores-tagus-del-4-al-10-de-mayo\/","title":{"rendered":"Novedades Autores Tagus del 4 al 10 de Mayo"},"content":{"rendered":"<p>Comenzamos el mes de mayo y la creatividad de nuestros <a href=\"http:\/\/ow.ly\/Mtijk%20\" target=\"_blank\" rel=\"noopener noreferrer\">Autores Tagus<\/a> sigue floreciendo como la primavera. Llegan nuevos talentos, nuevos escritores, nuevas historias con las que vibrar y nuevos sue\u00f1os que se han visto cumplidos. Marchando una nueva ronda de novedades:<\/p>\n<p>&nbsp;<\/p>\n<p><a href=\"http:\/\/noticiascasadellibro.es\/wp-content\/uploads\/2015\/05\/la-rebelion-de-los-malditos.jpg\"><img loading=\"lazy\" decoding=\"async\" class=\"alignleft size-medium wp-image-11277\" src=\"http:\/\/noticiascasadellibro.es\/wp-content\/uploads\/2015\/05\/la-rebelion-de-los-malditos-188x300.jpg\" alt=\"la rebelion de los malditos\" width=\"188\" height=\"300\" \/><\/a><\/p>\n<p><a href=\"http:\/\/www.casadellibro.com\/ebook-ragnarok-la-rebelion-de-los-malditos-ebook\/9781492905059\/2232472\" target=\"_blank\" rel=\"noopener noreferrer\">RAGNAROK. La rebeli\u00f3n de los malditos<\/a>. Autora:<strong> Lianne Kross<\/strong>:\u00a0Algo aterrador, p\u00e9rfido y sobrenatural promet\u00eda asolar las monta\u00f1as de Sverdet. Algo inexplicable se avecinaba, y tan s\u00f3lo un hombre era capaz de sobreponerse a tan despiadada realidad. Alguien de alma oscura y coraz\u00f3n noble. Alguien, que incluso con las manos manchadas de sangre, tuviese el coraje suficiente para luchar contra lo que nadie estaba preparado.<\/p>\n<p>&nbsp;<\/p>\n<p>&nbsp;<\/p>\n<p>&nbsp;<\/p>\n<p>&nbsp;<\/p>\n<p>&nbsp;<\/p>\n<p>&nbsp;<\/p>\n<p>&nbsp;<\/p>\n<p><a href=\"http:\/\/www.casadellibro.com\/ebook-manhattan-beach-ebook\/cdlap00002073\/2399078\" target=\"_blank\" rel=\"noopener noreferrer\"><img loading=\"lazy\" decoding=\"async\" class=\"alignleft  wp-image-11278\" src=\"http:\/\/noticiascasadellibro.es\/wp-content\/uploads\/2015\/05\/Manhattan-beach-214x300.jpg\" alt=\"Manhattan beach\" width=\"190\" height=\"266\" \/>Manhattan Beach<\/a>. Autora: <strong>Raquel Villaamil<\/strong>:\u00a0\u00bfQu\u00e9 tienen en com\u00fan una estudiante y un actor famoso de pasado turbio?No lo entiendo. Solo era un viaje de unos meses para hacer un m\u00e1ster de arquitectura en Los \u00c1ngeles y me encuentro involucrada en el extra\u00f1o mundo de Hollywood y sus estrellas.Mi vida tranquila y lineal sufre demasiados giros inesperados mientras se expande por California, Nueva York y Venecia mezclando humor, amor y un poquito de drama.<\/p>\n<p>&nbsp;<\/p>\n<p>&nbsp;<\/p>\n<p>&nbsp;<\/p>\n<p>&nbsp;<\/p>\n<p>&nbsp;<\/p>\n<p><img loading=\"lazy\" decoding=\"async\" class=\"alignleft  wp-image-11279\" src=\"http:\/\/noticiascasadellibro.es\/wp-content\/uploads\/2015\/05\/Nieblas-211x300.jpg\" alt=\"Nieblas\" width=\"192\" height=\"273\" \/><\/p>\n<p><a href=\"http:\/\/www.casadellibro.com\/ebook-nieblas-ebook\/cdlap00003647\/2532842\" target=\"_blank\" rel=\"noopener noreferrer\">Nieblas<\/a>. Autor: <strong>Antonio Arcadia Rozalem<\/strong>:\u00a0NIEBLAS compendia trece relatos. La niebla, on\u00edrica, real, o como met\u00e1fora de la turbia visi\u00f3n que en ocasiones la vida enga\u00f1osa pone ante los ojos, impregna el trasfondo de algunas historias. De ah\u00ed el nombre, NIEBLAS. Unas veces con lenguaje po\u00e9tico, otras con humor, y otras con rabia por el cieno que mancha la existencia, NIEBLAS son retazos de vida, con el tratamiento que la literatura permite para presentarla como ficci\u00f3n.<\/p>\n<p>&nbsp;<\/p>\n<p>&nbsp;<\/p>\n<p>&nbsp;<\/p>\n<p>&nbsp;<\/p>\n<p>&nbsp;<\/p>\n<p><img loading=\"lazy\" decoding=\"async\" class=\"alignleft  wp-image-11276\" src=\"http:\/\/noticiascasadellibro.es\/wp-content\/uploads\/2015\/05\/Sotano-macabro-186x300.jpg\" alt=\"Sotano macabro\" width=\"193\" height=\"311\" \/><\/p>\n<p><a href=\"http:\/\/www.casadellibro.com\/ebook-sotano-macabro-ebook\/cdlap00003489\/2522965\" target=\"_blank\" rel=\"noopener noreferrer\">S\u00f3tano macabro<\/a>. Autora: <strong>Reyes V\u00e1zquez<\/strong>:\u00a0Javier Roca se ha despertado encerrado y con un fuerte dolor de cabeza. No sabe qui\u00e9n le ha golpeado ni por qu\u00e9 lo ha hecho. Lo \u00fanico que recuerda es haber recibido un fuerte golpe cuando caminaba hacia su veh\u00edculo para regresar a casa tras cenar con sus amigos.Al notar un leve movimiento y escuchar el sonido de un motor, comienza a ser consciente del lugar en el que se encuentra, parece ser el maletero de un coche.<\/p>\n<p>&nbsp;<\/p>\n<p>&nbsp;<\/p>\n","protected":false},"excerpt":{"rendered":"<p>Comenzamos el mes de mayo y la creatividad de nuestros Autores Tagus sigue floreciendo como la primavera. Llegan nuevos talentos, nuevos escritores, nuevas historias con las que vibrar y nuevos sue\u00f1os que se han visto cumplidos. Marchando una nueva ronda de novedades: &nbsp; RAGNAROK. La rebeli\u00f3n de los malditos. Autora: Lianne Kross:\u00a0Algo aterrador, p\u00e9rfido y [&hellip;]<\/p>\n","protected":false},"author":2,"featured_media":11282,"comment_status":"open","ping_status":"open","sticky":false,"template":"","format":"standard","meta":{"tdm_status":"","tdm_grid_status":"","footnotes":""},"categories":[4],"tags":[185,783,796,784],"class_list":{"0":"post-11275","1":"post","2":"type-post","3":"status-publish","4":"format-standard","5":"has-post-thumbnail","7":"category-actualidad","8":"tag-ebook","9":"tag-escribir","10":"tag-publicar","11":"tag-publicar-ebook"},"yoast_head":"<!-- This site is optimized with the Yoast SEO plugin v26.8 - https:\/\/yoast.com\/product\/yoast-seo-wordpress\/ -->\n<title>Novedades Autores Tagus del 4 al 10 de Mayo | Casa del Libro<\/title>\n<meta name=\"robots\" content=\"index, follow, max-snippet:-1, max-image-preview:large, max-video-preview:-1\" \/>\n<link rel=\"canonical\" href=\"https:\/\/www.casadellibro.com\/blog\/novedades-autores-tagus-del-4-al-10-de-mayo\/\" \/>\n<meta property=\"og:locale\" content=\"es_ES\" \/>\n<meta property=\"og:type\" content=\"article\" \/>\n<meta property=\"og:title\" content=\"Novedades Autores Tagus del 4 al 10 de Mayo | Casa del Libro\" \/>\n<meta property=\"og:description\" content=\"Comenzamos el mes de mayo y la creatividad de nuestros Autores Tagus sigue floreciendo como la primavera. Llegan nuevos talentos, nuevos escritores, nuevas historias con las que vibrar y nuevos sue\u00f1os que se han visto cumplidos. Marchando una nueva ronda de novedades: &nbsp; RAGNAROK. La rebeli\u00f3n de los malditos. Autora: Lianne Kross:\u00a0Algo aterrador, p\u00e9rfido y [&hellip;]\" \/>\n<meta property=\"og:url\" content=\"https:\/\/www.casadellibro.com\/blog\/novedades-autores-tagus-del-4-al-10-de-mayo\/\" \/>\n<meta property=\"og:site_name\" content=\"Blog Casa del Libro\" \/>\n<meta property=\"article:publisher\" content=\"https:\/\/www.facebook.com\/casadellibro\" \/>\n<meta property=\"article:published_time\" content=\"2015-05-04T09:06:26+00:00\" \/>\n<meta property=\"og:image\" content=\"https:\/\/www.casadellibro.com\/blog\/wp-content\/uploads\/2025\/01\/Favicon.png\" \/>\n\t<meta property=\"og:image:width\" content=\"512\" \/>\n\t<meta property=\"og:image:height\" content=\"512\" \/>\n\t<meta property=\"og:image:type\" content=\"image\/png\" \/>\n<meta name=\"author\" content=\"Casa del Libro\" \/>\n<meta name=\"twitter:card\" content=\"summary_large_image\" \/>\n<meta name=\"twitter:creator\" content=\"@casadellibro\" \/>\n<meta name=\"twitter:site\" content=\"@casadellibro\" \/>\n<meta name=\"twitter:label1\" content=\"Written by\" \/>\n\t<meta name=\"twitter:data1\" content=\"Casa del Libro\" \/>\n\t<meta name=\"twitter:label2\" content=\"Est. reading time\" \/>\n\t<meta name=\"twitter:data2\" content=\"2 minutos\" \/>\n<script type=\"application\/ld+json\" class=\"yoast-schema-graph\">{\"@context\":\"https:\/\/schema.org\",\"@graph\":[{\"@type\":\"Article\",\"@id\":\"https:\/\/www.casadellibro.com\/blog\/novedades-autores-tagus-del-4-al-10-de-mayo\/#article\",\"isPartOf\":{\"@id\":\"https:\/\/www.casadellibro.com\/blog\/novedades-autores-tagus-del-4-al-10-de-mayo\/\"},\"author\":{\"name\":\"Casa del Libro\",\"@id\":\"https:\/\/www.casadellibro.com\/blog\/#\/schema\/person\/4c5249ad5735629a37e929060c823fe5\"},\"headline\":\"Novedades Autores Tagus del 4 al 10 de Mayo\",\"datePublished\":\"2015-05-04T09:06:26+00:00\",\"mainEntityOfPage\":{\"@id\":\"https:\/\/www.casadellibro.com\/blog\/novedades-autores-tagus-del-4-al-10-de-mayo\/\"},\"wordCount\":390,\"commentCount\":0,\"publisher\":{\"@id\":\"https:\/\/www.casadellibro.com\/blog\/#organization\"},\"image\":{\"@id\":\"https:\/\/www.casadellibro.com\/blog\/novedades-autores-tagus-del-4-al-10-de-mayo\/#primaryimage\"},\"thumbnailUrl\":\"\",\"keywords\":[\"ebook\",\"escribir\",\"publicar\",\"publicar ebook\"],\"articleSection\":[\"Actualidad\"],\"inLanguage\":\"es\",\"potentialAction\":[{\"@type\":\"CommentAction\",\"name\":\"Comment\",\"target\":[\"https:\/\/www.casadellibro.com\/blog\/novedades-autores-tagus-del-4-al-10-de-mayo\/#respond\"]}]},{\"@type\":\"WebPage\",\"@id\":\"https:\/\/www.casadellibro.com\/blog\/novedades-autores-tagus-del-4-al-10-de-mayo\/\",\"url\":\"https:\/\/www.casadellibro.com\/blog\/novedades-autores-tagus-del-4-al-10-de-mayo\/\",\"name\":\"Novedades Autores Tagus del 4 al 10 de Mayo | Casa del Libro\",\"isPartOf\":{\"@id\":\"https:\/\/www.casadellibro.com\/blog\/#website\"},\"primaryImageOfPage\":{\"@id\":\"https:\/\/www.casadellibro.com\/blog\/novedades-autores-tagus-del-4-al-10-de-mayo\/#primaryimage\"},\"image\":{\"@id\":\"https:\/\/www.casadellibro.com\/blog\/novedades-autores-tagus-del-4-al-10-de-mayo\/#primaryimage\"},\"thumbnailUrl\":\"\",\"datePublished\":\"2015-05-04T09:06:26+00:00\",\"breadcrumb\":{\"@id\":\"https:\/\/www.casadellibro.com\/blog\/novedades-autores-tagus-del-4-al-10-de-mayo\/#breadcrumb\"},\"inLanguage\":\"es\",\"potentialAction\":[{\"@type\":\"ReadAction\",\"target\":[\"https:\/\/www.casadellibro.com\/blog\/novedades-autores-tagus-del-4-al-10-de-mayo\/\"]}]},{\"@type\":\"ImageObject\",\"inLanguage\":\"es\",\"@id\":\"https:\/\/www.casadellibro.com\/blog\/novedades-autores-tagus-del-4-al-10-de-mayo\/#primaryimage\",\"url\":\"\",\"contentUrl\":\"\"},{\"@type\":\"BreadcrumbList\",\"@id\":\"https:\/\/www.casadellibro.com\/blog\/novedades-autores-tagus-del-4-al-10-de-mayo\/#breadcrumb\",\"itemListElement\":[{\"@type\":\"ListItem\",\"position\":1,\"name\":\"Casa del Libro\",\"item\":\"https:\/\/www.casadellibro.com\/blog\/\"},{\"@type\":\"ListItem\",\"position\":2,\"name\":\"Novedades Autores Tagus del 4 al 10 de Mayo\"}]},{\"@type\":\"WebSite\",\"@id\":\"https:\/\/www.casadellibro.com\/blog\/#website\",\"url\":\"https:\/\/www.casadellibro.com\/blog\/\",\"name\":\"Blog Casa del Libro\",\"description\":\"Descubre todas las novedades en eBooks, eReaders y Libros en el Blog oficial de Casa del Libro, recomendaciones en eBook, eReader y Libro online\",\"publisher\":{\"@id\":\"https:\/\/www.casadellibro.com\/blog\/#organization\"},\"potentialAction\":[{\"@type\":\"SearchAction\",\"target\":{\"@type\":\"EntryPoint\",\"urlTemplate\":\"https:\/\/www.casadellibro.com\/blog\/?s={search_term_string}\"},\"query-input\":{\"@type\":\"PropertyValueSpecification\",\"valueRequired\":true,\"valueName\":\"search_term_string\"}}],\"inLanguage\":\"es\"},{\"@type\":\"Organization\",\"@id\":\"https:\/\/www.casadellibro.com\/blog\/#organization\",\"name\":\"Blog Casa del Libro\",\"url\":\"https:\/\/www.casadellibro.com\/blog\/\",\"logo\":{\"@type\":\"ImageObject\",\"inLanguage\":\"es\",\"@id\":\"https:\/\/www.casadellibro.com\/blog\/#\/schema\/logo\/image\/\",\"url\":\"https:\/\/www.casadellibro.com\/blog\/wp-content\/uploads\/2022\/04\/cropped-image-2-300x98-1.png\",\"contentUrl\":\"https:\/\/www.casadellibro.com\/blog\/wp-content\/uploads\/2022\/04\/cropped-image-2-300x98-1.png\",\"width\":300,\"height\":98,\"caption\":\"Blog Casa del Libro\"},\"image\":{\"@id\":\"https:\/\/www.casadellibro.com\/blog\/#\/schema\/logo\/image\/\"},\"sameAs\":[\"https:\/\/www.facebook.com\/casadellibro\",\"https:\/\/x.com\/casadellibro\",\"https:\/\/www.youtube.com\/user\/casadellibropuntocom\",\"https:\/\/es.pinterest.com\/casadellibro\/\",\"https:\/\/open.spotify.com\/user\/wi2k27ijtmw114f531okf8nd4?si=JEaWkM75S56kXufnbmExww&nd=1&dlsi=6959f4c0a6474806\"]},{\"@type\":\"Person\",\"@id\":\"https:\/\/www.casadellibro.com\/blog\/#\/schema\/person\/4c5249ad5735629a37e929060c823fe5\",\"name\":\"Casa del Libro\",\"image\":{\"@type\":\"ImageObject\",\"inLanguage\":\"es\",\"@id\":\"https:\/\/www.casadellibro.com\/blog\/#\/schema\/person\/image\/\",\"url\":\"https:\/\/secure.gravatar.com\/avatar\/1ac01d90ad8e35013aff9d51865aa025?s=96&d=identicon&r=g\",\"contentUrl\":\"https:\/\/secure.gravatar.com\/avatar\/1ac01d90ad8e35013aff9d51865aa025?s=96&d=identicon&r=g\",\"caption\":\"Casa del Libro\"}}]}<\/script>\n<!-- \/ Yoast SEO plugin. -->","yoast_head_json":{"title":"Novedades Autores Tagus del 4 al 10 de Mayo | Casa del Libro","robots":{"index":"index","follow":"follow","max-snippet":"max-snippet:-1","max-image-preview":"max-image-preview:large","max-video-preview":"max-video-preview:-1"},"canonical":"https:\/\/www.casadellibro.com\/blog\/novedades-autores-tagus-del-4-al-10-de-mayo\/","og_locale":"es_ES","og_type":"article","og_title":"Novedades Autores Tagus del 4 al 10 de Mayo | Casa del Libro","og_description":"Comenzamos el mes de mayo y la creatividad de nuestros Autores Tagus sigue floreciendo como la primavera. Llegan nuevos talentos, nuevos escritores, nuevas historias con las que vibrar y nuevos sue\u00f1os que se han visto cumplidos. Marchando una nueva ronda de novedades: &nbsp; RAGNAROK. La rebeli\u00f3n de los malditos. Autora: Lianne Kross:\u00a0Algo aterrador, p\u00e9rfido y [&hellip;]","og_url":"https:\/\/www.casadellibro.com\/blog\/novedades-autores-tagus-del-4-al-10-de-mayo\/","og_site_name":"Blog Casa del Libro","article_publisher":"https:\/\/www.facebook.com\/casadellibro","article_published_time":"2015-05-04T09:06:26+00:00","og_image":[{"width":512,"height":512,"url":"https:\/\/www.casadellibro.com\/blog\/wp-content\/uploads\/2025\/01\/Favicon.png","type":"image\/png"}],"author":"Casa del Libro","twitter_card":"summary_large_image","twitter_creator":"@casadellibro","twitter_site":"@casadellibro","twitter_misc":{"Written by":"Casa del Libro","Est. reading time":"2 minutos"},"schema":{"@context":"https:\/\/schema.org","@graph":[{"@type":"Article","@id":"https:\/\/www.casadellibro.com\/blog\/novedades-autores-tagus-del-4-al-10-de-mayo\/#article","isPartOf":{"@id":"https:\/\/www.casadellibro.com\/blog\/novedades-autores-tagus-del-4-al-10-de-mayo\/"},"author":{"name":"Casa del Libro","@id":"https:\/\/www.casadellibro.com\/blog\/#\/schema\/person\/4c5249ad5735629a37e929060c823fe5"},"headline":"Novedades Autores Tagus del 4 al 10 de Mayo","datePublished":"2015-05-04T09:06:26+00:00","mainEntityOfPage":{"@id":"https:\/\/www.casadellibro.com\/blog\/novedades-autores-tagus-del-4-al-10-de-mayo\/"},"wordCount":390,"commentCount":0,"publisher":{"@id":"https:\/\/www.casadellibro.com\/blog\/#organization"},"image":{"@id":"https:\/\/www.casadellibro.com\/blog\/novedades-autores-tagus-del-4-al-10-de-mayo\/#primaryimage"},"thumbnailUrl":"","keywords":["ebook","escribir","publicar","publicar ebook"],"articleSection":["Actualidad"],"inLanguage":"es","potentialAction":[{"@type":"CommentAction","name":"Comment","target":["https:\/\/www.casadellibro.com\/blog\/novedades-autores-tagus-del-4-al-10-de-mayo\/#respond"]}]},{"@type":"WebPage","@id":"https:\/\/www.casadellibro.com\/blog\/novedades-autores-tagus-del-4-al-10-de-mayo\/","url":"https:\/\/www.casadellibro.com\/blog\/novedades-autores-tagus-del-4-al-10-de-mayo\/","name":"Novedades Autores Tagus del 4 al 10 de Mayo | Casa del Libro","isPartOf":{"@id":"https:\/\/www.casadellibro.com\/blog\/#website"},"primaryImageOfPage":{"@id":"https:\/\/www.casadellibro.com\/blog\/novedades-autores-tagus-del-4-al-10-de-mayo\/#primaryimage"},"image":{"@id":"https:\/\/www.casadellibro.com\/blog\/novedades-autores-tagus-del-4-al-10-de-mayo\/#primaryimage"},"thumbnailUrl":"","datePublished":"2015-05-04T09:06:26+00:00","breadcrumb":{"@id":"https:\/\/www.casadellibro.com\/blog\/novedades-autores-tagus-del-4-al-10-de-mayo\/#breadcrumb"},"inLanguage":"es","potentialAction":[{"@type":"ReadAction","target":["https:\/\/www.casadellibro.com\/blog\/novedades-autores-tagus-del-4-al-10-de-mayo\/"]}]},{"@type":"ImageObject","inLanguage":"es","@id":"https:\/\/www.casadellibro.com\/blog\/novedades-autores-tagus-del-4-al-10-de-mayo\/#primaryimage","url":"","contentUrl":""},{"@type":"BreadcrumbList","@id":"https:\/\/www.casadellibro.com\/blog\/novedades-autores-tagus-del-4-al-10-de-mayo\/#breadcrumb","itemListElement":[{"@type":"ListItem","position":1,"name":"Casa del Libro","item":"https:\/\/www.casadellibro.com\/blog\/"},{"@type":"ListItem","position":2,"name":"Novedades Autores Tagus del 4 al 10 de Mayo"}]},{"@type":"WebSite","@id":"https:\/\/www.casadellibro.com\/blog\/#website","url":"https:\/\/www.casadellibro.com\/blog\/","name":"Blog Casa del Libro","description":"Descubre todas las novedades en eBooks, eReaders y Libros en el Blog oficial de Casa del Libro, recomendaciones en eBook, eReader y Libro online","publisher":{"@id":"https:\/\/www.casadellibro.com\/blog\/#organization"},"potentialAction":[{"@type":"SearchAction","target":{"@type":"EntryPoint","urlTemplate":"https:\/\/www.casadellibro.com\/blog\/?s={search_term_string}"},"query-input":{"@type":"PropertyValueSpecification","valueRequired":true,"valueName":"search_term_string"}}],"inLanguage":"es"},{"@type":"Organization","@id":"https:\/\/www.casadellibro.com\/blog\/#organization","name":"Blog Casa del Libro","url":"https:\/\/www.casadellibro.com\/blog\/","logo":{"@type":"ImageObject","inLanguage":"es","@id":"https:\/\/www.casadellibro.com\/blog\/#\/schema\/logo\/image\/","url":"https:\/\/www.casadellibro.com\/blog\/wp-content\/uploads\/2022\/04\/cropped-image-2-300x98-1.png","contentUrl":"https:\/\/www.casadellibro.com\/blog\/wp-content\/uploads\/2022\/04\/cropped-image-2-300x98-1.png","width":300,"height":98,"caption":"Blog Casa del Libro"},"image":{"@id":"https:\/\/www.casadellibro.com\/blog\/#\/schema\/logo\/image\/"},"sameAs":["https:\/\/www.facebook.com\/casadellibro","https:\/\/x.com\/casadellibro","https:\/\/www.youtube.com\/user\/casadellibropuntocom","https:\/\/es.pinterest.com\/casadellibro\/","https:\/\/open.spotify.com\/user\/wi2k27ijtmw114f531okf8nd4?si=JEaWkM75S56kXufnbmExww&nd=1&dlsi=6959f4c0a6474806"]},{"@type":"Person","@id":"https:\/\/www.casadellibro.com\/blog\/#\/schema\/person\/4c5249ad5735629a37e929060c823fe5","name":"Casa del Libro","image":{"@type":"ImageObject","inLanguage":"es","@id":"https:\/\/www.casadellibro.com\/blog\/#\/schema\/person\/image\/","url":"https:\/\/secure.gravatar.com\/avatar\/1ac01d90ad8e35013aff9d51865aa025?s=96&d=identicon&r=g","contentUrl":"https:\/\/secure.gravatar.com\/avatar\/1ac01d90ad8e35013aff9d51865aa025?s=96&d=identicon&r=g","caption":"Casa del Libro"}}]}},"_links":{"self":[{"href":"https:\/\/www.casadellibro.com\/blog\/wp-json\/wp\/v2\/posts\/11275","targetHints":{"allow":["GET"]}}],"collection":[{"href":"https:\/\/www.casadellibro.com\/blog\/wp-json\/wp\/v2\/posts"}],"about":[{"href":"https:\/\/www.casadellibro.com\/blog\/wp-json\/wp\/v2\/types\/post"}],"author":[{"embeddable":true,"href":"https:\/\/www.casadellibro.com\/blog\/wp-json\/wp\/v2\/users\/2"}],"replies":[{"embeddable":true,"href":"https:\/\/www.casadellibro.com\/blog\/wp-json\/wp\/v2\/comments?post=11275"}],"version-history":[{"count":0,"href":"https:\/\/www.casadellibro.com\/blog\/wp-json\/wp\/v2\/posts\/11275\/revisions"}],"wp:featuredmedia":[{"embeddable":true,"href":"https:\/\/www.casadellibro.com\/blog\/wp-json\/"}],"wp:attachment":[{"href":"https:\/\/www.casadellibro.com\/blog\/wp-json\/wp\/v2\/media?parent=11275"}],"wp:term":[{"taxonomy":"category","embeddable":true,"href":"https:\/\/www.casadellibro.com\/blog\/wp-json\/wp\/v2\/categories?post=11275"},{"taxonomy":"post_tag","embeddable":true,"href":"https:\/\/www.casadellibro.com\/blog\/wp-json\/wp\/v2\/tags?post=11275"}],"curies":[{"name":"wp","href":"https:\/\/api.w.org\/{rel}","templated":true}]}}