{"id":11459,"date":"2015-06-05T08:14:31","date_gmt":"2015-06-05T06:14:31","guid":{"rendered":"http:\/\/noticiascasadellibro.es\/?p=11459"},"modified":"2015-06-05T08:14:31","modified_gmt":"2015-06-05T06:14:31","slug":"actividades-y-cuentacuentos-infantiles-6-y-7-de-junio","status":"publish","type":"post","link":"https:\/\/www.casadellibro.com\/blog\/actividades-y-cuentacuentos-infantiles-6-y-7-de-junio\/","title":{"rendered":"Actividades y Cuentacuentos Infantiles 6 y 7 de junio"},"content":{"rendered":"<p>Empezamos el mes de junio con mucha alegr\u00eda porque nos espera un fin de semana lleno de<strong>\u00a0Actividades y Cuentacuentos\u00a0Infantiles gratuitos<\/strong>. As\u00ed que buscad vuestra librer\u00eda m\u00e1s cercana y apuntaros a pasar un rato de lo m\u00e1s divertidos junto con nuestros cuentacuentos y dinamizadores.<\/p>\n<p>\u00a1Esperamos que teng\u00e1is un gran\u00a0fin de semana!<\/p>\n<p>\u00a0<\/p>\n<p><strong>ALICANTE<\/strong><\/p>\n<p><a title=\"Casa del Libro Alicante\" href=\"http:\/\/www.casadellibro.com\/nosotros\/tienda\/poeta-vila-y-blanco-8\/25\" target=\"_blank\" rel=\"noopener noreferrer\"><strong>Casa del Libro Alicante<\/strong><\/a><\/p>\n<ul>\n<li><strong>S\u00e1bado 06, 19:00h &#8211;\u00a0Charla Psicolog\u00eda Infantil.<\/strong><strong>\u00a0<\/strong>El <strong>Centro Ayaris<\/strong>, especializados en psicolog\u00eda infantil, nos brindan esta tarde una charla-taller que lleva por t\u00edtulo\u00a0Mi hijo desobedece\u2026. \u00bfC\u00f3mo act\u00fao en el d\u00eda a d\u00eda?<\/li>\n<\/ul>\n<p>\u00a0<\/p>\n<p><strong>BARCELONA<\/strong><\/p>\n<p><a title=\"Casa del Libro Paseo de Gr\u00e0cia\" href=\"http:\/\/www.casadellibro.com\/nosotros\/tienda\/passeig-de-gracia-62\/4\" target=\"_blank\" rel=\"noopener noreferrer\"><strong>Casa del Libro Paseo de Gr\u00e0cia<\/strong><\/a><\/p>\n<ul>\n<li><strong>S\u00e1bado 30, 12:30h \u2013Cuentacuentos Infantil con\u00a0la Pallassa Lola.<\/strong><strong>\u00a0<\/strong>Con el libro<strong><a title=\"Els tres bandits\" href=\"http:\/\/www.casadellibro.com\/libro-els-tres-bandits\/9788484645511\/1023526\" target=\"_blank\" rel=\"noopener noreferrer\"> \u00abEls tres bandits\u00bb\u00a0<\/a>.<\/strong>\u00a0Hab\u00eda una vez tres feroces bandidos con anchas capas negras y altos sombreros negros. El primero ten\u00eda un trabuco. El segundo, un fuelle lleno de pimienta. El tercero, una enorme hacha roja. Por la noche, cuando oscurec\u00eda, se pon\u00edan al acecho junto al camino.<\/li>\n<\/ul>\n<p><a href=\"http:\/\/www.casadellibro.com\/libro-els-tres-bandits\/9788484645511\/1023526\" target=\"_blank\" rel=\"noopener noreferrer\"><img loading=\"lazy\" decoding=\"async\" class=\" size-full wp-image-11463 aligncenter\" src=\"http:\/\/noticiascasadellibro.es\/wp-content\/uploads\/2015\/06\/9788484645511-els-tres-bandits.jpg\" alt=\"PORTADAS.fh11\" width=\"283\" height=\"400\" \/><\/a><\/p>\n<p><a title=\"Casa del Libro Rambla Catalunya\" href=\"http:\/\/www.casadellibro.com\/nosotros\/tienda\/rambla-catalunya-37\/35\" target=\"_blank\" rel=\"noopener noreferrer\"><strong>Casa del Libro Rambla Catalunya, 37<\/strong><\/a><\/p>\n<ul>\n<li><strong>S\u00e1bado 6, 12:00h &#8211; Actividad Infantil.<\/strong> Disfruta de las mejores activdades infantiles gratuitas.<\/li>\n<\/ul>\n<p>\u00a0<\/p>\n<p><strong>MADRID<\/strong><\/p>\n<p><a title=\"Casa del Libro Fuencarral\" href=\"http:\/\/www.casadellibro.com\/nosotros\/tienda\/fuencarral-119\/15\" target=\"_blank\" rel=\"noopener noreferrer\"><strong>Casa del Libro Fuencarral<\/strong><\/a><\/p>\n<ul>\n<li><strong>Domingo 07, 12:30h \u2013Cuentacuentos infantil.<\/strong>\u00a0Lily hara pasar un rato inolvidable a los mas peque\u00f1os de la casa.<\/li>\n<\/ul>\n<p><a href=\"https:\/\/www.facebook.com\/CasaDelLibroTresAguas\/photos\/a.355500254480822.88231.171871342843715\/984733211557520\/?type=1&amp;theater\" target=\"_blank\" rel=\"noopener noreferrer\"><img loading=\"lazy\" decoding=\"async\" class=\"alignright wp-image-11460\" src=\"http:\/\/noticiascasadellibro.es\/wp-content\/uploads\/2015\/06\/facepainting-tres-aguas.jpg\" alt=\"facepainting tres aguas\" width=\"250\" height=\"238\" \/><\/a><\/p>\n<p><a title=\"Casa del Libro Tres Aguas\" href=\"http:\/\/www.casadellibro.com\/nosotros\/tienda\/cc-tres-aguas-avda-america-7-9\/19\" target=\"_blank\" rel=\"noopener noreferrer\"><strong>Casa del Libro Tres Aguas<\/strong><\/a><\/p>\n<ul>\n<li><strong>S\u00e1bado 06, 18:00h &#8211; Cuentacuentos y taller de \u00abFacepainting\u00bb.<\/strong>En esta tarde los peques disfrutar\u00e1n del cl\u00e1sico cuentacuentos con Miriam y adem\u00e1s podr\u00e1n participar de un taller de facepainting en el que poder pintarse la cara con el animal que prefieran.<\/li>\n<\/ul>\n<p>\u00a0<\/p>\n<p>\u00a0<\/p>\n<p><a title=\"Casa del Libro Alcal\u00e1 Magna\" href=\"http:\/\/www.casadellibro.com\/nosotros\/tienda\/cc-alcala-magna-c-valentin-juara-bellot-4\/33\" target=\"_blank\" rel=\"noopener noreferrer\"><strong>Casa del Libro Alcal\u00e1 Magna<\/strong><\/a><\/p>\n<ul>\n<li><strong>Viernes 05, 19:00h &#8211; Cuentacuentos Infantil<\/strong> en ingl\u00e9s con \u00abRoom on the broom\u00bb.<\/li>\n<\/ul>\n<p>\u00a0<\/p>\n<p><strong>MURCIA<\/strong><\/p>\n<p><a href=\"http:\/\/www.casadellibro.com\/nosotros\/tienda\/cc-espacio-mediterraneo-budapest-sn-esq-londres\/40\" target=\"_blank\" rel=\"noopener noreferrer\"><b>Casa del Libro\u00a0Cartagena<\/b><\/a><\/p>\n<ul>\n<li><strong>S\u00e1bado 06, 12:00h &#8211;<\/strong>\u00a0<strong>Actividad Infantil.<\/strong>\u00a0No te pierdas nuestras actividades dirigidas a los m\u00e1s peque\u00f1os de la casa.<\/li>\n<\/ul>\n<p>\u00a0<\/p>\n<p><strong>PONTEVEDRA<\/strong><\/p>\n<p><a title=\"Casa del Libro Vigo\" href=\"http:\/\/www.casadellibro.com\/nosotros\/tienda\/velazquez-moreno-27\/9\" target=\"_blank\" rel=\"noopener noreferrer\"><strong>Casa del Libro Vigo<\/strong><\/a><\/p>\n<ul>\n<li><strong>S\u00e1bado 06, 18:30h &#8211; Taller Infantil. <\/strong>Ven y disfruta de los mejores talleres infantiles gratuitos \u00a1Te esperamos!<\/li>\n<\/ul>\n<p>\u00a0<\/p>\n<p><strong>VALLADOLID<\/strong><\/p>\n<p><a title=\"Casa del Libro Valladolid\" href=\"http:\/\/www.casadellibro.com\/nosotros\/tienda\/claudio-moyano-4\/24\" target=\"_blank\" rel=\"noopener noreferrer\"><strong>Casa del Libro Valladolid<\/strong><\/a><\/p>\n<ul>\n<li><strong>S\u00e1bado\u00a006, 12:00h &#8211; Cuentacuentos para hacer la digesti\u00f3n.<\/strong>\u00a0Lecturas compartidas para familias con peque\u00f1os mayores de 4 a\u00f1os.\u00a0Los d\u00edas largos invitan a corretear y jugar sin fin, pero las horas en que el calor aprieta un libro da sombra y nos asombra.<\/li>\n<\/ul>\n<p>\u00a0<\/p>\n<p>Sigue a Zyro en nuestras redes sociales y s\u00e9 el primero en conocer todas las novedades de <strong>ocio y literatura infantil<\/strong> as\u00ed como los pr\u00f3ximos eventos y actividades para ni\u00f1os.<\/p>\n<ul>\n<li>Twitter:\u00a0@MundoZyro<\/li>\n<li>Facebook:\u00a0facebook.com\/ElMundodeZyro.CasaDelLibro<\/li>\n<\/ul>\n\n\n<p>Adem\u00e1s, encuentra todos tus\u00a0<a title=\"mangas\" href=\"https:\/\/www.casadellibro.com\/libros\/comics\/manga\/411006000\">mangas<\/a>\u00a0favoritos en nuestra tienda online.<\/p>\n<div class=\"et_social_inline et_social_mobile_on et_social_inline_bottom\">\n<div class=\"et_social_networks et_social_4col et_social_slide et_social_rounded et_social_left et_social_no_animation et_social_withnetworknames et_social_outer_dark\">\u00a0<\/div>\n<\/div>\n","protected":false},"excerpt":{"rendered":"<p>Empezamos el mes de junio con mucha alegr\u00eda porque nos espera un fin de semana lleno de\u00a0Actividades y Cuentacuentos\u00a0Infantiles gratuitos. As\u00ed que buscad vuestra librer\u00eda m\u00e1s cercana y apuntaros a pasar un rato de lo m\u00e1s divertidos junto con nuestros cuentacuentos y dinamizadores. \u00a1Esperamos que teng\u00e1is un gran\u00a0fin de semana! \u00a0 ALICANTE Casa del Libro [&hellip;]<\/p>\n","protected":false},"author":2,"featured_media":11463,"comment_status":"open","ping_status":"open","sticky":false,"template":"","format":"standard","meta":{"tdm_status":"","tdm_grid_status":"","footnotes":""},"categories":[4],"tags":[765,67,201,70,71,69,72,702,766,182],"class_list":{"0":"post-11459","1":"post","2":"type-post","3":"status-publish","4":"format-standard","5":"has-post-thumbnail","7":"category-actualidad","8":"tag-actividades-infantiles","9":"tag-barcelona","10":"tag-cuentacuentos","11":"tag-cuentos","12":"tag-infantil","13":"tag-madrid","14":"tag-ninos","15":"tag-ocio-infantil","16":"tag-taller-infantil","17":"tag-zyro"},"yoast_head":"<!-- This site is optimized with the Yoast SEO plugin v26.8 - https:\/\/yoast.com\/product\/yoast-seo-wordpress\/ -->\n<title>Actividades y Cuentacuentos Infantiles 6 y 7 de junio | Casa del Libro<\/title>\n<meta name=\"description\" content=\"Este fin de semana no te pierdas las Actividades y Cuentacuentos Infantiles que hemos preparado en nuestras librer\u00edas: 6 y 7 de junio\" \/>\n<meta name=\"robots\" content=\"index, follow, max-snippet:-1, max-image-preview:large, max-video-preview:-1\" \/>\n<link rel=\"canonical\" href=\"https:\/\/www.casadellibro.com\/blog\/actividades-y-cuentacuentos-infantiles-6-y-7-de-junio\/\" \/>\n<meta property=\"og:locale\" content=\"es_ES\" \/>\n<meta property=\"og:type\" content=\"article\" \/>\n<meta property=\"og:title\" content=\"Actividades y Cuentacuentos Infantiles 6 y 7 de junio | Casa del Libro\" \/>\n<meta property=\"og:description\" content=\"Este fin de semana no te pierdas las Actividades y Cuentacuentos Infantiles que hemos preparado en nuestras librer\u00edas: 6 y 7 de junio\" \/>\n<meta property=\"og:url\" content=\"https:\/\/www.casadellibro.com\/blog\/actividades-y-cuentacuentos-infantiles-6-y-7-de-junio\/\" \/>\n<meta property=\"og:site_name\" content=\"Blog Casa del Libro\" \/>\n<meta property=\"article:publisher\" content=\"https:\/\/www.facebook.com\/casadellibro\" \/>\n<meta property=\"article:published_time\" content=\"2015-06-05T06:14:31+00:00\" \/>\n<meta property=\"og:image\" content=\"https:\/\/www.casadellibro.com\/blog\/wp-content\/uploads\/2025\/01\/Favicon.png\" \/>\n\t<meta property=\"og:image:width\" content=\"512\" \/>\n\t<meta property=\"og:image:height\" content=\"512\" \/>\n\t<meta property=\"og:image:type\" content=\"image\/png\" \/>\n<meta name=\"author\" content=\"Casa del Libro\" \/>\n<meta name=\"twitter:card\" content=\"summary_large_image\" \/>\n<meta name=\"twitter:creator\" content=\"@casadellibro\" \/>\n<meta name=\"twitter:site\" content=\"@casadellibro\" \/>\n<meta name=\"twitter:label1\" content=\"Written by\" \/>\n\t<meta name=\"twitter:data1\" content=\"Casa del Libro\" \/>\n\t<meta name=\"twitter:label2\" content=\"Est. reading time\" \/>\n\t<meta name=\"twitter:data2\" content=\"2 minutos\" \/>\n<script type=\"application\/ld+json\" class=\"yoast-schema-graph\">{\"@context\":\"https:\/\/schema.org\",\"@graph\":[{\"@type\":\"Article\",\"@id\":\"https:\/\/www.casadellibro.com\/blog\/actividades-y-cuentacuentos-infantiles-6-y-7-de-junio\/#article\",\"isPartOf\":{\"@id\":\"https:\/\/www.casadellibro.com\/blog\/actividades-y-cuentacuentos-infantiles-6-y-7-de-junio\/\"},\"author\":{\"name\":\"Casa del Libro\",\"@id\":\"https:\/\/www.casadellibro.com\/blog\/#\/schema\/person\/4c5249ad5735629a37e929060c823fe5\"},\"headline\":\"Actividades y Cuentacuentos Infantiles 6 y 7 de junio\",\"datePublished\":\"2015-06-05T06:14:31+00:00\",\"mainEntityOfPage\":{\"@id\":\"https:\/\/www.casadellibro.com\/blog\/actividades-y-cuentacuentos-infantiles-6-y-7-de-junio\/\"},\"wordCount\":441,\"commentCount\":0,\"publisher\":{\"@id\":\"https:\/\/www.casadellibro.com\/blog\/#organization\"},\"image\":{\"@id\":\"https:\/\/www.casadellibro.com\/blog\/actividades-y-cuentacuentos-infantiles-6-y-7-de-junio\/#primaryimage\"},\"thumbnailUrl\":\"\",\"keywords\":[\"Actividades infantiles\",\"Barcelona\",\"cuentacuentos\",\"cuentos\",\"infantil\",\"Madrid\",\"ni\u00f1os\",\"ocio infantil\",\"taller infantil\",\"Zyro\"],\"articleSection\":[\"Actualidad\"],\"inLanguage\":\"es\",\"potentialAction\":[{\"@type\":\"CommentAction\",\"name\":\"Comment\",\"target\":[\"https:\/\/www.casadellibro.com\/blog\/actividades-y-cuentacuentos-infantiles-6-y-7-de-junio\/#respond\"]}]},{\"@type\":\"WebPage\",\"@id\":\"https:\/\/www.casadellibro.com\/blog\/actividades-y-cuentacuentos-infantiles-6-y-7-de-junio\/\",\"url\":\"https:\/\/www.casadellibro.com\/blog\/actividades-y-cuentacuentos-infantiles-6-y-7-de-junio\/\",\"name\":\"Actividades y Cuentacuentos Infantiles 6 y 7 de junio | Casa del Libro\",\"isPartOf\":{\"@id\":\"https:\/\/www.casadellibro.com\/blog\/#website\"},\"primaryImageOfPage\":{\"@id\":\"https:\/\/www.casadellibro.com\/blog\/actividades-y-cuentacuentos-infantiles-6-y-7-de-junio\/#primaryimage\"},\"image\":{\"@id\":\"https:\/\/www.casadellibro.com\/blog\/actividades-y-cuentacuentos-infantiles-6-y-7-de-junio\/#primaryimage\"},\"thumbnailUrl\":\"\",\"datePublished\":\"2015-06-05T06:14:31+00:00\",\"description\":\"Este fin de semana no te pierdas las Actividades y Cuentacuentos Infantiles que hemos preparado en nuestras librer\u00edas: 6 y 7 de junio\",\"breadcrumb\":{\"@id\":\"https:\/\/www.casadellibro.com\/blog\/actividades-y-cuentacuentos-infantiles-6-y-7-de-junio\/#breadcrumb\"},\"inLanguage\":\"es\",\"potentialAction\":[{\"@type\":\"ReadAction\",\"target\":[\"https:\/\/www.casadellibro.com\/blog\/actividades-y-cuentacuentos-infantiles-6-y-7-de-junio\/\"]}]},{\"@type\":\"ImageObject\",\"inLanguage\":\"es\",\"@id\":\"https:\/\/www.casadellibro.com\/blog\/actividades-y-cuentacuentos-infantiles-6-y-7-de-junio\/#primaryimage\",\"url\":\"\",\"contentUrl\":\"\"},{\"@type\":\"BreadcrumbList\",\"@id\":\"https:\/\/www.casadellibro.com\/blog\/actividades-y-cuentacuentos-infantiles-6-y-7-de-junio\/#breadcrumb\",\"itemListElement\":[{\"@type\":\"ListItem\",\"position\":1,\"name\":\"Casa del Libro\",\"item\":\"https:\/\/www.casadellibro.com\/blog\/\"},{\"@type\":\"ListItem\",\"position\":2,\"name\":\"Actividades y Cuentacuentos Infantiles 6 y 7 de junio\"}]},{\"@type\":\"WebSite\",\"@id\":\"https:\/\/www.casadellibro.com\/blog\/#website\",\"url\":\"https:\/\/www.casadellibro.com\/blog\/\",\"name\":\"Blog Casa del Libro\",\"description\":\"Descubre todas las novedades en eBooks, eReaders y Libros en el Blog oficial de Casa del Libro, recomendaciones en eBook, eReader y Libro online\",\"publisher\":{\"@id\":\"https:\/\/www.casadellibro.com\/blog\/#organization\"},\"potentialAction\":[{\"@type\":\"SearchAction\",\"target\":{\"@type\":\"EntryPoint\",\"urlTemplate\":\"https:\/\/www.casadellibro.com\/blog\/?s={search_term_string}\"},\"query-input\":{\"@type\":\"PropertyValueSpecification\",\"valueRequired\":true,\"valueName\":\"search_term_string\"}}],\"inLanguage\":\"es\"},{\"@type\":\"Organization\",\"@id\":\"https:\/\/www.casadellibro.com\/blog\/#organization\",\"name\":\"Blog Casa del Libro\",\"url\":\"https:\/\/www.casadellibro.com\/blog\/\",\"logo\":{\"@type\":\"ImageObject\",\"inLanguage\":\"es\",\"@id\":\"https:\/\/www.casadellibro.com\/blog\/#\/schema\/logo\/image\/\",\"url\":\"https:\/\/www.casadellibro.com\/blog\/wp-content\/uploads\/2022\/04\/cropped-image-2-300x98-1.png\",\"contentUrl\":\"https:\/\/www.casadellibro.com\/blog\/wp-content\/uploads\/2022\/04\/cropped-image-2-300x98-1.png\",\"width\":300,\"height\":98,\"caption\":\"Blog Casa del Libro\"},\"image\":{\"@id\":\"https:\/\/www.casadellibro.com\/blog\/#\/schema\/logo\/image\/\"},\"sameAs\":[\"https:\/\/www.facebook.com\/casadellibro\",\"https:\/\/x.com\/casadellibro\",\"https:\/\/www.youtube.com\/user\/casadellibropuntocom\",\"https:\/\/es.pinterest.com\/casadellibro\/\",\"https:\/\/open.spotify.com\/user\/wi2k27ijtmw114f531okf8nd4?si=JEaWkM75S56kXufnbmExww&nd=1&dlsi=6959f4c0a6474806\"]},{\"@type\":\"Person\",\"@id\":\"https:\/\/www.casadellibro.com\/blog\/#\/schema\/person\/4c5249ad5735629a37e929060c823fe5\",\"name\":\"Casa del Libro\",\"image\":{\"@type\":\"ImageObject\",\"inLanguage\":\"es\",\"@id\":\"https:\/\/www.casadellibro.com\/blog\/#\/schema\/person\/image\/\",\"url\":\"https:\/\/secure.gravatar.com\/avatar\/1ac01d90ad8e35013aff9d51865aa025?s=96&d=identicon&r=g\",\"contentUrl\":\"https:\/\/secure.gravatar.com\/avatar\/1ac01d90ad8e35013aff9d51865aa025?s=96&d=identicon&r=g\",\"caption\":\"Casa del Libro\"}}]}<\/script>\n<!-- \/ Yoast SEO plugin. -->","yoast_head_json":{"title":"Actividades y Cuentacuentos Infantiles 6 y 7 de junio | Casa del Libro","description":"Este fin de semana no te pierdas las Actividades y Cuentacuentos Infantiles que hemos preparado en nuestras librer\u00edas: 6 y 7 de junio","robots":{"index":"index","follow":"follow","max-snippet":"max-snippet:-1","max-image-preview":"max-image-preview:large","max-video-preview":"max-video-preview:-1"},"canonical":"https:\/\/www.casadellibro.com\/blog\/actividades-y-cuentacuentos-infantiles-6-y-7-de-junio\/","og_locale":"es_ES","og_type":"article","og_title":"Actividades y Cuentacuentos Infantiles 6 y 7 de junio | Casa del Libro","og_description":"Este fin de semana no te pierdas las Actividades y Cuentacuentos Infantiles que hemos preparado en nuestras librer\u00edas: 6 y 7 de junio","og_url":"https:\/\/www.casadellibro.com\/blog\/actividades-y-cuentacuentos-infantiles-6-y-7-de-junio\/","og_site_name":"Blog Casa del Libro","article_publisher":"https:\/\/www.facebook.com\/casadellibro","article_published_time":"2015-06-05T06:14:31+00:00","og_image":[{"width":512,"height":512,"url":"https:\/\/www.casadellibro.com\/blog\/wp-content\/uploads\/2025\/01\/Favicon.png","type":"image\/png"}],"author":"Casa del Libro","twitter_card":"summary_large_image","twitter_creator":"@casadellibro","twitter_site":"@casadellibro","twitter_misc":{"Written by":"Casa del Libro","Est. reading time":"2 minutos"},"schema":{"@context":"https:\/\/schema.org","@graph":[{"@type":"Article","@id":"https:\/\/www.casadellibro.com\/blog\/actividades-y-cuentacuentos-infantiles-6-y-7-de-junio\/#article","isPartOf":{"@id":"https:\/\/www.casadellibro.com\/blog\/actividades-y-cuentacuentos-infantiles-6-y-7-de-junio\/"},"author":{"name":"Casa del Libro","@id":"https:\/\/www.casadellibro.com\/blog\/#\/schema\/person\/4c5249ad5735629a37e929060c823fe5"},"headline":"Actividades y Cuentacuentos Infantiles 6 y 7 de junio","datePublished":"2015-06-05T06:14:31+00:00","mainEntityOfPage":{"@id":"https:\/\/www.casadellibro.com\/blog\/actividades-y-cuentacuentos-infantiles-6-y-7-de-junio\/"},"wordCount":441,"commentCount":0,"publisher":{"@id":"https:\/\/www.casadellibro.com\/blog\/#organization"},"image":{"@id":"https:\/\/www.casadellibro.com\/blog\/actividades-y-cuentacuentos-infantiles-6-y-7-de-junio\/#primaryimage"},"thumbnailUrl":"","keywords":["Actividades infantiles","Barcelona","cuentacuentos","cuentos","infantil","Madrid","ni\u00f1os","ocio infantil","taller infantil","Zyro"],"articleSection":["Actualidad"],"inLanguage":"es","potentialAction":[{"@type":"CommentAction","name":"Comment","target":["https:\/\/www.casadellibro.com\/blog\/actividades-y-cuentacuentos-infantiles-6-y-7-de-junio\/#respond"]}]},{"@type":"WebPage","@id":"https:\/\/www.casadellibro.com\/blog\/actividades-y-cuentacuentos-infantiles-6-y-7-de-junio\/","url":"https:\/\/www.casadellibro.com\/blog\/actividades-y-cuentacuentos-infantiles-6-y-7-de-junio\/","name":"Actividades y Cuentacuentos Infantiles 6 y 7 de junio | Casa del Libro","isPartOf":{"@id":"https:\/\/www.casadellibro.com\/blog\/#website"},"primaryImageOfPage":{"@id":"https:\/\/www.casadellibro.com\/blog\/actividades-y-cuentacuentos-infantiles-6-y-7-de-junio\/#primaryimage"},"image":{"@id":"https:\/\/www.casadellibro.com\/blog\/actividades-y-cuentacuentos-infantiles-6-y-7-de-junio\/#primaryimage"},"thumbnailUrl":"","datePublished":"2015-06-05T06:14:31+00:00","description":"Este fin de semana no te pierdas las Actividades y Cuentacuentos Infantiles que hemos preparado en nuestras librer\u00edas: 6 y 7 de junio","breadcrumb":{"@id":"https:\/\/www.casadellibro.com\/blog\/actividades-y-cuentacuentos-infantiles-6-y-7-de-junio\/#breadcrumb"},"inLanguage":"es","potentialAction":[{"@type":"ReadAction","target":["https:\/\/www.casadellibro.com\/blog\/actividades-y-cuentacuentos-infantiles-6-y-7-de-junio\/"]}]},{"@type":"ImageObject","inLanguage":"es","@id":"https:\/\/www.casadellibro.com\/blog\/actividades-y-cuentacuentos-infantiles-6-y-7-de-junio\/#primaryimage","url":"","contentUrl":""},{"@type":"BreadcrumbList","@id":"https:\/\/www.casadellibro.com\/blog\/actividades-y-cuentacuentos-infantiles-6-y-7-de-junio\/#breadcrumb","itemListElement":[{"@type":"ListItem","position":1,"name":"Casa del Libro","item":"https:\/\/www.casadellibro.com\/blog\/"},{"@type":"ListItem","position":2,"name":"Actividades y Cuentacuentos Infantiles 6 y 7 de junio"}]},{"@type":"WebSite","@id":"https:\/\/www.casadellibro.com\/blog\/#website","url":"https:\/\/www.casadellibro.com\/blog\/","name":"Blog Casa del Libro","description":"Descubre todas las novedades en eBooks, eReaders y Libros en el Blog oficial de Casa del Libro, recomendaciones en eBook, eReader y Libro online","publisher":{"@id":"https:\/\/www.casadellibro.com\/blog\/#organization"},"potentialAction":[{"@type":"SearchAction","target":{"@type":"EntryPoint","urlTemplate":"https:\/\/www.casadellibro.com\/blog\/?s={search_term_string}"},"query-input":{"@type":"PropertyValueSpecification","valueRequired":true,"valueName":"search_term_string"}}],"inLanguage":"es"},{"@type":"Organization","@id":"https:\/\/www.casadellibro.com\/blog\/#organization","name":"Blog Casa del Libro","url":"https:\/\/www.casadellibro.com\/blog\/","logo":{"@type":"ImageObject","inLanguage":"es","@id":"https:\/\/www.casadellibro.com\/blog\/#\/schema\/logo\/image\/","url":"https:\/\/www.casadellibro.com\/blog\/wp-content\/uploads\/2022\/04\/cropped-image-2-300x98-1.png","contentUrl":"https:\/\/www.casadellibro.com\/blog\/wp-content\/uploads\/2022\/04\/cropped-image-2-300x98-1.png","width":300,"height":98,"caption":"Blog Casa del Libro"},"image":{"@id":"https:\/\/www.casadellibro.com\/blog\/#\/schema\/logo\/image\/"},"sameAs":["https:\/\/www.facebook.com\/casadellibro","https:\/\/x.com\/casadellibro","https:\/\/www.youtube.com\/user\/casadellibropuntocom","https:\/\/es.pinterest.com\/casadellibro\/","https:\/\/open.spotify.com\/user\/wi2k27ijtmw114f531okf8nd4?si=JEaWkM75S56kXufnbmExww&nd=1&dlsi=6959f4c0a6474806"]},{"@type":"Person","@id":"https:\/\/www.casadellibro.com\/blog\/#\/schema\/person\/4c5249ad5735629a37e929060c823fe5","name":"Casa del Libro","image":{"@type":"ImageObject","inLanguage":"es","@id":"https:\/\/www.casadellibro.com\/blog\/#\/schema\/person\/image\/","url":"https:\/\/secure.gravatar.com\/avatar\/1ac01d90ad8e35013aff9d51865aa025?s=96&d=identicon&r=g","contentUrl":"https:\/\/secure.gravatar.com\/avatar\/1ac01d90ad8e35013aff9d51865aa025?s=96&d=identicon&r=g","caption":"Casa del Libro"}}]}},"_links":{"self":[{"href":"https:\/\/www.casadellibro.com\/blog\/wp-json\/wp\/v2\/posts\/11459","targetHints":{"allow":["GET"]}}],"collection":[{"href":"https:\/\/www.casadellibro.com\/blog\/wp-json\/wp\/v2\/posts"}],"about":[{"href":"https:\/\/www.casadellibro.com\/blog\/wp-json\/wp\/v2\/types\/post"}],"author":[{"embeddable":true,"href":"https:\/\/www.casadellibro.com\/blog\/wp-json\/wp\/v2\/users\/2"}],"replies":[{"embeddable":true,"href":"https:\/\/www.casadellibro.com\/blog\/wp-json\/wp\/v2\/comments?post=11459"}],"version-history":[{"count":0,"href":"https:\/\/www.casadellibro.com\/blog\/wp-json\/wp\/v2\/posts\/11459\/revisions"}],"wp:featuredmedia":[{"embeddable":true,"href":"https:\/\/www.casadellibro.com\/blog\/wp-json\/"}],"wp:attachment":[{"href":"https:\/\/www.casadellibro.com\/blog\/wp-json\/wp\/v2\/media?parent=11459"}],"wp:term":[{"taxonomy":"category","embeddable":true,"href":"https:\/\/www.casadellibro.com\/blog\/wp-json\/wp\/v2\/categories?post=11459"},{"taxonomy":"post_tag","embeddable":true,"href":"https:\/\/www.casadellibro.com\/blog\/wp-json\/wp\/v2\/tags?post=11459"}],"curies":[{"name":"wp","href":"https:\/\/api.w.org\/{rel}","templated":true}]}}