{"id":12294,"date":"2015-09-22T13:57:06","date_gmt":"2015-09-22T11:57:06","guid":{"rendered":"http:\/\/noticiascasadellibro.es\/?p=12294"},"modified":"2015-09-22T13:57:06","modified_gmt":"2015-09-22T11:57:06","slug":"nuevos-candidatos-para-venir-al-liber","status":"publish","type":"post","link":"https:\/\/www.casadellibro.com\/blog\/nuevos-candidatos-para-venir-al-liber\/","title":{"rendered":"Nuevos candidatos para venir al LIBER"},"content":{"rendered":"<p>\u00bfHas publicado y buscas editorial? Pues hoy es tu d\u00eda de suerte! Ya os cont\u00e1bamos hace unos d\u00edas que estaremos en el LIBER (la mayor feria de editores) y solo tenemos un objetivo: <strong>CUMPLIR VUESTRO SUE\u00d1O<\/strong> y para eso solo hay que ser Autor Tagus. Los 20 mejores se vendr\u00e1n con nosotros a presentar su libro a las mejores editoriales. \u00a1\u00a1A qu\u00e9 est\u00e1is esperando!!! Haz <a href=\"http:\/\/www.casadellibro.com\/autopublicacion\/landingAutopub\" target=\"_blank\" rel=\"noopener noreferrer\">click aqu\u00ed<\/a> para ser uno de ellos:<\/p>\n<p><img loading=\"lazy\" decoding=\"async\" class=\"alignleft size-medium wp-image-12326\" src=\"http:\/\/noticiascasadellibro.es\/wp-content\/uploads\/2015\/09\/El-coraz\u00f3n-delo-lobo-negro-227x300.jpg\" alt=\"El coraz\u00f3n delo lobo negro\" width=\"227\" height=\"300\" \/><\/p>\n<p><a href=\"http:\/\/www.casadellibro.com\/ebook-el-corazon-del-lobo-negro-ebook\/9781326054687\/2399046\" target=\"_blank\" rel=\"noopener noreferrer\">El coraz\u00f3n del lobo negro<\/a>: <strong>A. V. Cardenet<\/strong>:\u00a0Ammilie en un inesperado giro de la vida, termina en manos de un feroz clan vikingo que azota las costas de Inglaterra. La presencia de la joven no pasa desapercibida ante los enigm\u00e1ticos ojos de Olan Loodrack, hijo del rey del clan. Un indomable y feroz lobo, que bajo las c\u00e1lidas manos de Ammie descubre su verdadera alma.<\/p>\n<p>&nbsp;<\/p>\n<p>&nbsp;<\/p>\n<p>&nbsp;<\/p>\n<p>&nbsp;<\/p>\n<p>&nbsp;<\/p>\n<p>&nbsp;<\/p>\n<p>&nbsp;<\/p>\n<p><a href=\"http:\/\/www.casadellibro.com\/ebook-el-lado-oculto-del-sol-ebook\/9788483264218\/2609828\" target=\"_blank\" rel=\"noopener noreferrer\"><img loading=\"lazy\" decoding=\"async\" class=\"alignleft wp-image-12328\" src=\"http:\/\/noticiascasadellibro.es\/wp-content\/uploads\/2015\/09\/El-lado-oculto-del-sol-211x300.jpg\" alt=\"El lado oculto del sol\" width=\"229\" height=\"326\" \/>El lado oculto del sol<\/a>. <strong>Nora Cacciola<\/strong>:\u00a0DOMIN\u00d3, una fuente an\u00f3nima, advierte a Nina; periodista de Buenos Aires: algo sucede con el famoso empresario Roberto Wilkinson en el brasileiro para\u00edso, algo que, de comprobarse, ser\u00eda el mayor esc\u00e1ndalo medi\u00e1tico para \u00e9l y su esposa Mabel. Lo que ignoran Nina, y el neurast\u00e9nico de su amigo; el fot\u00f3grafo Lu\u00eds, es lo que capturar\u00e1 su c\u00e1mara, aquello que respira tras las luces del disfrute tur\u00edstico&#8230;<\/p>\n<p>&nbsp;<\/p>\n<p>&nbsp;<\/p>\n<p>&nbsp;<\/p>\n<p>&nbsp;<\/p>\n<p>&nbsp;<\/p>\n<p>&nbsp;<\/p>\n<p>&nbsp;<\/p>\n<p>&nbsp;<\/p>\n<p>&nbsp;<\/p>\n<p><img loading=\"lazy\" decoding=\"async\" class=\"alignleft wp-image-12329\" src=\"http:\/\/noticiascasadellibro.es\/wp-content\/uploads\/2015\/09\/la-botella-de-gin-273x300.jpg\" alt=\"la botella de gin\" width=\"220\" height=\"242\" \/><\/p>\n<p><a href=\"http:\/\/www.casadellibro.com\/ebook-la-botella-de-gin-ebook\/9788483264096\/2596642\" target=\"_blank\" rel=\"noopener noreferrer\">La botella de Gin<\/a>. Autor: <strong>Luis Uralde<\/strong>:\u00a0Ciriaco, navegante solitario, hilvana sus recuerdos con los hitos que se presentan a lo largo de su navegaci\u00f3n frente a la costa sur de Espa\u00f1a.Novela de misterio y penetraci\u00f3n psicol\u00f3gica en el ambiente de sensualidad y apertura a las libertades durante la eclosi\u00f3n internacional de la Costa del Sol.<\/p>\n<p>&nbsp;<\/p>\n<p>&nbsp;<\/p>\n<p>&nbsp;<\/p>\n<p>&nbsp;<\/p>\n<p>&nbsp;<\/p>\n<p>&nbsp;<\/p>\n<p>&nbsp;<\/p>\n<p>&nbsp;<\/p>\n<p><a href=\"http:\/\/www.casadellibro.com\/ebook-sombra-de-ojos-ebook\/9788483264119\/2609818\" target=\"_blank\" rel=\"noopener noreferrer\"><img loading=\"lazy\" decoding=\"async\" class=\"alignleft wp-image-12330\" src=\"http:\/\/noticiascasadellibro.es\/wp-content\/uploads\/2015\/09\/Sombra-de-ojos-188x300.jpg\" alt=\"Sombra de ojos\" width=\"229\" height=\"366\" \/>Sombra de ojos<\/a>. <strong>Mar\u00eda Lid\u00f3n Ruiz<\/strong>:\u00a0Paola fue una ni\u00f1a maltratada y repudiada por su condici\u00f3n sexual. Cuando sus estudios de Bellas Artes finalizaron, un rumor de asesinato la oblig\u00f3 a huir de su pueblo natal e instalarse en la ciudad junto a dos compa\u00f1eros de casa muy peculiares, a los que rondan varios misterios que ella intentar\u00e1 descubrir. Junto a ellos conocer\u00e1 la amistad, el deseo y la tentaci\u00f3n, y las contradicciones del amor libre.<\/p>\n<p>&nbsp;<\/p>\n","protected":false},"excerpt":{"rendered":"<p>\u00bfHas publicado y buscas editorial? Pues hoy es tu d\u00eda de suerte! Ya os cont\u00e1bamos hace unos d\u00edas que estaremos en el LIBER (la mayor feria de editores) y solo tenemos un objetivo: CUMPLIR VUESTRO SUE\u00d1O y para eso solo hay que ser Autor Tagus. Los 20 mejores se vendr\u00e1n con nosotros a presentar su [&hellip;]<\/p>\n","protected":false},"author":2,"featured_media":12334,"comment_status":"open","ping_status":"closed","sticky":false,"template":"","format":"standard","meta":{"tdm_status":"","tdm_grid_status":"","footnotes":""},"categories":[4],"tags":[],"class_list":{"0":"post-12294","1":"post","2":"type-post","3":"status-publish","4":"format-standard","5":"has-post-thumbnail","7":"category-actualidad"},"yoast_head":"<!-- This site is optimized with the Yoast SEO plugin v26.8 - https:\/\/yoast.com\/product\/yoast-seo-wordpress\/ -->\n<title>Nuevos candidatos para venir al LIBER | Casa del Libro<\/title>\n<meta name=\"robots\" content=\"index, follow, max-snippet:-1, max-image-preview:large, max-video-preview:-1\" \/>\n<link rel=\"canonical\" href=\"https:\/\/www.casadellibro.com\/blog\/nuevos-candidatos-para-venir-al-liber\/\" \/>\n<meta property=\"og:locale\" content=\"es_ES\" \/>\n<meta property=\"og:type\" content=\"article\" \/>\n<meta property=\"og:title\" content=\"Nuevos candidatos para venir al LIBER | Casa del Libro\" \/>\n<meta property=\"og:description\" content=\"\u00bfHas publicado y buscas editorial? Pues hoy es tu d\u00eda de suerte! Ya os cont\u00e1bamos hace unos d\u00edas que estaremos en el LIBER (la mayor feria de editores) y solo tenemos un objetivo: CUMPLIR VUESTRO SUE\u00d1O y para eso solo hay que ser Autor Tagus. Los 20 mejores se vendr\u00e1n con nosotros a presentar su [&hellip;]\" \/>\n<meta property=\"og:url\" content=\"https:\/\/www.casadellibro.com\/blog\/nuevos-candidatos-para-venir-al-liber\/\" \/>\n<meta property=\"og:site_name\" content=\"Blog Casa del Libro\" \/>\n<meta property=\"article:publisher\" content=\"https:\/\/www.facebook.com\/casadellibro\" \/>\n<meta property=\"article:published_time\" content=\"2015-09-22T11:57:06+00:00\" \/>\n<meta property=\"og:image\" content=\"https:\/\/www.casadellibro.com\/blog\/wp-content\/uploads\/2025\/01\/Favicon.png\" \/>\n\t<meta property=\"og:image:width\" content=\"512\" \/>\n\t<meta property=\"og:image:height\" content=\"512\" \/>\n\t<meta property=\"og:image:type\" content=\"image\/png\" \/>\n<meta name=\"author\" content=\"Casa del Libro\" \/>\n<meta name=\"twitter:card\" content=\"summary_large_image\" \/>\n<meta name=\"twitter:creator\" content=\"@casadellibro\" \/>\n<meta name=\"twitter:site\" content=\"@casadellibro\" \/>\n<meta name=\"twitter:label1\" content=\"Written by\" \/>\n\t<meta name=\"twitter:data1\" content=\"Casa del Libro\" \/>\n\t<meta name=\"twitter:label2\" content=\"Est. reading time\" \/>\n\t<meta name=\"twitter:data2\" content=\"2 minutos\" \/>\n<script type=\"application\/ld+json\" class=\"yoast-schema-graph\">{\"@context\":\"https:\/\/schema.org\",\"@graph\":[{\"@type\":\"Article\",\"@id\":\"https:\/\/www.casadellibro.com\/blog\/nuevos-candidatos-para-venir-al-liber\/#article\",\"isPartOf\":{\"@id\":\"https:\/\/www.casadellibro.com\/blog\/nuevos-candidatos-para-venir-al-liber\/\"},\"author\":{\"name\":\"Casa del Libro\",\"@id\":\"https:\/\/www.casadellibro.com\/blog\/#\/schema\/person\/4c5249ad5735629a37e929060c823fe5\"},\"headline\":\"Nuevos candidatos para venir al LIBER\",\"datePublished\":\"2015-09-22T11:57:06+00:00\",\"mainEntityOfPage\":{\"@id\":\"https:\/\/www.casadellibro.com\/blog\/nuevos-candidatos-para-venir-al-liber\/\"},\"wordCount\":404,\"commentCount\":0,\"publisher\":{\"@id\":\"https:\/\/www.casadellibro.com\/blog\/#organization\"},\"image\":{\"@id\":\"https:\/\/www.casadellibro.com\/blog\/nuevos-candidatos-para-venir-al-liber\/#primaryimage\"},\"thumbnailUrl\":\"\",\"articleSection\":[\"Actualidad\"],\"inLanguage\":\"es\",\"potentialAction\":[{\"@type\":\"CommentAction\",\"name\":\"Comment\",\"target\":[\"https:\/\/www.casadellibro.com\/blog\/nuevos-candidatos-para-venir-al-liber\/#respond\"]}]},{\"@type\":\"WebPage\",\"@id\":\"https:\/\/www.casadellibro.com\/blog\/nuevos-candidatos-para-venir-al-liber\/\",\"url\":\"https:\/\/www.casadellibro.com\/blog\/nuevos-candidatos-para-venir-al-liber\/\",\"name\":\"Nuevos candidatos para venir al LIBER | Casa del Libro\",\"isPartOf\":{\"@id\":\"https:\/\/www.casadellibro.com\/blog\/#website\"},\"primaryImageOfPage\":{\"@id\":\"https:\/\/www.casadellibro.com\/blog\/nuevos-candidatos-para-venir-al-liber\/#primaryimage\"},\"image\":{\"@id\":\"https:\/\/www.casadellibro.com\/blog\/nuevos-candidatos-para-venir-al-liber\/#primaryimage\"},\"thumbnailUrl\":\"\",\"datePublished\":\"2015-09-22T11:57:06+00:00\",\"breadcrumb\":{\"@id\":\"https:\/\/www.casadellibro.com\/blog\/nuevos-candidatos-para-venir-al-liber\/#breadcrumb\"},\"inLanguage\":\"es\",\"potentialAction\":[{\"@type\":\"ReadAction\",\"target\":[\"https:\/\/www.casadellibro.com\/blog\/nuevos-candidatos-para-venir-al-liber\/\"]}]},{\"@type\":\"ImageObject\",\"inLanguage\":\"es\",\"@id\":\"https:\/\/www.casadellibro.com\/blog\/nuevos-candidatos-para-venir-al-liber\/#primaryimage\",\"url\":\"\",\"contentUrl\":\"\"},{\"@type\":\"BreadcrumbList\",\"@id\":\"https:\/\/www.casadellibro.com\/blog\/nuevos-candidatos-para-venir-al-liber\/#breadcrumb\",\"itemListElement\":[{\"@type\":\"ListItem\",\"position\":1,\"name\":\"Casa del Libro\",\"item\":\"https:\/\/www.casadellibro.com\/blog\/\"},{\"@type\":\"ListItem\",\"position\":2,\"name\":\"Nuevos candidatos para venir al LIBER\"}]},{\"@type\":\"WebSite\",\"@id\":\"https:\/\/www.casadellibro.com\/blog\/#website\",\"url\":\"https:\/\/www.casadellibro.com\/blog\/\",\"name\":\"Blog Casa del Libro\",\"description\":\"Descubre todas las novedades en eBooks, eReaders y Libros en el Blog oficial de Casa del Libro, recomendaciones en eBook, eReader y Libro online\",\"publisher\":{\"@id\":\"https:\/\/www.casadellibro.com\/blog\/#organization\"},\"potentialAction\":[{\"@type\":\"SearchAction\",\"target\":{\"@type\":\"EntryPoint\",\"urlTemplate\":\"https:\/\/www.casadellibro.com\/blog\/?s={search_term_string}\"},\"query-input\":{\"@type\":\"PropertyValueSpecification\",\"valueRequired\":true,\"valueName\":\"search_term_string\"}}],\"inLanguage\":\"es\"},{\"@type\":\"Organization\",\"@id\":\"https:\/\/www.casadellibro.com\/blog\/#organization\",\"name\":\"Blog Casa del Libro\",\"url\":\"https:\/\/www.casadellibro.com\/blog\/\",\"logo\":{\"@type\":\"ImageObject\",\"inLanguage\":\"es\",\"@id\":\"https:\/\/www.casadellibro.com\/blog\/#\/schema\/logo\/image\/\",\"url\":\"https:\/\/www.casadellibro.com\/blog\/wp-content\/uploads\/2022\/04\/cropped-image-2-300x98-1.png\",\"contentUrl\":\"https:\/\/www.casadellibro.com\/blog\/wp-content\/uploads\/2022\/04\/cropped-image-2-300x98-1.png\",\"width\":300,\"height\":98,\"caption\":\"Blog Casa del Libro\"},\"image\":{\"@id\":\"https:\/\/www.casadellibro.com\/blog\/#\/schema\/logo\/image\/\"},\"sameAs\":[\"https:\/\/www.facebook.com\/casadellibro\",\"https:\/\/x.com\/casadellibro\",\"https:\/\/www.youtube.com\/user\/casadellibropuntocom\",\"https:\/\/es.pinterest.com\/casadellibro\/\",\"https:\/\/open.spotify.com\/user\/wi2k27ijtmw114f531okf8nd4?si=JEaWkM75S56kXufnbmExww&nd=1&dlsi=6959f4c0a6474806\"]},{\"@type\":\"Person\",\"@id\":\"https:\/\/www.casadellibro.com\/blog\/#\/schema\/person\/4c5249ad5735629a37e929060c823fe5\",\"name\":\"Casa del Libro\",\"image\":{\"@type\":\"ImageObject\",\"inLanguage\":\"es\",\"@id\":\"https:\/\/www.casadellibro.com\/blog\/#\/schema\/person\/image\/\",\"url\":\"https:\/\/secure.gravatar.com\/avatar\/1ac01d90ad8e35013aff9d51865aa025?s=96&d=identicon&r=g\",\"contentUrl\":\"https:\/\/secure.gravatar.com\/avatar\/1ac01d90ad8e35013aff9d51865aa025?s=96&d=identicon&r=g\",\"caption\":\"Casa del Libro\"}}]}<\/script>\n<!-- \/ Yoast SEO plugin. -->","yoast_head_json":{"title":"Nuevos candidatos para venir al LIBER | Casa del Libro","robots":{"index":"index","follow":"follow","max-snippet":"max-snippet:-1","max-image-preview":"max-image-preview:large","max-video-preview":"max-video-preview:-1"},"canonical":"https:\/\/www.casadellibro.com\/blog\/nuevos-candidatos-para-venir-al-liber\/","og_locale":"es_ES","og_type":"article","og_title":"Nuevos candidatos para venir al LIBER | Casa del Libro","og_description":"\u00bfHas publicado y buscas editorial? Pues hoy es tu d\u00eda de suerte! Ya os cont\u00e1bamos hace unos d\u00edas que estaremos en el LIBER (la mayor feria de editores) y solo tenemos un objetivo: CUMPLIR VUESTRO SUE\u00d1O y para eso solo hay que ser Autor Tagus. Los 20 mejores se vendr\u00e1n con nosotros a presentar su [&hellip;]","og_url":"https:\/\/www.casadellibro.com\/blog\/nuevos-candidatos-para-venir-al-liber\/","og_site_name":"Blog Casa del Libro","article_publisher":"https:\/\/www.facebook.com\/casadellibro","article_published_time":"2015-09-22T11:57:06+00:00","og_image":[{"width":512,"height":512,"url":"https:\/\/www.casadellibro.com\/blog\/wp-content\/uploads\/2025\/01\/Favicon.png","type":"image\/png"}],"author":"Casa del Libro","twitter_card":"summary_large_image","twitter_creator":"@casadellibro","twitter_site":"@casadellibro","twitter_misc":{"Written by":"Casa del Libro","Est. reading time":"2 minutos"},"schema":{"@context":"https:\/\/schema.org","@graph":[{"@type":"Article","@id":"https:\/\/www.casadellibro.com\/blog\/nuevos-candidatos-para-venir-al-liber\/#article","isPartOf":{"@id":"https:\/\/www.casadellibro.com\/blog\/nuevos-candidatos-para-venir-al-liber\/"},"author":{"name":"Casa del Libro","@id":"https:\/\/www.casadellibro.com\/blog\/#\/schema\/person\/4c5249ad5735629a37e929060c823fe5"},"headline":"Nuevos candidatos para venir al LIBER","datePublished":"2015-09-22T11:57:06+00:00","mainEntityOfPage":{"@id":"https:\/\/www.casadellibro.com\/blog\/nuevos-candidatos-para-venir-al-liber\/"},"wordCount":404,"commentCount":0,"publisher":{"@id":"https:\/\/www.casadellibro.com\/blog\/#organization"},"image":{"@id":"https:\/\/www.casadellibro.com\/blog\/nuevos-candidatos-para-venir-al-liber\/#primaryimage"},"thumbnailUrl":"","articleSection":["Actualidad"],"inLanguage":"es","potentialAction":[{"@type":"CommentAction","name":"Comment","target":["https:\/\/www.casadellibro.com\/blog\/nuevos-candidatos-para-venir-al-liber\/#respond"]}]},{"@type":"WebPage","@id":"https:\/\/www.casadellibro.com\/blog\/nuevos-candidatos-para-venir-al-liber\/","url":"https:\/\/www.casadellibro.com\/blog\/nuevos-candidatos-para-venir-al-liber\/","name":"Nuevos candidatos para venir al LIBER | Casa del Libro","isPartOf":{"@id":"https:\/\/www.casadellibro.com\/blog\/#website"},"primaryImageOfPage":{"@id":"https:\/\/www.casadellibro.com\/blog\/nuevos-candidatos-para-venir-al-liber\/#primaryimage"},"image":{"@id":"https:\/\/www.casadellibro.com\/blog\/nuevos-candidatos-para-venir-al-liber\/#primaryimage"},"thumbnailUrl":"","datePublished":"2015-09-22T11:57:06+00:00","breadcrumb":{"@id":"https:\/\/www.casadellibro.com\/blog\/nuevos-candidatos-para-venir-al-liber\/#breadcrumb"},"inLanguage":"es","potentialAction":[{"@type":"ReadAction","target":["https:\/\/www.casadellibro.com\/blog\/nuevos-candidatos-para-venir-al-liber\/"]}]},{"@type":"ImageObject","inLanguage":"es","@id":"https:\/\/www.casadellibro.com\/blog\/nuevos-candidatos-para-venir-al-liber\/#primaryimage","url":"","contentUrl":""},{"@type":"BreadcrumbList","@id":"https:\/\/www.casadellibro.com\/blog\/nuevos-candidatos-para-venir-al-liber\/#breadcrumb","itemListElement":[{"@type":"ListItem","position":1,"name":"Casa del Libro","item":"https:\/\/www.casadellibro.com\/blog\/"},{"@type":"ListItem","position":2,"name":"Nuevos candidatos para venir al LIBER"}]},{"@type":"WebSite","@id":"https:\/\/www.casadellibro.com\/blog\/#website","url":"https:\/\/www.casadellibro.com\/blog\/","name":"Blog Casa del Libro","description":"Descubre todas las novedades en eBooks, eReaders y Libros en el Blog oficial de Casa del Libro, recomendaciones en eBook, eReader y Libro online","publisher":{"@id":"https:\/\/www.casadellibro.com\/blog\/#organization"},"potentialAction":[{"@type":"SearchAction","target":{"@type":"EntryPoint","urlTemplate":"https:\/\/www.casadellibro.com\/blog\/?s={search_term_string}"},"query-input":{"@type":"PropertyValueSpecification","valueRequired":true,"valueName":"search_term_string"}}],"inLanguage":"es"},{"@type":"Organization","@id":"https:\/\/www.casadellibro.com\/blog\/#organization","name":"Blog Casa del Libro","url":"https:\/\/www.casadellibro.com\/blog\/","logo":{"@type":"ImageObject","inLanguage":"es","@id":"https:\/\/www.casadellibro.com\/blog\/#\/schema\/logo\/image\/","url":"https:\/\/www.casadellibro.com\/blog\/wp-content\/uploads\/2022\/04\/cropped-image-2-300x98-1.png","contentUrl":"https:\/\/www.casadellibro.com\/blog\/wp-content\/uploads\/2022\/04\/cropped-image-2-300x98-1.png","width":300,"height":98,"caption":"Blog Casa del Libro"},"image":{"@id":"https:\/\/www.casadellibro.com\/blog\/#\/schema\/logo\/image\/"},"sameAs":["https:\/\/www.facebook.com\/casadellibro","https:\/\/x.com\/casadellibro","https:\/\/www.youtube.com\/user\/casadellibropuntocom","https:\/\/es.pinterest.com\/casadellibro\/","https:\/\/open.spotify.com\/user\/wi2k27ijtmw114f531okf8nd4?si=JEaWkM75S56kXufnbmExww&nd=1&dlsi=6959f4c0a6474806"]},{"@type":"Person","@id":"https:\/\/www.casadellibro.com\/blog\/#\/schema\/person\/4c5249ad5735629a37e929060c823fe5","name":"Casa del Libro","image":{"@type":"ImageObject","inLanguage":"es","@id":"https:\/\/www.casadellibro.com\/blog\/#\/schema\/person\/image\/","url":"https:\/\/secure.gravatar.com\/avatar\/1ac01d90ad8e35013aff9d51865aa025?s=96&d=identicon&r=g","contentUrl":"https:\/\/secure.gravatar.com\/avatar\/1ac01d90ad8e35013aff9d51865aa025?s=96&d=identicon&r=g","caption":"Casa del Libro"}}]}},"_links":{"self":[{"href":"https:\/\/www.casadellibro.com\/blog\/wp-json\/wp\/v2\/posts\/12294","targetHints":{"allow":["GET"]}}],"collection":[{"href":"https:\/\/www.casadellibro.com\/blog\/wp-json\/wp\/v2\/posts"}],"about":[{"href":"https:\/\/www.casadellibro.com\/blog\/wp-json\/wp\/v2\/types\/post"}],"author":[{"embeddable":true,"href":"https:\/\/www.casadellibro.com\/blog\/wp-json\/wp\/v2\/users\/2"}],"replies":[{"embeddable":true,"href":"https:\/\/www.casadellibro.com\/blog\/wp-json\/wp\/v2\/comments?post=12294"}],"version-history":[{"count":0,"href":"https:\/\/www.casadellibro.com\/blog\/wp-json\/wp\/v2\/posts\/12294\/revisions"}],"wp:featuredmedia":[{"embeddable":true,"href":"https:\/\/www.casadellibro.com\/blog\/wp-json\/"}],"wp:attachment":[{"href":"https:\/\/www.casadellibro.com\/blog\/wp-json\/wp\/v2\/media?parent=12294"}],"wp:term":[{"taxonomy":"category","embeddable":true,"href":"https:\/\/www.casadellibro.com\/blog\/wp-json\/wp\/v2\/categories?post=12294"},{"taxonomy":"post_tag","embeddable":true,"href":"https:\/\/www.casadellibro.com\/blog\/wp-json\/wp\/v2\/tags?post=12294"}],"curies":[{"name":"wp","href":"https:\/\/api.w.org\/{rel}","templated":true}]}}