{"id":12345,"date":"2015-09-25T08:28:24","date_gmt":"2015-09-25T06:28:24","guid":{"rendered":"http:\/\/noticiascasadellibro.es\/?p=12345"},"modified":"2015-09-25T08:28:24","modified_gmt":"2015-09-25T06:28:24","slug":"actividades-infantiles-26-y-27-de-septiembre","status":"publish","type":"post","link":"https:\/\/www.casadellibro.com\/blog\/actividades-infantiles-26-y-27-de-septiembre\/","title":{"rendered":"Actividades Infantiles 26 y 27 de septiembre"},"content":{"rendered":"<p>En este \u00faltimo fin de semana de septiembre, no estaremos tristes porque se acaba el mes o se haya acabado el verano. Estaremos super contentos porque hay nuevos <strong>cuentacuentos, talleres y actividades infantiles<\/strong> en nuestras<strong> <a href=\"http:\/\/www.casadellibro.com\/nosotros\/nuestras-tiendas-nuestrastiendas\/0\" target=\"_blank\" rel=\"noopener noreferrer\">librer\u00edas<\/a>.<\/strong><\/p>\n<p>No hag\u00e1is pereza y visitad vuestra librer\u00eda m\u00e1s cercana para pasar un estupendo rato en compa\u00f1\u00eda de las historias mas divertidas y con nuestros geniales cuentacuentos y dinamizadores en las<strong>\u00a0Actividades Infantiles 26 y 27 de septiembre.\u00a0<\/strong>\u00a1Os deseamos un gran fin de semana!<\/p>\n<p><strong>BARCELONA<\/strong><\/p>\n<p><a title=\"Casa del Libro Paseo de Gr\u00e0cia\" href=\"http:\/\/www.casadellibro.com\/nosotros\/tienda\/passeig-de-gracia-62\/4\" target=\"_blank\" rel=\"noopener noreferrer\"><strong>Casa del Libro Paseo de Gr\u00e0cia<\/strong><\/a><strong><br \/>\n<\/strong><\/p>\n<ul>\n<li><strong>S\u00e1bado 26, 12:30h \u2013Actividad infantil.\u00a0<\/strong>Avui la Lola ens explicar\u00e0 com fer curiosos mandales amb fils! No t&#8217;ho perdis \ud83d\ude09<\/li>\n<\/ul>\n<p><a title=\"Casa del Libro Rambla Catalunya\" href=\"http:\/\/www.casadellibro.com\/nosotros\/tienda\/rambla-catalunya-37\/35\" target=\"_blank\" rel=\"noopener noreferrer\"><strong>Casa del Libro Rambla Catalunya, 37<\/strong><\/a><\/p>\n<ul>\n<li><strong>S\u00e1bado 26, 12:00h &#8211; Actividad Infantil.<\/strong> Taller infantil Juega, aprende y descubre.<\/li>\n<\/ul>\n<p><strong>CASTELL\u00d3N<img decoding=\"async\" class=\"alignright wp-image-12290\" src=\"http:\/\/noticiascasadellibro.es\/wp-content\/uploads\/2015\/09\/9788493987749-El-monstruo-de-colores-474x500.jpg\" alt=\"9788493987749-El monstruo de colores\" width=\"250\" \/><\/strong><\/p>\n<p><strong><a href=\"http:\/\/www.casadellibro.com\/nosotros\/tienda\/cc-la-salera-local-c-53\/16\" target=\"_blank\" rel=\"noopener noreferrer\">Casa del Libro Castell\u00f3n<\/a><\/strong><\/p>\n<ul>\n<li><strong>S\u00e1bado 26, 17:30h &#8211; Cuentacuentos infantil\u00a0<\/strong>con\u00a0<strong><a href=\"http:\/\/www.casadellibro.com\/libro-el-monstruo-de-colores\/9788493987749\/2045907\" target=\"_blank\" rel=\"noopener noreferrer\">\u00abEl monstruo de colores\u00bb<\/a>. <\/strong>\u00bfAlguna vez os hab\u00e9is hecho un l\u00edo con vuestras emociones? Pues eso mismo le ha sucedido al monstruo de colores, que deber\u00e1 aprender a poner en orden la alegr\u00eda, la tristeza, la rabia, el miedo y la calma.<\/li>\n<\/ul>\n<p><strong>LE\u00d3N<\/strong><\/p>\n<p><strong><a href=\"http:\/\/www.casadellibro.com\/nosotros\/tienda\/cc-espacio-leon-avda-pais-leones-12-local-311-planta-superior\/42\" target=\"_blank\" rel=\"noopener noreferrer\">Casa del Libro Le\u00f3n<\/a><\/strong><\/p>\n<ul>\n<li><strong>S\u00e1bado 26, 12:30h &#8211; Taller infantil <\/strong>para peques y mayores. No hay que avisar. P\u00e1sate y disfruta.<\/li>\n<\/ul>\n<p><strong>MADRID<\/strong><\/p>\n<p><a title=\"Casa del Libro Fuencarral\" href=\"http:\/\/www.casadellibro.com\/nosotros\/tienda\/fuencarral-119\/15\" target=\"_blank\" rel=\"noopener noreferrer\"><strong>Casa del Libro Fuencarral<br \/>\n<\/strong><\/a><\/p>\n<ul>\n<li><strong>Domingo 27, 12:30h \u2013Cuentacuentos Infantil.<\/strong> Lily nos har\u00e1 pasar extraordinarios momentos con los cuentos de siempre.<\/li>\n<\/ul>\n<p><strong>M\u00c1LAGA<\/strong><\/p>\n<p><b><a href=\"http:\/\/www.casadellibro.com\/nosotros\/tienda\/nueva-5\/27\" target=\"_blank\" rel=\"noopener noreferrer\">Casa del Libro M\u00e1laga<\/a><\/b><\/p>\n<ul>\n<li><strong>S\u00e1bado 26, 12:30h<\/strong> &#8211; Los m\u00e1s peque\u00f1os son los protagonistas de la librer\u00eda durante esta ma\u00f1ana de s\u00e1bado con la mejor actividad para fomentar en ellos el inter\u00e9s por el mundo de la lectura y despertar su imaginaci\u00f3n de una forma divertida y amena.<\/li>\n<\/ul>\n<p><strong>MURCIA<\/strong><\/p>\n<p><a href=\"http:\/\/www.casadellibro.com\/nosotros\/tienda\/cc-espacio-mediterraneo-budapest-sn-esq-londres\/40\" target=\"_blank\" rel=\"noopener noreferrer\"><b>Casa del Libro\u00a0Cartagena<\/b><\/a><\/p>\n<ul>\n<li><strong>S\u00e1bado 26, 12:00h &#8211;<\/strong>\u00a0<strong>Actividad Infantil.<\/strong>\u00a0No te pierdas nuestras actividades dirigidas a los m\u00e1s peque\u00f1os de la casa.<\/li>\n<\/ul>\n<p><strong>PONTEVEDRA<\/strong><\/p>\n<p><strong><a href=\"http:\/\/www.casadellibro.com\/nosotros\/tienda\/velazquez-moreno-27\/9\" target=\"_blank\" rel=\"noopener noreferrer\">Casa del Libro Vigo<\/a><\/strong><\/p>\n<ul>\n<li><strong>S\u00e1bado 26, 18:30h &#8211; Actividad infantil.<\/strong><\/li>\n<\/ul>\n<p>Sigue a Zyro en nuestras redes sociales y s\u00e9 el primero en conocer todas las novedades de <strong>ocio y literatura infantil<\/strong> as\u00ed como los pr\u00f3ximos eventos y actividades para ni\u00f1os.<\/p>\n<ul>\n<li>Twitter:\u00a0@MundoZyro<\/li>\n<li>Facebook:\u00a0facebook.com\/ElMundodeZyro.CasaDelLibro<\/li>\n<\/ul>\n<p>\u00bfTodav\u00eda no sabes\u00a0<a title=\"que es el manga\" href=\"https:\/\/www.casadellibro.com\/libros\/comics\/manga\/411006000\">qu\u00e9 es el manga<\/a>? Desc\u00fabrelo en Casa del Libro.<\/p>\n","protected":false},"excerpt":{"rendered":"<p>En este \u00faltimo fin de semana de septiembre, no estaremos tristes porque se acaba el mes o se haya acabado el verano. Estaremos super contentos porque hay nuevos cuentacuentos, talleres y actividades infantiles en nuestras librer\u00edas. No hag\u00e1is pereza y visitad vuestra librer\u00eda m\u00e1s cercana para pasar un estupendo rato en compa\u00f1\u00eda de las historias [&hellip;]<\/p>\n","protected":false},"author":2,"featured_media":12346,"comment_status":"open","ping_status":"closed","sticky":false,"template":"","format":"standard","meta":{"tdm_status":"","tdm_grid_status":"","footnotes":""},"categories":[6],"tags":[765,201,702,766,182],"class_list":{"0":"post-12345","1":"post","2":"type-post","3":"status-publish","4":"format-standard","5":"has-post-thumbnail","7":"category-eventos-en-tu-libreria","8":"tag-actividades-infantiles","9":"tag-cuentacuentos","10":"tag-ocio-infantil","11":"tag-taller-infantil","12":"tag-zyro"},"yoast_head":"<!-- This site is optimized with the Yoast SEO plugin v26.8 - https:\/\/yoast.com\/product\/yoast-seo-wordpress\/ -->\n<title>Actividades Infantiles 26 y 27 de septiembre | Casa del Libro<\/title>\n<meta name=\"description\" content=\"Comienza el oto\u00f1o en Casa del Libro con las Actividades Infantiles 26 y 27 de septiembre\" \/>\n<meta name=\"robots\" content=\"index, follow, max-snippet:-1, max-image-preview:large, max-video-preview:-1\" \/>\n<link rel=\"canonical\" href=\"https:\/\/www.casadellibro.com\/blog\/actividades-infantiles-26-y-27-de-septiembre\/\" \/>\n<meta property=\"og:locale\" content=\"es_ES\" \/>\n<meta property=\"og:type\" content=\"article\" \/>\n<meta property=\"og:title\" content=\"Actividades Infantiles 26 y 27 de septiembre | Casa del Libro\" \/>\n<meta property=\"og:description\" content=\"Comienza el oto\u00f1o en Casa del Libro con las Actividades Infantiles 26 y 27 de septiembre\" \/>\n<meta property=\"og:url\" content=\"https:\/\/www.casadellibro.com\/blog\/actividades-infantiles-26-y-27-de-septiembre\/\" \/>\n<meta property=\"og:site_name\" content=\"Blog Casa del Libro\" \/>\n<meta property=\"article:publisher\" content=\"https:\/\/www.facebook.com\/casadellibro\" \/>\n<meta property=\"article:published_time\" content=\"2015-09-25T06:28:24+00:00\" \/>\n<meta property=\"og:image\" content=\"https:\/\/www.casadellibro.com\/blog\/wp-content\/uploads\/2025\/01\/Favicon.png\" \/>\n\t<meta property=\"og:image:width\" content=\"512\" \/>\n\t<meta property=\"og:image:height\" content=\"512\" \/>\n\t<meta property=\"og:image:type\" content=\"image\/png\" \/>\n<meta name=\"author\" content=\"Casa del Libro\" \/>\n<meta name=\"twitter:card\" content=\"summary_large_image\" \/>\n<meta name=\"twitter:creator\" content=\"@casadellibro\" \/>\n<meta name=\"twitter:site\" content=\"@casadellibro\" \/>\n<meta name=\"twitter:label1\" content=\"Written by\" \/>\n\t<meta name=\"twitter:data1\" content=\"Casa del Libro\" \/>\n\t<meta name=\"twitter:label2\" content=\"Est. reading time\" \/>\n\t<meta name=\"twitter:data2\" content=\"2 minutos\" \/>\n<script type=\"application\/ld+json\" class=\"yoast-schema-graph\">{\"@context\":\"https:\/\/schema.org\",\"@graph\":[{\"@type\":\"Article\",\"@id\":\"https:\/\/www.casadellibro.com\/blog\/actividades-infantiles-26-y-27-de-septiembre\/#article\",\"isPartOf\":{\"@id\":\"https:\/\/www.casadellibro.com\/blog\/actividades-infantiles-26-y-27-de-septiembre\/\"},\"author\":{\"name\":\"Casa del Libro\",\"@id\":\"https:\/\/www.casadellibro.com\/blog\/#\/schema\/person\/4c5249ad5735629a37e929060c823fe5\"},\"headline\":\"Actividades Infantiles 26 y 27 de septiembre\",\"datePublished\":\"2015-09-25T06:28:24+00:00\",\"mainEntityOfPage\":{\"@id\":\"https:\/\/www.casadellibro.com\/blog\/actividades-infantiles-26-y-27-de-septiembre\/\"},\"wordCount\":385,\"commentCount\":0,\"publisher\":{\"@id\":\"https:\/\/www.casadellibro.com\/blog\/#organization\"},\"image\":{\"@id\":\"https:\/\/www.casadellibro.com\/blog\/actividades-infantiles-26-y-27-de-septiembre\/#primaryimage\"},\"thumbnailUrl\":\"\",\"keywords\":[\"Actividades infantiles\",\"cuentacuentos\",\"ocio infantil\",\"taller infantil\",\"Zyro\"],\"articleSection\":[\"Eventos en tu librer\u00eda\"],\"inLanguage\":\"es\",\"potentialAction\":[{\"@type\":\"CommentAction\",\"name\":\"Comment\",\"target\":[\"https:\/\/www.casadellibro.com\/blog\/actividades-infantiles-26-y-27-de-septiembre\/#respond\"]}]},{\"@type\":\"WebPage\",\"@id\":\"https:\/\/www.casadellibro.com\/blog\/actividades-infantiles-26-y-27-de-septiembre\/\",\"url\":\"https:\/\/www.casadellibro.com\/blog\/actividades-infantiles-26-y-27-de-septiembre\/\",\"name\":\"Actividades Infantiles 26 y 27 de septiembre | Casa del Libro\",\"isPartOf\":{\"@id\":\"https:\/\/www.casadellibro.com\/blog\/#website\"},\"primaryImageOfPage\":{\"@id\":\"https:\/\/www.casadellibro.com\/blog\/actividades-infantiles-26-y-27-de-septiembre\/#primaryimage\"},\"image\":{\"@id\":\"https:\/\/www.casadellibro.com\/blog\/actividades-infantiles-26-y-27-de-septiembre\/#primaryimage\"},\"thumbnailUrl\":\"\",\"datePublished\":\"2015-09-25T06:28:24+00:00\",\"description\":\"Comienza el oto\u00f1o en Casa del Libro con las Actividades Infantiles 26 y 27 de septiembre\",\"breadcrumb\":{\"@id\":\"https:\/\/www.casadellibro.com\/blog\/actividades-infantiles-26-y-27-de-septiembre\/#breadcrumb\"},\"inLanguage\":\"es\",\"potentialAction\":[{\"@type\":\"ReadAction\",\"target\":[\"https:\/\/www.casadellibro.com\/blog\/actividades-infantiles-26-y-27-de-septiembre\/\"]}]},{\"@type\":\"ImageObject\",\"inLanguage\":\"es\",\"@id\":\"https:\/\/www.casadellibro.com\/blog\/actividades-infantiles-26-y-27-de-septiembre\/#primaryimage\",\"url\":\"\",\"contentUrl\":\"\"},{\"@type\":\"BreadcrumbList\",\"@id\":\"https:\/\/www.casadellibro.com\/blog\/actividades-infantiles-26-y-27-de-septiembre\/#breadcrumb\",\"itemListElement\":[{\"@type\":\"ListItem\",\"position\":1,\"name\":\"Casa del Libro\",\"item\":\"https:\/\/www.casadellibro.com\/blog\/\"},{\"@type\":\"ListItem\",\"position\":2,\"name\":\"Actividades Infantiles 26 y 27 de septiembre\"}]},{\"@type\":\"WebSite\",\"@id\":\"https:\/\/www.casadellibro.com\/blog\/#website\",\"url\":\"https:\/\/www.casadellibro.com\/blog\/\",\"name\":\"Blog Casa del Libro\",\"description\":\"Descubre todas las novedades en eBooks, eReaders y Libros en el Blog oficial de Casa del Libro, recomendaciones en eBook, eReader y Libro online\",\"publisher\":{\"@id\":\"https:\/\/www.casadellibro.com\/blog\/#organization\"},\"potentialAction\":[{\"@type\":\"SearchAction\",\"target\":{\"@type\":\"EntryPoint\",\"urlTemplate\":\"https:\/\/www.casadellibro.com\/blog\/?s={search_term_string}\"},\"query-input\":{\"@type\":\"PropertyValueSpecification\",\"valueRequired\":true,\"valueName\":\"search_term_string\"}}],\"inLanguage\":\"es\"},{\"@type\":\"Organization\",\"@id\":\"https:\/\/www.casadellibro.com\/blog\/#organization\",\"name\":\"Blog Casa del Libro\",\"url\":\"https:\/\/www.casadellibro.com\/blog\/\",\"logo\":{\"@type\":\"ImageObject\",\"inLanguage\":\"es\",\"@id\":\"https:\/\/www.casadellibro.com\/blog\/#\/schema\/logo\/image\/\",\"url\":\"https:\/\/www.casadellibro.com\/blog\/wp-content\/uploads\/2022\/04\/cropped-image-2-300x98-1.png\",\"contentUrl\":\"https:\/\/www.casadellibro.com\/blog\/wp-content\/uploads\/2022\/04\/cropped-image-2-300x98-1.png\",\"width\":300,\"height\":98,\"caption\":\"Blog Casa del Libro\"},\"image\":{\"@id\":\"https:\/\/www.casadellibro.com\/blog\/#\/schema\/logo\/image\/\"},\"sameAs\":[\"https:\/\/www.facebook.com\/casadellibro\",\"https:\/\/x.com\/casadellibro\",\"https:\/\/www.youtube.com\/user\/casadellibropuntocom\",\"https:\/\/es.pinterest.com\/casadellibro\/\",\"https:\/\/open.spotify.com\/user\/wi2k27ijtmw114f531okf8nd4?si=JEaWkM75S56kXufnbmExww&nd=1&dlsi=6959f4c0a6474806\"]},{\"@type\":\"Person\",\"@id\":\"https:\/\/www.casadellibro.com\/blog\/#\/schema\/person\/4c5249ad5735629a37e929060c823fe5\",\"name\":\"Casa del Libro\",\"image\":{\"@type\":\"ImageObject\",\"inLanguage\":\"es\",\"@id\":\"https:\/\/www.casadellibro.com\/blog\/#\/schema\/person\/image\/\",\"url\":\"https:\/\/secure.gravatar.com\/avatar\/1ac01d90ad8e35013aff9d51865aa025?s=96&d=identicon&r=g\",\"contentUrl\":\"https:\/\/secure.gravatar.com\/avatar\/1ac01d90ad8e35013aff9d51865aa025?s=96&d=identicon&r=g\",\"caption\":\"Casa del Libro\"}}]}<\/script>\n<!-- \/ Yoast SEO plugin. -->","yoast_head_json":{"title":"Actividades Infantiles 26 y 27 de septiembre | Casa del Libro","description":"Comienza el oto\u00f1o en Casa del Libro con las Actividades Infantiles 26 y 27 de septiembre","robots":{"index":"index","follow":"follow","max-snippet":"max-snippet:-1","max-image-preview":"max-image-preview:large","max-video-preview":"max-video-preview:-1"},"canonical":"https:\/\/www.casadellibro.com\/blog\/actividades-infantiles-26-y-27-de-septiembre\/","og_locale":"es_ES","og_type":"article","og_title":"Actividades Infantiles 26 y 27 de septiembre | Casa del Libro","og_description":"Comienza el oto\u00f1o en Casa del Libro con las Actividades Infantiles 26 y 27 de septiembre","og_url":"https:\/\/www.casadellibro.com\/blog\/actividades-infantiles-26-y-27-de-septiembre\/","og_site_name":"Blog Casa del Libro","article_publisher":"https:\/\/www.facebook.com\/casadellibro","article_published_time":"2015-09-25T06:28:24+00:00","og_image":[{"width":512,"height":512,"url":"https:\/\/www.casadellibro.com\/blog\/wp-content\/uploads\/2025\/01\/Favicon.png","type":"image\/png"}],"author":"Casa del Libro","twitter_card":"summary_large_image","twitter_creator":"@casadellibro","twitter_site":"@casadellibro","twitter_misc":{"Written by":"Casa del Libro","Est. reading time":"2 minutos"},"schema":{"@context":"https:\/\/schema.org","@graph":[{"@type":"Article","@id":"https:\/\/www.casadellibro.com\/blog\/actividades-infantiles-26-y-27-de-septiembre\/#article","isPartOf":{"@id":"https:\/\/www.casadellibro.com\/blog\/actividades-infantiles-26-y-27-de-septiembre\/"},"author":{"name":"Casa del Libro","@id":"https:\/\/www.casadellibro.com\/blog\/#\/schema\/person\/4c5249ad5735629a37e929060c823fe5"},"headline":"Actividades Infantiles 26 y 27 de septiembre","datePublished":"2015-09-25T06:28:24+00:00","mainEntityOfPage":{"@id":"https:\/\/www.casadellibro.com\/blog\/actividades-infantiles-26-y-27-de-septiembre\/"},"wordCount":385,"commentCount":0,"publisher":{"@id":"https:\/\/www.casadellibro.com\/blog\/#organization"},"image":{"@id":"https:\/\/www.casadellibro.com\/blog\/actividades-infantiles-26-y-27-de-septiembre\/#primaryimage"},"thumbnailUrl":"","keywords":["Actividades infantiles","cuentacuentos","ocio infantil","taller infantil","Zyro"],"articleSection":["Eventos en tu librer\u00eda"],"inLanguage":"es","potentialAction":[{"@type":"CommentAction","name":"Comment","target":["https:\/\/www.casadellibro.com\/blog\/actividades-infantiles-26-y-27-de-septiembre\/#respond"]}]},{"@type":"WebPage","@id":"https:\/\/www.casadellibro.com\/blog\/actividades-infantiles-26-y-27-de-septiembre\/","url":"https:\/\/www.casadellibro.com\/blog\/actividades-infantiles-26-y-27-de-septiembre\/","name":"Actividades Infantiles 26 y 27 de septiembre | Casa del Libro","isPartOf":{"@id":"https:\/\/www.casadellibro.com\/blog\/#website"},"primaryImageOfPage":{"@id":"https:\/\/www.casadellibro.com\/blog\/actividades-infantiles-26-y-27-de-septiembre\/#primaryimage"},"image":{"@id":"https:\/\/www.casadellibro.com\/blog\/actividades-infantiles-26-y-27-de-septiembre\/#primaryimage"},"thumbnailUrl":"","datePublished":"2015-09-25T06:28:24+00:00","description":"Comienza el oto\u00f1o en Casa del Libro con las Actividades Infantiles 26 y 27 de septiembre","breadcrumb":{"@id":"https:\/\/www.casadellibro.com\/blog\/actividades-infantiles-26-y-27-de-septiembre\/#breadcrumb"},"inLanguage":"es","potentialAction":[{"@type":"ReadAction","target":["https:\/\/www.casadellibro.com\/blog\/actividades-infantiles-26-y-27-de-septiembre\/"]}]},{"@type":"ImageObject","inLanguage":"es","@id":"https:\/\/www.casadellibro.com\/blog\/actividades-infantiles-26-y-27-de-septiembre\/#primaryimage","url":"","contentUrl":""},{"@type":"BreadcrumbList","@id":"https:\/\/www.casadellibro.com\/blog\/actividades-infantiles-26-y-27-de-septiembre\/#breadcrumb","itemListElement":[{"@type":"ListItem","position":1,"name":"Casa del Libro","item":"https:\/\/www.casadellibro.com\/blog\/"},{"@type":"ListItem","position":2,"name":"Actividades Infantiles 26 y 27 de septiembre"}]},{"@type":"WebSite","@id":"https:\/\/www.casadellibro.com\/blog\/#website","url":"https:\/\/www.casadellibro.com\/blog\/","name":"Blog Casa del Libro","description":"Descubre todas las novedades en eBooks, eReaders y Libros en el Blog oficial de Casa del Libro, recomendaciones en eBook, eReader y Libro online","publisher":{"@id":"https:\/\/www.casadellibro.com\/blog\/#organization"},"potentialAction":[{"@type":"SearchAction","target":{"@type":"EntryPoint","urlTemplate":"https:\/\/www.casadellibro.com\/blog\/?s={search_term_string}"},"query-input":{"@type":"PropertyValueSpecification","valueRequired":true,"valueName":"search_term_string"}}],"inLanguage":"es"},{"@type":"Organization","@id":"https:\/\/www.casadellibro.com\/blog\/#organization","name":"Blog Casa del Libro","url":"https:\/\/www.casadellibro.com\/blog\/","logo":{"@type":"ImageObject","inLanguage":"es","@id":"https:\/\/www.casadellibro.com\/blog\/#\/schema\/logo\/image\/","url":"https:\/\/www.casadellibro.com\/blog\/wp-content\/uploads\/2022\/04\/cropped-image-2-300x98-1.png","contentUrl":"https:\/\/www.casadellibro.com\/blog\/wp-content\/uploads\/2022\/04\/cropped-image-2-300x98-1.png","width":300,"height":98,"caption":"Blog Casa del Libro"},"image":{"@id":"https:\/\/www.casadellibro.com\/blog\/#\/schema\/logo\/image\/"},"sameAs":["https:\/\/www.facebook.com\/casadellibro","https:\/\/x.com\/casadellibro","https:\/\/www.youtube.com\/user\/casadellibropuntocom","https:\/\/es.pinterest.com\/casadellibro\/","https:\/\/open.spotify.com\/user\/wi2k27ijtmw114f531okf8nd4?si=JEaWkM75S56kXufnbmExww&nd=1&dlsi=6959f4c0a6474806"]},{"@type":"Person","@id":"https:\/\/www.casadellibro.com\/blog\/#\/schema\/person\/4c5249ad5735629a37e929060c823fe5","name":"Casa del Libro","image":{"@type":"ImageObject","inLanguage":"es","@id":"https:\/\/www.casadellibro.com\/blog\/#\/schema\/person\/image\/","url":"https:\/\/secure.gravatar.com\/avatar\/1ac01d90ad8e35013aff9d51865aa025?s=96&d=identicon&r=g","contentUrl":"https:\/\/secure.gravatar.com\/avatar\/1ac01d90ad8e35013aff9d51865aa025?s=96&d=identicon&r=g","caption":"Casa del Libro"}}]}},"_links":{"self":[{"href":"https:\/\/www.casadellibro.com\/blog\/wp-json\/wp\/v2\/posts\/12345","targetHints":{"allow":["GET"]}}],"collection":[{"href":"https:\/\/www.casadellibro.com\/blog\/wp-json\/wp\/v2\/posts"}],"about":[{"href":"https:\/\/www.casadellibro.com\/blog\/wp-json\/wp\/v2\/types\/post"}],"author":[{"embeddable":true,"href":"https:\/\/www.casadellibro.com\/blog\/wp-json\/wp\/v2\/users\/2"}],"replies":[{"embeddable":true,"href":"https:\/\/www.casadellibro.com\/blog\/wp-json\/wp\/v2\/comments?post=12345"}],"version-history":[{"count":0,"href":"https:\/\/www.casadellibro.com\/blog\/wp-json\/wp\/v2\/posts\/12345\/revisions"}],"wp:featuredmedia":[{"embeddable":true,"href":"https:\/\/www.casadellibro.com\/blog\/wp-json\/"}],"wp:attachment":[{"href":"https:\/\/www.casadellibro.com\/blog\/wp-json\/wp\/v2\/media?parent=12345"}],"wp:term":[{"taxonomy":"category","embeddable":true,"href":"https:\/\/www.casadellibro.com\/blog\/wp-json\/wp\/v2\/categories?post=12345"},{"taxonomy":"post_tag","embeddable":true,"href":"https:\/\/www.casadellibro.com\/blog\/wp-json\/wp\/v2\/tags?post=12345"}],"curies":[{"name":"wp","href":"https:\/\/api.w.org\/{rel}","templated":true}]}}