{"id":12514,"date":"2015-10-30T15:26:58","date_gmt":"2015-10-30T14:26:58","guid":{"rendered":"http:\/\/noticiascasadellibro.es\/?p=12514"},"modified":"2015-10-30T15:26:58","modified_gmt":"2015-10-30T14:26:58","slug":"gisela-firma-su-cd-infantil-en-casa-del-libro","status":"publish","type":"post","link":"https:\/\/www.casadellibro.com\/blog\/gisela-firma-su-cd-infantil-en-casa-del-libro\/","title":{"rendered":"Gisela firma su CD Infantil en Casa del Libro"},"content":{"rendered":"<blockquote>\n<p style=\"text-align: center;\"><em><strong>Por motivos ajenos a Casa del Libro las firmas de Gisela de los pr\u00f3ximos d\u00edas 27 de noviembre y 11 y 12 de diciembre en Madrid y Barcelona se han cancelado, lamentamos las molestias<\/strong><\/em>.<\/p>\n<\/blockquote>\n<p><strong>Gisela<\/strong>, participante de la primera edici\u00f3n de Operaci\u00f3n Triunfo y cantante de Disney en espa\u00f1ol (ha participado en pel\u00edculas como Frozen\u00a0o\u00a0Encantada) colabora <strong>Wonderful Kids<\/strong>\u00a0en un CD de canciones para toda la familia que incluyen libros educativos.\u00a0Un bonito proyecto educativo que <strong>utiliza la m\u00fasica para transmitir valores<\/strong> humanos como el lenguaje, el amor, la familia, la convivencia, la comprensi\u00f3n y el respeto.<\/p>\n<p><img loading=\"lazy\" decoding=\"async\" class=\"aligncenter wp-image-12517\" src=\"http:\/\/noticiascasadellibro.es\/wp-content\/uploads\/2015\/10\/Gisela-Wonderful.jpg\" alt=\"Gisela Wonderful\" width=\"445\" height=\"266\" \/><\/p>\n<p><strong>Gisela firmar\u00e1 su CD infantil <\/strong>en nuestras librer\u00edas, \u00a1no pierdas la oportunidad de conseguir tu CD + libro firmado por la cantante y conocer a Gisela!<\/p>\n<ul>\n<li>06\/noviembre, 18:00h <strong><a href=\"http:\/\/www.casadellibro.com\/nosotros\/tienda\/carrer-cremat-15\/36\" target=\"_blank\" rel=\"noopener noreferrer\">Casa del Libro Terrassa (Barcelona)<\/a><\/strong><\/li>\n<li>20\/noviembre, 18:00h<strong><a href=\"http:\/\/www.casadellibro.com\/nosotros\/tienda\/cc-la-maquinista-paseo-potosi-2\/31\" target=\"_blank\" rel=\"noopener noreferrer\"> Casa del Libro La Maquinista (Barcelona)<\/a><\/strong><\/li>\n<li>27\/noviembre, 18:00h <strong><a href=\"http:\/\/www.casadellibro.com\/nosotros\/tienda\/rambla-catalunya-37\/35\" target=\"_blank\" rel=\"noopener noreferrer\">Casa del Libro Rambla Catalunya 37 (Barcelona)<\/a><\/strong><\/li>\n<li>11\/diciembre, 18:00h <strong><a href=\"http:\/\/www.casadellibro.com\/nosotros\/tienda\/fuencarral-119\/15\" target=\"_blank\" rel=\"noopener noreferrer\">Casa del Libro Fuencarral 119 (Madrid)<\/a><\/strong><\/li>\n<li>12\/diciembre, 12:30h, <strong><a href=\"http:\/\/www.casadellibro.com\/nosotros\/tienda\/gran-via-29\/1\" target=\"_blank\" rel=\"noopener noreferrer\">Casa del Libro Gran V\u00eda 29 (Madrid)<\/a><\/strong><\/li>\n<li>12\/diciembre, 18:00h <strong><a href=\"http:\/\/www.casadellibro.com\/nosotros\/tienda\/cc-madrid-xanadu-puerto-de-navacerrada-sn-autovia-a-5-km-235\/17\" target=\"_blank\" rel=\"noopener noreferrer\">CC Madrid Xanad\u00fa (Madrid)<\/a><\/strong><\/li>\n<\/ul>\n<p>Disfruta con los CD + libro did\u00e1ctico que ha grabado <strong>Gisela con Wonderful Kids<\/strong>: <strong>Wonderful Gis, <\/strong>que encontrar\u00e1s en las <strong><a href=\"http:\/\/www.casadellibro.com\/nosotros\/nuestras-tiendas-nuestrastiendas\/0\" target=\"_blank\" rel=\"noopener noreferrer\">librer\u00edas Casa del Libro<\/a><\/strong>. Una selecci\u00f3n de canciones para disfrutar en familia de los viajes y\u00a0la Navidad.<\/p>\n<p><strong>De excursi\u00f3n con Gisela<img loading=\"lazy\" decoding=\"async\" class=\"alignright wp-image-12518\" src=\"http:\/\/noticiascasadellibro.es\/wp-content\/uploads\/2015\/10\/Gisela-cds.jpg\" alt=\"Gisela Wonderful Kids\" width=\"473\" height=\"373\" \/><\/strong><\/p>\n<p>Un disco cargado de energ\u00eda para disfrutar de los viajes con la familia mediante 9 canciones en Castellano e Ingl\u00e9s, para todas las edades.<br \/>\nEl CD se acompa\u00f1a adem\u00e1s de un cuento sobre el m\u00fasico de Bremen.<\/p>\n<ul>\n<li>Con estas canciones los padres y madres recordar\u00e1n la juventud cantando y bailando con sus hijos.<\/li>\n<li>Con el librito did\u00e1ctico los ni\u00f1os y ni\u00f1as podr\u00e1n aprender vocabulario b\u00e1sico en ingl\u00e9s mediante los pictogramas del libreto, as\u00ed como las bases de la amistad.<\/li>\n<li>Incluye 9 canciones + cuento\u00a0Los m\u00fasicos de Bremen<\/li>\n<\/ul>\n<p><strong>Navidad con Gisela<\/strong><\/p>\n<p>Un disco navide\u00f1o con 9 canciones en Castellano e Ingl\u00e9s para toda la familia.<br \/>\nEl CD se acompa\u00f1a adem\u00e1s de un cuento sobre el reno Rudolph.<\/p>\n<div class=\"description\">\n<div class=\"detail fullrow\">\n<p class=\"floatleft\">\n<\/div>\n<\/div>\n<ul>\n<li id=\"blueknow-widget\"><\/li>\n<\/ul>\n","protected":false},"excerpt":{"rendered":"<p>Por motivos ajenos a Casa del Libro las firmas de Gisela de los pr\u00f3ximos d\u00edas 27 de noviembre y 11 y 12 de diciembre en Madrid y Barcelona se han cancelado, lamentamos las molestias. Gisela, participante de la primera edici\u00f3n de Operaci\u00f3n Triunfo y cantante de Disney en espa\u00f1ol (ha participado en pel\u00edculas como Frozen\u00a0o\u00a0Encantada) [&hellip;]<\/p>\n","protected":false},"author":2,"featured_media":12519,"comment_status":"open","ping_status":"closed","sticky":false,"template":"","format":"standard","meta":{"tdm_status":"","tdm_grid_status":"","footnotes":""},"categories":[4],"tags":[765,67,773,73,825,71,69,186,52,72,782,702,182],"class_list":{"0":"post-12514","1":"post","2":"type-post","3":"status-publish","4":"format-standard","5":"has-post-thumbnail","7":"category-actualidad","8":"tag-actividades-infantiles","9":"tag-barcelona","10":"tag-el-mundo-de-zyro","11":"tag-firma","12":"tag-firma-de-libros","13":"tag-infantil","14":"tag-madrid","15":"tag-musica","16":"tag-navidad","17":"tag-ninos","18":"tag-ocio-familiar","19":"tag-ocio-infantil","20":"tag-zyro"},"yoast_head":"<!-- This site is optimized with the Yoast SEO plugin v26.8 - https:\/\/yoast.com\/product\/yoast-seo-wordpress\/ -->\n<title>Gisela firma su CD Infantil en Casa del Libro | Casa del Libro<\/title>\n<meta name=\"description\" content=\"Gisela firma su CD Infantil en Casa del Libro, la cantante de Disney y concursante de OT colabora con Wonderful Kids con un libro + Cd infantil\" \/>\n<meta name=\"robots\" content=\"index, follow, max-snippet:-1, max-image-preview:large, max-video-preview:-1\" \/>\n<link rel=\"canonical\" href=\"https:\/\/www.casadellibro.com\/blog\/gisela-firma-su-cd-infantil-en-casa-del-libro\/\" \/>\n<meta property=\"og:locale\" content=\"es_ES\" \/>\n<meta property=\"og:type\" content=\"article\" \/>\n<meta property=\"og:title\" content=\"Gisela firma su CD Infantil en Casa del Libro | Casa del Libro\" \/>\n<meta property=\"og:description\" content=\"Gisela firma su CD Infantil en Casa del Libro, la cantante de Disney y concursante de OT colabora con Wonderful Kids con un libro + Cd infantil\" \/>\n<meta property=\"og:url\" content=\"https:\/\/www.casadellibro.com\/blog\/gisela-firma-su-cd-infantil-en-casa-del-libro\/\" \/>\n<meta property=\"og:site_name\" content=\"Blog Casa del Libro\" \/>\n<meta property=\"article:publisher\" content=\"https:\/\/www.facebook.com\/casadellibro\" \/>\n<meta property=\"article:published_time\" content=\"2015-10-30T14:26:58+00:00\" \/>\n<meta property=\"og:image\" content=\"https:\/\/www.casadellibro.com\/blog\/wp-content\/uploads\/2025\/01\/Favicon.png\" \/>\n\t<meta property=\"og:image:width\" content=\"512\" \/>\n\t<meta property=\"og:image:height\" content=\"512\" \/>\n\t<meta property=\"og:image:type\" content=\"image\/png\" \/>\n<meta name=\"author\" content=\"Casa del Libro\" \/>\n<meta name=\"twitter:card\" content=\"summary_large_image\" \/>\n<meta name=\"twitter:creator\" content=\"@casadellibro\" \/>\n<meta name=\"twitter:site\" content=\"@casadellibro\" \/>\n<meta name=\"twitter:label1\" content=\"Written by\" \/>\n\t<meta name=\"twitter:data1\" content=\"Casa del Libro\" \/>\n\t<meta name=\"twitter:label2\" content=\"Est. reading time\" \/>\n\t<meta name=\"twitter:data2\" content=\"2 minutos\" \/>\n<script type=\"application\/ld+json\" class=\"yoast-schema-graph\">{\"@context\":\"https:\/\/schema.org\",\"@graph\":[{\"@type\":\"Article\",\"@id\":\"https:\/\/www.casadellibro.com\/blog\/gisela-firma-su-cd-infantil-en-casa-del-libro\/#article\",\"isPartOf\":{\"@id\":\"https:\/\/www.casadellibro.com\/blog\/gisela-firma-su-cd-infantil-en-casa-del-libro\/\"},\"author\":{\"name\":\"Casa del Libro\",\"@id\":\"https:\/\/www.casadellibro.com\/blog\/#\/schema\/person\/4c5249ad5735629a37e929060c823fe5\"},\"headline\":\"Gisela firma su CD Infantil en Casa del Libro\",\"datePublished\":\"2015-10-30T14:26:58+00:00\",\"mainEntityOfPage\":{\"@id\":\"https:\/\/www.casadellibro.com\/blog\/gisela-firma-su-cd-infantil-en-casa-del-libro\/\"},\"wordCount\":360,\"commentCount\":0,\"publisher\":{\"@id\":\"https:\/\/www.casadellibro.com\/blog\/#organization\"},\"image\":{\"@id\":\"https:\/\/www.casadellibro.com\/blog\/gisela-firma-su-cd-infantil-en-casa-del-libro\/#primaryimage\"},\"thumbnailUrl\":\"\",\"keywords\":[\"Actividades infantiles\",\"Barcelona\",\"El Mundo de Zyro\",\"firma\",\"firma de libros\",\"infantil\",\"Madrid\",\"M\u00fasica\",\"Navidad\",\"ni\u00f1os\",\"ocio familiar\",\"ocio infantil\",\"Zyro\"],\"articleSection\":[\"Actualidad\"],\"inLanguage\":\"es\",\"potentialAction\":[{\"@type\":\"CommentAction\",\"name\":\"Comment\",\"target\":[\"https:\/\/www.casadellibro.com\/blog\/gisela-firma-su-cd-infantil-en-casa-del-libro\/#respond\"]}]},{\"@type\":\"WebPage\",\"@id\":\"https:\/\/www.casadellibro.com\/blog\/gisela-firma-su-cd-infantil-en-casa-del-libro\/\",\"url\":\"https:\/\/www.casadellibro.com\/blog\/gisela-firma-su-cd-infantil-en-casa-del-libro\/\",\"name\":\"Gisela firma su CD Infantil en Casa del Libro | Casa del Libro\",\"isPartOf\":{\"@id\":\"https:\/\/www.casadellibro.com\/blog\/#website\"},\"primaryImageOfPage\":{\"@id\":\"https:\/\/www.casadellibro.com\/blog\/gisela-firma-su-cd-infantil-en-casa-del-libro\/#primaryimage\"},\"image\":{\"@id\":\"https:\/\/www.casadellibro.com\/blog\/gisela-firma-su-cd-infantil-en-casa-del-libro\/#primaryimage\"},\"thumbnailUrl\":\"\",\"datePublished\":\"2015-10-30T14:26:58+00:00\",\"description\":\"Gisela firma su CD Infantil en Casa del Libro, la cantante de Disney y concursante de OT colabora con Wonderful Kids con un libro + Cd infantil\",\"breadcrumb\":{\"@id\":\"https:\/\/www.casadellibro.com\/blog\/gisela-firma-su-cd-infantil-en-casa-del-libro\/#breadcrumb\"},\"inLanguage\":\"es\",\"potentialAction\":[{\"@type\":\"ReadAction\",\"target\":[\"https:\/\/www.casadellibro.com\/blog\/gisela-firma-su-cd-infantil-en-casa-del-libro\/\"]}]},{\"@type\":\"ImageObject\",\"inLanguage\":\"es\",\"@id\":\"https:\/\/www.casadellibro.com\/blog\/gisela-firma-su-cd-infantil-en-casa-del-libro\/#primaryimage\",\"url\":\"\",\"contentUrl\":\"\"},{\"@type\":\"BreadcrumbList\",\"@id\":\"https:\/\/www.casadellibro.com\/blog\/gisela-firma-su-cd-infantil-en-casa-del-libro\/#breadcrumb\",\"itemListElement\":[{\"@type\":\"ListItem\",\"position\":1,\"name\":\"Casa del Libro\",\"item\":\"https:\/\/www.casadellibro.com\/blog\/\"},{\"@type\":\"ListItem\",\"position\":2,\"name\":\"Gisela firma su CD Infantil en Casa del Libro\"}]},{\"@type\":\"WebSite\",\"@id\":\"https:\/\/www.casadellibro.com\/blog\/#website\",\"url\":\"https:\/\/www.casadellibro.com\/blog\/\",\"name\":\"Blog Casa del Libro\",\"description\":\"Descubre todas las novedades en eBooks, eReaders y Libros en el Blog oficial de Casa del Libro, recomendaciones en eBook, eReader y Libro online\",\"publisher\":{\"@id\":\"https:\/\/www.casadellibro.com\/blog\/#organization\"},\"potentialAction\":[{\"@type\":\"SearchAction\",\"target\":{\"@type\":\"EntryPoint\",\"urlTemplate\":\"https:\/\/www.casadellibro.com\/blog\/?s={search_term_string}\"},\"query-input\":{\"@type\":\"PropertyValueSpecification\",\"valueRequired\":true,\"valueName\":\"search_term_string\"}}],\"inLanguage\":\"es\"},{\"@type\":\"Organization\",\"@id\":\"https:\/\/www.casadellibro.com\/blog\/#organization\",\"name\":\"Blog Casa del Libro\",\"url\":\"https:\/\/www.casadellibro.com\/blog\/\",\"logo\":{\"@type\":\"ImageObject\",\"inLanguage\":\"es\",\"@id\":\"https:\/\/www.casadellibro.com\/blog\/#\/schema\/logo\/image\/\",\"url\":\"https:\/\/www.casadellibro.com\/blog\/wp-content\/uploads\/2022\/04\/cropped-image-2-300x98-1.png\",\"contentUrl\":\"https:\/\/www.casadellibro.com\/blog\/wp-content\/uploads\/2022\/04\/cropped-image-2-300x98-1.png\",\"width\":300,\"height\":98,\"caption\":\"Blog Casa del Libro\"},\"image\":{\"@id\":\"https:\/\/www.casadellibro.com\/blog\/#\/schema\/logo\/image\/\"},\"sameAs\":[\"https:\/\/www.facebook.com\/casadellibro\",\"https:\/\/x.com\/casadellibro\",\"https:\/\/www.youtube.com\/user\/casadellibropuntocom\",\"https:\/\/es.pinterest.com\/casadellibro\/\",\"https:\/\/open.spotify.com\/user\/wi2k27ijtmw114f531okf8nd4?si=JEaWkM75S56kXufnbmExww&nd=1&dlsi=6959f4c0a6474806\"]},{\"@type\":\"Person\",\"@id\":\"https:\/\/www.casadellibro.com\/blog\/#\/schema\/person\/4c5249ad5735629a37e929060c823fe5\",\"name\":\"Casa del Libro\",\"image\":{\"@type\":\"ImageObject\",\"inLanguage\":\"es\",\"@id\":\"https:\/\/www.casadellibro.com\/blog\/#\/schema\/person\/image\/\",\"url\":\"https:\/\/secure.gravatar.com\/avatar\/1ac01d90ad8e35013aff9d51865aa025?s=96&d=identicon&r=g\",\"contentUrl\":\"https:\/\/secure.gravatar.com\/avatar\/1ac01d90ad8e35013aff9d51865aa025?s=96&d=identicon&r=g\",\"caption\":\"Casa del Libro\"}}]}<\/script>\n<!-- \/ Yoast SEO plugin. -->","yoast_head_json":{"title":"Gisela firma su CD Infantil en Casa del Libro | Casa del Libro","description":"Gisela firma su CD Infantil en Casa del Libro, la cantante de Disney y concursante de OT colabora con Wonderful Kids con un libro + Cd infantil","robots":{"index":"index","follow":"follow","max-snippet":"max-snippet:-1","max-image-preview":"max-image-preview:large","max-video-preview":"max-video-preview:-1"},"canonical":"https:\/\/www.casadellibro.com\/blog\/gisela-firma-su-cd-infantil-en-casa-del-libro\/","og_locale":"es_ES","og_type":"article","og_title":"Gisela firma su CD Infantil en Casa del Libro | Casa del Libro","og_description":"Gisela firma su CD Infantil en Casa del Libro, la cantante de Disney y concursante de OT colabora con Wonderful Kids con un libro + Cd infantil","og_url":"https:\/\/www.casadellibro.com\/blog\/gisela-firma-su-cd-infantil-en-casa-del-libro\/","og_site_name":"Blog Casa del Libro","article_publisher":"https:\/\/www.facebook.com\/casadellibro","article_published_time":"2015-10-30T14:26:58+00:00","og_image":[{"width":512,"height":512,"url":"https:\/\/www.casadellibro.com\/blog\/wp-content\/uploads\/2025\/01\/Favicon.png","type":"image\/png"}],"author":"Casa del Libro","twitter_card":"summary_large_image","twitter_creator":"@casadellibro","twitter_site":"@casadellibro","twitter_misc":{"Written by":"Casa del Libro","Est. reading time":"2 minutos"},"schema":{"@context":"https:\/\/schema.org","@graph":[{"@type":"Article","@id":"https:\/\/www.casadellibro.com\/blog\/gisela-firma-su-cd-infantil-en-casa-del-libro\/#article","isPartOf":{"@id":"https:\/\/www.casadellibro.com\/blog\/gisela-firma-su-cd-infantil-en-casa-del-libro\/"},"author":{"name":"Casa del Libro","@id":"https:\/\/www.casadellibro.com\/blog\/#\/schema\/person\/4c5249ad5735629a37e929060c823fe5"},"headline":"Gisela firma su CD Infantil en Casa del Libro","datePublished":"2015-10-30T14:26:58+00:00","mainEntityOfPage":{"@id":"https:\/\/www.casadellibro.com\/blog\/gisela-firma-su-cd-infantil-en-casa-del-libro\/"},"wordCount":360,"commentCount":0,"publisher":{"@id":"https:\/\/www.casadellibro.com\/blog\/#organization"},"image":{"@id":"https:\/\/www.casadellibro.com\/blog\/gisela-firma-su-cd-infantil-en-casa-del-libro\/#primaryimage"},"thumbnailUrl":"","keywords":["Actividades infantiles","Barcelona","El Mundo de Zyro","firma","firma de libros","infantil","Madrid","M\u00fasica","Navidad","ni\u00f1os","ocio familiar","ocio infantil","Zyro"],"articleSection":["Actualidad"],"inLanguage":"es","potentialAction":[{"@type":"CommentAction","name":"Comment","target":["https:\/\/www.casadellibro.com\/blog\/gisela-firma-su-cd-infantil-en-casa-del-libro\/#respond"]}]},{"@type":"WebPage","@id":"https:\/\/www.casadellibro.com\/blog\/gisela-firma-su-cd-infantil-en-casa-del-libro\/","url":"https:\/\/www.casadellibro.com\/blog\/gisela-firma-su-cd-infantil-en-casa-del-libro\/","name":"Gisela firma su CD Infantil en Casa del Libro | Casa del Libro","isPartOf":{"@id":"https:\/\/www.casadellibro.com\/blog\/#website"},"primaryImageOfPage":{"@id":"https:\/\/www.casadellibro.com\/blog\/gisela-firma-su-cd-infantil-en-casa-del-libro\/#primaryimage"},"image":{"@id":"https:\/\/www.casadellibro.com\/blog\/gisela-firma-su-cd-infantil-en-casa-del-libro\/#primaryimage"},"thumbnailUrl":"","datePublished":"2015-10-30T14:26:58+00:00","description":"Gisela firma su CD Infantil en Casa del Libro, la cantante de Disney y concursante de OT colabora con Wonderful Kids con un libro + Cd infantil","breadcrumb":{"@id":"https:\/\/www.casadellibro.com\/blog\/gisela-firma-su-cd-infantil-en-casa-del-libro\/#breadcrumb"},"inLanguage":"es","potentialAction":[{"@type":"ReadAction","target":["https:\/\/www.casadellibro.com\/blog\/gisela-firma-su-cd-infantil-en-casa-del-libro\/"]}]},{"@type":"ImageObject","inLanguage":"es","@id":"https:\/\/www.casadellibro.com\/blog\/gisela-firma-su-cd-infantil-en-casa-del-libro\/#primaryimage","url":"","contentUrl":""},{"@type":"BreadcrumbList","@id":"https:\/\/www.casadellibro.com\/blog\/gisela-firma-su-cd-infantil-en-casa-del-libro\/#breadcrumb","itemListElement":[{"@type":"ListItem","position":1,"name":"Casa del Libro","item":"https:\/\/www.casadellibro.com\/blog\/"},{"@type":"ListItem","position":2,"name":"Gisela firma su CD Infantil en Casa del Libro"}]},{"@type":"WebSite","@id":"https:\/\/www.casadellibro.com\/blog\/#website","url":"https:\/\/www.casadellibro.com\/blog\/","name":"Blog Casa del Libro","description":"Descubre todas las novedades en eBooks, eReaders y Libros en el Blog oficial de Casa del Libro, recomendaciones en eBook, eReader y Libro online","publisher":{"@id":"https:\/\/www.casadellibro.com\/blog\/#organization"},"potentialAction":[{"@type":"SearchAction","target":{"@type":"EntryPoint","urlTemplate":"https:\/\/www.casadellibro.com\/blog\/?s={search_term_string}"},"query-input":{"@type":"PropertyValueSpecification","valueRequired":true,"valueName":"search_term_string"}}],"inLanguage":"es"},{"@type":"Organization","@id":"https:\/\/www.casadellibro.com\/blog\/#organization","name":"Blog Casa del Libro","url":"https:\/\/www.casadellibro.com\/blog\/","logo":{"@type":"ImageObject","inLanguage":"es","@id":"https:\/\/www.casadellibro.com\/blog\/#\/schema\/logo\/image\/","url":"https:\/\/www.casadellibro.com\/blog\/wp-content\/uploads\/2022\/04\/cropped-image-2-300x98-1.png","contentUrl":"https:\/\/www.casadellibro.com\/blog\/wp-content\/uploads\/2022\/04\/cropped-image-2-300x98-1.png","width":300,"height":98,"caption":"Blog Casa del Libro"},"image":{"@id":"https:\/\/www.casadellibro.com\/blog\/#\/schema\/logo\/image\/"},"sameAs":["https:\/\/www.facebook.com\/casadellibro","https:\/\/x.com\/casadellibro","https:\/\/www.youtube.com\/user\/casadellibropuntocom","https:\/\/es.pinterest.com\/casadellibro\/","https:\/\/open.spotify.com\/user\/wi2k27ijtmw114f531okf8nd4?si=JEaWkM75S56kXufnbmExww&nd=1&dlsi=6959f4c0a6474806"]},{"@type":"Person","@id":"https:\/\/www.casadellibro.com\/blog\/#\/schema\/person\/4c5249ad5735629a37e929060c823fe5","name":"Casa del Libro","image":{"@type":"ImageObject","inLanguage":"es","@id":"https:\/\/www.casadellibro.com\/blog\/#\/schema\/person\/image\/","url":"https:\/\/secure.gravatar.com\/avatar\/1ac01d90ad8e35013aff9d51865aa025?s=96&d=identicon&r=g","contentUrl":"https:\/\/secure.gravatar.com\/avatar\/1ac01d90ad8e35013aff9d51865aa025?s=96&d=identicon&r=g","caption":"Casa del Libro"}}]}},"_links":{"self":[{"href":"https:\/\/www.casadellibro.com\/blog\/wp-json\/wp\/v2\/posts\/12514","targetHints":{"allow":["GET"]}}],"collection":[{"href":"https:\/\/www.casadellibro.com\/blog\/wp-json\/wp\/v2\/posts"}],"about":[{"href":"https:\/\/www.casadellibro.com\/blog\/wp-json\/wp\/v2\/types\/post"}],"author":[{"embeddable":true,"href":"https:\/\/www.casadellibro.com\/blog\/wp-json\/wp\/v2\/users\/2"}],"replies":[{"embeddable":true,"href":"https:\/\/www.casadellibro.com\/blog\/wp-json\/wp\/v2\/comments?post=12514"}],"version-history":[{"count":0,"href":"https:\/\/www.casadellibro.com\/blog\/wp-json\/wp\/v2\/posts\/12514\/revisions"}],"wp:featuredmedia":[{"embeddable":true,"href":"https:\/\/www.casadellibro.com\/blog\/wp-json\/"}],"wp:attachment":[{"href":"https:\/\/www.casadellibro.com\/blog\/wp-json\/wp\/v2\/media?parent=12514"}],"wp:term":[{"taxonomy":"category","embeddable":true,"href":"https:\/\/www.casadellibro.com\/blog\/wp-json\/wp\/v2\/categories?post=12514"},{"taxonomy":"post_tag","embeddable":true,"href":"https:\/\/www.casadellibro.com\/blog\/wp-json\/wp\/v2\/tags?post=12514"}],"curies":[{"name":"wp","href":"https:\/\/api.w.org\/{rel}","templated":true}]}}