{"id":12749,"date":"2015-12-24T10:17:22","date_gmt":"2015-12-24T09:17:22","guid":{"rendered":"http:\/\/noticiascasadellibro.es\/?p=12749"},"modified":"2015-12-24T10:17:22","modified_gmt":"2015-12-24T09:17:22","slug":"10-libros-que-no-has-podido-perderte-este-2015","status":"publish","type":"post","link":"https:\/\/www.casadellibro.com\/blog\/10-libros-que-no-has-podido-perderte-este-2015\/","title":{"rendered":"10 libros que no has podido perderte este 2015"},"content":{"rendered":"<p>Cada a\u00f1o miles de libros ven la luz y 2015 ha sido un a\u00f1o lleno de grandes lanzamientos que pasaran a la historia de la literatura. Ha sido dif\u00edcil hacer la selecci\u00f3n pero os dejamos diez libros que han marcado el a\u00f1o y que tarde o temprano deber\u00edan estar en vuestras estanter\u00edas.<\/p>\n<p><img loading=\"lazy\" decoding=\"async\" class=\"alignleft size-medium wp-image-12759\" src=\"http:\/\/noticiascasadellibro.es\/wp-content\/uploads\/2015\/12\/La-templanza-200x300.jpg\" alt=\"La templanza\" width=\"200\" height=\"300\"><a href=\"http:\/\/www.casadellibro.com\/libro-la-templanza\/9788408139096\/2494116\" target=\"_blank\" rel=\"noopener noreferrer\">La templanza<\/a> de <strong>Mar\u00eda Due\u00f1as<\/strong>:&nbsp;Nada hac\u00eda suponer a Mauro Larrea que la fortuna que levant\u00f3 tras a\u00f1os de tes\u00f3n y arrojo se le derrumbar\u00eda con un estrepitoso rev\u00e9s. Ahogado por las deudas y la incertidumbre, apuesta sus \u00faltimos recursos en una temeraria jugada que abre ante \u00e9l la oportunidad de resurgir. Hasta que la perturbadora Soledad Montalvo, esposa de un marchante de vinos londinense, entra en su vida envuelta en claroscuros para arrastrarle a un porvenir que jam\u00e1s sospech\u00f3.<br>De la joven rep\u00fablica mexicana a la espl\u00e9ndida Habana colonial; de las Antillas al Jerez de la segunda mitad del XIX, cuando el comercio de sus vinos con Inglaterra convirti\u00f3 la ciudad andaluza en un enclave cosmopolita y legendario. Por todos estos escenarios transita <em>La Templanza<\/em>, una novela que habla de glorias y derrotas, de minas de plata, intrigas de familia, vi\u00f1as, bodegas y ciudades soberbias cuyo esplendor se desvaneci\u00f3 en el tiempo. Una historia de coraje ante las adversidades y de un destino alterado para siempre por la fuerza de una pasi\u00f3n.Solo las grandes historias despiertan grandes emociones.<\/p>\n<p><img loading=\"lazy\" decoding=\"async\" class=\"alignleft size-medium wp-image-12758\" src=\"http:\/\/noticiascasadellibro.es\/wp-content\/uploads\/2015\/12\/Los-besos-en-el-pan-201x300.jpg\" alt=\"Los besos en el pan\" width=\"201\" height=\"300\"><a href=\"http:\/\/www.casadellibro.com\/libro-los-besos-en-el-pan-ejemplar-firmado-por-la-autora\/2910019226422\/2652498\" target=\"_blank\" rel=\"noopener noreferrer\">Los besos en el pan<\/a> de <strong>Almudena Grandes<\/strong>:&nbsp;\u00bfQu\u00e9 puede llegar a ocurrirles a los vecinos de un barrio cualquiera en estos tiempos dif\u00edciles? \u00bfC\u00f3mo resisten, en pleno ojo del hurac\u00e1n, parejas y personas solas, padres e hijos, j\u00f3venes y ancianos, los embates de una crisis que \u00abamenaz\u00f3 con volverlo todo del rev\u00e9s y a\u00fan no lo ha conseguido\u00bb? Los besos en el pan cuenta, de manera sutil y conmovedora, c\u00f3mo transcurre la vida de una familia que vuelve de vacaciones decidida a que su rutina no cambie, pero tambi\u00e9n la de un reci\u00e9n divorciado al que se oye sollozar tras un tabique, la de una abuela que pone el \u00e1rbol de Navidad antes de tiempo para animar a los suyos, la de una mujer que decide reinventarse y volver al campo para vivir de las tierras que alimentaron a sus antepasados? En la peluquer\u00eda, en el bar, en las oficinas o en el centro de salud, muchos vecinos, protagonistas de esta delicada novela coral, vivir\u00e1n momentos agridulces de una solidaridad inesperada, de indignaci\u00f3n y de rabia, pero tambi\u00e9n de ternura y tes\u00f3n. Y aprender\u00e1n por qu\u00e9 sus abuelos les ense\u00f1aron, cuando eran ni\u00f1os, a besar el pan. Hay que ser muy valiente para pedir ayuda, pero hay que ser todav\u00eda m\u00e1s valiente para aceptarla. Los besos en el pan, una conmovedora novela sobre nuestro presente.<\/p>\n<p><a href=\"http:\/\/www.casadellibro.com\/libro-la-nueva-educacion\/9788401015700\/2571322\" target=\"_blank\" rel=\"noopener noreferrer\">La buena educaci\u00f3n<\/a><a href=\"http:\/\/www.casadellibro.com\/libro-la-nueva-educacion\/9788401015700\/2571322\" target=\"_blank\" rel=\"noopener noreferrer\"><img loading=\"lazy\" decoding=\"async\" class=\"alignleft wp-image-12757 size-medium\" src=\"http:\/\/noticiascasadellibro.es\/wp-content\/uploads\/2015\/12\/La-nueva-educaci\u00f3n-198x300.jpg\" alt=\"La buena educaci\u00f3n\" width=\"198\" height=\"300\"><\/a> de <strong>C\u00e9sar Bona<\/strong>:&nbsp;\u00bfPor qu\u00e9 ya no son tan importantes los libros de texto? \u00bfPor qu\u00e9 hay que relativizar la importancia de los deberes? \u00bfPor qu\u00e9 se debe educar en empat\u00eda? \u00bfPor qu\u00e9 la educaci\u00f3n debe estar por encima de todos los gobiernos?La nueva educaci\u00f3n es el testimonio sincero y valioso de un maestro de hoy.\u00abCada ni\u00f1o es un universo. Todos los ni\u00f1os son extraordinarios y no basta con llenarles la cabeza de datos, sino que hay que facilitarles herramientas como conocimiento, empat\u00eda, sensibilidad y resiliencia para que puedan salir fortalecidos de las situaciones adversas. Deben saber que si se proponen algo y luchan por ello, pueden conseguirlo, y que de ellos depende que el mundo sea un lugar mejor.\u00bb.&nbsp;C\u00e9sar Bona, uno de los cincuenta mejores maestros del mundo seg\u00fan el Global Teacher Prize, el llamado Premio Nobel de los profesores, nos aclara en este libro que ser maestro no es acomodar a los alumnos a unos planes de estudio: todo educador debe adaptarse al motor imparable y entusiasmado de un ni\u00f1o. Hay que motivarles, estimular su creatividad y aguijonear su curiosidad; porque los ni\u00f1os no son solo los adultos del ma\u00f1ana: son habitantes del presente.<\/p>\n<p><img loading=\"lazy\" decoding=\"async\" class=\"alignleft wp-image-12756\" src=\"http:\/\/noticiascasadellibro.es\/wp-content\/uploads\/2015\/12\/La-chica-del-tren-184x300.jpg\" alt=\"La chica del tren\" width=\"194\" height=\"317\">&nbsp;<a href=\"http:\/\/www.casadellibro.com\/libro-la-chica-del-tren\/9788408141471\/2544161\" target=\"_blank\" rel=\"noopener noreferrer\">La chica del tren<\/a> de <strong>Paula Hawkins<\/strong>:&nbsp;El bestseller que arrasa en las listas de m\u00e1s vendidos en EE. UU. y Reino Unido.\u00bfEstabas en el tren de las 8.04? \u00bfViste algo sospechoso? Rachel, s\u00ed.Rachel toma siempre el tren de las 8.04 h. Cada ma\u00f1ana lo mismo: el mismo paisaje, las mismas casas? y la misma parada en la se\u00f1al roja.Son solo unos segundos, pero le permiten observar a una pareja desayunando tranquilamente en su terraza. Siente que los conoce y se inventa unos nombres para ellos: Jess y Jason. Su vida es perfecta, no como la suya. Pero un d\u00eda ve algo. Sucede muy deprisa, pero es suficiente. \u00bfY si Jess y Jason no son tan felices como ella cree? \u00bfY si nada es lo que parece?&nbsp;T\u00fa no la conoces. Ella a ti, s\u00ed.<\/p>\n<p><a href=\"http:\/\/www.casadellibro.com\/libro-voces-de-chernobil\/9788499926261\/2633247\" target=\"_blank\" rel=\"noopener noreferrer\">Voces de Chernobil <\/a><a href=\"http:\/\/www.casadellibro.com\/libro-voces-de-chernobil\/9788499926261\/2633247\" target=\"_blank\" rel=\"noopener noreferrer\"><img loading=\"lazy\" decoding=\"async\" class=\"alignleft wp-image-12755 size-medium\" src=\"http:\/\/noticiascasadellibro.es\/wp-content\/uploads\/2015\/12\/Voces-de-chernobil-196x300.jpg\" alt=\"Voces de Chernobil\" width=\"196\" height=\"300\"><\/a>de <strong>Svetlena Alexievich<\/strong>:&nbsp;La escritora bielorrusa da voz a aquellas personas que sobrevivieron al desastre de Chern\u00f3bil y que fueron silenciadas y olvidadas por su propio gobierno. Este libro les da la oportunidad de contar su historia.Chern\u00f3bil, 1986. \u00abCierra las ventanillas y acu\u00e9state. Hay un incendio en la central. Vendr\u00e9 pronto.\u00bb Esto fue lo \u00faltimo que un joven bombero dijo a su esposa antes de acudir al lugar de la explosi\u00f3n. No regres\u00f3. Y en cierto modo, ya no volvi\u00f3 a verle, pues en el hospital su marido dej\u00f3 de ser su marido. Todav\u00eda hoy ella se pregunta si su historia trata sobre el amor o la muerte.Voces de Chern\u00f3bil est\u00e1 planteado como si fuera una tragedia griega, con coros y unos h\u00e9roes marcados por un destino fatal, cuyas voces fueron silenciadas durante muchos a\u00f1os por una polis representada aqu\u00ed por la antigua URSS. Pero, a diferencia de una tragedia griega, no hubo posibilidad de catarsis.<\/p>\n<p><img loading=\"lazy\" decoding=\"async\" class=\"alignleft wp-image-12754\" src=\"http:\/\/noticiascasadellibro.es\/wp-content\/uploads\/2015\/12\/LO-QUE-NO-TE-MATA-TE-HACE-MAS-FUERTE-176x300.jpg\" alt=\"LO QUE NO TE MATA TE HACE MAS FUERTE\" width=\"199\" height=\"339\"><a href=\"http:\/\/www.casadellibro.com\/libro-lo-que-no-te-mata-te-hace-mas-fuerte-serie-millennium-4\/9788423349784\/2559090\" target=\"_blank\" rel=\"noopener noreferrer\">Lo que no te mata te hace m\u00e1s fuerte<\/a> de <strong>David Lagercrantz<\/strong>:&nbsp;Lisbeth Salander est\u00e1 inquieta. Ha participado en un ataque hacker sin raz\u00f3n aparente y est\u00e1 asumiendo riesgos que normalmente evitar\u00eda. Mientras, la revista Millennium ha cambiado de propietarios. Quienes le critican, insisten en que Mikael Blomkvist ya es historia.Una noche, Blomkvist recibe la llamada del profesor Frans Balder, un eminente investigador especializado en Inteligencia Artificial quien afirma tener en su poder informaci\u00f3n vital para el servicio de inteligencia norteamericano. Su as en la manga es una joven rebelde, un bicho raro que se parece mucho a alguien a quien Blomkvist conoce demasiado bien.Mikael siente que esa puede ser la exclusiva que \u00e9l y Millennium tanto necesitan, pero Lisbeth Salander, como siempre, tiene sus propios planes.En Lo que no te mata te hace m\u00e1s fuerte, la singular pareja aclamada por m\u00e1s de 80 millones de lectores en Los hombres que no amaban a las mujeres, La chica que so\u00f1aba con una cerilla y un bid\u00f3n de gasolina y La reina en el palacio de las corrientes de aire contin\u00faa su historia. Ha llegado la hora de que sus caminos se crucen de nuevo.<\/p>\n<p><img loading=\"lazy\" decoding=\"async\" class=\"alignleft size-medium wp-image-12753\" src=\"http:\/\/noticiascasadellibro.es\/wp-content\/uploads\/2015\/12\/EL-LIBRO-PROHIBIDO-DE-LA-ECONOMIA-197x300.jpg\" alt=\"EL LIBRO PROHIBIDO DE LA ECONOMIA\" width=\"197\" height=\"300\"><a href=\"http:\/\/www.casadellibro.com\/libro-el-libro-prohibido-de-la-economia-ganador-premio-espasa-2015\/9788467045536\/2624443\" target=\"_blank\" rel=\"noopener noreferrer\">El libro prohibido de la econom\u00eda<\/a>&nbsp;de <strong>Fernando Fr\u00edas de Bes<\/strong>:&nbsp;La obra El libro prohibido de la econom\u00eda, de Fernando Tr\u00edas de Bes, gana el XXXII Premio Espasa.&nbsp;Fernando Tr\u00edas de Bes ha ganado por unanimidad el Premio Espasa 2015 por su obra El libro prohibido de la econom\u00eda. Lo que el Gobierno, empresas, bancos, economistas\u2026no quieren que sepas. El Premio Espasa tiene una dotaci\u00f3n econ\u00f3mica de 30.000 euros.El jurado, presidido por Pedro Garc\u00eda Barreno, lo integran Nativel Preciado, Leopoldo Abad\u00eda, Juan Jos\u00e9 G\u00f3mez Cadenas, Pilar Cort\u00e9s y Olga Adeva como secretaria sin voto, ha destacado que Fernando Tr\u00edas ha conseguido hacer\u201cun libro serio de econom\u00eda contado ir\u00f3nicamente\u201d.En El libro prohibido de la econom\u00eda se afirma que la \u00fanica forma de combatir el descr\u00e9dito que, con sus malas pr\u00e1cticas, pol\u00edticos, empresarios y banqueros han arrojado sobre la econom\u00eda, es desvelar su juego, desenmascarar los m\u00e9todos y estrategias que utilizan para enga\u00f1ar a la ciudadan\u00eda.La banca, el gobierno y los poderes financieros nos quieren hacer creer que el sistema es el que es porque es el mejor o no hay otro alternativo.Nos cobran impuestos que no tienen ninguna raz\u00f3n de ser ni legitimidad econ\u00f3mica alguna.En las empresas se utilizan fabulosas herramientas comerciales para que la gente compre cosas que en realidad no necesita o ni siquiera sepa por qu\u00e9 paga.Nadie hace nada para corregir&#8230;<\/p>\n<p><img loading=\"lazy\" decoding=\"async\" class=\"alignleft wp-image-12751\" src=\"http:\/\/noticiascasadellibro.es\/wp-content\/uploads\/2015\/12\/Mujeres-193x300.jpg\" alt=\"Mujeres\" width=\"209\" height=\"325\"><a href=\"http:\/\/www.casadellibro.com\/libro-mujeres\/9788432317682\/2530208\" target=\"_blank\" rel=\"noopener noreferrer\">Mujeres<\/a> de <strong>Eduardo Galeano:&nbsp;<\/strong>En esta antolog\u00eda, Galeano cuenta la intensidad de personajes femeninos atravesados por el peso de una causa, como Rosa Luxemburgo o Rigoberta Mench\u00fa; por su propia hermosura o talento, como Marilyn Monroe o Rita Hayworth, Camille Claudel o Josephine Baker. Pero tambi\u00e9n cuenta las haza\u00f1as colectivas de mujeres an\u00f3nimas: las que lucharon en la Comuna de Par\u00eds, las guerreras de la revoluci\u00f3n mexicana, las que \u0096en un prost\u00edbulo de la Patagonia argentina\u0096 se negaron a atender a los Soldados que hab\u00edan reprimido a los obreros.<br>Un homenaje a las mujeres que festejan la vida.<\/p>\n<p><a href=\"http:\/\/www.casadellibro.com\/libro-esto-lo-cambia-todo-el-capitalismo-contra-el-clima\/9788449331022\/2497233\" target=\"_blank\" rel=\"noopener noreferrer\"><img loading=\"lazy\" decoding=\"async\" class=\"alignleft size-medium wp-image-12750\" src=\"http:\/\/noticiascasadellibro.es\/wp-content\/uploads\/2015\/12\/Esto-lo-cambia-todo-211x300.jpg\" alt=\"Esto lo cambia todo\" width=\"211\" height=\"300\">Esto lo cambia todo<\/a>&nbsp;de&nbsp;<strong>Naomi Klein<\/strong>. Esto cambia todo es una brillante explicaci\u00f3n de las razones por las que la crisis clim\u00e1tica nos desaf\u00eda a abandonar definitivamente la ideolog\u00eda de \u00ablibre mercado\u00bb, a reestructurar la econom\u00eda global y a rehacer nuestros sistemas pol\u00edticos.En este libro, Naomi Klein sostiene que el cambio clim\u00e1tico es una alerta que nos obliga a replantearnos nuestro actual modelo econ\u00f3mico, ya fracasado en muchos aspectos, y defiende que la reducci\u00f3n masiva de emisiones de gases de efecto invernadero es la \u00fanica oportunidad de acortar las enormes desigualdades econ\u00f3micas, replantear nuestras democracias fracturadas y reconstruir las econom\u00edas locales.Con el estilo directo al que nos tiene acostumbrados, la autora desaf\u00eda nuestras conciencias con esta obra provocativa que pone el cambio clim\u00e1tico en el centro de la pol\u00edtica.<\/p>\n<p><img loading=\"lazy\" decoding=\"async\" class=\"alignleft wp-image-12752\" src=\"http:\/\/noticiascasadellibro.es\/wp-content\/uploads\/2015\/12\/El-regreso-del-Cat\u00f3n-194x300.jpg\" alt=\"El regreso del Cat\u00f3n\" width=\"210\" height=\"325\"><a href=\"http:\/\/www.casadellibro.com\/libro-el-regreso-del-caton\/9788408145820\/2594968\" target=\"_blank\" rel=\"noopener noreferrer\">El retorno del Cat\u00f3n<\/a> de <strong>Matilde Asensi:&nbsp;<\/strong>\u00bfQu\u00e9 pueden tener en com\u00fan la Ruta de la Seda, las alcantarillas de Estambul, Marco Polo, Mongolia y Tierra Santa? Eso es lo que los protagonistas de <em>El \u00faltimo Cat\u00f3n<\/em>, Ottavia Salina y Farag Boswell, tendr\u00e1n que averiguar poniendo de nuevo sus vidas en peligro para resolver un misterio que arranca en el siglo I de nuestra era. Escrita con rigor, con un ritmo que mantiene en vilo a los lectores p\u00e1gina a p\u00e1gina y cap\u00edtulo a cap\u00edtulo hasta el final, <em>El regreso del Cat\u00f3n <\/em>es una combinaci\u00f3n magistral de aventura e historia con la que Matilde Asensi nos atrapa de nuevo para no dejarnos escapar hasta la \u00faltima palabra.<\/p>\n<p>\u00bfEst\u00e1is de acuerdo con nuestra lista? \u00bfCu\u00e1les pondr\u00edais vosotros? \u00bfLos hab\u00e9is le\u00eddo todos?<\/p>\n\n\n<p>Adem\u00e1s, encuentra el mejor\u00a0<a title=\"comic manga\" href=\"https:\/\/www.casadellibro.com\/libros\/comics\/manga\/411006000\">comic manga<\/a>\u00a0de la historia en nuestra librer\u00eda.<\/p>\n","protected":false},"excerpt":{"rendered":"<p>Cada a\u00f1o miles de libros ven la luz y 2015 ha sido un a\u00f1o lleno de grandes lanzamientos que pasaran a la historia de la literatura. Ha sido dif\u00edcil hacer la selecci\u00f3n pero os dejamos diez libros que han marcado el a\u00f1o y que tarde o temprano deber\u00edan estar en vuestras estanter\u00edas. La templanza de [&hellip;]<\/p>\n","protected":false},"author":2,"featured_media":0,"comment_status":"open","ping_status":"closed","sticky":false,"template":"","format":"standard","meta":{"tdm_status":"","tdm_grid_status":"","footnotes":""},"categories":[4],"tags":[955,852,52,107],"class_list":{"0":"post-12749","1":"post","2":"type-post","3":"status-publish","4":"format-standard","6":"category-actualidad","7":"tag-955","8":"tag-libros-imprescindibles","9":"tag-navidad","10":"tag-recomendaciones-literarias"},"yoast_head":"<!-- This site is optimized with the Yoast SEO plugin v26.8 - https:\/\/yoast.com\/product\/yoast-seo-wordpress\/ -->\n<title>10 libros que no has podido perderte este 2015 | Casa del Libro<\/title>\n<meta name=\"robots\" content=\"index, follow, max-snippet:-1, max-image-preview:large, max-video-preview:-1\" \/>\n<link rel=\"canonical\" href=\"https:\/\/www.casadellibro.com\/blog\/10-libros-que-no-has-podido-perderte-este-2015\/\" \/>\n<meta property=\"og:locale\" content=\"es_ES\" \/>\n<meta property=\"og:type\" content=\"article\" \/>\n<meta property=\"og:title\" content=\"10 libros que no has podido perderte este 2015 | Casa del Libro\" \/>\n<meta property=\"og:description\" content=\"Cada a\u00f1o miles de libros ven la luz y 2015 ha sido un a\u00f1o lleno de grandes lanzamientos que pasaran a la historia de la literatura. Ha sido dif\u00edcil hacer la selecci\u00f3n pero os dejamos diez libros que han marcado el a\u00f1o y que tarde o temprano deber\u00edan estar en vuestras estanter\u00edas. La templanza de [&hellip;]\" \/>\n<meta property=\"og:url\" content=\"https:\/\/www.casadellibro.com\/blog\/10-libros-que-no-has-podido-perderte-este-2015\/\" \/>\n<meta property=\"og:site_name\" content=\"Blog Casa del Libro\" \/>\n<meta property=\"article:publisher\" content=\"https:\/\/www.facebook.com\/casadellibro\" \/>\n<meta property=\"article:published_time\" content=\"2015-12-24T09:17:22+00:00\" \/>\n<meta property=\"og:image\" content=\"http:\/\/noticiascasadellibro.es\/wp-content\/uploads\/2015\/12\/La-templanza-200x300.jpg\" \/>\n<meta name=\"author\" content=\"Casa del Libro\" \/>\n<meta name=\"twitter:card\" content=\"summary_large_image\" \/>\n<meta name=\"twitter:creator\" content=\"@casadellibro\" \/>\n<meta name=\"twitter:site\" content=\"@casadellibro\" \/>\n<meta name=\"twitter:label1\" content=\"Written by\" \/>\n\t<meta name=\"twitter:data1\" content=\"Casa del Libro\" \/>\n\t<meta name=\"twitter:label2\" content=\"Est. reading time\" \/>\n\t<meta name=\"twitter:data2\" content=\"10 minutos\" \/>\n<script type=\"application\/ld+json\" class=\"yoast-schema-graph\">{\"@context\":\"https:\/\/schema.org\",\"@graph\":[{\"@type\":\"Article\",\"@id\":\"https:\/\/www.casadellibro.com\/blog\/10-libros-que-no-has-podido-perderte-este-2015\/#article\",\"isPartOf\":{\"@id\":\"https:\/\/www.casadellibro.com\/blog\/10-libros-que-no-has-podido-perderte-este-2015\/\"},\"author\":{\"name\":\"Casa del Libro\",\"@id\":\"https:\/\/www.casadellibro.com\/blog\/#\/schema\/person\/4c5249ad5735629a37e929060c823fe5\"},\"headline\":\"10 libros que no has podido perderte este 2015\",\"datePublished\":\"2015-12-24T09:17:22+00:00\",\"mainEntityOfPage\":{\"@id\":\"https:\/\/www.casadellibro.com\/blog\/10-libros-que-no-has-podido-perderte-este-2015\/\"},\"wordCount\":1912,\"commentCount\":1,\"publisher\":{\"@id\":\"https:\/\/www.casadellibro.com\/blog\/#organization\"},\"image\":{\"@id\":\"https:\/\/www.casadellibro.com\/blog\/10-libros-que-no-has-podido-perderte-este-2015\/#primaryimage\"},\"thumbnailUrl\":\"http:\/\/noticiascasadellibro.es\/wp-content\/uploads\/2015\/12\/La-templanza-200x300.jpg\",\"keywords\":[\"2015\",\"libros imprescindibles\",\"Navidad\",\"recomendaciones literarias\"],\"articleSection\":[\"Actualidad\"],\"inLanguage\":\"es\",\"potentialAction\":[{\"@type\":\"CommentAction\",\"name\":\"Comment\",\"target\":[\"https:\/\/www.casadellibro.com\/blog\/10-libros-que-no-has-podido-perderte-este-2015\/#respond\"]}]},{\"@type\":\"WebPage\",\"@id\":\"https:\/\/www.casadellibro.com\/blog\/10-libros-que-no-has-podido-perderte-este-2015\/\",\"url\":\"https:\/\/www.casadellibro.com\/blog\/10-libros-que-no-has-podido-perderte-este-2015\/\",\"name\":\"10 libros que no has podido perderte este 2015 | Casa del Libro\",\"isPartOf\":{\"@id\":\"https:\/\/www.casadellibro.com\/blog\/#website\"},\"primaryImageOfPage\":{\"@id\":\"https:\/\/www.casadellibro.com\/blog\/10-libros-que-no-has-podido-perderte-este-2015\/#primaryimage\"},\"image\":{\"@id\":\"https:\/\/www.casadellibro.com\/blog\/10-libros-que-no-has-podido-perderte-este-2015\/#primaryimage\"},\"thumbnailUrl\":\"http:\/\/noticiascasadellibro.es\/wp-content\/uploads\/2015\/12\/La-templanza-200x300.jpg\",\"datePublished\":\"2015-12-24T09:17:22+00:00\",\"breadcrumb\":{\"@id\":\"https:\/\/www.casadellibro.com\/blog\/10-libros-que-no-has-podido-perderte-este-2015\/#breadcrumb\"},\"inLanguage\":\"es\",\"potentialAction\":[{\"@type\":\"ReadAction\",\"target\":[\"https:\/\/www.casadellibro.com\/blog\/10-libros-que-no-has-podido-perderte-este-2015\/\"]}]},{\"@type\":\"ImageObject\",\"inLanguage\":\"es\",\"@id\":\"https:\/\/www.casadellibro.com\/blog\/10-libros-que-no-has-podido-perderte-este-2015\/#primaryimage\",\"url\":\"http:\/\/noticiascasadellibro.es\/wp-content\/uploads\/2015\/12\/La-templanza-200x300.jpg\",\"contentUrl\":\"http:\/\/noticiascasadellibro.es\/wp-content\/uploads\/2015\/12\/La-templanza-200x300.jpg\"},{\"@type\":\"BreadcrumbList\",\"@id\":\"https:\/\/www.casadellibro.com\/blog\/10-libros-que-no-has-podido-perderte-este-2015\/#breadcrumb\",\"itemListElement\":[{\"@type\":\"ListItem\",\"position\":1,\"name\":\"Casa del Libro\",\"item\":\"https:\/\/www.casadellibro.com\/blog\/\"},{\"@type\":\"ListItem\",\"position\":2,\"name\":\"10 libros que no has podido perderte este 2015\"}]},{\"@type\":\"WebSite\",\"@id\":\"https:\/\/www.casadellibro.com\/blog\/#website\",\"url\":\"https:\/\/www.casadellibro.com\/blog\/\",\"name\":\"Blog Casa del Libro\",\"description\":\"Descubre todas las novedades en eBooks, eReaders y Libros en el Blog oficial de Casa del Libro, recomendaciones en eBook, eReader y Libro online\",\"publisher\":{\"@id\":\"https:\/\/www.casadellibro.com\/blog\/#organization\"},\"potentialAction\":[{\"@type\":\"SearchAction\",\"target\":{\"@type\":\"EntryPoint\",\"urlTemplate\":\"https:\/\/www.casadellibro.com\/blog\/?s={search_term_string}\"},\"query-input\":{\"@type\":\"PropertyValueSpecification\",\"valueRequired\":true,\"valueName\":\"search_term_string\"}}],\"inLanguage\":\"es\"},{\"@type\":\"Organization\",\"@id\":\"https:\/\/www.casadellibro.com\/blog\/#organization\",\"name\":\"Blog Casa del Libro\",\"url\":\"https:\/\/www.casadellibro.com\/blog\/\",\"logo\":{\"@type\":\"ImageObject\",\"inLanguage\":\"es\",\"@id\":\"https:\/\/www.casadellibro.com\/blog\/#\/schema\/logo\/image\/\",\"url\":\"https:\/\/www.casadellibro.com\/blog\/wp-content\/uploads\/2022\/04\/cropped-image-2-300x98-1.png\",\"contentUrl\":\"https:\/\/www.casadellibro.com\/blog\/wp-content\/uploads\/2022\/04\/cropped-image-2-300x98-1.png\",\"width\":300,\"height\":98,\"caption\":\"Blog Casa del Libro\"},\"image\":{\"@id\":\"https:\/\/www.casadellibro.com\/blog\/#\/schema\/logo\/image\/\"},\"sameAs\":[\"https:\/\/www.facebook.com\/casadellibro\",\"https:\/\/x.com\/casadellibro\",\"https:\/\/www.youtube.com\/user\/casadellibropuntocom\",\"https:\/\/es.pinterest.com\/casadellibro\/\",\"https:\/\/open.spotify.com\/user\/wi2k27ijtmw114f531okf8nd4?si=JEaWkM75S56kXufnbmExww&nd=1&dlsi=6959f4c0a6474806\"]},{\"@type\":\"Person\",\"@id\":\"https:\/\/www.casadellibro.com\/blog\/#\/schema\/person\/4c5249ad5735629a37e929060c823fe5\",\"name\":\"Casa del Libro\",\"image\":{\"@type\":\"ImageObject\",\"inLanguage\":\"es\",\"@id\":\"https:\/\/www.casadellibro.com\/blog\/#\/schema\/person\/image\/\",\"url\":\"https:\/\/secure.gravatar.com\/avatar\/1ac01d90ad8e35013aff9d51865aa025?s=96&d=identicon&r=g\",\"contentUrl\":\"https:\/\/secure.gravatar.com\/avatar\/1ac01d90ad8e35013aff9d51865aa025?s=96&d=identicon&r=g\",\"caption\":\"Casa del Libro\"}}]}<\/script>\n<!-- \/ Yoast SEO plugin. -->","yoast_head_json":{"title":"10 libros que no has podido perderte este 2015 | Casa del Libro","robots":{"index":"index","follow":"follow","max-snippet":"max-snippet:-1","max-image-preview":"max-image-preview:large","max-video-preview":"max-video-preview:-1"},"canonical":"https:\/\/www.casadellibro.com\/blog\/10-libros-que-no-has-podido-perderte-este-2015\/","og_locale":"es_ES","og_type":"article","og_title":"10 libros que no has podido perderte este 2015 | Casa del Libro","og_description":"Cada a\u00f1o miles de libros ven la luz y 2015 ha sido un a\u00f1o lleno de grandes lanzamientos que pasaran a la historia de la literatura. Ha sido dif\u00edcil hacer la selecci\u00f3n pero os dejamos diez libros que han marcado el a\u00f1o y que tarde o temprano deber\u00edan estar en vuestras estanter\u00edas. La templanza de [&hellip;]","og_url":"https:\/\/www.casadellibro.com\/blog\/10-libros-que-no-has-podido-perderte-este-2015\/","og_site_name":"Blog Casa del Libro","article_publisher":"https:\/\/www.facebook.com\/casadellibro","article_published_time":"2015-12-24T09:17:22+00:00","og_image":[{"url":"http:\/\/noticiascasadellibro.es\/wp-content\/uploads\/2015\/12\/La-templanza-200x300.jpg","type":"","width":"","height":""}],"author":"Casa del Libro","twitter_card":"summary_large_image","twitter_creator":"@casadellibro","twitter_site":"@casadellibro","twitter_misc":{"Written by":"Casa del Libro","Est. reading time":"10 minutos"},"schema":{"@context":"https:\/\/schema.org","@graph":[{"@type":"Article","@id":"https:\/\/www.casadellibro.com\/blog\/10-libros-que-no-has-podido-perderte-este-2015\/#article","isPartOf":{"@id":"https:\/\/www.casadellibro.com\/blog\/10-libros-que-no-has-podido-perderte-este-2015\/"},"author":{"name":"Casa del Libro","@id":"https:\/\/www.casadellibro.com\/blog\/#\/schema\/person\/4c5249ad5735629a37e929060c823fe5"},"headline":"10 libros que no has podido perderte este 2015","datePublished":"2015-12-24T09:17:22+00:00","mainEntityOfPage":{"@id":"https:\/\/www.casadellibro.com\/blog\/10-libros-que-no-has-podido-perderte-este-2015\/"},"wordCount":1912,"commentCount":1,"publisher":{"@id":"https:\/\/www.casadellibro.com\/blog\/#organization"},"image":{"@id":"https:\/\/www.casadellibro.com\/blog\/10-libros-que-no-has-podido-perderte-este-2015\/#primaryimage"},"thumbnailUrl":"http:\/\/noticiascasadellibro.es\/wp-content\/uploads\/2015\/12\/La-templanza-200x300.jpg","keywords":["2015","libros imprescindibles","Navidad","recomendaciones literarias"],"articleSection":["Actualidad"],"inLanguage":"es","potentialAction":[{"@type":"CommentAction","name":"Comment","target":["https:\/\/www.casadellibro.com\/blog\/10-libros-que-no-has-podido-perderte-este-2015\/#respond"]}]},{"@type":"WebPage","@id":"https:\/\/www.casadellibro.com\/blog\/10-libros-que-no-has-podido-perderte-este-2015\/","url":"https:\/\/www.casadellibro.com\/blog\/10-libros-que-no-has-podido-perderte-este-2015\/","name":"10 libros que no has podido perderte este 2015 | Casa del Libro","isPartOf":{"@id":"https:\/\/www.casadellibro.com\/blog\/#website"},"primaryImageOfPage":{"@id":"https:\/\/www.casadellibro.com\/blog\/10-libros-que-no-has-podido-perderte-este-2015\/#primaryimage"},"image":{"@id":"https:\/\/www.casadellibro.com\/blog\/10-libros-que-no-has-podido-perderte-este-2015\/#primaryimage"},"thumbnailUrl":"http:\/\/noticiascasadellibro.es\/wp-content\/uploads\/2015\/12\/La-templanza-200x300.jpg","datePublished":"2015-12-24T09:17:22+00:00","breadcrumb":{"@id":"https:\/\/www.casadellibro.com\/blog\/10-libros-que-no-has-podido-perderte-este-2015\/#breadcrumb"},"inLanguage":"es","potentialAction":[{"@type":"ReadAction","target":["https:\/\/www.casadellibro.com\/blog\/10-libros-que-no-has-podido-perderte-este-2015\/"]}]},{"@type":"ImageObject","inLanguage":"es","@id":"https:\/\/www.casadellibro.com\/blog\/10-libros-que-no-has-podido-perderte-este-2015\/#primaryimage","url":"http:\/\/noticiascasadellibro.es\/wp-content\/uploads\/2015\/12\/La-templanza-200x300.jpg","contentUrl":"http:\/\/noticiascasadellibro.es\/wp-content\/uploads\/2015\/12\/La-templanza-200x300.jpg"},{"@type":"BreadcrumbList","@id":"https:\/\/www.casadellibro.com\/blog\/10-libros-que-no-has-podido-perderte-este-2015\/#breadcrumb","itemListElement":[{"@type":"ListItem","position":1,"name":"Casa del Libro","item":"https:\/\/www.casadellibro.com\/blog\/"},{"@type":"ListItem","position":2,"name":"10 libros que no has podido perderte este 2015"}]},{"@type":"WebSite","@id":"https:\/\/www.casadellibro.com\/blog\/#website","url":"https:\/\/www.casadellibro.com\/blog\/","name":"Blog Casa del Libro","description":"Descubre todas las novedades en eBooks, eReaders y Libros en el Blog oficial de Casa del Libro, recomendaciones en eBook, eReader y Libro online","publisher":{"@id":"https:\/\/www.casadellibro.com\/blog\/#organization"},"potentialAction":[{"@type":"SearchAction","target":{"@type":"EntryPoint","urlTemplate":"https:\/\/www.casadellibro.com\/blog\/?s={search_term_string}"},"query-input":{"@type":"PropertyValueSpecification","valueRequired":true,"valueName":"search_term_string"}}],"inLanguage":"es"},{"@type":"Organization","@id":"https:\/\/www.casadellibro.com\/blog\/#organization","name":"Blog Casa del Libro","url":"https:\/\/www.casadellibro.com\/blog\/","logo":{"@type":"ImageObject","inLanguage":"es","@id":"https:\/\/www.casadellibro.com\/blog\/#\/schema\/logo\/image\/","url":"https:\/\/www.casadellibro.com\/blog\/wp-content\/uploads\/2022\/04\/cropped-image-2-300x98-1.png","contentUrl":"https:\/\/www.casadellibro.com\/blog\/wp-content\/uploads\/2022\/04\/cropped-image-2-300x98-1.png","width":300,"height":98,"caption":"Blog Casa del Libro"},"image":{"@id":"https:\/\/www.casadellibro.com\/blog\/#\/schema\/logo\/image\/"},"sameAs":["https:\/\/www.facebook.com\/casadellibro","https:\/\/x.com\/casadellibro","https:\/\/www.youtube.com\/user\/casadellibropuntocom","https:\/\/es.pinterest.com\/casadellibro\/","https:\/\/open.spotify.com\/user\/wi2k27ijtmw114f531okf8nd4?si=JEaWkM75S56kXufnbmExww&nd=1&dlsi=6959f4c0a6474806"]},{"@type":"Person","@id":"https:\/\/www.casadellibro.com\/blog\/#\/schema\/person\/4c5249ad5735629a37e929060c823fe5","name":"Casa del Libro","image":{"@type":"ImageObject","inLanguage":"es","@id":"https:\/\/www.casadellibro.com\/blog\/#\/schema\/person\/image\/","url":"https:\/\/secure.gravatar.com\/avatar\/1ac01d90ad8e35013aff9d51865aa025?s=96&d=identicon&r=g","contentUrl":"https:\/\/secure.gravatar.com\/avatar\/1ac01d90ad8e35013aff9d51865aa025?s=96&d=identicon&r=g","caption":"Casa del Libro"}}]}},"_links":{"self":[{"href":"https:\/\/www.casadellibro.com\/blog\/wp-json\/wp\/v2\/posts\/12749","targetHints":{"allow":["GET"]}}],"collection":[{"href":"https:\/\/www.casadellibro.com\/blog\/wp-json\/wp\/v2\/posts"}],"about":[{"href":"https:\/\/www.casadellibro.com\/blog\/wp-json\/wp\/v2\/types\/post"}],"author":[{"embeddable":true,"href":"https:\/\/www.casadellibro.com\/blog\/wp-json\/wp\/v2\/users\/2"}],"replies":[{"embeddable":true,"href":"https:\/\/www.casadellibro.com\/blog\/wp-json\/wp\/v2\/comments?post=12749"}],"version-history":[{"count":0,"href":"https:\/\/www.casadellibro.com\/blog\/wp-json\/wp\/v2\/posts\/12749\/revisions"}],"wp:attachment":[{"href":"https:\/\/www.casadellibro.com\/blog\/wp-json\/wp\/v2\/media?parent=12749"}],"wp:term":[{"taxonomy":"category","embeddable":true,"href":"https:\/\/www.casadellibro.com\/blog\/wp-json\/wp\/v2\/categories?post=12749"},{"taxonomy":"post_tag","embeddable":true,"href":"https:\/\/www.casadellibro.com\/blog\/wp-json\/wp\/v2\/tags?post=12749"}],"curies":[{"name":"wp","href":"https:\/\/api.w.org\/{rel}","templated":true}]}}