{"id":13390,"date":"2016-04-07T15:54:24","date_gmt":"2016-04-07T13:54:24","guid":{"rendered":"http:\/\/noticiascasadellibro.es\/?p=13390"},"modified":"2016-04-07T15:54:24","modified_gmt":"2016-04-07T13:54:24","slug":"firmas-de-sant-jordi-2016-en-casa-del-libro-barcelona","status":"publish","type":"post","link":"https:\/\/www.casadellibro.com\/blog\/firmas-de-sant-jordi-2016-en-casa-del-libro-barcelona\/","title":{"rendered":"Firmas de Sant Jordi 2016 en Casa del Libro Barcelona"},"content":{"rendered":"<p>\u00a1Ya est\u00e1n aqu\u00ed el calendario de las <strong>Firmas de Sant Jordi 2016 en Casa del Libro Barcelona<\/strong>!<\/p>\n<p>El pr\u00f3ximo <strong>23 de abril<\/strong> celebra <strong>Sant Jordi<\/strong>\u00a0acerc\u00e1ndote\u00a0a cualquier de nuestras librer\u00edas y disfruta de un <strong>10% de descuento<\/strong> en todos los libros y conoce de cerca a algunos de tus <strong>autores favoritos<\/strong> y consigue tu <strong>libro firmado.<\/strong><\/p>\n<p>Contaremos con grandes autores que estar\u00e1n firmando ejemplares en nuestras paradas:\u00a0\u00a0<strong>Pilar Eyre<\/strong>, <strong>Santiago Posteguillo<\/strong>, <strong>Rafael Santandreu<\/strong>,\u00a0<strong>Juan Jos\u00e9 Mill\u00e1s<\/strong>,\u00a0<strong>Sarah Lark<\/strong>, <strong>Matilde Asensi\u00a0<\/strong>o <strong>Julia Navarro<\/strong>, as\u00ed como personajes reconocidos del mundo de la cocina, la moda o la m\u00fasica: <strong>Isasaweis<\/strong>, <strong>Dulceida<\/strong>, <strong>Ferran<\/strong> <strong>Adri\u00e1 <\/strong>o <strong>Mario Vaquerizo.<\/strong><\/p>\n<p>Descubre <strong><a href=\"http:\/\/image.casadellibro.com\/documentacion\/santJordi\/sources\/index.htm\" target=\"_blank\" rel=\"noopener noreferrer\">haciendo click aqu\u00ed<\/a><\/strong> o en la imagen todas las <strong>recomendaciones literarias<\/strong> que nuestros libreros han preparado para este <strong>Sant Jordi.<\/strong><\/p>\n<p><a href=\"http:\/\/image.casadellibro.com\/documentacion\/santJordi\/sources\/index.htm\" target=\"_blank\" rel=\"noopener noreferrer\"><img loading=\"lazy\" decoding=\"async\" class=\" wp-image-13397 aligncenter\" src=\"http:\/\/noticiascasadellibro.es\/wp-content\/uploads\/2016\/04\/SANT-JORDI-2016.jpg\" alt=\"SANT-JORDI 2016\" width=\"562\" height=\"208\" \/><\/a><\/p>\n<p style=\"text-align: left;\"><strong>FIRMAS SANT JORDI 2016 EN BARCELONA<\/strong><\/p>\n<p style=\"text-align: center;\"><b><a title=\"Casa del Llibre\" href=\"http:\/\/www.casadellibro.com\/nosotros\/tienda\/passeig-de-gracia-62\/4\" target=\"_blank\" rel=\"noopener noreferrer\">Casa del Llibre Paseo de Gracia<\/a>\u00a0<\/b>(Paseo de Gracia, 62).<\/p>\n<p style=\"text-align: center;\"><strong>11:00 &#8211; 12:00h<\/strong><\/p>\n<p style=\"text-align: center;\">Alicia Gim\u00e9nez Barlett, Luz Gab\u00e1s, Daniel S\u00e1nchez Ar\u00e9valo, Vanesa Mart\u00edn, Mauel Mill\u00e1n Mestre, Rayden, Rafel Nadal, Enric Calpena, S\u00edlvia Alc\u00e0ntara, Arturo San Agust\u00edn<\/p>\n<p style=\"text-align: center;\"><strong>12:00 &#8211; 13:00h<\/strong><\/p>\n<p style=\"text-align: center;\">Reyes Calder\u00f3n, Pepe Rodr\u00edguez, Juan Jos\u00e9 Mill\u00e1s, Vanesa Mart\u00edn, Alejandro Palomas, Javier Iriondo, Rayden, Imma Mons\u00f3, V\u00edctor Amela, M\u00e0rius Serra, Rafael Santandreu<\/p>\n<p style=\"text-align: center;\"><strong>13:00 &#8211; 14:00h<\/strong><\/p>\n<p style=\"text-align: center;\">Isasaweis, N\u00faria Roura, Carla Zaplana, Alba Castellv\u00ed, Pilar Rahola, Andreu Mart\u00edn, Germ\u00e0 Lluch, Ajo, Elsa Punset, Carlos Casabona, Josep Mar\u00eda Esquirol<\/p>\n<p style=\"text-align: center;\"><strong>16:00 &#8211; 17:00h<\/strong><\/p>\n<p style=\"text-align: center;\">M\u00f3nica Carillo, Mar\u00eda Due\u00f1as, Ernesto Ekaizer, Mago More, Pilar Jeric\u00f3, Dulceida, Aless Gibaja, Pilar\u00edn Bay\u00e9s y \u00d3scar Dalmau, David Mart\u00ed, Jordi Nogu\u00e9s<\/p>\n<p style=\"text-align: center;\"><strong>17:00 &#8211; 18:00h<\/strong><\/p>\n<p style=\"text-align: center;\">Lyona I Marcus, Alfonso Casas, Mar\u00eda Herreros, Jair Dom\u00ednguez, Fernando Trias de Bes, Risto Mejide, Aless Gibaja, Teresa Viejo, Ferran Adri\u00e1, Jaume Barber\u00e1<\/p>\n<p style=\"text-align: center;\"><strong>18:00 &#8211; 19:00h<\/strong><\/p>\n<p style=\"text-align: center;\">Laia Sanz, Pilar Eyre, Santiago Posteguillo, Xavier Baladia, Carles Capdevila, Risto Mejide, Laura Falc\u00f3 Lara, Eduardo Mendicutti, Sarah Lark, Xavier Sala I Mart\u00edn<\/p>\n<p style=\"text-align: center;\"><strong>19:00 &#8211; 20:00h<\/strong><\/p>\n<p style=\"text-align: center;\">N\u00faria Llop, Anna Casanovas, Juan Eslava Gal\u00e1n, Jes\u00fas Carrasco, Enrique Vila-Matas, Eva Blanch, Jordi Amat, Monika Zgustova, Coia Valls,\u00a0T\u00e0nia Juste<\/p>\n<p style=\"text-align: center;\"><strong>20: 00 &#8211; 21:00h<\/strong><\/p>\n<p style=\"text-align: center;\">Defreds, ZPU, Sergio Carri\u00f3n, Loreto Sesma, V\u00edctor del \u00c1rbol, Care Santos, N\u00faria Esponell\u00e0, Llu\u00eds Foix, Gen\u00eds Sinca, Jordi Barra<\/p>\n<p style=\"text-align: center;\"><a href=\"http:\/\/image.casadellibro.com\/documentacion\/santJordi\/sources\/index.htm\" target=\"_blank\" rel=\"noopener noreferrer\"><img loading=\"lazy\" decoding=\"async\" class=\"size-full wp-image-13397 aligncenter\" src=\"http:\/\/noticiascasadellibro.es\/wp-content\/uploads\/2016\/04\/SANT-JORDI-2016.jpg\" alt=\"SANT-JORDI 2016\" width=\"600\" height=\"222\" \/><\/a><\/p>\n<p style=\"text-align: center;\"><a title=\"Rambla\" href=\"http:\/\/www.casadellibro.com\/nosotros\/tienda\/rambla-catalunya-37\/35\" target=\"_blank\" rel=\"noopener noreferrer\"><strong>Casa del Llibre\u00a0<\/strong><b>Rambla <\/b><\/a>(Rambla de Catalu\u00f1a, 37)<\/p>\n<p style=\"text-align: center;\"><strong>11:00 &#8211; 12:00h<\/strong><\/p>\n<p style=\"text-align: center;\">Milena Busquets, Imma Mons\u00f3, Kajal Napalm, Francisca Serrano, Risto Mejide, Josep Borrell, Blue Jeans, Mario Vaquerizo, Pepe Rodr\u00edguez, Rafael Vives<\/p>\n<p style=\"text-align: center;\"><strong>12:00 &#8211; 13:ooh<\/strong><\/p>\n<p style=\"text-align: center;\">Marta Sanz, Isasaweis, Kim, Mikel Santiago, Risto Mejide, Elisabet Benavent, Blue Jeans, Mario Vaquerizo, Anna Llenas Salvador Esquena<\/p>\n<p style=\"text-align: center;\"><strong>13:00 &#8211; 14:00h<\/strong><\/p>\n<p style=\"text-align: center;\">Santamar\u00eda\/Beroy\/Dalmases, Carles Capdevila, Sarah Lark, Christian G\u00e1lvez, Risto Mejide, Javier Ruescas, Blue Jeans, Santiago Posteguillo, Mario Vaquerizo, David Safier, Ernesto Mallo<\/p>\n<p style=\"text-align: center;\"><strong>16:00 &#8211; 17:00h<\/strong><\/p>\n<p style=\"text-align: center;\">V\u00edctor Amela, Javier Iriondo, Juan Jos\u00e9 Mill\u00e1s, Manuel Mili\u00e1n Mestre, Matilde Asensi, Fernando Trias de Bes, V\u00edctor del \u00c1rbol, Elsa Punset, Pilar Rahola, Al\u00edcia Gim\u00e9nez Bartlett, Roberto Santiago<\/p>\n<p style=\"text-align: center;\"><strong>17:00 &#8211; 18:00h<\/strong><\/p>\n<p style=\"text-align: center;\">Carlos Zan\u00f3n, Carla Zapalana, Leopoldo Abad\u00eda, Enric Corbera-Gaspar Hern\u00e1ndez, Matilde Asensi, Pilar Eyre, Luz Gab\u00e1s, Llu\u00eds Foix, Marwan, Enric Calpena, N\u00faria Roura, Jorge D\u00edaz-Javier Ikaz<\/p>\n<p style=\"text-align: center;\"><strong>18:00 &#8211; 19:00h<\/strong><\/p>\n<p style=\"text-align: center;\">Lory Money, Almudena Grandes, Jes\u00fas Carrasco, Care Santos, Enrique Vila-Matas, Julia Navarro, Reyes Calder\u00f3n, Juan Eslava Gal\u00e1n, Marwan, Josep Mar\u00eda Espin\u00e0s, Sergio Torres-Javier Torres<\/p>\n<p style=\"text-align: center;\"><strong>19:00 &#8211; 20:00h<\/strong><\/p>\n<p style=\"text-align: center;\">Miguel \u00c1ngel Revilla\/Jes\u00fas Cintora, Antonio Soler, M\u00e0rius Serra, Jonas Jonasson, Mago More, Josep Maria Esquirol, Daniel S\u00e1nchez Ar\u00e9valo, Rafel Nadal, Rayden, Ernesto Ekaizer, David Sadness<\/p>\n<p style=\"text-align: center;\"><strong>20:00 &#8211; 21:00h<\/strong><\/p>\n<p style=\"text-align: center;\">Carlos Casabona, Albert Pla, Simon Scarrow, Loulogio, Raquel C\u00f3rcoles\/Luc\u00eda Taboada, Juan G\u00f3mez Jurado, Alejandro Palomas, Mar\u00eda Due\u00f1as, Rayden, Daniel Estulin, Santiago Vidal<\/p>\n<p>&nbsp;<\/p>\n<p>Adem\u00e1s, este a\u00f1o colaboramos de nuevo con la Fundaci\u00f3n Amigos de los Mayores,\u00a0donando la recaudaci\u00f3n \u00edntegra de las <strong>Rosas Contra el Olvido*. <\/strong>Una<strong> acci\u00f3n solidaria <\/strong>con la que ayudamos a paliar la soledad y exclusi\u00f3n que sufren muchas personas mayores.<\/p>\n<p>Disfruta de <strong>Sant Jordi\u00a0<\/strong>y\u00a0si est\u00e1s en <strong>Madrid<\/strong>, disfruta el d\u00eda 22 de abril de la <strong>Noche de los Libros<\/strong>, con lecturas y dramatizaciones en la librer\u00eda de Gran V\u00eda, Orense y Goya.<\/p>\n<p>*Las Rosas contra el Olvido estar\u00e1n disponible en las librer\u00edas de Barcelona y en las siguientes librer\u00edas de Madrid: Goya, Alcal\u00e1, Gran V\u00eda y Fuencarral, Maestro Victoria y Orense.<\/p>\n","protected":false},"excerpt":{"rendered":"<p>\u00a1Ya est\u00e1n aqu\u00ed el calendario de las Firmas de Sant Jordi 2016 en Casa del Libro Barcelona! El pr\u00f3ximo 23 de abril celebra Sant Jordi\u00a0acerc\u00e1ndote\u00a0a cualquier de nuestras librer\u00edas y disfruta de un 10% de descuento en todos los libros y conoce de cerca a algunos de tus autores favoritos y consigue tu libro firmado. [&hellip;]<\/p>\n","protected":false},"author":2,"featured_media":13399,"comment_status":"open","ping_status":"closed","sticky":false,"template":"","format":"standard","meta":{"tdm_status":"","tdm_grid_status":"","footnotes":""},"categories":[10],"tags":[184,73,825,59,806,186,42,404],"class_list":{"0":"post-13390","1":"post","2":"type-post","3":"status-publish","4":"format-standard","5":"has-post-thumbnail","7":"category-eventos-en-barcelona","8":"tag-dia-del-libro","9":"tag-firma","10":"tag-firma-de-libros","11":"tag-firmas","12":"tag-literatura","13":"tag-musica","14":"tag-poesia","15":"tag-sant-jordi"},"yoast_head":"<!-- This site is optimized with the Yoast SEO plugin v26.8 - https:\/\/yoast.com\/product\/yoast-seo-wordpress\/ -->\n<title>Firmas de Sant Jordi 2016 en Casa del Libro Barcelona | Casa del Libro<\/title>\n<meta name=\"robots\" content=\"noindex, follow\" \/>\n<meta property=\"og:locale\" content=\"es_ES\" \/>\n<meta property=\"og:type\" content=\"article\" \/>\n<meta property=\"og:title\" content=\"Firmas de Sant Jordi 2016 en Casa del Libro Barcelona | Casa del Libro\" \/>\n<meta property=\"og:description\" content=\"\u00a1Ya est\u00e1n aqu\u00ed el calendario de las Firmas de Sant Jordi 2016 en Casa del Libro Barcelona! El pr\u00f3ximo 23 de abril celebra Sant Jordi\u00a0acerc\u00e1ndote\u00a0a cualquier de nuestras librer\u00edas y disfruta de un 10% de descuento en todos los libros y conoce de cerca a algunos de tus autores favoritos y consigue tu libro firmado. [&hellip;]\" \/>\n<meta property=\"og:url\" content=\"http:\/\/www.casadellibro.com\/nosotros\/evento-firmas-sant-jordi-barcelona-2016---rambla-catalunya-37\/12830\" \/>\n<meta property=\"og:site_name\" content=\"Blog Casa del Libro\" \/>\n<meta property=\"article:publisher\" content=\"https:\/\/www.facebook.com\/casadellibro\" \/>\n<meta property=\"article:published_time\" content=\"2016-04-07T13:54:24+00:00\" \/>\n<meta property=\"og:image\" content=\"https:\/\/www.casadellibro.com\/blog\/wp-content\/uploads\/2025\/01\/Favicon.png\" \/>\n\t<meta property=\"og:image:width\" content=\"512\" \/>\n\t<meta property=\"og:image:height\" content=\"512\" \/>\n\t<meta property=\"og:image:type\" content=\"image\/png\" \/>\n<meta name=\"author\" content=\"Casa del Libro\" \/>\n<meta name=\"twitter:card\" content=\"summary_large_image\" \/>\n<meta name=\"twitter:creator\" content=\"@casadellibro\" \/>\n<meta name=\"twitter:site\" content=\"@casadellibro\" \/>\n<meta name=\"twitter:label1\" content=\"Written by\" \/>\n\t<meta name=\"twitter:data1\" content=\"Casa del Libro\" \/>\n\t<meta name=\"twitter:label2\" content=\"Est. reading time\" \/>\n\t<meta name=\"twitter:data2\" content=\"4 minutos\" \/>\n<script type=\"application\/ld+json\" class=\"yoast-schema-graph\">{\"@context\":\"https:\/\/schema.org\",\"@graph\":[{\"@type\":\"Article\",\"@id\":\"http:\/\/www.casadellibro.com\/nosotros\/evento-firmas-sant-jordi-barcelona-2016---rambla-catalunya-37\/12830#article\",\"isPartOf\":{\"@id\":\"https:\/\/www.casadellibro.com\/blog\/firmas-de-sant-jordi-2016-en-casa-del-libro-barcelona\/\"},\"author\":{\"name\":\"Casa del Libro\",\"@id\":\"https:\/\/www.casadellibro.com\/blog\/#\/schema\/person\/4c5249ad5735629a37e929060c823fe5\"},\"headline\":\"Firmas de Sant Jordi 2016 en Casa del Libro Barcelona\",\"datePublished\":\"2016-04-07T13:54:24+00:00\",\"mainEntityOfPage\":{\"@id\":\"https:\/\/www.casadellibro.com\/blog\/firmas-de-sant-jordi-2016-en-casa-del-libro-barcelona\/\"},\"wordCount\":738,\"commentCount\":1,\"publisher\":{\"@id\":\"https:\/\/www.casadellibro.com\/blog\/#organization\"},\"image\":{\"@id\":\"http:\/\/www.casadellibro.com\/nosotros\/evento-firmas-sant-jordi-barcelona-2016---rambla-catalunya-37\/12830#primaryimage\"},\"thumbnailUrl\":\"\",\"keywords\":[\"D\u00eda del Libro\",\"firma\",\"firma de libros\",\"firmas\",\"literatura\",\"M\u00fasica\",\"poes\u00eda\",\"sant jordi\"],\"articleSection\":[\"Eventos en Barcelona\"],\"inLanguage\":\"es\",\"potentialAction\":[{\"@type\":\"CommentAction\",\"name\":\"Comment\",\"target\":[\"http:\/\/www.casadellibro.com\/nosotros\/evento-firmas-sant-jordi-barcelona-2016---rambla-catalunya-37\/12830#respond\"]}]},{\"@type\":\"WebPage\",\"@id\":\"https:\/\/www.casadellibro.com\/blog\/firmas-de-sant-jordi-2016-en-casa-del-libro-barcelona\/\",\"url\":\"http:\/\/www.casadellibro.com\/nosotros\/evento-firmas-sant-jordi-barcelona-2016---rambla-catalunya-37\/12830\",\"name\":\"Firmas de Sant Jordi 2016 en Casa del Libro Barcelona | Casa del Libro\",\"isPartOf\":{\"@id\":\"https:\/\/www.casadellibro.com\/blog\/#website\"},\"primaryImageOfPage\":{\"@id\":\"http:\/\/www.casadellibro.com\/nosotros\/evento-firmas-sant-jordi-barcelona-2016---rambla-catalunya-37\/12830#primaryimage\"},\"image\":{\"@id\":\"http:\/\/www.casadellibro.com\/nosotros\/evento-firmas-sant-jordi-barcelona-2016---rambla-catalunya-37\/12830#primaryimage\"},\"thumbnailUrl\":\"\",\"datePublished\":\"2016-04-07T13:54:24+00:00\",\"breadcrumb\":{\"@id\":\"http:\/\/www.casadellibro.com\/nosotros\/evento-firmas-sant-jordi-barcelona-2016---rambla-catalunya-37\/12830#breadcrumb\"},\"inLanguage\":\"es\",\"potentialAction\":[{\"@type\":\"ReadAction\",\"target\":[\"http:\/\/www.casadellibro.com\/nosotros\/evento-firmas-sant-jordi-barcelona-2016---rambla-catalunya-37\/12830\"]}]},{\"@type\":\"ImageObject\",\"inLanguage\":\"es\",\"@id\":\"http:\/\/www.casadellibro.com\/nosotros\/evento-firmas-sant-jordi-barcelona-2016---rambla-catalunya-37\/12830#primaryimage\",\"url\":\"\",\"contentUrl\":\"\"},{\"@type\":\"BreadcrumbList\",\"@id\":\"http:\/\/www.casadellibro.com\/nosotros\/evento-firmas-sant-jordi-barcelona-2016---rambla-catalunya-37\/12830#breadcrumb\",\"itemListElement\":[{\"@type\":\"ListItem\",\"position\":1,\"name\":\"Casa del Libro\",\"item\":\"https:\/\/www.casadellibro.com\/blog\/\"},{\"@type\":\"ListItem\",\"position\":2,\"name\":\"Firmas de Sant Jordi 2016 en Casa del Libro Barcelona\"}]},{\"@type\":\"WebSite\",\"@id\":\"https:\/\/www.casadellibro.com\/blog\/#website\",\"url\":\"https:\/\/www.casadellibro.com\/blog\/\",\"name\":\"Blog Casa del Libro\",\"description\":\"Descubre todas las novedades en eBooks, eReaders y Libros en el Blog oficial de Casa del Libro, recomendaciones en eBook, eReader y Libro online\",\"publisher\":{\"@id\":\"https:\/\/www.casadellibro.com\/blog\/#organization\"},\"potentialAction\":[{\"@type\":\"SearchAction\",\"target\":{\"@type\":\"EntryPoint\",\"urlTemplate\":\"https:\/\/www.casadellibro.com\/blog\/?s={search_term_string}\"},\"query-input\":{\"@type\":\"PropertyValueSpecification\",\"valueRequired\":true,\"valueName\":\"search_term_string\"}}],\"inLanguage\":\"es\"},{\"@type\":\"Organization\",\"@id\":\"https:\/\/www.casadellibro.com\/blog\/#organization\",\"name\":\"Blog Casa del Libro\",\"url\":\"https:\/\/www.casadellibro.com\/blog\/\",\"logo\":{\"@type\":\"ImageObject\",\"inLanguage\":\"es\",\"@id\":\"https:\/\/www.casadellibro.com\/blog\/#\/schema\/logo\/image\/\",\"url\":\"https:\/\/www.casadellibro.com\/blog\/wp-content\/uploads\/2022\/04\/cropped-image-2-300x98-1.png\",\"contentUrl\":\"https:\/\/www.casadellibro.com\/blog\/wp-content\/uploads\/2022\/04\/cropped-image-2-300x98-1.png\",\"width\":300,\"height\":98,\"caption\":\"Blog Casa del Libro\"},\"image\":{\"@id\":\"https:\/\/www.casadellibro.com\/blog\/#\/schema\/logo\/image\/\"},\"sameAs\":[\"https:\/\/www.facebook.com\/casadellibro\",\"https:\/\/x.com\/casadellibro\",\"https:\/\/www.youtube.com\/user\/casadellibropuntocom\",\"https:\/\/es.pinterest.com\/casadellibro\/\",\"https:\/\/open.spotify.com\/user\/wi2k27ijtmw114f531okf8nd4?si=JEaWkM75S56kXufnbmExww&nd=1&dlsi=6959f4c0a6474806\"]},{\"@type\":\"Person\",\"@id\":\"https:\/\/www.casadellibro.com\/blog\/#\/schema\/person\/4c5249ad5735629a37e929060c823fe5\",\"name\":\"Casa del Libro\",\"image\":{\"@type\":\"ImageObject\",\"inLanguage\":\"es\",\"@id\":\"https:\/\/www.casadellibro.com\/blog\/#\/schema\/person\/image\/\",\"url\":\"https:\/\/secure.gravatar.com\/avatar\/1ac01d90ad8e35013aff9d51865aa025?s=96&d=identicon&r=g\",\"contentUrl\":\"https:\/\/secure.gravatar.com\/avatar\/1ac01d90ad8e35013aff9d51865aa025?s=96&d=identicon&r=g\",\"caption\":\"Casa del Libro\"}}]}<\/script>\n<!-- \/ Yoast SEO plugin. -->","yoast_head_json":{"title":"Firmas de Sant Jordi 2016 en Casa del Libro Barcelona | Casa del Libro","robots":{"index":"noindex","follow":"follow"},"og_locale":"es_ES","og_type":"article","og_title":"Firmas de Sant Jordi 2016 en Casa del Libro Barcelona | Casa del Libro","og_description":"\u00a1Ya est\u00e1n aqu\u00ed el calendario de las Firmas de Sant Jordi 2016 en Casa del Libro Barcelona! El pr\u00f3ximo 23 de abril celebra Sant Jordi\u00a0acerc\u00e1ndote\u00a0a cualquier de nuestras librer\u00edas y disfruta de un 10% de descuento en todos los libros y conoce de cerca a algunos de tus autores favoritos y consigue tu libro firmado. [&hellip;]","og_url":"http:\/\/www.casadellibro.com\/nosotros\/evento-firmas-sant-jordi-barcelona-2016---rambla-catalunya-37\/12830","og_site_name":"Blog Casa del Libro","article_publisher":"https:\/\/www.facebook.com\/casadellibro","article_published_time":"2016-04-07T13:54:24+00:00","og_image":[{"width":512,"height":512,"url":"https:\/\/www.casadellibro.com\/blog\/wp-content\/uploads\/2025\/01\/Favicon.png","type":"image\/png"}],"author":"Casa del Libro","twitter_card":"summary_large_image","twitter_creator":"@casadellibro","twitter_site":"@casadellibro","twitter_misc":{"Written by":"Casa del Libro","Est. reading time":"4 minutos"},"schema":{"@context":"https:\/\/schema.org","@graph":[{"@type":"Article","@id":"http:\/\/www.casadellibro.com\/nosotros\/evento-firmas-sant-jordi-barcelona-2016---rambla-catalunya-37\/12830#article","isPartOf":{"@id":"https:\/\/www.casadellibro.com\/blog\/firmas-de-sant-jordi-2016-en-casa-del-libro-barcelona\/"},"author":{"name":"Casa del Libro","@id":"https:\/\/www.casadellibro.com\/blog\/#\/schema\/person\/4c5249ad5735629a37e929060c823fe5"},"headline":"Firmas de Sant Jordi 2016 en Casa del Libro Barcelona","datePublished":"2016-04-07T13:54:24+00:00","mainEntityOfPage":{"@id":"https:\/\/www.casadellibro.com\/blog\/firmas-de-sant-jordi-2016-en-casa-del-libro-barcelona\/"},"wordCount":738,"commentCount":1,"publisher":{"@id":"https:\/\/www.casadellibro.com\/blog\/#organization"},"image":{"@id":"http:\/\/www.casadellibro.com\/nosotros\/evento-firmas-sant-jordi-barcelona-2016---rambla-catalunya-37\/12830#primaryimage"},"thumbnailUrl":"","keywords":["D\u00eda del Libro","firma","firma de libros","firmas","literatura","M\u00fasica","poes\u00eda","sant jordi"],"articleSection":["Eventos en Barcelona"],"inLanguage":"es","potentialAction":[{"@type":"CommentAction","name":"Comment","target":["http:\/\/www.casadellibro.com\/nosotros\/evento-firmas-sant-jordi-barcelona-2016---rambla-catalunya-37\/12830#respond"]}]},{"@type":"WebPage","@id":"https:\/\/www.casadellibro.com\/blog\/firmas-de-sant-jordi-2016-en-casa-del-libro-barcelona\/","url":"http:\/\/www.casadellibro.com\/nosotros\/evento-firmas-sant-jordi-barcelona-2016---rambla-catalunya-37\/12830","name":"Firmas de Sant Jordi 2016 en Casa del Libro Barcelona | Casa del Libro","isPartOf":{"@id":"https:\/\/www.casadellibro.com\/blog\/#website"},"primaryImageOfPage":{"@id":"http:\/\/www.casadellibro.com\/nosotros\/evento-firmas-sant-jordi-barcelona-2016---rambla-catalunya-37\/12830#primaryimage"},"image":{"@id":"http:\/\/www.casadellibro.com\/nosotros\/evento-firmas-sant-jordi-barcelona-2016---rambla-catalunya-37\/12830#primaryimage"},"thumbnailUrl":"","datePublished":"2016-04-07T13:54:24+00:00","breadcrumb":{"@id":"http:\/\/www.casadellibro.com\/nosotros\/evento-firmas-sant-jordi-barcelona-2016---rambla-catalunya-37\/12830#breadcrumb"},"inLanguage":"es","potentialAction":[{"@type":"ReadAction","target":["http:\/\/www.casadellibro.com\/nosotros\/evento-firmas-sant-jordi-barcelona-2016---rambla-catalunya-37\/12830"]}]},{"@type":"ImageObject","inLanguage":"es","@id":"http:\/\/www.casadellibro.com\/nosotros\/evento-firmas-sant-jordi-barcelona-2016---rambla-catalunya-37\/12830#primaryimage","url":"","contentUrl":""},{"@type":"BreadcrumbList","@id":"http:\/\/www.casadellibro.com\/nosotros\/evento-firmas-sant-jordi-barcelona-2016---rambla-catalunya-37\/12830#breadcrumb","itemListElement":[{"@type":"ListItem","position":1,"name":"Casa del Libro","item":"https:\/\/www.casadellibro.com\/blog\/"},{"@type":"ListItem","position":2,"name":"Firmas de Sant Jordi 2016 en Casa del Libro Barcelona"}]},{"@type":"WebSite","@id":"https:\/\/www.casadellibro.com\/blog\/#website","url":"https:\/\/www.casadellibro.com\/blog\/","name":"Blog Casa del Libro","description":"Descubre todas las novedades en eBooks, eReaders y Libros en el Blog oficial de Casa del Libro, recomendaciones en eBook, eReader y Libro online","publisher":{"@id":"https:\/\/www.casadellibro.com\/blog\/#organization"},"potentialAction":[{"@type":"SearchAction","target":{"@type":"EntryPoint","urlTemplate":"https:\/\/www.casadellibro.com\/blog\/?s={search_term_string}"},"query-input":{"@type":"PropertyValueSpecification","valueRequired":true,"valueName":"search_term_string"}}],"inLanguage":"es"},{"@type":"Organization","@id":"https:\/\/www.casadellibro.com\/blog\/#organization","name":"Blog Casa del Libro","url":"https:\/\/www.casadellibro.com\/blog\/","logo":{"@type":"ImageObject","inLanguage":"es","@id":"https:\/\/www.casadellibro.com\/blog\/#\/schema\/logo\/image\/","url":"https:\/\/www.casadellibro.com\/blog\/wp-content\/uploads\/2022\/04\/cropped-image-2-300x98-1.png","contentUrl":"https:\/\/www.casadellibro.com\/blog\/wp-content\/uploads\/2022\/04\/cropped-image-2-300x98-1.png","width":300,"height":98,"caption":"Blog Casa del Libro"},"image":{"@id":"https:\/\/www.casadellibro.com\/blog\/#\/schema\/logo\/image\/"},"sameAs":["https:\/\/www.facebook.com\/casadellibro","https:\/\/x.com\/casadellibro","https:\/\/www.youtube.com\/user\/casadellibropuntocom","https:\/\/es.pinterest.com\/casadellibro\/","https:\/\/open.spotify.com\/user\/wi2k27ijtmw114f531okf8nd4?si=JEaWkM75S56kXufnbmExww&nd=1&dlsi=6959f4c0a6474806"]},{"@type":"Person","@id":"https:\/\/www.casadellibro.com\/blog\/#\/schema\/person\/4c5249ad5735629a37e929060c823fe5","name":"Casa del Libro","image":{"@type":"ImageObject","inLanguage":"es","@id":"https:\/\/www.casadellibro.com\/blog\/#\/schema\/person\/image\/","url":"https:\/\/secure.gravatar.com\/avatar\/1ac01d90ad8e35013aff9d51865aa025?s=96&d=identicon&r=g","contentUrl":"https:\/\/secure.gravatar.com\/avatar\/1ac01d90ad8e35013aff9d51865aa025?s=96&d=identicon&r=g","caption":"Casa del Libro"}}]}},"_links":{"self":[{"href":"https:\/\/www.casadellibro.com\/blog\/wp-json\/wp\/v2\/posts\/13390","targetHints":{"allow":["GET"]}}],"collection":[{"href":"https:\/\/www.casadellibro.com\/blog\/wp-json\/wp\/v2\/posts"}],"about":[{"href":"https:\/\/www.casadellibro.com\/blog\/wp-json\/wp\/v2\/types\/post"}],"author":[{"embeddable":true,"href":"https:\/\/www.casadellibro.com\/blog\/wp-json\/wp\/v2\/users\/2"}],"replies":[{"embeddable":true,"href":"https:\/\/www.casadellibro.com\/blog\/wp-json\/wp\/v2\/comments?post=13390"}],"version-history":[{"count":0,"href":"https:\/\/www.casadellibro.com\/blog\/wp-json\/wp\/v2\/posts\/13390\/revisions"}],"wp:featuredmedia":[{"embeddable":true,"href":"https:\/\/www.casadellibro.com\/blog\/wp-json\/"}],"wp:attachment":[{"href":"https:\/\/www.casadellibro.com\/blog\/wp-json\/wp\/v2\/media?parent=13390"}],"wp:term":[{"taxonomy":"category","embeddable":true,"href":"https:\/\/www.casadellibro.com\/blog\/wp-json\/wp\/v2\/categories?post=13390"},{"taxonomy":"post_tag","embeddable":true,"href":"https:\/\/www.casadellibro.com\/blog\/wp-json\/wp\/v2\/tags?post=13390"}],"curies":[{"name":"wp","href":"https:\/\/api.w.org\/{rel}","templated":true}]}}