{"id":17290,"date":"2019-11-07T14:45:29","date_gmt":"2019-11-07T12:45:29","guid":{"rendered":"https:\/\/blogcdl-old.azurewebsites.net\/?p=17290"},"modified":"2022-05-06T14:11:42","modified_gmt":"2022-05-06T14:11:42","slug":"notre-dame-protagonista-del-nuevo-libro-de-ken-follet","status":"publish","type":"post","link":"https:\/\/www.casadellibro.com\/blog\/notre-dame-protagonista-del-nuevo-libro-de-ken-follet\/","title":{"rendered":"Notre-Dame, protagonista del nuevo libro de Ken Follett"},"content":{"rendered":"\n<h2 class=\"wp-block-heading\">Los beneficios obtenidos con la venta de este libro ir\u00e1n destinados a la reconstrucci\u00f3n del templo g\u00f3tico, icono de Par\u00eds<\/h2>\n\n\n\n<p>Ken Follett ha querido mostrar su apoyo al pueblo franc\u00e9s y <strong>los beneficios generados con la publicaci\u00f3n de <\/strong><a style=\"\" href=\"https:\/\/www.casadellibro.com\/libro-notre-dame\/9788401024801\/10014528\"><strong>su nuevo libro<\/strong><\/a><strong> ir\u00e1n \u00edntegramente destinados a la reconstrucci\u00f3n de Notre-Dame<\/strong>, devastada por las llamas el pasado 15 de abril.<\/p>\n\n\n<div class=\"wp-block-image\">\n<figure class=\"alignleft is-resized\"><img loading=\"lazy\" decoding=\"async\" src=\"https:\/\/imagessl1.casadellibro.com\/a\/l\/t5\/01\/9788401024801.jpg\" alt=\"\" width=\"163\" height=\"250\"\/><\/figure><\/div>\n\n\n<p>Se trata de un <strong>relato in\u00e9dito<\/strong> que Ken Follett escribi\u00f3 apenas unos d\u00edas despu\u00e9s de la tragedia que asol\u00f3 Francia y cuyos beneficios, anunci\u00f3, ser\u00e1n entregados a la &#8216;Heritage Foundation&#8217;, la entidad encargada de recaudar los fondos y supervisar la reconstrucci\u00f3n del monumento.<\/p>\n\n\n\n<p>De hecho, en el momento de la tragedia fueron muchos los que se\u00f1alaron al autor gal\u00e9s ya que <strong>el suceso record\u00f3 a lectores de todo el mundo al  incendio que sufri\u00f3 la catedral protagonista de su famosa novela &#8216;Los pilares de la tierra&#8217;.<\/strong><\/p>\n\n\n\n<p>\u00abLa imagen de Notre-Dame en llamas me dej\u00f3 aturdido y profundamente  afectado. Me encontraba al borde de las l\u00e1grimas. <strong>Algo que no ten\u00eda precio estaba muriendo ante nuestros ojos.<\/strong> Era una sensaci\u00f3n  desconcertante, como si la tierra hubiera comenzado a temblar\u00bb, confes\u00f3 Follet.<\/p>\n\n\n\n<p><br><\/p>\n\n\n\n<h3 class=\"wp-block-heading\">A la venta el 7 de noviembre<\/h3>\n\n\n\n<p>Es un libro breve y en \u00e9l el autor brit\u00e1nico describe las emociones que sinti\u00f3 cuando conoci\u00f3 la tragedia que amenazaba con destruir Notre-Dame de Par\u00eds y recorre, desde los d\u00edas de sus construcci\u00f3n, los  momentos hist\u00f3ricos determinantes de un edifico que a trav\u00e9s de los siglos ha ejercido una fascinaci\u00f3n universal.<\/p>\n\n\n\n<p>Tanto si eres un fan\u00e1tico de los libros de Ken Follett o quieres aportar tu granito de arena para la reconstrucci\u00f3n de este templo no te lo pienses y reserva ya <a href=\"https:\/\/www.casadellibro.com\/libro-notre-dame\/9788401024801\/10014528\" title=\"https:\/\/www.casadellibro.com\/libro-notre-dame\/9788401024801\/10014528\">tu ejemplar en nuestra web<\/a> o en tu Casa del Libro m\u00e1s cercana, \u00a1te esperamos!<\/p>\n","protected":false},"excerpt":{"rendered":"<p>Los beneficios obtenidos con la venta de este libro ir\u00e1n destinados a la reconstrucci\u00f3n del templo g\u00f3tico, icono de Par\u00eds Ken Follett ha querido mostrar su apoyo al pueblo franc\u00e9s y los beneficios generados con la publicaci\u00f3n de su nuevo libro ir\u00e1n \u00edntegramente destinados a la reconstrucci\u00f3n de Notre-Dame, devastada por las llamas el pasado [&hellip;]<\/p>\n","protected":false},"author":8,"featured_media":17546,"comment_status":"open","ping_status":"open","sticky":false,"template":"","format":"standard","meta":{"tdm_status":"","tdm_grid_status":"","footnotes":""},"categories":[4],"tags":[587,588,589,590],"class_list":{"0":"post-17290","1":"post","2":"type-post","3":"status-publish","4":"format-standard","5":"has-post-thumbnail","7":"category-actualidad","8":"tag-ken-follett","9":"tag-libro-notre-dame","10":"tag-libro-notre-dame-ken-follett","11":"tag-nuevo-libro-ken-follett-notre-dame"},"yoast_head":"<!-- This site is optimized with the Yoast SEO plugin v26.8 - https:\/\/yoast.com\/product\/yoast-seo-wordpress\/ -->\n<title>Notre-Dame, protagonista del nuevo libro de Ken Follett | Casa del Libro<\/title>\n<meta name=\"robots\" content=\"index, follow, max-snippet:-1, max-image-preview:large, max-video-preview:-1\" \/>\n<link rel=\"canonical\" href=\"https:\/\/www.casadellibro.com\/blog\/notre-dame-protagonista-del-nuevo-libro-de-ken-follet\/\" \/>\n<meta property=\"og:locale\" content=\"es_ES\" \/>\n<meta property=\"og:type\" content=\"article\" \/>\n<meta property=\"og:title\" content=\"Notre-Dame, protagonista del nuevo libro de Ken Follett | Casa del Libro\" \/>\n<meta property=\"og:description\" content=\"Los beneficios obtenidos con la venta de este libro ir\u00e1n destinados a la reconstrucci\u00f3n del templo g\u00f3tico, icono de Par\u00eds Ken Follett ha querido mostrar su apoyo al pueblo franc\u00e9s y los beneficios generados con la publicaci\u00f3n de su nuevo libro ir\u00e1n \u00edntegramente destinados a la reconstrucci\u00f3n de Notre-Dame, devastada por las llamas el pasado [&hellip;]\" \/>\n<meta property=\"og:url\" content=\"https:\/\/www.casadellibro.com\/blog\/notre-dame-protagonista-del-nuevo-libro-de-ken-follet\/\" \/>\n<meta property=\"og:site_name\" content=\"Blog Casa del Libro\" \/>\n<meta property=\"article:publisher\" content=\"https:\/\/www.facebook.com\/casadellibro\" \/>\n<meta property=\"article:published_time\" content=\"2019-11-07T12:45:29+00:00\" \/>\n<meta property=\"article:modified_time\" content=\"2022-05-06T14:11:42+00:00\" \/>\n<meta property=\"og:image\" content=\"https:\/\/www.casadellibro.com\/blog\/wp-content\/uploads\/2019\/10\/Notre_Dame.jpg\" \/>\n\t<meta property=\"og:image:width\" content=\"1920\" \/>\n\t<meta property=\"og:image:height\" content=\"1322\" \/>\n\t<meta property=\"og:image:type\" content=\"image\/jpeg\" \/>\n<meta name=\"author\" content=\"Daniel Molina Ruiz\" \/>\n<meta name=\"twitter:card\" content=\"summary_large_image\" \/>\n<meta name=\"twitter:creator\" content=\"@casadellibro\" \/>\n<meta name=\"twitter:site\" content=\"@casadellibro\" \/>\n<meta name=\"twitter:label1\" content=\"Written by\" \/>\n\t<meta name=\"twitter:data1\" content=\"Daniel Molina Ruiz\" \/>\n\t<meta name=\"twitter:label2\" content=\"Est. reading time\" \/>\n\t<meta name=\"twitter:data2\" content=\"2 minutos\" \/>\n<script type=\"application\/ld+json\" class=\"yoast-schema-graph\">{\"@context\":\"https:\/\/schema.org\",\"@graph\":[{\"@type\":\"Article\",\"@id\":\"https:\/\/www.casadellibro.com\/blog\/notre-dame-protagonista-del-nuevo-libro-de-ken-follet\/#article\",\"isPartOf\":{\"@id\":\"https:\/\/www.casadellibro.com\/blog\/notre-dame-protagonista-del-nuevo-libro-de-ken-follet\/\"},\"author\":{\"name\":\"Daniel Molina Ruiz\",\"@id\":\"https:\/\/www.casadellibro.com\/blog\/#\/schema\/person\/9b2733566e349c5d57d8a2a6880ad90c\"},\"headline\":\"Notre-Dame, protagonista del nuevo libro de Ken Follett\",\"datePublished\":\"2019-11-07T12:45:29+00:00\",\"dateModified\":\"2022-05-06T14:11:42+00:00\",\"mainEntityOfPage\":{\"@id\":\"https:\/\/www.casadellibro.com\/blog\/notre-dame-protagonista-del-nuevo-libro-de-ken-follet\/\"},\"wordCount\":326,\"commentCount\":0,\"publisher\":{\"@id\":\"https:\/\/www.casadellibro.com\/blog\/#organization\"},\"image\":{\"@id\":\"https:\/\/www.casadellibro.com\/blog\/notre-dame-protagonista-del-nuevo-libro-de-ken-follet\/#primaryimage\"},\"thumbnailUrl\":\"https:\/\/www.casadellibro.com\/blog\/wp-content\/uploads\/2019\/10\/Notre_Dame.jpg\",\"keywords\":[\"Ken Follett\",\"libro Notre Dame\",\"libro Notre Dame Ken Follett\",\"Nuevo Libro Ken Follett Notre Dame\"],\"articleSection\":[\"Actualidad\"],\"inLanguage\":\"es\",\"potentialAction\":[{\"@type\":\"CommentAction\",\"name\":\"Comment\",\"target\":[\"https:\/\/www.casadellibro.com\/blog\/notre-dame-protagonista-del-nuevo-libro-de-ken-follet\/#respond\"]}]},{\"@type\":\"WebPage\",\"@id\":\"https:\/\/www.casadellibro.com\/blog\/notre-dame-protagonista-del-nuevo-libro-de-ken-follet\/\",\"url\":\"https:\/\/www.casadellibro.com\/blog\/notre-dame-protagonista-del-nuevo-libro-de-ken-follet\/\",\"name\":\"Notre-Dame, protagonista del nuevo libro de Ken Follett | Casa del Libro\",\"isPartOf\":{\"@id\":\"https:\/\/www.casadellibro.com\/blog\/#website\"},\"primaryImageOfPage\":{\"@id\":\"https:\/\/www.casadellibro.com\/blog\/notre-dame-protagonista-del-nuevo-libro-de-ken-follet\/#primaryimage\"},\"image\":{\"@id\":\"https:\/\/www.casadellibro.com\/blog\/notre-dame-protagonista-del-nuevo-libro-de-ken-follet\/#primaryimage\"},\"thumbnailUrl\":\"https:\/\/www.casadellibro.com\/blog\/wp-content\/uploads\/2019\/10\/Notre_Dame.jpg\",\"datePublished\":\"2019-11-07T12:45:29+00:00\",\"dateModified\":\"2022-05-06T14:11:42+00:00\",\"breadcrumb\":{\"@id\":\"https:\/\/www.casadellibro.com\/blog\/notre-dame-protagonista-del-nuevo-libro-de-ken-follet\/#breadcrumb\"},\"inLanguage\":\"es\",\"potentialAction\":[{\"@type\":\"ReadAction\",\"target\":[\"https:\/\/www.casadellibro.com\/blog\/notre-dame-protagonista-del-nuevo-libro-de-ken-follet\/\"]}]},{\"@type\":\"ImageObject\",\"inLanguage\":\"es\",\"@id\":\"https:\/\/www.casadellibro.com\/blog\/notre-dame-protagonista-del-nuevo-libro-de-ken-follet\/#primaryimage\",\"url\":\"https:\/\/www.casadellibro.com\/blog\/wp-content\/uploads\/2019\/10\/Notre_Dame.jpg\",\"contentUrl\":\"https:\/\/www.casadellibro.com\/blog\/wp-content\/uploads\/2019\/10\/Notre_Dame.jpg\",\"width\":1920,\"height\":1322,\"caption\":\"Notre Dame\"},{\"@type\":\"BreadcrumbList\",\"@id\":\"https:\/\/www.casadellibro.com\/blog\/notre-dame-protagonista-del-nuevo-libro-de-ken-follet\/#breadcrumb\",\"itemListElement\":[{\"@type\":\"ListItem\",\"position\":1,\"name\":\"Casa del Libro\",\"item\":\"https:\/\/www.casadellibro.com\/blog\/\"},{\"@type\":\"ListItem\",\"position\":2,\"name\":\"Notre-Dame, protagonista del nuevo libro de Ken Follett\"}]},{\"@type\":\"WebSite\",\"@id\":\"https:\/\/www.casadellibro.com\/blog\/#website\",\"url\":\"https:\/\/www.casadellibro.com\/blog\/\",\"name\":\"Blog Casa del Libro\",\"description\":\"Descubre todas las novedades en eBooks, eReaders y Libros en el Blog oficial de Casa del Libro, recomendaciones en eBook, eReader y Libro online\",\"publisher\":{\"@id\":\"https:\/\/www.casadellibro.com\/blog\/#organization\"},\"potentialAction\":[{\"@type\":\"SearchAction\",\"target\":{\"@type\":\"EntryPoint\",\"urlTemplate\":\"https:\/\/www.casadellibro.com\/blog\/?s={search_term_string}\"},\"query-input\":{\"@type\":\"PropertyValueSpecification\",\"valueRequired\":true,\"valueName\":\"search_term_string\"}}],\"inLanguage\":\"es\"},{\"@type\":\"Organization\",\"@id\":\"https:\/\/www.casadellibro.com\/blog\/#organization\",\"name\":\"Blog Casa del Libro\",\"url\":\"https:\/\/www.casadellibro.com\/blog\/\",\"logo\":{\"@type\":\"ImageObject\",\"inLanguage\":\"es\",\"@id\":\"https:\/\/www.casadellibro.com\/blog\/#\/schema\/logo\/image\/\",\"url\":\"https:\/\/www.casadellibro.com\/blog\/wp-content\/uploads\/2022\/04\/cropped-image-2-300x98-1.png\",\"contentUrl\":\"https:\/\/www.casadellibro.com\/blog\/wp-content\/uploads\/2022\/04\/cropped-image-2-300x98-1.png\",\"width\":300,\"height\":98,\"caption\":\"Blog Casa del Libro\"},\"image\":{\"@id\":\"https:\/\/www.casadellibro.com\/blog\/#\/schema\/logo\/image\/\"},\"sameAs\":[\"https:\/\/www.facebook.com\/casadellibro\",\"https:\/\/x.com\/casadellibro\",\"https:\/\/www.youtube.com\/user\/casadellibropuntocom\",\"https:\/\/es.pinterest.com\/casadellibro\/\",\"https:\/\/open.spotify.com\/user\/wi2k27ijtmw114f531okf8nd4?si=JEaWkM75S56kXufnbmExww&nd=1&dlsi=6959f4c0a6474806\"]},{\"@type\":\"Person\",\"@id\":\"https:\/\/www.casadellibro.com\/blog\/#\/schema\/person\/9b2733566e349c5d57d8a2a6880ad90c\",\"name\":\"Daniel Molina Ruiz\",\"image\":{\"@type\":\"ImageObject\",\"inLanguage\":\"es\",\"@id\":\"https:\/\/www.casadellibro.com\/blog\/#\/schema\/person\/image\/\",\"url\":\"https:\/\/secure.gravatar.com\/avatar\/1d20e41c231bc7c7e370725f84ca23ac?s=96&d=identicon&r=g\",\"contentUrl\":\"https:\/\/secure.gravatar.com\/avatar\/1d20e41c231bc7c7e370725f84ca23ac?s=96&d=identicon&r=g\",\"caption\":\"Daniel Molina Ruiz\"},\"sameAs\":[\"https:\/\/www.casadellibro.com\/\"]}]}<\/script>\n<!-- \/ Yoast SEO plugin. -->","yoast_head_json":{"title":"Notre-Dame, protagonista del nuevo libro de Ken Follett | Casa del Libro","robots":{"index":"index","follow":"follow","max-snippet":"max-snippet:-1","max-image-preview":"max-image-preview:large","max-video-preview":"max-video-preview:-1"},"canonical":"https:\/\/www.casadellibro.com\/blog\/notre-dame-protagonista-del-nuevo-libro-de-ken-follet\/","og_locale":"es_ES","og_type":"article","og_title":"Notre-Dame, protagonista del nuevo libro de Ken Follett | Casa del Libro","og_description":"Los beneficios obtenidos con la venta de este libro ir\u00e1n destinados a la reconstrucci\u00f3n del templo g\u00f3tico, icono de Par\u00eds Ken Follett ha querido mostrar su apoyo al pueblo franc\u00e9s y los beneficios generados con la publicaci\u00f3n de su nuevo libro ir\u00e1n \u00edntegramente destinados a la reconstrucci\u00f3n de Notre-Dame, devastada por las llamas el pasado [&hellip;]","og_url":"https:\/\/www.casadellibro.com\/blog\/notre-dame-protagonista-del-nuevo-libro-de-ken-follet\/","og_site_name":"Blog Casa del Libro","article_publisher":"https:\/\/www.facebook.com\/casadellibro","article_published_time":"2019-11-07T12:45:29+00:00","article_modified_time":"2022-05-06T14:11:42+00:00","og_image":[{"width":1920,"height":1322,"url":"https:\/\/www.casadellibro.com\/blog\/wp-content\/uploads\/2019\/10\/Notre_Dame.jpg","type":"image\/jpeg"}],"author":"Daniel Molina Ruiz","twitter_card":"summary_large_image","twitter_creator":"@casadellibro","twitter_site":"@casadellibro","twitter_misc":{"Written by":"Daniel Molina Ruiz","Est. reading time":"2 minutos"},"schema":{"@context":"https:\/\/schema.org","@graph":[{"@type":"Article","@id":"https:\/\/www.casadellibro.com\/blog\/notre-dame-protagonista-del-nuevo-libro-de-ken-follet\/#article","isPartOf":{"@id":"https:\/\/www.casadellibro.com\/blog\/notre-dame-protagonista-del-nuevo-libro-de-ken-follet\/"},"author":{"name":"Daniel Molina Ruiz","@id":"https:\/\/www.casadellibro.com\/blog\/#\/schema\/person\/9b2733566e349c5d57d8a2a6880ad90c"},"headline":"Notre-Dame, protagonista del nuevo libro de Ken Follett","datePublished":"2019-11-07T12:45:29+00:00","dateModified":"2022-05-06T14:11:42+00:00","mainEntityOfPage":{"@id":"https:\/\/www.casadellibro.com\/blog\/notre-dame-protagonista-del-nuevo-libro-de-ken-follet\/"},"wordCount":326,"commentCount":0,"publisher":{"@id":"https:\/\/www.casadellibro.com\/blog\/#organization"},"image":{"@id":"https:\/\/www.casadellibro.com\/blog\/notre-dame-protagonista-del-nuevo-libro-de-ken-follet\/#primaryimage"},"thumbnailUrl":"https:\/\/www.casadellibro.com\/blog\/wp-content\/uploads\/2019\/10\/Notre_Dame.jpg","keywords":["Ken Follett","libro Notre Dame","libro Notre Dame Ken Follett","Nuevo Libro Ken Follett Notre Dame"],"articleSection":["Actualidad"],"inLanguage":"es","potentialAction":[{"@type":"CommentAction","name":"Comment","target":["https:\/\/www.casadellibro.com\/blog\/notre-dame-protagonista-del-nuevo-libro-de-ken-follet\/#respond"]}]},{"@type":"WebPage","@id":"https:\/\/www.casadellibro.com\/blog\/notre-dame-protagonista-del-nuevo-libro-de-ken-follet\/","url":"https:\/\/www.casadellibro.com\/blog\/notre-dame-protagonista-del-nuevo-libro-de-ken-follet\/","name":"Notre-Dame, protagonista del nuevo libro de Ken Follett | Casa del Libro","isPartOf":{"@id":"https:\/\/www.casadellibro.com\/blog\/#website"},"primaryImageOfPage":{"@id":"https:\/\/www.casadellibro.com\/blog\/notre-dame-protagonista-del-nuevo-libro-de-ken-follet\/#primaryimage"},"image":{"@id":"https:\/\/www.casadellibro.com\/blog\/notre-dame-protagonista-del-nuevo-libro-de-ken-follet\/#primaryimage"},"thumbnailUrl":"https:\/\/www.casadellibro.com\/blog\/wp-content\/uploads\/2019\/10\/Notre_Dame.jpg","datePublished":"2019-11-07T12:45:29+00:00","dateModified":"2022-05-06T14:11:42+00:00","breadcrumb":{"@id":"https:\/\/www.casadellibro.com\/blog\/notre-dame-protagonista-del-nuevo-libro-de-ken-follet\/#breadcrumb"},"inLanguage":"es","potentialAction":[{"@type":"ReadAction","target":["https:\/\/www.casadellibro.com\/blog\/notre-dame-protagonista-del-nuevo-libro-de-ken-follet\/"]}]},{"@type":"ImageObject","inLanguage":"es","@id":"https:\/\/www.casadellibro.com\/blog\/notre-dame-protagonista-del-nuevo-libro-de-ken-follet\/#primaryimage","url":"https:\/\/www.casadellibro.com\/blog\/wp-content\/uploads\/2019\/10\/Notre_Dame.jpg","contentUrl":"https:\/\/www.casadellibro.com\/blog\/wp-content\/uploads\/2019\/10\/Notre_Dame.jpg","width":1920,"height":1322,"caption":"Notre Dame"},{"@type":"BreadcrumbList","@id":"https:\/\/www.casadellibro.com\/blog\/notre-dame-protagonista-del-nuevo-libro-de-ken-follet\/#breadcrumb","itemListElement":[{"@type":"ListItem","position":1,"name":"Casa del Libro","item":"https:\/\/www.casadellibro.com\/blog\/"},{"@type":"ListItem","position":2,"name":"Notre-Dame, protagonista del nuevo libro de Ken Follett"}]},{"@type":"WebSite","@id":"https:\/\/www.casadellibro.com\/blog\/#website","url":"https:\/\/www.casadellibro.com\/blog\/","name":"Blog Casa del Libro","description":"Descubre todas las novedades en eBooks, eReaders y Libros en el Blog oficial de Casa del Libro, recomendaciones en eBook, eReader y Libro online","publisher":{"@id":"https:\/\/www.casadellibro.com\/blog\/#organization"},"potentialAction":[{"@type":"SearchAction","target":{"@type":"EntryPoint","urlTemplate":"https:\/\/www.casadellibro.com\/blog\/?s={search_term_string}"},"query-input":{"@type":"PropertyValueSpecification","valueRequired":true,"valueName":"search_term_string"}}],"inLanguage":"es"},{"@type":"Organization","@id":"https:\/\/www.casadellibro.com\/blog\/#organization","name":"Blog Casa del Libro","url":"https:\/\/www.casadellibro.com\/blog\/","logo":{"@type":"ImageObject","inLanguage":"es","@id":"https:\/\/www.casadellibro.com\/blog\/#\/schema\/logo\/image\/","url":"https:\/\/www.casadellibro.com\/blog\/wp-content\/uploads\/2022\/04\/cropped-image-2-300x98-1.png","contentUrl":"https:\/\/www.casadellibro.com\/blog\/wp-content\/uploads\/2022\/04\/cropped-image-2-300x98-1.png","width":300,"height":98,"caption":"Blog Casa del Libro"},"image":{"@id":"https:\/\/www.casadellibro.com\/blog\/#\/schema\/logo\/image\/"},"sameAs":["https:\/\/www.facebook.com\/casadellibro","https:\/\/x.com\/casadellibro","https:\/\/www.youtube.com\/user\/casadellibropuntocom","https:\/\/es.pinterest.com\/casadellibro\/","https:\/\/open.spotify.com\/user\/wi2k27ijtmw114f531okf8nd4?si=JEaWkM75S56kXufnbmExww&nd=1&dlsi=6959f4c0a6474806"]},{"@type":"Person","@id":"https:\/\/www.casadellibro.com\/blog\/#\/schema\/person\/9b2733566e349c5d57d8a2a6880ad90c","name":"Daniel Molina Ruiz","image":{"@type":"ImageObject","inLanguage":"es","@id":"https:\/\/www.casadellibro.com\/blog\/#\/schema\/person\/image\/","url":"https:\/\/secure.gravatar.com\/avatar\/1d20e41c231bc7c7e370725f84ca23ac?s=96&d=identicon&r=g","contentUrl":"https:\/\/secure.gravatar.com\/avatar\/1d20e41c231bc7c7e370725f84ca23ac?s=96&d=identicon&r=g","caption":"Daniel Molina Ruiz"},"sameAs":["https:\/\/www.casadellibro.com\/"]}]}},"_links":{"self":[{"href":"https:\/\/www.casadellibro.com\/blog\/wp-json\/wp\/v2\/posts\/17290","targetHints":{"allow":["GET"]}}],"collection":[{"href":"https:\/\/www.casadellibro.com\/blog\/wp-json\/wp\/v2\/posts"}],"about":[{"href":"https:\/\/www.casadellibro.com\/blog\/wp-json\/wp\/v2\/types\/post"}],"author":[{"embeddable":true,"href":"https:\/\/www.casadellibro.com\/blog\/wp-json\/wp\/v2\/users\/8"}],"replies":[{"embeddable":true,"href":"https:\/\/www.casadellibro.com\/blog\/wp-json\/wp\/v2\/comments?post=17290"}],"version-history":[{"count":0,"href":"https:\/\/www.casadellibro.com\/blog\/wp-json\/wp\/v2\/posts\/17290\/revisions"}],"wp:featuredmedia":[{"embeddable":true,"href":"https:\/\/www.casadellibro.com\/blog\/wp-json\/wp\/v2\/media\/17546"}],"wp:attachment":[{"href":"https:\/\/www.casadellibro.com\/blog\/wp-json\/wp\/v2\/media?parent=17290"}],"wp:term":[{"taxonomy":"category","embeddable":true,"href":"https:\/\/www.casadellibro.com\/blog\/wp-json\/wp\/v2\/categories?post=17290"},{"taxonomy":"post_tag","embeddable":true,"href":"https:\/\/www.casadellibro.com\/blog\/wp-json\/wp\/v2\/tags?post=17290"}],"curies":[{"name":"wp","href":"https:\/\/api.w.org\/{rel}","templated":true}]}}