{"id":20271,"date":"2021-06-07T10:57:26","date_gmt":"2021-06-07T08:57:26","guid":{"rendered":"https:\/\/blogcdl-old.azurewebsites.net\/?p=20271"},"modified":"2022-05-05T09:03:00","modified_gmt":"2022-05-05T09:03:00","slug":"booket-20-anos-compartiendo-historias","status":"publish","type":"post","link":"https:\/\/www.casadellibro.com\/blog\/booket-20-anos-compartiendo-historias\/","title":{"rendered":"Booket, 20 a\u00f1os compartiendo historia(s)"},"content":{"rendered":"\n<p>Durante este a\u00f1o 2021, <a title=\"Libros Booket\" href=\"https:\/\/www.casadellibro.com\/libros-literatura-booket\" data-wplink-url-error=\"true\"><strong>Booket<\/strong>, la editorial de libros de bolsillo del Grupo Planeta<\/a>, <strong>cumple 20 a\u00f1os de vida<\/strong>. El sello naci\u00f3 bajo el lema \u00ab<strong>Grandes autores en libros peque\u00f1os<\/strong>\u00bb, con la vocaci\u00f3n de llegar a nuevos lectores, atra\u00eddos por ediciones con un <strong>precio asequible<\/strong> y, sobre todo, por un <strong>formato reducido.<\/strong><\/p>\n\n\n\n<p>Porque, \u00bfqui\u00e9n no ha renunciado a leer un libro en alg\u00fan viaje o simplemente en el trayecto a la oficina debido a su gran tama\u00f1o o peso? Booket se cre\u00f3 justo para hacer posible que cualquier lector pudiera llevarse su libro favorito all\u00e1 donde fuera y disfrutar de la lectura en cualquier lugar.<\/p>\n\n\n\n<p>Pero \u00bfqu\u00e9 libros pod\u00edamos encontrar en Booket? Desde sus inicios, el sello se caracteriz\u00f3 por crear un cat\u00e1logo con las <strong>obras imprescindibles de los mejores autores<\/strong>, siempre en constante crecimiento. Carlos Ruiz Zaf\u00f3n, Santiago Posteguillo, Mar\u00eda Due\u00f1as, Dolores Redondo, Javier Sierra, Paula Hawkins, Javier Cercas, Mar\u00eda Oru\u00f1a, Eva Garc\u00eda S\u00e1enz de Urturi, Paulo Coelho, Luz Gab\u00e1s, Megan Maxwell, Lorenzo Silva, Juan Eslava Gal\u00e1n, Blue Jeans, Anna Todd, Paul Auster, Eduardo Mendoza, Dan Brown, Stieg Larsson, John le Carr\u00e9, Donna Leon\u2026 La lista es pr\u00e1cticamente interminable. No en vano, en estos 20 a\u00f1os de historia hemos publicado <strong>m\u00e1s de 4.000 t\u00edtulos<\/strong>.<\/p>\n\n\n\n<p>T\u00edtulos que han abarcado todo tipo de g\u00e9neros, tanto en el campo de la ficci\u00f3n como en el de la no ficci\u00f3n, procedentes de los sellos editoriales del Grupo Planeta. Desde los <a title=\"libros thriller\" href=\"https:\/\/www.casadellibro.com\/libros\/literatura\/narrativa-en-bolsillo\/policiaca-novela-negra-en-bolsillo\/121005009\"><em>thrillers<\/em> <\/a>m\u00e1s adictivos e inquietantes hasta <a title=\"Novela rom\u00e1ntica bolsillo\" href=\"https:\/\/www.casadellibro.com\/libros\/literatura\/narrativa-en-bolsillo\/romantica-en-bolsillo\/121005010\">historias de amor<\/a>, <a title=\"Novela hist\u00f3rica en Bolsillo\" href=\"https:\/\/www.casadellibro.com\/libros\/literatura\/narrativa-en-bolsillo\/historica-en-bolsillo\/121005004\">novelas con mucha historia<\/a> y rom\u00e1nticos relatos, pasando por los ensayos m\u00e1s interesantes, que nos ayudan en nuestro d\u00eda a d\u00eda. <strong>Libros para todos los gustos<\/strong>, que han ido cambiando a la vez que lo hac\u00edan las preferencias de nuestros lectores.<\/p>\n\n\n\n<p>De igual manera, durante todos estos a\u00f1os, la edici\u00f3n de los libros de bolsillo tambi\u00e9n ha ido evolucionando. Las <strong>cubiertas<\/strong> cuentan con un dise\u00f1o cada vez <strong>m\u00e1s atractivo,<\/strong> y la <strong>edici\u00f3n de los interiores est\u00e1 mucho m\u00e1s cuidada<\/strong>, con el fin de conseguir la m\u00e1xima comodidad para el lector. &nbsp;&nbsp;<\/p>\n\n\n\n<p>Y es que, al fin y al cabo, en Booket <strong>nos debemos a nuestros lectores<\/strong>. Esos que nos escogen porque tenemos a su autor favorito, porque hemos publicado esa novela de la que todo el mundo habla. O, simplemente, porque somos el compa\u00f1ero de viaje ideal que cabe en cualquier sitio.<\/p>\n\n\n\n<p>Y, aunque en Booket llevemos ya <strong>20 a\u00f1os compartiendo historias<\/strong>, esto no ha hecho m\u00e1s que comenzar. As\u00ed que celebr\u00e9moslo de la mejor forma posible: leyendo.<\/p>\n\n\n\n<p>Eva Romero, directora de Booket.<\/p>\n","protected":false},"excerpt":{"rendered":"<p>Durante este a\u00f1o 2021, Booket, la editorial de libros de bolsillo del Grupo Planeta, cumple 20 a\u00f1os de vida. El sello naci\u00f3 bajo el lema \u00abGrandes autores en libros peque\u00f1os\u00bb, con la vocaci\u00f3n de llegar a nuevos lectores, atra\u00eddos por ediciones con un precio asequible y, sobre todo, por un formato reducido. Porque, \u00bfqui\u00e9n no [&hellip;]<\/p>\n","protected":false},"author":11,"featured_media":20272,"comment_status":"open","ping_status":"open","sticky":false,"template":"","format":"standard","meta":{"tdm_status":"","tdm_grid_status":"","footnotes":""},"categories":[4],"tags":[382,33,383,384,126],"class_list":{"0":"post-20271","1":"post","2":"type-post","3":"status-publish","4":"format-standard","5":"has-post-thumbnail","7":"category-actualidad","8":"tag-booket","9":"tag-casa-del-libro","10":"tag-libro-de-bolsillo-verano","11":"tag-libros-baratos","12":"tag-libros-de-bolsillo"},"yoast_head":"<!-- This site is optimized with the Yoast SEO plugin v26.8 - https:\/\/yoast.com\/product\/yoast-seo-wordpress\/ -->\n<title>Booket, 20 a\u00f1os compartiendo historia(s) | Casa del Libro<\/title>\n<meta name=\"robots\" content=\"index, follow, max-snippet:-1, max-image-preview:large, max-video-preview:-1\" \/>\n<link rel=\"canonical\" href=\"https:\/\/www.casadellibro.com\/blog\/booket-20-anos-compartiendo-historias\/\" \/>\n<meta property=\"og:locale\" content=\"es_ES\" \/>\n<meta property=\"og:type\" content=\"article\" \/>\n<meta property=\"og:title\" content=\"Booket, 20 a\u00f1os compartiendo historia(s) | Casa del Libro\" \/>\n<meta property=\"og:description\" content=\"Durante este a\u00f1o 2021, Booket, la editorial de libros de bolsillo del Grupo Planeta, cumple 20 a\u00f1os de vida. El sello naci\u00f3 bajo el lema \u00abGrandes autores en libros peque\u00f1os\u00bb, con la vocaci\u00f3n de llegar a nuevos lectores, atra\u00eddos por ediciones con un precio asequible y, sobre todo, por un formato reducido. Porque, \u00bfqui\u00e9n no [&hellip;]\" \/>\n<meta property=\"og:url\" content=\"https:\/\/www.casadellibro.com\/blog\/booket-20-anos-compartiendo-historias\/\" \/>\n<meta property=\"og:site_name\" content=\"Blog Casa del Libro\" \/>\n<meta property=\"article:publisher\" content=\"https:\/\/www.facebook.com\/casadellibro\" \/>\n<meta property=\"article:published_time\" content=\"2021-06-07T08:57:26+00:00\" \/>\n<meta property=\"article:modified_time\" content=\"2022-05-05T09:03:00+00:00\" \/>\n<meta property=\"og:image\" content=\"https:\/\/www.casadellibro.com\/blog\/wp-content\/uploads\/2021\/06\/BANNER-BOOKET-1200x678-1.jpg\" \/>\n\t<meta property=\"og:image:width\" content=\"1200\" \/>\n\t<meta property=\"og:image:height\" content=\"678\" \/>\n\t<meta property=\"og:image:type\" content=\"image\/jpeg\" \/>\n<meta name=\"author\" content=\"Casa del Libro\" \/>\n<meta name=\"twitter:card\" content=\"summary_large_image\" \/>\n<meta name=\"twitter:creator\" content=\"@casadellibro\" \/>\n<meta name=\"twitter:site\" content=\"@casadellibro\" \/>\n<meta name=\"twitter:label1\" content=\"Written by\" \/>\n\t<meta name=\"twitter:data1\" content=\"Casa del Libro\" \/>\n\t<meta name=\"twitter:label2\" content=\"Est. reading time\" \/>\n\t<meta name=\"twitter:data2\" content=\"2 minutos\" \/>\n<script type=\"application\/ld+json\" class=\"yoast-schema-graph\">{\"@context\":\"https:\/\/schema.org\",\"@graph\":[{\"@type\":\"Article\",\"@id\":\"https:\/\/www.casadellibro.com\/blog\/booket-20-anos-compartiendo-historias\/#article\",\"isPartOf\":{\"@id\":\"https:\/\/www.casadellibro.com\/blog\/booket-20-anos-compartiendo-historias\/\"},\"author\":{\"name\":\"Casa del Libro\",\"@id\":\"https:\/\/www.casadellibro.com\/blog\/#\/schema\/person\/8c2de9f0293fd8de66994e65f9e4f1f4\"},\"headline\":\"Booket, 20 a\u00f1os compartiendo historia(s)\",\"datePublished\":\"2021-06-07T08:57:26+00:00\",\"dateModified\":\"2022-05-05T09:03:00+00:00\",\"mainEntityOfPage\":{\"@id\":\"https:\/\/www.casadellibro.com\/blog\/booket-20-anos-compartiendo-historias\/\"},\"wordCount\":466,\"commentCount\":0,\"publisher\":{\"@id\":\"https:\/\/www.casadellibro.com\/blog\/#organization\"},\"image\":{\"@id\":\"https:\/\/www.casadellibro.com\/blog\/booket-20-anos-compartiendo-historias\/#primaryimage\"},\"thumbnailUrl\":\"https:\/\/www.casadellibro.com\/blog\/wp-content\/uploads\/2021\/06\/BANNER-BOOKET-1200x678-1.jpg\",\"keywords\":[\"booket\",\"Casa del libro\",\"libro de bolsillo verano\",\"libros baratos\",\"libros de bolsillo\"],\"articleSection\":[\"Actualidad\"],\"inLanguage\":\"es\",\"potentialAction\":[{\"@type\":\"CommentAction\",\"name\":\"Comment\",\"target\":[\"https:\/\/www.casadellibro.com\/blog\/booket-20-anos-compartiendo-historias\/#respond\"]}]},{\"@type\":\"WebPage\",\"@id\":\"https:\/\/www.casadellibro.com\/blog\/booket-20-anos-compartiendo-historias\/\",\"url\":\"https:\/\/www.casadellibro.com\/blog\/booket-20-anos-compartiendo-historias\/\",\"name\":\"Booket, 20 a\u00f1os compartiendo historia(s) | Casa del Libro\",\"isPartOf\":{\"@id\":\"https:\/\/www.casadellibro.com\/blog\/#website\"},\"primaryImageOfPage\":{\"@id\":\"https:\/\/www.casadellibro.com\/blog\/booket-20-anos-compartiendo-historias\/#primaryimage\"},\"image\":{\"@id\":\"https:\/\/www.casadellibro.com\/blog\/booket-20-anos-compartiendo-historias\/#primaryimage\"},\"thumbnailUrl\":\"https:\/\/www.casadellibro.com\/blog\/wp-content\/uploads\/2021\/06\/BANNER-BOOKET-1200x678-1.jpg\",\"datePublished\":\"2021-06-07T08:57:26+00:00\",\"dateModified\":\"2022-05-05T09:03:00+00:00\",\"breadcrumb\":{\"@id\":\"https:\/\/www.casadellibro.com\/blog\/booket-20-anos-compartiendo-historias\/#breadcrumb\"},\"inLanguage\":\"es\",\"potentialAction\":[{\"@type\":\"ReadAction\",\"target\":[\"https:\/\/www.casadellibro.com\/blog\/booket-20-anos-compartiendo-historias\/\"]}]},{\"@type\":\"ImageObject\",\"inLanguage\":\"es\",\"@id\":\"https:\/\/www.casadellibro.com\/blog\/booket-20-anos-compartiendo-historias\/#primaryimage\",\"url\":\"https:\/\/www.casadellibro.com\/blog\/wp-content\/uploads\/2021\/06\/BANNER-BOOKET-1200x678-1.jpg\",\"contentUrl\":\"https:\/\/www.casadellibro.com\/blog\/wp-content\/uploads\/2021\/06\/BANNER-BOOKET-1200x678-1.jpg\",\"width\":1200,\"height\":678,\"caption\":\"Libros de bolsillo booket\"},{\"@type\":\"BreadcrumbList\",\"@id\":\"https:\/\/www.casadellibro.com\/blog\/booket-20-anos-compartiendo-historias\/#breadcrumb\",\"itemListElement\":[{\"@type\":\"ListItem\",\"position\":1,\"name\":\"Casa del Libro\",\"item\":\"https:\/\/www.casadellibro.com\/blog\/\"},{\"@type\":\"ListItem\",\"position\":2,\"name\":\"Booket, 20 a\u00f1os compartiendo historia(s)\"}]},{\"@type\":\"WebSite\",\"@id\":\"https:\/\/www.casadellibro.com\/blog\/#website\",\"url\":\"https:\/\/www.casadellibro.com\/blog\/\",\"name\":\"Blog Casa del Libro\",\"description\":\"Descubre todas las novedades en eBooks, eReaders y Libros en el Blog oficial de Casa del Libro, recomendaciones en eBook, eReader y Libro online\",\"publisher\":{\"@id\":\"https:\/\/www.casadellibro.com\/blog\/#organization\"},\"potentialAction\":[{\"@type\":\"SearchAction\",\"target\":{\"@type\":\"EntryPoint\",\"urlTemplate\":\"https:\/\/www.casadellibro.com\/blog\/?s={search_term_string}\"},\"query-input\":{\"@type\":\"PropertyValueSpecification\",\"valueRequired\":true,\"valueName\":\"search_term_string\"}}],\"inLanguage\":\"es\"},{\"@type\":\"Organization\",\"@id\":\"https:\/\/www.casadellibro.com\/blog\/#organization\",\"name\":\"Blog Casa del Libro\",\"url\":\"https:\/\/www.casadellibro.com\/blog\/\",\"logo\":{\"@type\":\"ImageObject\",\"inLanguage\":\"es\",\"@id\":\"https:\/\/www.casadellibro.com\/blog\/#\/schema\/logo\/image\/\",\"url\":\"https:\/\/www.casadellibro.com\/blog\/wp-content\/uploads\/2022\/04\/cropped-image-2-300x98-1.png\",\"contentUrl\":\"https:\/\/www.casadellibro.com\/blog\/wp-content\/uploads\/2022\/04\/cropped-image-2-300x98-1.png\",\"width\":300,\"height\":98,\"caption\":\"Blog Casa del Libro\"},\"image\":{\"@id\":\"https:\/\/www.casadellibro.com\/blog\/#\/schema\/logo\/image\/\"},\"sameAs\":[\"https:\/\/www.facebook.com\/casadellibro\",\"https:\/\/x.com\/casadellibro\",\"https:\/\/www.youtube.com\/user\/casadellibropuntocom\",\"https:\/\/es.pinterest.com\/casadellibro\/\",\"https:\/\/open.spotify.com\/user\/wi2k27ijtmw114f531okf8nd4?si=JEaWkM75S56kXufnbmExww&nd=1&dlsi=6959f4c0a6474806\"]},{\"@type\":\"Person\",\"@id\":\"https:\/\/www.casadellibro.com\/blog\/#\/schema\/person\/8c2de9f0293fd8de66994e65f9e4f1f4\",\"name\":\"Casa del Libro\",\"image\":{\"@type\":\"ImageObject\",\"inLanguage\":\"es\",\"@id\":\"https:\/\/www.casadellibro.com\/blog\/#\/schema\/person\/image\/\",\"url\":\"https:\/\/secure.gravatar.com\/avatar\/6d28c33e7fb769449e406e87e48052cc?s=96&d=identicon&r=g\",\"contentUrl\":\"https:\/\/secure.gravatar.com\/avatar\/6d28c33e7fb769449e406e87e48052cc?s=96&d=identicon&r=g\",\"caption\":\"Casa del Libro\"},\"sameAs\":[\"https:\/\/www.casadellibro.com\"]}]}<\/script>\n<!-- \/ Yoast SEO plugin. -->","yoast_head_json":{"title":"Booket, 20 a\u00f1os compartiendo historia(s) | Casa del Libro","robots":{"index":"index","follow":"follow","max-snippet":"max-snippet:-1","max-image-preview":"max-image-preview:large","max-video-preview":"max-video-preview:-1"},"canonical":"https:\/\/www.casadellibro.com\/blog\/booket-20-anos-compartiendo-historias\/","og_locale":"es_ES","og_type":"article","og_title":"Booket, 20 a\u00f1os compartiendo historia(s) | Casa del Libro","og_description":"Durante este a\u00f1o 2021, Booket, la editorial de libros de bolsillo del Grupo Planeta, cumple 20 a\u00f1os de vida. El sello naci\u00f3 bajo el lema \u00abGrandes autores en libros peque\u00f1os\u00bb, con la vocaci\u00f3n de llegar a nuevos lectores, atra\u00eddos por ediciones con un precio asequible y, sobre todo, por un formato reducido. Porque, \u00bfqui\u00e9n no [&hellip;]","og_url":"https:\/\/www.casadellibro.com\/blog\/booket-20-anos-compartiendo-historias\/","og_site_name":"Blog Casa del Libro","article_publisher":"https:\/\/www.facebook.com\/casadellibro","article_published_time":"2021-06-07T08:57:26+00:00","article_modified_time":"2022-05-05T09:03:00+00:00","og_image":[{"width":1200,"height":678,"url":"https:\/\/www.casadellibro.com\/blog\/wp-content\/uploads\/2021\/06\/BANNER-BOOKET-1200x678-1.jpg","type":"image\/jpeg"}],"author":"Casa del Libro","twitter_card":"summary_large_image","twitter_creator":"@casadellibro","twitter_site":"@casadellibro","twitter_misc":{"Written by":"Casa del Libro","Est. reading time":"2 minutos"},"schema":{"@context":"https:\/\/schema.org","@graph":[{"@type":"Article","@id":"https:\/\/www.casadellibro.com\/blog\/booket-20-anos-compartiendo-historias\/#article","isPartOf":{"@id":"https:\/\/www.casadellibro.com\/blog\/booket-20-anos-compartiendo-historias\/"},"author":{"name":"Casa del Libro","@id":"https:\/\/www.casadellibro.com\/blog\/#\/schema\/person\/8c2de9f0293fd8de66994e65f9e4f1f4"},"headline":"Booket, 20 a\u00f1os compartiendo historia(s)","datePublished":"2021-06-07T08:57:26+00:00","dateModified":"2022-05-05T09:03:00+00:00","mainEntityOfPage":{"@id":"https:\/\/www.casadellibro.com\/blog\/booket-20-anos-compartiendo-historias\/"},"wordCount":466,"commentCount":0,"publisher":{"@id":"https:\/\/www.casadellibro.com\/blog\/#organization"},"image":{"@id":"https:\/\/www.casadellibro.com\/blog\/booket-20-anos-compartiendo-historias\/#primaryimage"},"thumbnailUrl":"https:\/\/www.casadellibro.com\/blog\/wp-content\/uploads\/2021\/06\/BANNER-BOOKET-1200x678-1.jpg","keywords":["booket","Casa del libro","libro de bolsillo verano","libros baratos","libros de bolsillo"],"articleSection":["Actualidad"],"inLanguage":"es","potentialAction":[{"@type":"CommentAction","name":"Comment","target":["https:\/\/www.casadellibro.com\/blog\/booket-20-anos-compartiendo-historias\/#respond"]}]},{"@type":"WebPage","@id":"https:\/\/www.casadellibro.com\/blog\/booket-20-anos-compartiendo-historias\/","url":"https:\/\/www.casadellibro.com\/blog\/booket-20-anos-compartiendo-historias\/","name":"Booket, 20 a\u00f1os compartiendo historia(s) | Casa del Libro","isPartOf":{"@id":"https:\/\/www.casadellibro.com\/blog\/#website"},"primaryImageOfPage":{"@id":"https:\/\/www.casadellibro.com\/blog\/booket-20-anos-compartiendo-historias\/#primaryimage"},"image":{"@id":"https:\/\/www.casadellibro.com\/blog\/booket-20-anos-compartiendo-historias\/#primaryimage"},"thumbnailUrl":"https:\/\/www.casadellibro.com\/blog\/wp-content\/uploads\/2021\/06\/BANNER-BOOKET-1200x678-1.jpg","datePublished":"2021-06-07T08:57:26+00:00","dateModified":"2022-05-05T09:03:00+00:00","breadcrumb":{"@id":"https:\/\/www.casadellibro.com\/blog\/booket-20-anos-compartiendo-historias\/#breadcrumb"},"inLanguage":"es","potentialAction":[{"@type":"ReadAction","target":["https:\/\/www.casadellibro.com\/blog\/booket-20-anos-compartiendo-historias\/"]}]},{"@type":"ImageObject","inLanguage":"es","@id":"https:\/\/www.casadellibro.com\/blog\/booket-20-anos-compartiendo-historias\/#primaryimage","url":"https:\/\/www.casadellibro.com\/blog\/wp-content\/uploads\/2021\/06\/BANNER-BOOKET-1200x678-1.jpg","contentUrl":"https:\/\/www.casadellibro.com\/blog\/wp-content\/uploads\/2021\/06\/BANNER-BOOKET-1200x678-1.jpg","width":1200,"height":678,"caption":"Libros de bolsillo booket"},{"@type":"BreadcrumbList","@id":"https:\/\/www.casadellibro.com\/blog\/booket-20-anos-compartiendo-historias\/#breadcrumb","itemListElement":[{"@type":"ListItem","position":1,"name":"Casa del Libro","item":"https:\/\/www.casadellibro.com\/blog\/"},{"@type":"ListItem","position":2,"name":"Booket, 20 a\u00f1os compartiendo historia(s)"}]},{"@type":"WebSite","@id":"https:\/\/www.casadellibro.com\/blog\/#website","url":"https:\/\/www.casadellibro.com\/blog\/","name":"Blog Casa del Libro","description":"Descubre todas las novedades en eBooks, eReaders y Libros en el Blog oficial de Casa del Libro, recomendaciones en eBook, eReader y Libro online","publisher":{"@id":"https:\/\/www.casadellibro.com\/blog\/#organization"},"potentialAction":[{"@type":"SearchAction","target":{"@type":"EntryPoint","urlTemplate":"https:\/\/www.casadellibro.com\/blog\/?s={search_term_string}"},"query-input":{"@type":"PropertyValueSpecification","valueRequired":true,"valueName":"search_term_string"}}],"inLanguage":"es"},{"@type":"Organization","@id":"https:\/\/www.casadellibro.com\/blog\/#organization","name":"Blog Casa del Libro","url":"https:\/\/www.casadellibro.com\/blog\/","logo":{"@type":"ImageObject","inLanguage":"es","@id":"https:\/\/www.casadellibro.com\/blog\/#\/schema\/logo\/image\/","url":"https:\/\/www.casadellibro.com\/blog\/wp-content\/uploads\/2022\/04\/cropped-image-2-300x98-1.png","contentUrl":"https:\/\/www.casadellibro.com\/blog\/wp-content\/uploads\/2022\/04\/cropped-image-2-300x98-1.png","width":300,"height":98,"caption":"Blog Casa del Libro"},"image":{"@id":"https:\/\/www.casadellibro.com\/blog\/#\/schema\/logo\/image\/"},"sameAs":["https:\/\/www.facebook.com\/casadellibro","https:\/\/x.com\/casadellibro","https:\/\/www.youtube.com\/user\/casadellibropuntocom","https:\/\/es.pinterest.com\/casadellibro\/","https:\/\/open.spotify.com\/user\/wi2k27ijtmw114f531okf8nd4?si=JEaWkM75S56kXufnbmExww&nd=1&dlsi=6959f4c0a6474806"]},{"@type":"Person","@id":"https:\/\/www.casadellibro.com\/blog\/#\/schema\/person\/8c2de9f0293fd8de66994e65f9e4f1f4","name":"Casa del Libro","image":{"@type":"ImageObject","inLanguage":"es","@id":"https:\/\/www.casadellibro.com\/blog\/#\/schema\/person\/image\/","url":"https:\/\/secure.gravatar.com\/avatar\/6d28c33e7fb769449e406e87e48052cc?s=96&d=identicon&r=g","contentUrl":"https:\/\/secure.gravatar.com\/avatar\/6d28c33e7fb769449e406e87e48052cc?s=96&d=identicon&r=g","caption":"Casa del Libro"},"sameAs":["https:\/\/www.casadellibro.com"]}]}},"_links":{"self":[{"href":"https:\/\/www.casadellibro.com\/blog\/wp-json\/wp\/v2\/posts\/20271","targetHints":{"allow":["GET"]}}],"collection":[{"href":"https:\/\/www.casadellibro.com\/blog\/wp-json\/wp\/v2\/posts"}],"about":[{"href":"https:\/\/www.casadellibro.com\/blog\/wp-json\/wp\/v2\/types\/post"}],"author":[{"embeddable":true,"href":"https:\/\/www.casadellibro.com\/blog\/wp-json\/wp\/v2\/users\/11"}],"replies":[{"embeddable":true,"href":"https:\/\/www.casadellibro.com\/blog\/wp-json\/wp\/v2\/comments?post=20271"}],"version-history":[{"count":0,"href":"https:\/\/www.casadellibro.com\/blog\/wp-json\/wp\/v2\/posts\/20271\/revisions"}],"wp:featuredmedia":[{"embeddable":true,"href":"https:\/\/www.casadellibro.com\/blog\/wp-json\/wp\/v2\/media\/20272"}],"wp:attachment":[{"href":"https:\/\/www.casadellibro.com\/blog\/wp-json\/wp\/v2\/media?parent=20271"}],"wp:term":[{"taxonomy":"category","embeddable":true,"href":"https:\/\/www.casadellibro.com\/blog\/wp-json\/wp\/v2\/categories?post=20271"},{"taxonomy":"post_tag","embeddable":true,"href":"https:\/\/www.casadellibro.com\/blog\/wp-json\/wp\/v2\/tags?post=20271"}],"curies":[{"name":"wp","href":"https:\/\/api.w.org\/{rel}","templated":true}]}}