{"id":20957,"date":"2021-11-16T14:34:51","date_gmt":"2021-11-16T13:34:51","guid":{"rendered":"https:\/\/blogcdl-old.azurewebsites.net\/?p=20957"},"modified":"2025-02-06T12:05:15","modified_gmt":"2025-02-06T11:05:15","slug":"leer-un-pais-noviembre-el-caribe","status":"publish","type":"post","link":"https:\/\/www.casadellibro.com\/blog\/leer-un-pais-noviembre-el-caribe\/","title":{"rendered":"Leer un pa\u00eds noviembre: \u00abEl caribe\u00bb"},"content":{"rendered":"\n<p><a href=\"https:\/\/www.casadellibro.com\/blog\/leer-un-pais-abril-japon\/\">Jap\u00f3n<\/a>, <a href=\"https:\/\/www.casadellibro.com\/blog\/leer-un-pais-irlanda\/\">Irlanda<\/a>, <a href=\"https:\/\/www.casadellibro.com\/blog\/leer-un-pais-agosto-egipto\/\">Egipto<\/a>, <a href=\"https:\/\/www.casadellibro.com\/blog\/leer-un-pais-octubre-estados-unidos\/\">Estados Unidos<\/a>\u2026 muchos han sido los pa\u00edses que hemos explorado con una alta repercusi\u00f3n hist\u00f3rica, aunque pocos con tanto encanto como el destino que visitamos, literariamente, este mes.<\/p>\n\n\n\n<p>&nbsp; &nbsp; Ninguna otra regi\u00f3n est\u00e1 tan vinculada a los piratas como las Islas Caim\u00e1n. Bautizadas como Las Tortugas por Crist\u00f3bal Col\u00f3n en 1503, fueron utilizadas como base por corsarios ingleses y como refugio predilecto de piratas a partir del siglo XVIII. Cada mes de noviembre vuelven con el <strong>Pirates Week Festival<\/strong>: fiestas nocturnas, concursos de disfraces, m\u00fasica y eventos de todo tipo durante tres fines de semana en cada una de las tres islas para diversi\u00f3n de los 35000 visitantes que cada a\u00f1o se desplazan hasta all\u00ed.<\/p>\n\n\n\n<p>&nbsp;&nbsp;&nbsp;&nbsp;&nbsp;&nbsp;&nbsp;&nbsp;&nbsp;&nbsp;&nbsp; En noviembre nos vamos al <strong>Caribe<\/strong>.<\/p>\n\n\n\n<p><strong><u>LOS MEJORES LIBROS SOBRE EL CARIBE: ESCOGE TU RUTA<\/u><\/strong><\/p>\n\n\n\n<ol class=\"wp-block-list\"><li><a title=\"La isla de las mil fuentes\" href=\"https:\/\/www.casadellibro.com\/libro-la-isla-de-las-mil-fuentes-bilogia-jamaicana-1\/9788466653237\/2089757\"><em><strong>La isla de las mil fuentes<\/strong>.<\/em><\/a> <a href=\"https:\/\/www.casadellibro.com\/libros-ebooks\/sarah-lark\/146226\">Sarah Lark<\/a>&nbsp;<\/li><\/ol>\n\n\n\n<p>M\u00e1s conocida por sus novelas sobre Nueva Zelanda, Sarah Lark nos transporta en este libro al Caribe, con una historia ambientada en Jamaica, con el mismo estilo al que ya nos tiene habituados. Imprescindible para los fans de la autora.<\/p>\n\n\n\n<ol class=\"wp-block-list\" start=\"2\"><li><a title=\"La isla del tesoro\" href=\"https:\/\/www.casadellibro.com\/libro-la-isla-del-tesoro\/9788494416019\/2605069\"><em><strong>La isla del tesoro<\/strong>.<\/em><\/a> <a href=\"https:\/\/www.casadellibro.com\/libros-ebooks\/robert-louis-stevenson\/204\">Robert Louis Stevenson<\/a>&nbsp;<\/li><\/ol>\n\n\n\n<p>Un cl\u00e1sico de la literatura contempor\u00e1nea en una preciosa edici\u00f3n de Los Libros del Zorro Rojo, con ilustraciones de Ralph Steadman, que har\u00e1 las delicias de j\u00f3venes y adultos.<\/p>\n\n\n\n<ol class=\"wp-block-list\" start=\"3\"><li><em><a title=\"Entre p\u00f3lvora y canela\" href=\"https:\/\/www.casadellibro.com\/libro-entre-polvora-y-canela\/9788498388060\/5559732\"><strong>Entre p\u00f3lvora y canela<\/strong><\/a><\/em>. <a href=\"https:\/\/www.casadellibro.com\/libros-ebooks\/eli-brown\/20112778\">Eli Brown<\/a>&nbsp;<\/li><\/ol>\n\n\n\n<p>Parece complicado que de mezclar piratas con gourmets pueda salir algo bueno, pero Eli Brown lo consigue sobradamente con esta novela en la que combina magistralmente aventuras de v\u00e9rtigo con personajes carism\u00e1ticos y una lectura adictiva. No te decpecionar\u00e1.<\/p>\n\n\n\n<ol class=\"wp-block-list\" start=\"4\"><li><a title=\"El pirata\" href=\"https:\/\/www.casadellibro.com\/libro-el-pirata\/9788467027136\/1176498\"><em><strong>El pirata<\/strong>.<\/em><\/a> <a href=\"https:\/\/www.casadellibro.com\/libros-ebooks\/walter-scott\/18585\">Walter Scott<\/a>&nbsp;<\/li><\/ol>\n\n\n\n<p>\u00bfPuede un pirata llegar a retirarse? El protagonista de esta novela de Walter Scott lo intentar\u00e1 en las lejanas Shetland. Un gran cl\u00e1sico contempor\u00e1neo de lectura imprescindible.<\/p>\n\n\n\n<ol class=\"wp-block-list\" start=\"5\"><li><em><a title=\"El h\u00e9roe del Caribe\" href=\"https:\/\/www.casadellibro.com\/libro-el-heroe-del-caribe\/9788417797713\/10047094\"><strong>El h\u00e9roe del Caribe<\/strong>.<\/a><\/em> Juan P\u00e9rez-Foncea&nbsp;<\/li><\/ol>\n\n\n\n<p>Juan P\u00e9rez-Foncea relata con gran maestr\u00eda la \u00faltima batalla de Blas de Lezo contra los ingleses. Una historia rigurosamente documentada y de \u00e1gil lectura, que atrapa desde las primeras p\u00e1ginas.<\/p>\n\n\n\n<ol class=\"wp-block-list\" start=\"6\"><li><a title=\"La leyenda de los dos piratas\" href=\"https:\/\/www.casadellibro.com\/libro-la-leyenda-de-las-dos-piratas\/9788408172475\/5342513\"><em><strong>La leyenda de las dos piratas<\/strong>.<\/em><\/a> <a href=\"https:\/\/www.casadellibro.com\/libros-ebooks\/maria-vila\/20099219\">Mar\u00eda Vila<\/a>&nbsp;<\/li><\/ol>\n\n\n\n<p>Intriga, aventuras y amor desbordan las p\u00e1ginas de esta historia, en la que Mar\u00eda Vila se hace eco de todas las mujeres que, en un tiempo de hombres, decidieron hacerse a los mares como intr\u00e9pidas piratas.<\/p>\n\n\n\n<p>Patricia Pousada de Casa del Libro Vigo<\/p>\n","protected":false},"excerpt":{"rendered":"<p>Jap\u00f3n, Irlanda, Egipto, Estados Unidos\u2026 muchos han sido los pa\u00edses que hemos explorado con una alta repercusi\u00f3n hist\u00f3rica, aunque pocos con tanto encanto como el destino que visitamos, literariamente, este mes. &nbsp; &nbsp; Ninguna otra regi\u00f3n est\u00e1 tan vinculada a los piratas como las Islas Caim\u00e1n. Bautizadas como Las Tortugas por Crist\u00f3bal Col\u00f3n en 1503, [&hellip;]<\/p>\n","protected":false},"author":11,"featured_media":26946,"comment_status":"open","ping_status":"open","sticky":false,"template":"","format":"standard","meta":{"tdm_status":"","tdm_grid_status":"","footnotes":""},"categories":[1364,1365],"tags":[259,33,260,261,262,263,264],"class_list":{"0":"post-20957","1":"post","2":"type-post","3":"status-publish","4":"format-standard","5":"has-post-thumbnail","7":"category-hablamos-de-libros","8":"category-viajes","9":"tag-caribe","10":"tag-casa-del-libro","11":"tag-libros-noviembre","12":"tag-libros-recomendados","13":"tag-libros-sobre-el-caribe","14":"tag-viaja-a-traves-de-los-libros","15":"tag-viaja-sin-salir-de-casa"},"yoast_head":"<!-- This site is optimized with the Yoast SEO plugin v26.8 - https:\/\/yoast.com\/product\/yoast-seo-wordpress\/ -->\n<title>Leer un pa\u00eds noviembre: &quot;El caribe&quot; | Casa del Libro<\/title>\n<meta name=\"robots\" content=\"index, follow, max-snippet:-1, max-image-preview:large, max-video-preview:-1\" \/>\n<link rel=\"canonical\" href=\"https:\/\/www.casadellibro.com\/blog\/leer-un-pais-noviembre-el-caribe\/\" \/>\n<meta property=\"og:locale\" content=\"es_ES\" \/>\n<meta property=\"og:type\" content=\"article\" \/>\n<meta property=\"og:title\" content=\"Leer un pa\u00eds noviembre: &quot;El caribe&quot; | Casa del Libro\" \/>\n<meta property=\"og:description\" content=\"Jap\u00f3n, Irlanda, Egipto, Estados Unidos\u2026 muchos han sido los pa\u00edses que hemos explorado con una alta repercusi\u00f3n hist\u00f3rica, aunque pocos con tanto encanto como el destino que visitamos, literariamente, este mes. &nbsp; &nbsp; Ninguna otra regi\u00f3n est\u00e1 tan vinculada a los piratas como las Islas Caim\u00e1n. Bautizadas como Las Tortugas por Crist\u00f3bal Col\u00f3n en 1503, [&hellip;]\" \/>\n<meta property=\"og:url\" content=\"https:\/\/www.casadellibro.com\/blog\/leer-un-pais-noviembre-el-caribe\/\" \/>\n<meta property=\"og:site_name\" content=\"Blog Casa del Libro\" \/>\n<meta property=\"article:publisher\" content=\"https:\/\/www.facebook.com\/casadellibro\" \/>\n<meta property=\"article:published_time\" content=\"2021-11-16T13:34:51+00:00\" \/>\n<meta property=\"article:modified_time\" content=\"2025-02-06T11:05:15+00:00\" \/>\n<meta property=\"og:image\" content=\"https:\/\/www.casadellibro.com\/blog\/wp-content\/uploads\/2021\/11\/BLOG-2025-02-06T120440.325.webp\" \/>\n\t<meta property=\"og:image:width\" content=\"1200\" \/>\n\t<meta property=\"og:image:height\" content=\"678\" \/>\n\t<meta property=\"og:image:type\" content=\"image\/webp\" \/>\n<meta name=\"author\" content=\"Casa del Libro\" \/>\n<meta name=\"twitter:card\" content=\"summary_large_image\" \/>\n<meta name=\"twitter:creator\" content=\"@casadellibro\" \/>\n<meta name=\"twitter:site\" content=\"@casadellibro\" \/>\n<meta name=\"twitter:label1\" content=\"Written by\" \/>\n\t<meta name=\"twitter:data1\" content=\"Casa del Libro\" \/>\n\t<meta name=\"twitter:label2\" content=\"Est. reading time\" \/>\n\t<meta name=\"twitter:data2\" content=\"2 minutos\" \/>\n<script type=\"application\/ld+json\" class=\"yoast-schema-graph\">{\"@context\":\"https:\/\/schema.org\",\"@graph\":[{\"@type\":\"Article\",\"@id\":\"https:\/\/www.casadellibro.com\/blog\/leer-un-pais-noviembre-el-caribe\/#article\",\"isPartOf\":{\"@id\":\"https:\/\/www.casadellibro.com\/blog\/leer-un-pais-noviembre-el-caribe\/\"},\"author\":{\"name\":\"Casa del Libro\",\"@id\":\"https:\/\/www.casadellibro.com\/blog\/#\/schema\/person\/8c2de9f0293fd8de66994e65f9e4f1f4\"},\"headline\":\"Leer un pa\u00eds noviembre: \u00abEl caribe\u00bb\",\"datePublished\":\"2021-11-16T13:34:51+00:00\",\"dateModified\":\"2025-02-06T11:05:15+00:00\",\"mainEntityOfPage\":{\"@id\":\"https:\/\/www.casadellibro.com\/blog\/leer-un-pais-noviembre-el-caribe\/\"},\"wordCount\":433,\"commentCount\":1,\"publisher\":{\"@id\":\"https:\/\/www.casadellibro.com\/blog\/#organization\"},\"image\":{\"@id\":\"https:\/\/www.casadellibro.com\/blog\/leer-un-pais-noviembre-el-caribe\/#primaryimage\"},\"thumbnailUrl\":\"https:\/\/www.casadellibro.com\/blog\/wp-content\/uploads\/2021\/11\/BLOG-2025-02-06T120440.325.webp\",\"keywords\":[\"caribe\",\"Casa del libro\",\"libros noviembre\",\"libros recomendados\",\"libros sobre el caribe\",\"viaja a trav\u00e9s de los libros\",\"viaja sin salir de casa\"],\"articleSection\":[\"Hablamos de libros\",\"Viajes\"],\"inLanguage\":\"es\",\"potentialAction\":[{\"@type\":\"CommentAction\",\"name\":\"Comment\",\"target\":[\"https:\/\/www.casadellibro.com\/blog\/leer-un-pais-noviembre-el-caribe\/#respond\"]}]},{\"@type\":\"WebPage\",\"@id\":\"https:\/\/www.casadellibro.com\/blog\/leer-un-pais-noviembre-el-caribe\/\",\"url\":\"https:\/\/www.casadellibro.com\/blog\/leer-un-pais-noviembre-el-caribe\/\",\"name\":\"Leer un pa\u00eds noviembre: \\\"El caribe\\\" | Casa del Libro\",\"isPartOf\":{\"@id\":\"https:\/\/www.casadellibro.com\/blog\/#website\"},\"primaryImageOfPage\":{\"@id\":\"https:\/\/www.casadellibro.com\/blog\/leer-un-pais-noviembre-el-caribe\/#primaryimage\"},\"image\":{\"@id\":\"https:\/\/www.casadellibro.com\/blog\/leer-un-pais-noviembre-el-caribe\/#primaryimage\"},\"thumbnailUrl\":\"https:\/\/www.casadellibro.com\/blog\/wp-content\/uploads\/2021\/11\/BLOG-2025-02-06T120440.325.webp\",\"datePublished\":\"2021-11-16T13:34:51+00:00\",\"dateModified\":\"2025-02-06T11:05:15+00:00\",\"breadcrumb\":{\"@id\":\"https:\/\/www.casadellibro.com\/blog\/leer-un-pais-noviembre-el-caribe\/#breadcrumb\"},\"inLanguage\":\"es\",\"potentialAction\":[{\"@type\":\"ReadAction\",\"target\":[\"https:\/\/www.casadellibro.com\/blog\/leer-un-pais-noviembre-el-caribe\/\"]}]},{\"@type\":\"ImageObject\",\"inLanguage\":\"es\",\"@id\":\"https:\/\/www.casadellibro.com\/blog\/leer-un-pais-noviembre-el-caribe\/#primaryimage\",\"url\":\"https:\/\/www.casadellibro.com\/blog\/wp-content\/uploads\/2021\/11\/BLOG-2025-02-06T120440.325.webp\",\"contentUrl\":\"https:\/\/www.casadellibro.com\/blog\/wp-content\/uploads\/2021\/11\/BLOG-2025-02-06T120440.325.webp\",\"width\":1200,\"height\":678},{\"@type\":\"BreadcrumbList\",\"@id\":\"https:\/\/www.casadellibro.com\/blog\/leer-un-pais-noviembre-el-caribe\/#breadcrumb\",\"itemListElement\":[{\"@type\":\"ListItem\",\"position\":1,\"name\":\"Casa del Libro\",\"item\":\"https:\/\/www.casadellibro.com\/blog\/\"},{\"@type\":\"ListItem\",\"position\":2,\"name\":\"Leer un pa\u00eds noviembre: \u00abEl caribe\u00bb\"}]},{\"@type\":\"WebSite\",\"@id\":\"https:\/\/www.casadellibro.com\/blog\/#website\",\"url\":\"https:\/\/www.casadellibro.com\/blog\/\",\"name\":\"Blog Casa del Libro\",\"description\":\"Descubre todas las novedades en eBooks, eReaders y Libros en el Blog oficial de Casa del Libro, recomendaciones en eBook, eReader y Libro online\",\"publisher\":{\"@id\":\"https:\/\/www.casadellibro.com\/blog\/#organization\"},\"potentialAction\":[{\"@type\":\"SearchAction\",\"target\":{\"@type\":\"EntryPoint\",\"urlTemplate\":\"https:\/\/www.casadellibro.com\/blog\/?s={search_term_string}\"},\"query-input\":{\"@type\":\"PropertyValueSpecification\",\"valueRequired\":true,\"valueName\":\"search_term_string\"}}],\"inLanguage\":\"es\"},{\"@type\":\"Organization\",\"@id\":\"https:\/\/www.casadellibro.com\/blog\/#organization\",\"name\":\"Blog Casa del Libro\",\"url\":\"https:\/\/www.casadellibro.com\/blog\/\",\"logo\":{\"@type\":\"ImageObject\",\"inLanguage\":\"es\",\"@id\":\"https:\/\/www.casadellibro.com\/blog\/#\/schema\/logo\/image\/\",\"url\":\"https:\/\/www.casadellibro.com\/blog\/wp-content\/uploads\/2022\/04\/cropped-image-2-300x98-1.png\",\"contentUrl\":\"https:\/\/www.casadellibro.com\/blog\/wp-content\/uploads\/2022\/04\/cropped-image-2-300x98-1.png\",\"width\":300,\"height\":98,\"caption\":\"Blog Casa del Libro\"},\"image\":{\"@id\":\"https:\/\/www.casadellibro.com\/blog\/#\/schema\/logo\/image\/\"},\"sameAs\":[\"https:\/\/www.facebook.com\/casadellibro\",\"https:\/\/x.com\/casadellibro\",\"https:\/\/www.youtube.com\/user\/casadellibropuntocom\",\"https:\/\/es.pinterest.com\/casadellibro\/\",\"https:\/\/open.spotify.com\/user\/wi2k27ijtmw114f531okf8nd4?si=JEaWkM75S56kXufnbmExww&nd=1&dlsi=6959f4c0a6474806\"]},{\"@type\":\"Person\",\"@id\":\"https:\/\/www.casadellibro.com\/blog\/#\/schema\/person\/8c2de9f0293fd8de66994e65f9e4f1f4\",\"name\":\"Casa del Libro\",\"image\":{\"@type\":\"ImageObject\",\"inLanguage\":\"es\",\"@id\":\"https:\/\/www.casadellibro.com\/blog\/#\/schema\/person\/image\/\",\"url\":\"https:\/\/secure.gravatar.com\/avatar\/6d28c33e7fb769449e406e87e48052cc?s=96&d=identicon&r=g\",\"contentUrl\":\"https:\/\/secure.gravatar.com\/avatar\/6d28c33e7fb769449e406e87e48052cc?s=96&d=identicon&r=g\",\"caption\":\"Casa del Libro\"},\"sameAs\":[\"https:\/\/www.casadellibro.com\"]}]}<\/script>\n<!-- \/ Yoast SEO plugin. -->","yoast_head_json":{"title":"Leer un pa\u00eds noviembre: \"El caribe\" | Casa del Libro","robots":{"index":"index","follow":"follow","max-snippet":"max-snippet:-1","max-image-preview":"max-image-preview:large","max-video-preview":"max-video-preview:-1"},"canonical":"https:\/\/www.casadellibro.com\/blog\/leer-un-pais-noviembre-el-caribe\/","og_locale":"es_ES","og_type":"article","og_title":"Leer un pa\u00eds noviembre: \"El caribe\" | Casa del Libro","og_description":"Jap\u00f3n, Irlanda, Egipto, Estados Unidos\u2026 muchos han sido los pa\u00edses que hemos explorado con una alta repercusi\u00f3n hist\u00f3rica, aunque pocos con tanto encanto como el destino que visitamos, literariamente, este mes. &nbsp; &nbsp; Ninguna otra regi\u00f3n est\u00e1 tan vinculada a los piratas como las Islas Caim\u00e1n. Bautizadas como Las Tortugas por Crist\u00f3bal Col\u00f3n en 1503, [&hellip;]","og_url":"https:\/\/www.casadellibro.com\/blog\/leer-un-pais-noviembre-el-caribe\/","og_site_name":"Blog Casa del Libro","article_publisher":"https:\/\/www.facebook.com\/casadellibro","article_published_time":"2021-11-16T13:34:51+00:00","article_modified_time":"2025-02-06T11:05:15+00:00","og_image":[{"width":1200,"height":678,"url":"https:\/\/www.casadellibro.com\/blog\/wp-content\/uploads\/2021\/11\/BLOG-2025-02-06T120440.325.webp","type":"image\/webp"}],"author":"Casa del Libro","twitter_card":"summary_large_image","twitter_creator":"@casadellibro","twitter_site":"@casadellibro","twitter_misc":{"Written by":"Casa del Libro","Est. reading time":"2 minutos"},"schema":{"@context":"https:\/\/schema.org","@graph":[{"@type":"Article","@id":"https:\/\/www.casadellibro.com\/blog\/leer-un-pais-noviembre-el-caribe\/#article","isPartOf":{"@id":"https:\/\/www.casadellibro.com\/blog\/leer-un-pais-noviembre-el-caribe\/"},"author":{"name":"Casa del Libro","@id":"https:\/\/www.casadellibro.com\/blog\/#\/schema\/person\/8c2de9f0293fd8de66994e65f9e4f1f4"},"headline":"Leer un pa\u00eds noviembre: \u00abEl caribe\u00bb","datePublished":"2021-11-16T13:34:51+00:00","dateModified":"2025-02-06T11:05:15+00:00","mainEntityOfPage":{"@id":"https:\/\/www.casadellibro.com\/blog\/leer-un-pais-noviembre-el-caribe\/"},"wordCount":433,"commentCount":1,"publisher":{"@id":"https:\/\/www.casadellibro.com\/blog\/#organization"},"image":{"@id":"https:\/\/www.casadellibro.com\/blog\/leer-un-pais-noviembre-el-caribe\/#primaryimage"},"thumbnailUrl":"https:\/\/www.casadellibro.com\/blog\/wp-content\/uploads\/2021\/11\/BLOG-2025-02-06T120440.325.webp","keywords":["caribe","Casa del libro","libros noviembre","libros recomendados","libros sobre el caribe","viaja a trav\u00e9s de los libros","viaja sin salir de casa"],"articleSection":["Hablamos de libros","Viajes"],"inLanguage":"es","potentialAction":[{"@type":"CommentAction","name":"Comment","target":["https:\/\/www.casadellibro.com\/blog\/leer-un-pais-noviembre-el-caribe\/#respond"]}]},{"@type":"WebPage","@id":"https:\/\/www.casadellibro.com\/blog\/leer-un-pais-noviembre-el-caribe\/","url":"https:\/\/www.casadellibro.com\/blog\/leer-un-pais-noviembre-el-caribe\/","name":"Leer un pa\u00eds noviembre: \"El caribe\" | Casa del Libro","isPartOf":{"@id":"https:\/\/www.casadellibro.com\/blog\/#website"},"primaryImageOfPage":{"@id":"https:\/\/www.casadellibro.com\/blog\/leer-un-pais-noviembre-el-caribe\/#primaryimage"},"image":{"@id":"https:\/\/www.casadellibro.com\/blog\/leer-un-pais-noviembre-el-caribe\/#primaryimage"},"thumbnailUrl":"https:\/\/www.casadellibro.com\/blog\/wp-content\/uploads\/2021\/11\/BLOG-2025-02-06T120440.325.webp","datePublished":"2021-11-16T13:34:51+00:00","dateModified":"2025-02-06T11:05:15+00:00","breadcrumb":{"@id":"https:\/\/www.casadellibro.com\/blog\/leer-un-pais-noviembre-el-caribe\/#breadcrumb"},"inLanguage":"es","potentialAction":[{"@type":"ReadAction","target":["https:\/\/www.casadellibro.com\/blog\/leer-un-pais-noviembre-el-caribe\/"]}]},{"@type":"ImageObject","inLanguage":"es","@id":"https:\/\/www.casadellibro.com\/blog\/leer-un-pais-noviembre-el-caribe\/#primaryimage","url":"https:\/\/www.casadellibro.com\/blog\/wp-content\/uploads\/2021\/11\/BLOG-2025-02-06T120440.325.webp","contentUrl":"https:\/\/www.casadellibro.com\/blog\/wp-content\/uploads\/2021\/11\/BLOG-2025-02-06T120440.325.webp","width":1200,"height":678},{"@type":"BreadcrumbList","@id":"https:\/\/www.casadellibro.com\/blog\/leer-un-pais-noviembre-el-caribe\/#breadcrumb","itemListElement":[{"@type":"ListItem","position":1,"name":"Casa del Libro","item":"https:\/\/www.casadellibro.com\/blog\/"},{"@type":"ListItem","position":2,"name":"Leer un pa\u00eds noviembre: \u00abEl caribe\u00bb"}]},{"@type":"WebSite","@id":"https:\/\/www.casadellibro.com\/blog\/#website","url":"https:\/\/www.casadellibro.com\/blog\/","name":"Blog Casa del Libro","description":"Descubre todas las novedades en eBooks, eReaders y Libros en el Blog oficial de Casa del Libro, recomendaciones en eBook, eReader y Libro online","publisher":{"@id":"https:\/\/www.casadellibro.com\/blog\/#organization"},"potentialAction":[{"@type":"SearchAction","target":{"@type":"EntryPoint","urlTemplate":"https:\/\/www.casadellibro.com\/blog\/?s={search_term_string}"},"query-input":{"@type":"PropertyValueSpecification","valueRequired":true,"valueName":"search_term_string"}}],"inLanguage":"es"},{"@type":"Organization","@id":"https:\/\/www.casadellibro.com\/blog\/#organization","name":"Blog Casa del Libro","url":"https:\/\/www.casadellibro.com\/blog\/","logo":{"@type":"ImageObject","inLanguage":"es","@id":"https:\/\/www.casadellibro.com\/blog\/#\/schema\/logo\/image\/","url":"https:\/\/www.casadellibro.com\/blog\/wp-content\/uploads\/2022\/04\/cropped-image-2-300x98-1.png","contentUrl":"https:\/\/www.casadellibro.com\/blog\/wp-content\/uploads\/2022\/04\/cropped-image-2-300x98-1.png","width":300,"height":98,"caption":"Blog Casa del Libro"},"image":{"@id":"https:\/\/www.casadellibro.com\/blog\/#\/schema\/logo\/image\/"},"sameAs":["https:\/\/www.facebook.com\/casadellibro","https:\/\/x.com\/casadellibro","https:\/\/www.youtube.com\/user\/casadellibropuntocom","https:\/\/es.pinterest.com\/casadellibro\/","https:\/\/open.spotify.com\/user\/wi2k27ijtmw114f531okf8nd4?si=JEaWkM75S56kXufnbmExww&nd=1&dlsi=6959f4c0a6474806"]},{"@type":"Person","@id":"https:\/\/www.casadellibro.com\/blog\/#\/schema\/person\/8c2de9f0293fd8de66994e65f9e4f1f4","name":"Casa del Libro","image":{"@type":"ImageObject","inLanguage":"es","@id":"https:\/\/www.casadellibro.com\/blog\/#\/schema\/person\/image\/","url":"https:\/\/secure.gravatar.com\/avatar\/6d28c33e7fb769449e406e87e48052cc?s=96&d=identicon&r=g","contentUrl":"https:\/\/secure.gravatar.com\/avatar\/6d28c33e7fb769449e406e87e48052cc?s=96&d=identicon&r=g","caption":"Casa del Libro"},"sameAs":["https:\/\/www.casadellibro.com"]}]}},"_links":{"self":[{"href":"https:\/\/www.casadellibro.com\/blog\/wp-json\/wp\/v2\/posts\/20957","targetHints":{"allow":["GET"]}}],"collection":[{"href":"https:\/\/www.casadellibro.com\/blog\/wp-json\/wp\/v2\/posts"}],"about":[{"href":"https:\/\/www.casadellibro.com\/blog\/wp-json\/wp\/v2\/types\/post"}],"author":[{"embeddable":true,"href":"https:\/\/www.casadellibro.com\/blog\/wp-json\/wp\/v2\/users\/11"}],"replies":[{"embeddable":true,"href":"https:\/\/www.casadellibro.com\/blog\/wp-json\/wp\/v2\/comments?post=20957"}],"version-history":[{"count":0,"href":"https:\/\/www.casadellibro.com\/blog\/wp-json\/wp\/v2\/posts\/20957\/revisions"}],"wp:featuredmedia":[{"embeddable":true,"href":"https:\/\/www.casadellibro.com\/blog\/wp-json\/wp\/v2\/media\/26946"}],"wp:attachment":[{"href":"https:\/\/www.casadellibro.com\/blog\/wp-json\/wp\/v2\/media?parent=20957"}],"wp:term":[{"taxonomy":"category","embeddable":true,"href":"https:\/\/www.casadellibro.com\/blog\/wp-json\/wp\/v2\/categories?post=20957"},{"taxonomy":"post_tag","embeddable":true,"href":"https:\/\/www.casadellibro.com\/blog\/wp-json\/wp\/v2\/tags?post=20957"}],"curies":[{"name":"wp","href":"https:\/\/api.w.org\/{rel}","templated":true}]}}