{"id":2197,"date":"2012-12-26T12:01:14","date_gmt":"2012-12-26T11:01:14","guid":{"rendered":"http:\/\/noticiascasadellibro.es\/?p=2197"},"modified":"2012-12-26T12:01:14","modified_gmt":"2012-12-26T11:01:14","slug":"como-acertar-estas-navidades-con-el-libro-adecuado","status":"publish","type":"post","link":"https:\/\/www.casadellibro.com\/blog\/como-acertar-estas-navidades-con-el-libro-adecuado\/","title":{"rendered":"\u00bfC\u00f3mo acertar estas navidades con el libro adecuado?"},"content":{"rendered":"<p>\u00bfBuscas un buen libro que reglar en estas fechas? Aqu\u00ed pod\u00e9is consultar algunas de las recomendaciones de nuestros libreros con las que no fallar\u00e9is:<\/p>\n<p><img loading=\"lazy\" decoding=\"async\" class=\"size-full wp-image-2204 alignleft\" src=\"http:\/\/noticiascasadellibro.es\/wp-content\/uploads\/2012\/12\/nombre-del-viento.jpg\" alt=\"El nombre del Viento\" width=\"136\" height=\"206\" \/><\/p>\n<p style=\"text-align: right;\"><b>Jes\u00fas Garc\u00eda Fern\u00e1ndez, <\/b>librero en la librer\u00eda de M\u00e1laga recomienda:<\/p>\n<p style=\"text-align: right;\"><b>\u201c<a href=\"http:\/\/www.casadellibro.com\/libro-el-nombre-del-viento\/9788401337208\/1252241\" target=\"_blank\" rel=\"noopener noreferrer\">El nombre del viento<\/a>\u201d, Patrick Rothfuss<\/b><\/p>\n<p style=\"text-align: right;\"><i>\u201cUna incre\u00edble historia que sumergir\u00e1 al lector en un mundo fant\u00e1stico ambientado a la perfecci\u00f3n. Rothfuss, renueva el t\u00e9rmino \u2018Fantas\u00eda \u00e9pica\u2019 y la lleva a un nivel personal donde seremos el protagonista de la aventura\u201d.<\/i><\/p>\n<p style=\"text-align: right;\">Tras el \u00e9xito de la primera entrega de esta trilog\u00eda Rothfuss dej\u00f3 su trabajo como profesor para centrarse en la escritura. La\u00a0<a href=\"http:\/\/www.casadellibro.com\/libro-el-temor-de-un-hombre-sabio\/9788401339639\/1872487\" target=\"_blank\" rel=\"noopener noreferrer\">segunda<\/a>\u00a0parte\u00a0no te defraudar\u00e1.<\/p>\n<p style=\"text-align: right;\">*Tambi\u00e9n disponible en <a href=\"http:\/\/www.casadellibro.com\/ebook-el-nombre-del-viento-ebook\/9788401352799\/1949441\" target=\"_blank\" rel=\"noopener noreferrer\">eBook<\/a>.<\/p>\n<p><img loading=\"lazy\" decoding=\"async\" class=\"size-full wp-image-2205 alignleft\" src=\"http:\/\/noticiascasadellibro.es\/wp-content\/uploads\/2012\/12\/victus.jpg\" alt=\"victus\" width=\"136\" height=\"206\" \/><\/p>\n<p style=\"text-align: right;\"><b>\u00c1urea Juan<\/b>, librera en la librer\u00eda de Barcelona de Rambla Catalunya recomineda:<b><br \/>\n<\/b><\/p>\n<p style=\"text-align: right;\"><b>\u201c<a href=\"http:\/\/www.casadellibro.com\/libro-victus-3-ed\/9788496735729\/2035456\" target=\"_blank\" rel=\"noopener noreferrer\">Victus<\/a>\u201d, \u00a0Albert S\u00e1nchez Pi\u00f1ol<\/b><\/p>\n<p style=\"text-align: right;\"><i>\u201cUna magna obra en la que se narra la Guerra de Sucesi\u00f3n y el sitio de Barcelona. Un libro intenso, que trasciende el g\u00e9nero y que atrapa al lector desde el primer momento\u201d.<\/i><\/p>\n<p style=\"text-align: right;\"><i><img loading=\"lazy\" decoding=\"async\" class=\"size-full wp-image-2206 alignleft\" src=\"http:\/\/noticiascasadellibro.es\/wp-content\/uploads\/2012\/12\/grandes-pechos.jpg\" alt=\"Grandes pechos amplias caderas\" width=\"136\" height=\"206\" \/><\/i><\/p>\n<p style=\"text-align: right;\"><b>\u00a0 \u00a0V\u00edctor Fern\u00e1ndez<\/b>, librero de los\u00a0Servicios Centrales recomienda:<\/p>\n<p style=\"text-align: right;\"><b>\u00a0 \u00a0\u201c<a href=\"http:\/\/www.casadellibro.com\/libro-grandes-pechos-amplias-caderas\/9788489624269\/1143637\" target=\"_blank\" rel=\"noopener noreferrer\">Grandes pechos, anchas caderas<\/a>\u201d, Mo Yan<\/b><\/p>\n<p style=\"text-align: right;\"><i>\u00a0 \u00a0\u201cEl premio Nobel de literatura 2012 nos refleja en esta apasionante historia el valor de la figura \u00a0femenina en una sociedad patriarcal y opresora\u201d.<\/i><\/p>\n<p style=\"text-align: right;\"><b><img loading=\"lazy\" decoding=\"async\" class=\"size-full wp-image-2207 alignleft\" src=\"http:\/\/noticiascasadellibro.es\/wp-content\/uploads\/2012\/12\/tribunal-de-las-almas.jpg\" alt=\"El tribunal de las almas\" width=\"136\" height=\"206\" \/>Miriam Gal\u00e1n<\/b>, librera en la Librer\u00eda de Barcelona CC La Maquinista recomineda:<\/p>\n<p style=\"text-align: right;\"><b>\u201c<a href=\"http:\/\/www.casadellibro.com\/libro-el-tribunal-de-las-almas\/9788408007593\/1994464\" target=\"_blank\" rel=\"noopener noreferrer\">El tribunal de las almas<\/a>\u201d, Donato Carrisi<\/b><\/p>\n<p style=\"text-align: right;\"><i>\u201cLa segunda novela de Carrisi no deja indiferente. Cr\u00edmenes que no parecen tener soluci\u00f3n y en los que la mano ejecutora no siempre es la del ser humano. \u00bfY si la l\u00f3gica no siempre es la soluci\u00f3n? La Roma m\u00e1s oscura te espera\u201d.<\/i><\/p>\n<p style=\"text-align: left;\">Adem\u00e1s, encuentra los mejores c\u00f3mics de\u00a0<a title=\"tu manga online\" href=\"https:\/\/www.casadellibro.com\/libros\/comics\/manga\/411006000\">tu manga online<\/a>\u00a0disponibles en nuestra librer\u00eda.<\/p>\n","protected":false},"excerpt":{"rendered":"<p>\u00bfBuscas un buen libro que reglar en estas fechas? Aqu\u00ed pod\u00e9is consultar algunas de las recomendaciones de nuestros libreros con las que no fallar\u00e9is: Jes\u00fas Garc\u00eda Fern\u00e1ndez, librero en la librer\u00eda de M\u00e1laga recomienda: \u201cEl nombre del viento\u201d, Patrick Rothfuss \u201cUna incre\u00edble historia que sumergir\u00e1 al lector en un mundo fant\u00e1stico ambientado a la perfecci\u00f3n. [&hellip;]<\/p>\n","protected":false},"author":2,"featured_media":2232,"comment_status":"open","ping_status":"closed","sticky":false,"template":"","format":"standard","meta":{"tdm_status":"","tdm_grid_status":"","footnotes":""},"categories":[29],"tags":[52],"class_list":{"0":"post-2197","1":"post","2":"type-post","3":"status-publish","4":"format-standard","5":"has-post-thumbnail","7":"category-recomendaciones","8":"tag-navidad"},"yoast_head":"<!-- This site is optimized with the Yoast SEO plugin v26.8 - https:\/\/yoast.com\/product\/yoast-seo-wordpress\/ -->\n<title>\u00bfC\u00f3mo acertar estas navidades con el libro adecuado? | Casa del Libro<\/title>\n<meta name=\"robots\" content=\"index, follow, max-snippet:-1, max-image-preview:large, max-video-preview:-1\" \/>\n<link rel=\"canonical\" href=\"https:\/\/www.casadellibro.com\/blog\/como-acertar-estas-navidades-con-el-libro-adecuado\/\" \/>\n<meta property=\"og:locale\" content=\"es_ES\" \/>\n<meta property=\"og:type\" content=\"article\" \/>\n<meta property=\"og:title\" content=\"\u00bfC\u00f3mo acertar estas navidades con el libro adecuado? | Casa del Libro\" \/>\n<meta property=\"og:description\" content=\"\u00bfBuscas un buen libro que reglar en estas fechas? Aqu\u00ed pod\u00e9is consultar algunas de las recomendaciones de nuestros libreros con las que no fallar\u00e9is: Jes\u00fas Garc\u00eda Fern\u00e1ndez, librero en la librer\u00eda de M\u00e1laga recomienda: \u201cEl nombre del viento\u201d, Patrick Rothfuss \u201cUna incre\u00edble historia que sumergir\u00e1 al lector en un mundo fant\u00e1stico ambientado a la perfecci\u00f3n. [&hellip;]\" \/>\n<meta property=\"og:url\" content=\"https:\/\/www.casadellibro.com\/blog\/como-acertar-estas-navidades-con-el-libro-adecuado\/\" \/>\n<meta property=\"og:site_name\" content=\"Blog Casa del Libro\" \/>\n<meta property=\"article:publisher\" content=\"https:\/\/www.facebook.com\/casadellibro\" \/>\n<meta property=\"article:published_time\" content=\"2012-12-26T11:01:14+00:00\" \/>\n<meta property=\"og:image\" content=\"https:\/\/www.casadellibro.com\/blog\/wp-content\/uploads\/2025\/01\/Favicon.png\" \/>\n\t<meta property=\"og:image:width\" content=\"512\" \/>\n\t<meta property=\"og:image:height\" content=\"512\" \/>\n\t<meta property=\"og:image:type\" content=\"image\/png\" \/>\n<meta name=\"author\" content=\"Casa del Libro\" \/>\n<meta name=\"twitter:card\" content=\"summary_large_image\" \/>\n<meta name=\"twitter:creator\" content=\"@casadellibro\" \/>\n<meta name=\"twitter:site\" content=\"@casadellibro\" \/>\n<meta name=\"twitter:label1\" content=\"Written by\" \/>\n\t<meta name=\"twitter:data1\" content=\"Casa del Libro\" \/>\n\t<meta name=\"twitter:label2\" content=\"Est. reading time\" \/>\n\t<meta name=\"twitter:data2\" content=\"1 minuto\" \/>\n<script type=\"application\/ld+json\" class=\"yoast-schema-graph\">{\"@context\":\"https:\/\/schema.org\",\"@graph\":[{\"@type\":\"Article\",\"@id\":\"https:\/\/www.casadellibro.com\/blog\/como-acertar-estas-navidades-con-el-libro-adecuado\/#article\",\"isPartOf\":{\"@id\":\"https:\/\/www.casadellibro.com\/blog\/como-acertar-estas-navidades-con-el-libro-adecuado\/\"},\"author\":{\"name\":\"Casa del Libro\",\"@id\":\"https:\/\/www.casadellibro.com\/blog\/#\/schema\/person\/4c5249ad5735629a37e929060c823fe5\"},\"headline\":\"\u00bfC\u00f3mo acertar estas navidades con el libro adecuado?\",\"datePublished\":\"2012-12-26T11:01:14+00:00\",\"mainEntityOfPage\":{\"@id\":\"https:\/\/www.casadellibro.com\/blog\/como-acertar-estas-navidades-con-el-libro-adecuado\/\"},\"wordCount\":307,\"commentCount\":0,\"publisher\":{\"@id\":\"https:\/\/www.casadellibro.com\/blog\/#organization\"},\"image\":{\"@id\":\"https:\/\/www.casadellibro.com\/blog\/como-acertar-estas-navidades-con-el-libro-adecuado\/#primaryimage\"},\"thumbnailUrl\":\"\",\"keywords\":[\"Navidad\"],\"articleSection\":[\"Recomendaciones\"],\"inLanguage\":\"es\",\"potentialAction\":[{\"@type\":\"CommentAction\",\"name\":\"Comment\",\"target\":[\"https:\/\/www.casadellibro.com\/blog\/como-acertar-estas-navidades-con-el-libro-adecuado\/#respond\"]}]},{\"@type\":\"WebPage\",\"@id\":\"https:\/\/www.casadellibro.com\/blog\/como-acertar-estas-navidades-con-el-libro-adecuado\/\",\"url\":\"https:\/\/www.casadellibro.com\/blog\/como-acertar-estas-navidades-con-el-libro-adecuado\/\",\"name\":\"\u00bfC\u00f3mo acertar estas navidades con el libro adecuado? | Casa del Libro\",\"isPartOf\":{\"@id\":\"https:\/\/www.casadellibro.com\/blog\/#website\"},\"primaryImageOfPage\":{\"@id\":\"https:\/\/www.casadellibro.com\/blog\/como-acertar-estas-navidades-con-el-libro-adecuado\/#primaryimage\"},\"image\":{\"@id\":\"https:\/\/www.casadellibro.com\/blog\/como-acertar-estas-navidades-con-el-libro-adecuado\/#primaryimage\"},\"thumbnailUrl\":\"\",\"datePublished\":\"2012-12-26T11:01:14+00:00\",\"breadcrumb\":{\"@id\":\"https:\/\/www.casadellibro.com\/blog\/como-acertar-estas-navidades-con-el-libro-adecuado\/#breadcrumb\"},\"inLanguage\":\"es\",\"potentialAction\":[{\"@type\":\"ReadAction\",\"target\":[\"https:\/\/www.casadellibro.com\/blog\/como-acertar-estas-navidades-con-el-libro-adecuado\/\"]}]},{\"@type\":\"ImageObject\",\"inLanguage\":\"es\",\"@id\":\"https:\/\/www.casadellibro.com\/blog\/como-acertar-estas-navidades-con-el-libro-adecuado\/#primaryimage\",\"url\":\"\",\"contentUrl\":\"\"},{\"@type\":\"BreadcrumbList\",\"@id\":\"https:\/\/www.casadellibro.com\/blog\/como-acertar-estas-navidades-con-el-libro-adecuado\/#breadcrumb\",\"itemListElement\":[{\"@type\":\"ListItem\",\"position\":1,\"name\":\"Casa del Libro\",\"item\":\"https:\/\/www.casadellibro.com\/blog\/\"},{\"@type\":\"ListItem\",\"position\":2,\"name\":\"\u00bfC\u00f3mo acertar estas navidades con el libro adecuado?\"}]},{\"@type\":\"WebSite\",\"@id\":\"https:\/\/www.casadellibro.com\/blog\/#website\",\"url\":\"https:\/\/www.casadellibro.com\/blog\/\",\"name\":\"Blog Casa del Libro\",\"description\":\"Descubre todas las novedades en eBooks, eReaders y Libros en el Blog oficial de Casa del Libro, recomendaciones en eBook, eReader y Libro online\",\"publisher\":{\"@id\":\"https:\/\/www.casadellibro.com\/blog\/#organization\"},\"potentialAction\":[{\"@type\":\"SearchAction\",\"target\":{\"@type\":\"EntryPoint\",\"urlTemplate\":\"https:\/\/www.casadellibro.com\/blog\/?s={search_term_string}\"},\"query-input\":{\"@type\":\"PropertyValueSpecification\",\"valueRequired\":true,\"valueName\":\"search_term_string\"}}],\"inLanguage\":\"es\"},{\"@type\":\"Organization\",\"@id\":\"https:\/\/www.casadellibro.com\/blog\/#organization\",\"name\":\"Blog Casa del Libro\",\"url\":\"https:\/\/www.casadellibro.com\/blog\/\",\"logo\":{\"@type\":\"ImageObject\",\"inLanguage\":\"es\",\"@id\":\"https:\/\/www.casadellibro.com\/blog\/#\/schema\/logo\/image\/\",\"url\":\"https:\/\/www.casadellibro.com\/blog\/wp-content\/uploads\/2022\/04\/cropped-image-2-300x98-1.png\",\"contentUrl\":\"https:\/\/www.casadellibro.com\/blog\/wp-content\/uploads\/2022\/04\/cropped-image-2-300x98-1.png\",\"width\":300,\"height\":98,\"caption\":\"Blog Casa del Libro\"},\"image\":{\"@id\":\"https:\/\/www.casadellibro.com\/blog\/#\/schema\/logo\/image\/\"},\"sameAs\":[\"https:\/\/www.facebook.com\/casadellibro\",\"https:\/\/x.com\/casadellibro\",\"https:\/\/www.youtube.com\/user\/casadellibropuntocom\",\"https:\/\/es.pinterest.com\/casadellibro\/\",\"https:\/\/open.spotify.com\/user\/wi2k27ijtmw114f531okf8nd4?si=JEaWkM75S56kXufnbmExww&nd=1&dlsi=6959f4c0a6474806\"]},{\"@type\":\"Person\",\"@id\":\"https:\/\/www.casadellibro.com\/blog\/#\/schema\/person\/4c5249ad5735629a37e929060c823fe5\",\"name\":\"Casa del Libro\",\"image\":{\"@type\":\"ImageObject\",\"inLanguage\":\"es\",\"@id\":\"https:\/\/www.casadellibro.com\/blog\/#\/schema\/person\/image\/\",\"url\":\"https:\/\/secure.gravatar.com\/avatar\/1ac01d90ad8e35013aff9d51865aa025?s=96&d=identicon&r=g\",\"contentUrl\":\"https:\/\/secure.gravatar.com\/avatar\/1ac01d90ad8e35013aff9d51865aa025?s=96&d=identicon&r=g\",\"caption\":\"Casa del Libro\"}}]}<\/script>\n<!-- \/ Yoast SEO plugin. -->","yoast_head_json":{"title":"\u00bfC\u00f3mo acertar estas navidades con el libro adecuado? | Casa del Libro","robots":{"index":"index","follow":"follow","max-snippet":"max-snippet:-1","max-image-preview":"max-image-preview:large","max-video-preview":"max-video-preview:-1"},"canonical":"https:\/\/www.casadellibro.com\/blog\/como-acertar-estas-navidades-con-el-libro-adecuado\/","og_locale":"es_ES","og_type":"article","og_title":"\u00bfC\u00f3mo acertar estas navidades con el libro adecuado? | Casa del Libro","og_description":"\u00bfBuscas un buen libro que reglar en estas fechas? Aqu\u00ed pod\u00e9is consultar algunas de las recomendaciones de nuestros libreros con las que no fallar\u00e9is: Jes\u00fas Garc\u00eda Fern\u00e1ndez, librero en la librer\u00eda de M\u00e1laga recomienda: \u201cEl nombre del viento\u201d, Patrick Rothfuss \u201cUna incre\u00edble historia que sumergir\u00e1 al lector en un mundo fant\u00e1stico ambientado a la perfecci\u00f3n. [&hellip;]","og_url":"https:\/\/www.casadellibro.com\/blog\/como-acertar-estas-navidades-con-el-libro-adecuado\/","og_site_name":"Blog Casa del Libro","article_publisher":"https:\/\/www.facebook.com\/casadellibro","article_published_time":"2012-12-26T11:01:14+00:00","og_image":[{"width":512,"height":512,"url":"https:\/\/www.casadellibro.com\/blog\/wp-content\/uploads\/2025\/01\/Favicon.png","type":"image\/png"}],"author":"Casa del Libro","twitter_card":"summary_large_image","twitter_creator":"@casadellibro","twitter_site":"@casadellibro","twitter_misc":{"Written by":"Casa del Libro","Est. reading time":"1 minuto"},"schema":{"@context":"https:\/\/schema.org","@graph":[{"@type":"Article","@id":"https:\/\/www.casadellibro.com\/blog\/como-acertar-estas-navidades-con-el-libro-adecuado\/#article","isPartOf":{"@id":"https:\/\/www.casadellibro.com\/blog\/como-acertar-estas-navidades-con-el-libro-adecuado\/"},"author":{"name":"Casa del Libro","@id":"https:\/\/www.casadellibro.com\/blog\/#\/schema\/person\/4c5249ad5735629a37e929060c823fe5"},"headline":"\u00bfC\u00f3mo acertar estas navidades con el libro adecuado?","datePublished":"2012-12-26T11:01:14+00:00","mainEntityOfPage":{"@id":"https:\/\/www.casadellibro.com\/blog\/como-acertar-estas-navidades-con-el-libro-adecuado\/"},"wordCount":307,"commentCount":0,"publisher":{"@id":"https:\/\/www.casadellibro.com\/blog\/#organization"},"image":{"@id":"https:\/\/www.casadellibro.com\/blog\/como-acertar-estas-navidades-con-el-libro-adecuado\/#primaryimage"},"thumbnailUrl":"","keywords":["Navidad"],"articleSection":["Recomendaciones"],"inLanguage":"es","potentialAction":[{"@type":"CommentAction","name":"Comment","target":["https:\/\/www.casadellibro.com\/blog\/como-acertar-estas-navidades-con-el-libro-adecuado\/#respond"]}]},{"@type":"WebPage","@id":"https:\/\/www.casadellibro.com\/blog\/como-acertar-estas-navidades-con-el-libro-adecuado\/","url":"https:\/\/www.casadellibro.com\/blog\/como-acertar-estas-navidades-con-el-libro-adecuado\/","name":"\u00bfC\u00f3mo acertar estas navidades con el libro adecuado? | Casa del Libro","isPartOf":{"@id":"https:\/\/www.casadellibro.com\/blog\/#website"},"primaryImageOfPage":{"@id":"https:\/\/www.casadellibro.com\/blog\/como-acertar-estas-navidades-con-el-libro-adecuado\/#primaryimage"},"image":{"@id":"https:\/\/www.casadellibro.com\/blog\/como-acertar-estas-navidades-con-el-libro-adecuado\/#primaryimage"},"thumbnailUrl":"","datePublished":"2012-12-26T11:01:14+00:00","breadcrumb":{"@id":"https:\/\/www.casadellibro.com\/blog\/como-acertar-estas-navidades-con-el-libro-adecuado\/#breadcrumb"},"inLanguage":"es","potentialAction":[{"@type":"ReadAction","target":["https:\/\/www.casadellibro.com\/blog\/como-acertar-estas-navidades-con-el-libro-adecuado\/"]}]},{"@type":"ImageObject","inLanguage":"es","@id":"https:\/\/www.casadellibro.com\/blog\/como-acertar-estas-navidades-con-el-libro-adecuado\/#primaryimage","url":"","contentUrl":""},{"@type":"BreadcrumbList","@id":"https:\/\/www.casadellibro.com\/blog\/como-acertar-estas-navidades-con-el-libro-adecuado\/#breadcrumb","itemListElement":[{"@type":"ListItem","position":1,"name":"Casa del Libro","item":"https:\/\/www.casadellibro.com\/blog\/"},{"@type":"ListItem","position":2,"name":"\u00bfC\u00f3mo acertar estas navidades con el libro adecuado?"}]},{"@type":"WebSite","@id":"https:\/\/www.casadellibro.com\/blog\/#website","url":"https:\/\/www.casadellibro.com\/blog\/","name":"Blog Casa del Libro","description":"Descubre todas las novedades en eBooks, eReaders y Libros en el Blog oficial de Casa del Libro, recomendaciones en eBook, eReader y Libro online","publisher":{"@id":"https:\/\/www.casadellibro.com\/blog\/#organization"},"potentialAction":[{"@type":"SearchAction","target":{"@type":"EntryPoint","urlTemplate":"https:\/\/www.casadellibro.com\/blog\/?s={search_term_string}"},"query-input":{"@type":"PropertyValueSpecification","valueRequired":true,"valueName":"search_term_string"}}],"inLanguage":"es"},{"@type":"Organization","@id":"https:\/\/www.casadellibro.com\/blog\/#organization","name":"Blog Casa del Libro","url":"https:\/\/www.casadellibro.com\/blog\/","logo":{"@type":"ImageObject","inLanguage":"es","@id":"https:\/\/www.casadellibro.com\/blog\/#\/schema\/logo\/image\/","url":"https:\/\/www.casadellibro.com\/blog\/wp-content\/uploads\/2022\/04\/cropped-image-2-300x98-1.png","contentUrl":"https:\/\/www.casadellibro.com\/blog\/wp-content\/uploads\/2022\/04\/cropped-image-2-300x98-1.png","width":300,"height":98,"caption":"Blog Casa del Libro"},"image":{"@id":"https:\/\/www.casadellibro.com\/blog\/#\/schema\/logo\/image\/"},"sameAs":["https:\/\/www.facebook.com\/casadellibro","https:\/\/x.com\/casadellibro","https:\/\/www.youtube.com\/user\/casadellibropuntocom","https:\/\/es.pinterest.com\/casadellibro\/","https:\/\/open.spotify.com\/user\/wi2k27ijtmw114f531okf8nd4?si=JEaWkM75S56kXufnbmExww&nd=1&dlsi=6959f4c0a6474806"]},{"@type":"Person","@id":"https:\/\/www.casadellibro.com\/blog\/#\/schema\/person\/4c5249ad5735629a37e929060c823fe5","name":"Casa del Libro","image":{"@type":"ImageObject","inLanguage":"es","@id":"https:\/\/www.casadellibro.com\/blog\/#\/schema\/person\/image\/","url":"https:\/\/secure.gravatar.com\/avatar\/1ac01d90ad8e35013aff9d51865aa025?s=96&d=identicon&r=g","contentUrl":"https:\/\/secure.gravatar.com\/avatar\/1ac01d90ad8e35013aff9d51865aa025?s=96&d=identicon&r=g","caption":"Casa del Libro"}}]}},"_links":{"self":[{"href":"https:\/\/www.casadellibro.com\/blog\/wp-json\/wp\/v2\/posts\/2197","targetHints":{"allow":["GET"]}}],"collection":[{"href":"https:\/\/www.casadellibro.com\/blog\/wp-json\/wp\/v2\/posts"}],"about":[{"href":"https:\/\/www.casadellibro.com\/blog\/wp-json\/wp\/v2\/types\/post"}],"author":[{"embeddable":true,"href":"https:\/\/www.casadellibro.com\/blog\/wp-json\/wp\/v2\/users\/2"}],"replies":[{"embeddable":true,"href":"https:\/\/www.casadellibro.com\/blog\/wp-json\/wp\/v2\/comments?post=2197"}],"version-history":[{"count":0,"href":"https:\/\/www.casadellibro.com\/blog\/wp-json\/wp\/v2\/posts\/2197\/revisions"}],"wp:featuredmedia":[{"embeddable":true,"href":"https:\/\/www.casadellibro.com\/blog\/wp-json\/"}],"wp:attachment":[{"href":"https:\/\/www.casadellibro.com\/blog\/wp-json\/wp\/v2\/media?parent=2197"}],"wp:term":[{"taxonomy":"category","embeddable":true,"href":"https:\/\/www.casadellibro.com\/blog\/wp-json\/wp\/v2\/categories?post=2197"},{"taxonomy":"post_tag","embeddable":true,"href":"https:\/\/www.casadellibro.com\/blog\/wp-json\/wp\/v2\/tags?post=2197"}],"curies":[{"name":"wp","href":"https:\/\/api.w.org\/{rel}","templated":true}]}}