{"id":24520,"date":"2023-10-10T09:27:46","date_gmt":"2023-10-10T07:27:46","guid":{"rendered":"https:\/\/www.casadellibro.com\/blog\/?p=24520"},"modified":"2025-02-04T10:23:33","modified_gmt":"2025-02-04T09:23:33","slug":"10-de-octubre-dia-mundial-de-la-salud-mental","status":"publish","type":"post","link":"https:\/\/www.casadellibro.com\/blog\/10-de-octubre-dia-mundial-de-la-salud-mental\/","title":{"rendered":"10 de octubre: D\u00eda Mundial de la Salud Mental"},"content":{"rendered":"\n<h2 class=\"wp-block-heading\"><strong>\u00bfCu\u00e1ntas veces al d\u00eda te paras a pensar en ti? \u00bfCu\u00e1nto inviertes en cuidar de tu salud mental?<\/strong> Hoy, D\u00eda de la Salud Mental queremos reflexionar sobre por qu\u00e9 es importante cuidar y proteger nuestra mente.<\/h2>\n\n\n\n<p>\u00daltimamente nos hemos acostumbrado a que en medios y redes sociales, nos resuenen, conceptos sobre nuestra <a href=\"https:\/\/www.casadellibro.com\/libros\/psicologia-y-pedagogia\/psicologia\/130006000\" target=\"_blank\" rel=\"noopener\" title=\"salud mental\">salud mental<\/a>, pero sinceramente creo, que destinamos poco tiempo a aprender m\u00e1s sobre ello y profundizar de verdad sobre ello. <\/p>\n\n\n\n<h3 class=\"wp-block-heading\">El estilo de vida fren\u00e9tico del siglo XXI<\/h3>\n\n\n\n<p>Vivimos en una constante queja, de la que estamos ya vacunados. Una queja hac\u00eda el estado de vida fren\u00e9tico al cu\u00e1l estamos sometidos los seres humanos de este siglo XXI. Pero poco son, aquellos que deciden salir de esa l\u00ednea trazada por la sociedad del \u201cYa\u201d, \u00abAhora\u201d, \u00abPara ayer\u00bb. Una exigencia, que viene acompa\u00f1ada de la mano de enfermedades mentales reales, y muy duras, como son la depresi\u00f3n o la ansiedad.<\/p>\n\n\n\n<p>Qu\u00e9 necesario es pararse a respirar y volver a encontrarse con uno mismo. Hace ya m\u00e1s de trece a\u00f1os, sufr\u00ed por primera vez un cuadro de ansiedad. Realmente no era consciente de qu\u00e9 me estaba sucediendo. Ten\u00eda 24 a\u00f1os y me encontraba en un momento de mi vida en el que todo deb\u00eda de hacerme feliz: estaba preparando mi boda y cursaba mi carrera de Magisterio con la que siempre hab\u00eda so\u00f1ado. Sin embargo, me sent\u00eda vac\u00eda. Un vac\u00edo con el que no pod\u00eda llegar a entender nada, ni siquiera a m\u00ed misma.<\/p>\n\n\n\n<h3 class=\"wp-block-heading\">Cuidar de nosotros para crear la persona que queremos ser<\/h3>\n\n\n\n<p>Fue entonces cuando empec\u00e9 a hacer terapia por primera vez. \u00bfCu\u00e1ntas personas siguen teniendo miedo de pronunciar esa palabra? Me abruma y asusta por partes iguales. Pensar que existan personas que todav\u00eda hoy consideren que ir a terapia es algo innecesario.<\/p>\n\n\n\n<p>Soy de las que cree, que todos deber\u00edamos de acudir m\u00ednimo una vez al mes. Visitar a tu <a href=\"https:\/\/www.casadellibro.com\/libros\/psicologia-y-pedagogia\/130000000\" target=\"_blank\" rel=\"noopener\" title=\"psic\u00f3logo\">psic\u00f3logo<\/a> hace sanar tu mente y sanar tu coraz\u00f3n. Y, de esto, se necesita mucho en un mundo cada vez m\u00e1s individualizado e insensibilizado.<\/p>\n\n\n\n<p>En mi caso, he podido ser consciente del porqu\u00e9 de mi sufrimiento diario ante cosas de la vida que antes no entend\u00eda. Tengo rasgos de persona PAS (Persona Altamente Sensible). Para aquellos que no conozcan mucho el tema, se trata de un tipo de personalidad la cu\u00e1l hace que vivas todo de una manera intensa. Es decir, tanto lo bueno como lo malo.\u00a0 Realmente, se trata de un don que tienen este tipo de personalidades, pero no quita a que va acompa\u00f1ado de un sufrimiento diario. Por ello, la importancia de tratarlo en consulta con tu psic\u00f3logo, de leer para conocer y as\u00ed, poder entenderte y vivir m\u00e1s feliz.<\/p>\n\n\n\n<p>Hace poco le\u00ed una frase que me gust\u00f3 mucho en el libro <em><a href=\"https:\/\/www.casadellibro.com\/libro-el-don-de-la-sensibilidad-las-personas-altamente-sensibles\/9788497772648\/1070925\" target=\"_blank\" rel=\"noopener\" title=\"El Don de la Sensiblilidad\">El Don de la Sensiblilidad<\/a>, <\/em>de <a href=\"https:\/\/www.casadellibro.com\/libros-ebooks\/elaine-aron\/112881\" target=\"_blank\" rel=\"noopener\" title=\"Elaine N. Aron\">Elaine N. Aron<\/a><em>. <\/em>En ella la autora, explicaba la de veces que nos encontramos en un ambiente laboral estresante y sobreactivador en el que se nos exige prosperar. Y ven\u00eda a decir as\u00ed\u00b4: \u201cEn cuanto comprendes tu verdadera vocaci\u00f3n, es tu propia intuici\u00f3n la que empieza a resolver problemas vocacionales concretos\u201d.<\/p>\n\n\n\n<h3 class=\"wp-block-heading\">No estamos solos. Las vivencias de otros nos ayudan a sanar<\/h3>\n\n\n\n<figure class=\"wp-block-gallery has-nested-images columns-default is-cropped wp-block-gallery-1 is-layout-flex wp-block-gallery-is-layout-flex\">\n<figure class=\"wp-block-image size-large\"><a href=\"https:\/\/www.casadellibro.com\/libro-detras-del-ruido\/9788408280507\/14163242\"><img loading=\"lazy\" decoding=\"async\" width=\"552\" height=\"838\" data-id=\"24535\" src=\"https:\/\/www.casadellibro.com\/blog\/wp-content\/uploads\/2023\/10\/Detras-del-ruido-2.jpg\" alt=\"\" class=\"wp-image-24535\" srcset=\"https:\/\/www.casadellibro.com\/blog\/wp-content\/uploads\/2023\/10\/Detras-del-ruido-2.jpg 552w, https:\/\/www.casadellibro.com\/blog\/wp-content\/uploads\/2023\/10\/Detras-del-ruido-2-198x300.jpg 198w\" sizes=\"auto, (max-width: 552px) 100vw, 552px\" \/><\/a><\/figure>\n\n\n\n<figure class=\"wp-block-image size-large\"><a href=\"https:\/\/www.casadellibro.com\/libro-la-historia-de-los-vertebrados\/9788439741695\/13479082\"><img loading=\"lazy\" decoding=\"async\" width=\"552\" height=\"941\" data-id=\"24536\" src=\"https:\/\/www.casadellibro.com\/blog\/wp-content\/uploads\/2023\/10\/la-historia-de-los-vertebrados-1.jpg\" alt=\"\" class=\"wp-image-24536\" srcset=\"https:\/\/www.casadellibro.com\/blog\/wp-content\/uploads\/2023\/10\/la-historia-de-los-vertebrados-1.jpg 552w, https:\/\/www.casadellibro.com\/blog\/wp-content\/uploads\/2023\/10\/la-historia-de-los-vertebrados-1-176x300.jpg 176w\" sizes=\"auto, (max-width: 552px) 100vw, 552px\" \/><\/a><\/figure>\n\n\n\n<figure class=\"wp-block-image size-large\"><a href=\"https:\/\/www.casadellibro.com\/libro-beber\/9788403523616\/13363790\"><img loading=\"lazy\" decoding=\"async\" width=\"552\" height=\"839\" data-id=\"24534\" src=\"https:\/\/www.casadellibro.com\/blog\/wp-content\/uploads\/2023\/10\/beber-2.jpg\" alt=\"\" class=\"wp-image-24534\" srcset=\"https:\/\/www.casadellibro.com\/blog\/wp-content\/uploads\/2023\/10\/beber-2.jpg 552w, https:\/\/www.casadellibro.com\/blog\/wp-content\/uploads\/2023\/10\/beber-2-197x300.jpg 197w\" sizes=\"auto, (max-width: 552px) 100vw, 552px\" \/><\/a><\/figure>\n\n\n\n<figure class=\"wp-block-image size-large\"><a href=\"https:\/\/www.casadellibro.com\/libro-todas-las-esquizofrenias\/9788418342745\/12830038\"><img loading=\"lazy\" decoding=\"async\" width=\"552\" height=\"846\" data-id=\"24537\" src=\"https:\/\/www.casadellibro.com\/blog\/wp-content\/uploads\/2023\/10\/todas-las-esquizofrenias-2.jpg\" alt=\"\" class=\"wp-image-24537\" srcset=\"https:\/\/www.casadellibro.com\/blog\/wp-content\/uploads\/2023\/10\/todas-las-esquizofrenias-2.jpg 552w, https:\/\/www.casadellibro.com\/blog\/wp-content\/uploads\/2023\/10\/todas-las-esquizofrenias-2-196x300.jpg 196w\" sizes=\"auto, (max-width: 552px) 100vw, 552px\" \/><\/a><\/figure>\n\n\n\n<figure class=\"wp-block-image size-large\"><a href=\"https:\/\/www.casadellibro.com\/libro-la-locura-como-superpoder\/9788448024260\/8520626\"><img loading=\"lazy\" decoding=\"async\" width=\"552\" height=\"853\" data-id=\"24533\" src=\"https:\/\/www.casadellibro.com\/blog\/wp-content\/uploads\/2023\/10\/la-locura-como-superpoder-2.jpg\" alt=\"\" class=\"wp-image-24533\" srcset=\"https:\/\/www.casadellibro.com\/blog\/wp-content\/uploads\/2023\/10\/la-locura-como-superpoder-2.jpg 552w, https:\/\/www.casadellibro.com\/blog\/wp-content\/uploads\/2023\/10\/la-locura-como-superpoder-2-194x300.jpg 194w\" sizes=\"auto, (max-width: 552px) 100vw, 552px\" \/><\/a><\/figure>\n\n\n\n<figure class=\"wp-block-image size-large\"><a href=\"https:\/\/www.casadellibro.com\/libro-bipolar-y-a-mucha-honra\/9788467066876\/13083988\"><img loading=\"lazy\" decoding=\"async\" width=\"552\" height=\"834\" data-id=\"24532\" src=\"https:\/\/www.casadellibro.com\/blog\/wp-content\/uploads\/2023\/10\/bipolar.jpg\" alt=\"\" class=\"wp-image-24532\" srcset=\"https:\/\/www.casadellibro.com\/blog\/wp-content\/uploads\/2023\/10\/bipolar.jpg 552w, https:\/\/www.casadellibro.com\/blog\/wp-content\/uploads\/2023\/10\/bipolar-199x300.jpg 199w\" sizes=\"auto, (max-width: 552px) 100vw, 552px\" \/><\/a><\/figure>\n<\/figure>\n\n\n\n<h3 class=\"wp-block-heading\">Trabaja e invierte en tu salud mental<\/h3>\n\n\n\n<p>Con ello, quiero decir que es tan importante cuidar de nosotros mismos para poder estar en paz y caminar hac\u00eda esa persona que queremos ser. No en caminar hacia la persona que quieren que seamos. De ah\u00ed a trabajar e invertir en uno mismo y en nuestra salud mental.<\/p>\n\n\n\n<p>Dedicar peque\u00f1os momentos del d\u00eda a hacer cosas que nos bajen el cortisol haciendo aquellas cosas que nos dan felicidad. Rodearnos de personas vitamina que nos aporten paz y nos acompa\u00f1en en d\u00edas en los que quiz\u00e1s est\u00e1s m\u00e1s d\u00e9bil, activando nuestra oxitocina, como bien dice <a href=\"https:\/\/www.casadellibro.com\/libros-ebooks\/marian-rojas\/20102563\" target=\"_blank\" rel=\"noopener\" title=\"Marian Rojas\">Marian Rojas<\/a> en su libro <em><a href=\"https:\/\/www.casadellibro.com\/libro-encuentra-tu-persona-vitamina\/9788467062212\/12381515\" target=\"_blank\" rel=\"noopener\" title=\"Encuentra tu persona vitamina\">Encuentra tu persona vitamina<\/a><\/em>. Encontrar en la lectura nuestro refugio con <a href=\"https:\/\/www.casadellibro.com\/blog\/buenas-lecturas-para-cuidarse-por-dentro-y-por-fuera\/\" target=\"_blank\" rel=\"noopener\" title=\"lecturas para autocuidarse por dentro y por fuera\">lecturas para autocuidarse por dentro y por fuera<\/a>.<\/p>\n\n\n\n<div class=\"wp-block-columns is-layout-flex wp-container-core-columns-is-layout-1 wp-block-columns-is-layout-flex\">\n<div class=\"wp-block-column is-layout-flow wp-block-column-is-layout-flow\">\n<figure class=\"wp-block-gallery has-nested-images columns-default is-cropped wp-block-gallery-2 is-layout-flex wp-block-gallery-is-layout-flex\">\n<figure class=\"wp-block-image size-large\"><a href=\"https:\/\/www.casadellibro.com\/libro-encuentra-tu-persona-vitamina\/9788467062212\/12381515\"><img loading=\"lazy\" decoding=\"async\" width=\"552\" height=\"835\" src=\"https:\/\/www.casadellibro.com\/blog\/wp-content\/uploads\/2023\/10\/persona-vitamina-rojas-estape.jpg\" alt=\"\" class=\"wp-image-24538\" srcset=\"https:\/\/www.casadellibro.com\/blog\/wp-content\/uploads\/2023\/10\/persona-vitamina-rojas-estape.jpg 552w, https:\/\/www.casadellibro.com\/blog\/wp-content\/uploads\/2023\/10\/persona-vitamina-rojas-estape-198x300.jpg 198w\" sizes=\"auto, (max-width: 552px) 100vw, 552px\" \/><\/a><\/figure>\n<\/figure>\n<\/div>\n\n\n\n<div class=\"wp-block-column is-layout-flow wp-block-column-is-layout-flow\">\n<figure class=\"wp-block-gallery has-nested-images columns-default is-cropped wp-block-gallery-3 is-layout-flex wp-block-gallery-is-layout-flex\">\n<figure class=\"wp-block-image size-large\"><a href=\"https:\/\/www.casadellibro.com\/libro-como-cuidar-la-salud-emocional\/9788419271495\/13185445\"><img loading=\"lazy\" decoding=\"async\" width=\"552\" height=\"918\" src=\"https:\/\/www.casadellibro.com\/blog\/wp-content\/uploads\/2023\/10\/como-cuidar-salud-mental.jpg\" alt=\"\" class=\"wp-image-24539\" srcset=\"https:\/\/www.casadellibro.com\/blog\/wp-content\/uploads\/2023\/10\/como-cuidar-salud-mental.jpg 552w, https:\/\/www.casadellibro.com\/blog\/wp-content\/uploads\/2023\/10\/como-cuidar-salud-mental-180x300.jpg 180w\" sizes=\"auto, (max-width: 552px) 100vw, 552px\" \/><\/a><\/figure>\n<\/figure>\n<\/div>\n\n\n\n<div class=\"wp-block-column is-layout-flow wp-block-column-is-layout-flow\">\n<figure class=\"wp-block-gallery has-nested-images columns-default is-cropped wp-block-gallery-4 is-layout-flex wp-block-gallery-is-layout-flex\">\n<figure class=\"wp-block-image size-large\"><a href=\"https:\/\/www.casadellibro.com\/libro-gracias-vida-y-que-hacemos-ahora-seguir-bailando\/9788418820489\/12789083\"><img loading=\"lazy\" decoding=\"async\" width=\"552\" height=\"747\" src=\"https:\/\/www.casadellibro.com\/blog\/wp-content\/uploads\/2023\/10\/gracias-vida.jpg\" alt=\"\" class=\"wp-image-24540\" srcset=\"https:\/\/www.casadellibro.com\/blog\/wp-content\/uploads\/2023\/10\/gracias-vida.jpg 552w, https:\/\/www.casadellibro.com\/blog\/wp-content\/uploads\/2023\/10\/gracias-vida-222x300.jpg 222w\" sizes=\"auto, (max-width: 552px) 100vw, 552px\" \/><\/a><\/figure>\n<\/figure>\n<\/div>\n<\/div>\n\n\n\n<p>A veces, es dif\u00edcil ser una persona sensible y vivir en un mundo que corre tan deprisa. Pero me siento feliz de poder invertir en mi <a href=\"https:\/\/www.casadellibro.com\/tu-puedes\" target=\"_blank\" rel=\"noopener\" title=\"salud mental\">salud mental<\/a> para sacar mi mejor versi\u00f3n y poder vivir la vida de una manera intensamente bonita.<\/p>\n\n\n\n<p><strong>\u00darsula S\u00e1nchez (@mycottonbaby)<\/strong><\/p>\n","protected":false},"excerpt":{"rendered":"<p>\u00bfCu\u00e1ntas veces al d\u00eda te paras a pensar en ti? \u00bfCu\u00e1nto inviertes en cuidar de tu salud mental? Hoy, D\u00eda de la Salud Mental queremos reflexionar sobre por qu\u00e9 es importante cuidar y proteger nuestra mente. \u00daltimamente nos hemos acostumbrado a que en medios y redes sociales, nos resuenen, conceptos sobre nuestra salud mental, pero [&hellip;]<\/p>\n","protected":false},"author":2,"featured_media":26718,"comment_status":"open","ping_status":"open","sticky":false,"template":"","format":"standard","meta":{"tdm_status":"","tdm_grid_status":"","footnotes":""},"categories":[4],"tags":[33,1264,1265],"class_list":{"0":"post-24520","1":"post","2":"type-post","3":"status-publish","4":"format-standard","5":"has-post-thumbnail","7":"category-actualidad","8":"tag-casa-del-libro","9":"tag-dia-mundial-de-la-salud-mental","10":"tag-salud-mental"},"yoast_head":"<!-- This site is optimized with the Yoast SEO plugin v26.8 - https:\/\/yoast.com\/product\/yoast-seo-wordpress\/ -->\n<title>10 de octubre: D\u00eda Mundial de la Salud Mental | Casa del Libro<\/title>\n<meta name=\"robots\" content=\"index, follow, max-snippet:-1, max-image-preview:large, max-video-preview:-1\" \/>\n<link rel=\"canonical\" href=\"https:\/\/www.casadellibro.com\/blog\/10-de-octubre-dia-mundial-de-la-salud-mental\/\" \/>\n<meta property=\"og:locale\" content=\"es_ES\" \/>\n<meta property=\"og:type\" content=\"article\" \/>\n<meta property=\"og:title\" content=\"10 de octubre: D\u00eda Mundial de la Salud Mental | Casa del Libro\" \/>\n<meta property=\"og:description\" content=\"\u00bfCu\u00e1ntas veces al d\u00eda te paras a pensar en ti? \u00bfCu\u00e1nto inviertes en cuidar de tu salud mental? Hoy, D\u00eda de la Salud Mental queremos reflexionar sobre por qu\u00e9 es importante cuidar y proteger nuestra mente. \u00daltimamente nos hemos acostumbrado a que en medios y redes sociales, nos resuenen, conceptos sobre nuestra salud mental, pero [&hellip;]\" \/>\n<meta property=\"og:url\" content=\"https:\/\/www.casadellibro.com\/blog\/10-de-octubre-dia-mundial-de-la-salud-mental\/\" \/>\n<meta property=\"og:site_name\" content=\"Blog Casa del Libro\" \/>\n<meta property=\"article:publisher\" content=\"https:\/\/www.facebook.com\/casadellibro\" \/>\n<meta property=\"article:published_time\" content=\"2023-10-10T07:27:46+00:00\" \/>\n<meta property=\"article:modified_time\" content=\"2025-02-04T09:23:33+00:00\" \/>\n<meta property=\"og:image\" content=\"https:\/\/www.casadellibro.com\/blog\/wp-content\/uploads\/2023\/10\/Dia-salud-mental-768x434.png-1.webp\" \/>\n\t<meta property=\"og:image:width\" content=\"768\" \/>\n\t<meta property=\"og:image:height\" content=\"434\" \/>\n\t<meta property=\"og:image:type\" content=\"image\/webp\" \/>\n<meta name=\"author\" content=\"Casa del Libro\" \/>\n<meta name=\"twitter:card\" content=\"summary_large_image\" \/>\n<meta name=\"twitter:creator\" content=\"@casadellibro\" \/>\n<meta name=\"twitter:site\" content=\"@casadellibro\" \/>\n<meta name=\"twitter:label1\" content=\"Written by\" \/>\n\t<meta name=\"twitter:data1\" content=\"Casa del Libro\" \/>\n\t<meta name=\"twitter:label2\" content=\"Est. reading time\" \/>\n\t<meta name=\"twitter:data2\" content=\"6 minutos\" \/>\n<script type=\"application\/ld+json\" class=\"yoast-schema-graph\">{\"@context\":\"https:\/\/schema.org\",\"@graph\":[{\"@type\":\"Article\",\"@id\":\"https:\/\/www.casadellibro.com\/blog\/10-de-octubre-dia-mundial-de-la-salud-mental\/#article\",\"isPartOf\":{\"@id\":\"https:\/\/www.casadellibro.com\/blog\/10-de-octubre-dia-mundial-de-la-salud-mental\/\"},\"author\":{\"name\":\"Casa del Libro\",\"@id\":\"https:\/\/www.casadellibro.com\/blog\/#\/schema\/person\/4c5249ad5735629a37e929060c823fe5\"},\"headline\":\"10 de octubre: D\u00eda Mundial de la Salud Mental\",\"datePublished\":\"2023-10-10T07:27:46+00:00\",\"dateModified\":\"2025-02-04T09:23:33+00:00\",\"mainEntityOfPage\":{\"@id\":\"https:\/\/www.casadellibro.com\/blog\/10-de-octubre-dia-mundial-de-la-salud-mental\/\"},\"wordCount\":756,\"commentCount\":0,\"publisher\":{\"@id\":\"https:\/\/www.casadellibro.com\/blog\/#organization\"},\"image\":{\"@id\":\"https:\/\/www.casadellibro.com\/blog\/10-de-octubre-dia-mundial-de-la-salud-mental\/#primaryimage\"},\"thumbnailUrl\":\"https:\/\/www.casadellibro.com\/blog\/wp-content\/uploads\/2023\/10\/Dia-salud-mental-768x434.png-1.webp\",\"keywords\":[\"Casa del libro\",\"dia mundial de la salud mental\",\"salud mental\"],\"articleSection\":[\"Actualidad\"],\"inLanguage\":\"es\",\"potentialAction\":[{\"@type\":\"CommentAction\",\"name\":\"Comment\",\"target\":[\"https:\/\/www.casadellibro.com\/blog\/10-de-octubre-dia-mundial-de-la-salud-mental\/#respond\"]}]},{\"@type\":\"WebPage\",\"@id\":\"https:\/\/www.casadellibro.com\/blog\/10-de-octubre-dia-mundial-de-la-salud-mental\/\",\"url\":\"https:\/\/www.casadellibro.com\/blog\/10-de-octubre-dia-mundial-de-la-salud-mental\/\",\"name\":\"10 de octubre: D\u00eda Mundial de la Salud Mental | Casa del Libro\",\"isPartOf\":{\"@id\":\"https:\/\/www.casadellibro.com\/blog\/#website\"},\"primaryImageOfPage\":{\"@id\":\"https:\/\/www.casadellibro.com\/blog\/10-de-octubre-dia-mundial-de-la-salud-mental\/#primaryimage\"},\"image\":{\"@id\":\"https:\/\/www.casadellibro.com\/blog\/10-de-octubre-dia-mundial-de-la-salud-mental\/#primaryimage\"},\"thumbnailUrl\":\"https:\/\/www.casadellibro.com\/blog\/wp-content\/uploads\/2023\/10\/Dia-salud-mental-768x434.png-1.webp\",\"datePublished\":\"2023-10-10T07:27:46+00:00\",\"dateModified\":\"2025-02-04T09:23:33+00:00\",\"breadcrumb\":{\"@id\":\"https:\/\/www.casadellibro.com\/blog\/10-de-octubre-dia-mundial-de-la-salud-mental\/#breadcrumb\"},\"inLanguage\":\"es\",\"potentialAction\":[{\"@type\":\"ReadAction\",\"target\":[\"https:\/\/www.casadellibro.com\/blog\/10-de-octubre-dia-mundial-de-la-salud-mental\/\"]}]},{\"@type\":\"ImageObject\",\"inLanguage\":\"es\",\"@id\":\"https:\/\/www.casadellibro.com\/blog\/10-de-octubre-dia-mundial-de-la-salud-mental\/#primaryimage\",\"url\":\"https:\/\/www.casadellibro.com\/blog\/wp-content\/uploads\/2023\/10\/Dia-salud-mental-768x434.png-1.webp\",\"contentUrl\":\"https:\/\/www.casadellibro.com\/blog\/wp-content\/uploads\/2023\/10\/Dia-salud-mental-768x434.png-1.webp\",\"width\":768,\"height\":434},{\"@type\":\"BreadcrumbList\",\"@id\":\"https:\/\/www.casadellibro.com\/blog\/10-de-octubre-dia-mundial-de-la-salud-mental\/#breadcrumb\",\"itemListElement\":[{\"@type\":\"ListItem\",\"position\":1,\"name\":\"Casa del Libro\",\"item\":\"https:\/\/www.casadellibro.com\/blog\/\"},{\"@type\":\"ListItem\",\"position\":2,\"name\":\"10 de octubre: D\u00eda Mundial de la Salud Mental\"}]},{\"@type\":\"WebSite\",\"@id\":\"https:\/\/www.casadellibro.com\/blog\/#website\",\"url\":\"https:\/\/www.casadellibro.com\/blog\/\",\"name\":\"Blog Casa del Libro\",\"description\":\"Descubre todas las novedades en eBooks, eReaders y Libros en el Blog oficial de Casa del Libro, recomendaciones en eBook, eReader y Libro online\",\"publisher\":{\"@id\":\"https:\/\/www.casadellibro.com\/blog\/#organization\"},\"potentialAction\":[{\"@type\":\"SearchAction\",\"target\":{\"@type\":\"EntryPoint\",\"urlTemplate\":\"https:\/\/www.casadellibro.com\/blog\/?s={search_term_string}\"},\"query-input\":{\"@type\":\"PropertyValueSpecification\",\"valueRequired\":true,\"valueName\":\"search_term_string\"}}],\"inLanguage\":\"es\"},{\"@type\":\"Organization\",\"@id\":\"https:\/\/www.casadellibro.com\/blog\/#organization\",\"name\":\"Blog Casa del Libro\",\"url\":\"https:\/\/www.casadellibro.com\/blog\/\",\"logo\":{\"@type\":\"ImageObject\",\"inLanguage\":\"es\",\"@id\":\"https:\/\/www.casadellibro.com\/blog\/#\/schema\/logo\/image\/\",\"url\":\"https:\/\/www.casadellibro.com\/blog\/wp-content\/uploads\/2022\/04\/cropped-image-2-300x98-1.png\",\"contentUrl\":\"https:\/\/www.casadellibro.com\/blog\/wp-content\/uploads\/2022\/04\/cropped-image-2-300x98-1.png\",\"width\":300,\"height\":98,\"caption\":\"Blog Casa del Libro\"},\"image\":{\"@id\":\"https:\/\/www.casadellibro.com\/blog\/#\/schema\/logo\/image\/\"},\"sameAs\":[\"https:\/\/www.facebook.com\/casadellibro\",\"https:\/\/x.com\/casadellibro\",\"https:\/\/www.youtube.com\/user\/casadellibropuntocom\",\"https:\/\/es.pinterest.com\/casadellibro\/\",\"https:\/\/open.spotify.com\/user\/wi2k27ijtmw114f531okf8nd4?si=JEaWkM75S56kXufnbmExww&nd=1&dlsi=6959f4c0a6474806\"]},{\"@type\":\"Person\",\"@id\":\"https:\/\/www.casadellibro.com\/blog\/#\/schema\/person\/4c5249ad5735629a37e929060c823fe5\",\"name\":\"Casa del Libro\",\"image\":{\"@type\":\"ImageObject\",\"inLanguage\":\"es\",\"@id\":\"https:\/\/www.casadellibro.com\/blog\/#\/schema\/person\/image\/\",\"url\":\"https:\/\/secure.gravatar.com\/avatar\/1ac01d90ad8e35013aff9d51865aa025?s=96&d=identicon&r=g\",\"contentUrl\":\"https:\/\/secure.gravatar.com\/avatar\/1ac01d90ad8e35013aff9d51865aa025?s=96&d=identicon&r=g\",\"caption\":\"Casa del Libro\"}}]}<\/script>\n<!-- \/ Yoast SEO plugin. -->","yoast_head_json":{"title":"10 de octubre: D\u00eda Mundial de la Salud Mental | Casa del Libro","robots":{"index":"index","follow":"follow","max-snippet":"max-snippet:-1","max-image-preview":"max-image-preview:large","max-video-preview":"max-video-preview:-1"},"canonical":"https:\/\/www.casadellibro.com\/blog\/10-de-octubre-dia-mundial-de-la-salud-mental\/","og_locale":"es_ES","og_type":"article","og_title":"10 de octubre: D\u00eda Mundial de la Salud Mental | Casa del Libro","og_description":"\u00bfCu\u00e1ntas veces al d\u00eda te paras a pensar en ti? \u00bfCu\u00e1nto inviertes en cuidar de tu salud mental? Hoy, D\u00eda de la Salud Mental queremos reflexionar sobre por qu\u00e9 es importante cuidar y proteger nuestra mente. \u00daltimamente nos hemos acostumbrado a que en medios y redes sociales, nos resuenen, conceptos sobre nuestra salud mental, pero [&hellip;]","og_url":"https:\/\/www.casadellibro.com\/blog\/10-de-octubre-dia-mundial-de-la-salud-mental\/","og_site_name":"Blog Casa del Libro","article_publisher":"https:\/\/www.facebook.com\/casadellibro","article_published_time":"2023-10-10T07:27:46+00:00","article_modified_time":"2025-02-04T09:23:33+00:00","og_image":[{"width":768,"height":434,"url":"https:\/\/www.casadellibro.com\/blog\/wp-content\/uploads\/2023\/10\/Dia-salud-mental-768x434.png-1.webp","type":"image\/webp"}],"author":"Casa del Libro","twitter_card":"summary_large_image","twitter_creator":"@casadellibro","twitter_site":"@casadellibro","twitter_misc":{"Written by":"Casa del Libro","Est. reading time":"6 minutos"},"schema":{"@context":"https:\/\/schema.org","@graph":[{"@type":"Article","@id":"https:\/\/www.casadellibro.com\/blog\/10-de-octubre-dia-mundial-de-la-salud-mental\/#article","isPartOf":{"@id":"https:\/\/www.casadellibro.com\/blog\/10-de-octubre-dia-mundial-de-la-salud-mental\/"},"author":{"name":"Casa del Libro","@id":"https:\/\/www.casadellibro.com\/blog\/#\/schema\/person\/4c5249ad5735629a37e929060c823fe5"},"headline":"10 de octubre: D\u00eda Mundial de la Salud Mental","datePublished":"2023-10-10T07:27:46+00:00","dateModified":"2025-02-04T09:23:33+00:00","mainEntityOfPage":{"@id":"https:\/\/www.casadellibro.com\/blog\/10-de-octubre-dia-mundial-de-la-salud-mental\/"},"wordCount":756,"commentCount":0,"publisher":{"@id":"https:\/\/www.casadellibro.com\/blog\/#organization"},"image":{"@id":"https:\/\/www.casadellibro.com\/blog\/10-de-octubre-dia-mundial-de-la-salud-mental\/#primaryimage"},"thumbnailUrl":"https:\/\/www.casadellibro.com\/blog\/wp-content\/uploads\/2023\/10\/Dia-salud-mental-768x434.png-1.webp","keywords":["Casa del libro","dia mundial de la salud mental","salud mental"],"articleSection":["Actualidad"],"inLanguage":"es","potentialAction":[{"@type":"CommentAction","name":"Comment","target":["https:\/\/www.casadellibro.com\/blog\/10-de-octubre-dia-mundial-de-la-salud-mental\/#respond"]}]},{"@type":"WebPage","@id":"https:\/\/www.casadellibro.com\/blog\/10-de-octubre-dia-mundial-de-la-salud-mental\/","url":"https:\/\/www.casadellibro.com\/blog\/10-de-octubre-dia-mundial-de-la-salud-mental\/","name":"10 de octubre: D\u00eda Mundial de la Salud Mental | Casa del Libro","isPartOf":{"@id":"https:\/\/www.casadellibro.com\/blog\/#website"},"primaryImageOfPage":{"@id":"https:\/\/www.casadellibro.com\/blog\/10-de-octubre-dia-mundial-de-la-salud-mental\/#primaryimage"},"image":{"@id":"https:\/\/www.casadellibro.com\/blog\/10-de-octubre-dia-mundial-de-la-salud-mental\/#primaryimage"},"thumbnailUrl":"https:\/\/www.casadellibro.com\/blog\/wp-content\/uploads\/2023\/10\/Dia-salud-mental-768x434.png-1.webp","datePublished":"2023-10-10T07:27:46+00:00","dateModified":"2025-02-04T09:23:33+00:00","breadcrumb":{"@id":"https:\/\/www.casadellibro.com\/blog\/10-de-octubre-dia-mundial-de-la-salud-mental\/#breadcrumb"},"inLanguage":"es","potentialAction":[{"@type":"ReadAction","target":["https:\/\/www.casadellibro.com\/blog\/10-de-octubre-dia-mundial-de-la-salud-mental\/"]}]},{"@type":"ImageObject","inLanguage":"es","@id":"https:\/\/www.casadellibro.com\/blog\/10-de-octubre-dia-mundial-de-la-salud-mental\/#primaryimage","url":"https:\/\/www.casadellibro.com\/blog\/wp-content\/uploads\/2023\/10\/Dia-salud-mental-768x434.png-1.webp","contentUrl":"https:\/\/www.casadellibro.com\/blog\/wp-content\/uploads\/2023\/10\/Dia-salud-mental-768x434.png-1.webp","width":768,"height":434},{"@type":"BreadcrumbList","@id":"https:\/\/www.casadellibro.com\/blog\/10-de-octubre-dia-mundial-de-la-salud-mental\/#breadcrumb","itemListElement":[{"@type":"ListItem","position":1,"name":"Casa del Libro","item":"https:\/\/www.casadellibro.com\/blog\/"},{"@type":"ListItem","position":2,"name":"10 de octubre: D\u00eda Mundial de la Salud Mental"}]},{"@type":"WebSite","@id":"https:\/\/www.casadellibro.com\/blog\/#website","url":"https:\/\/www.casadellibro.com\/blog\/","name":"Blog Casa del Libro","description":"Descubre todas las novedades en eBooks, eReaders y Libros en el Blog oficial de Casa del Libro, recomendaciones en eBook, eReader y Libro online","publisher":{"@id":"https:\/\/www.casadellibro.com\/blog\/#organization"},"potentialAction":[{"@type":"SearchAction","target":{"@type":"EntryPoint","urlTemplate":"https:\/\/www.casadellibro.com\/blog\/?s={search_term_string}"},"query-input":{"@type":"PropertyValueSpecification","valueRequired":true,"valueName":"search_term_string"}}],"inLanguage":"es"},{"@type":"Organization","@id":"https:\/\/www.casadellibro.com\/blog\/#organization","name":"Blog Casa del Libro","url":"https:\/\/www.casadellibro.com\/blog\/","logo":{"@type":"ImageObject","inLanguage":"es","@id":"https:\/\/www.casadellibro.com\/blog\/#\/schema\/logo\/image\/","url":"https:\/\/www.casadellibro.com\/blog\/wp-content\/uploads\/2022\/04\/cropped-image-2-300x98-1.png","contentUrl":"https:\/\/www.casadellibro.com\/blog\/wp-content\/uploads\/2022\/04\/cropped-image-2-300x98-1.png","width":300,"height":98,"caption":"Blog Casa del Libro"},"image":{"@id":"https:\/\/www.casadellibro.com\/blog\/#\/schema\/logo\/image\/"},"sameAs":["https:\/\/www.facebook.com\/casadellibro","https:\/\/x.com\/casadellibro","https:\/\/www.youtube.com\/user\/casadellibropuntocom","https:\/\/es.pinterest.com\/casadellibro\/","https:\/\/open.spotify.com\/user\/wi2k27ijtmw114f531okf8nd4?si=JEaWkM75S56kXufnbmExww&nd=1&dlsi=6959f4c0a6474806"]},{"@type":"Person","@id":"https:\/\/www.casadellibro.com\/blog\/#\/schema\/person\/4c5249ad5735629a37e929060c823fe5","name":"Casa del Libro","image":{"@type":"ImageObject","inLanguage":"es","@id":"https:\/\/www.casadellibro.com\/blog\/#\/schema\/person\/image\/","url":"https:\/\/secure.gravatar.com\/avatar\/1ac01d90ad8e35013aff9d51865aa025?s=96&d=identicon&r=g","contentUrl":"https:\/\/secure.gravatar.com\/avatar\/1ac01d90ad8e35013aff9d51865aa025?s=96&d=identicon&r=g","caption":"Casa del Libro"}}]}},"_links":{"self":[{"href":"https:\/\/www.casadellibro.com\/blog\/wp-json\/wp\/v2\/posts\/24520","targetHints":{"allow":["GET"]}}],"collection":[{"href":"https:\/\/www.casadellibro.com\/blog\/wp-json\/wp\/v2\/posts"}],"about":[{"href":"https:\/\/www.casadellibro.com\/blog\/wp-json\/wp\/v2\/types\/post"}],"author":[{"embeddable":true,"href":"https:\/\/www.casadellibro.com\/blog\/wp-json\/wp\/v2\/users\/2"}],"replies":[{"embeddable":true,"href":"https:\/\/www.casadellibro.com\/blog\/wp-json\/wp\/v2\/comments?post=24520"}],"version-history":[{"count":0,"href":"https:\/\/www.casadellibro.com\/blog\/wp-json\/wp\/v2\/posts\/24520\/revisions"}],"wp:featuredmedia":[{"embeddable":true,"href":"https:\/\/www.casadellibro.com\/blog\/wp-json\/wp\/v2\/media\/26718"}],"wp:attachment":[{"href":"https:\/\/www.casadellibro.com\/blog\/wp-json\/wp\/v2\/media?parent=24520"}],"wp:term":[{"taxonomy":"category","embeddable":true,"href":"https:\/\/www.casadellibro.com\/blog\/wp-json\/wp\/v2\/categories?post=24520"},{"taxonomy":"post_tag","embeddable":true,"href":"https:\/\/www.casadellibro.com\/blog\/wp-json\/wp\/v2\/tags?post=24520"}],"curies":[{"name":"wp","href":"https:\/\/api.w.org\/{rel}","templated":true}]}}