{"id":25557,"date":"2024-10-03T15:56:46","date_gmt":"2024-10-03T13:56:46","guid":{"rendered":"https:\/\/www.casadellibro.com\/blog\/?p=25557"},"modified":"2025-02-03T14:29:42","modified_gmt":"2025-02-03T13:29:42","slug":"el-futuro-de-la-lectura-digital-con-vivlio","status":"publish","type":"post","link":"https:\/\/www.casadellibro.com\/blog\/el-futuro-de-la-lectura-digital-con-vivlio\/","title":{"rendered":"El futuro de la lectura digital con Vivlio"},"content":{"rendered":"\n<p>La lectura est\u00e1 viviendo una revoluci\u00f3n, y no me refiero \u00fanicamente a los libros que elegimos, sino a <strong>c\u00f3mo<\/strong> los leemos. Como docente, siempre estoy buscando maneras de hacer que mis clases sean m\u00e1s din\u00e1micas y accesibles, y quiero compartir mi m\u00e1s reciente descubrimiento: el <strong><a href=\"https:\/\/www.casadellibro.com\/papeleria-ereader-vivlio---light-6-in-negro\/3666114448403\/15872981?utm_source=blog&amp;utm_medium=organic-social-media&amp;utm_campaign=el+futuro+de+la+lectura+digital+con+vivlio&amp;utm_content=Redbrain+Ltd\" title=\"\">eReader Vivlio Light HD 6<\/a>\u00ab<\/strong>. Este dispositivo no solo ha cambiado mi experiencia personal con la lectura, sino que tambi\u00e9n ha abierto una puerta de posibilidades creativas para <strong>integrar la tecnolog\u00eda en el aula<\/strong>, <strong>a\u00f1adiendo este recurso a nuestra biblioteca de aula,<\/strong> trabajando las TIC desde el punto de vista educativo, en el que los alumnos a\u00f1aden los libros que m\u00e1s les resultan interesantes e incluso llevando al recreo este recurso como medio de relacionarse con alumnos de otras clases.<\/p>\n\n\n\n<p><strong>Mi Experiencia con el eReader Vivlio: M\u00e1s que leer, crear<\/strong><\/p>\n\n\n\n<p>Desde el primer momento, el <strong><a href=\"https:\/\/www.casadellibro.com\/papeleria-ereader-vivlio---light-6-in-negro\/3666114448403\/15872981?utm_source=blog&amp;utm_medium=organic-social-media&amp;utm_campaign=el+futuro+de+la+lectura+digital+con+vivlio&amp;utm_content=Redbrain+Ltd\" title=\"\">Vivlio Light HD<\/a><\/strong> me cautiv\u00f3 por su dise\u00f1o sencillo pero funcional. Su pantalla antirreflejo y ajustable me permite leer durante horas sin fatigar la vista, lo que es clave tanto para m\u00ed como para los alumnos, especialmente en esos d\u00edas de lectura intensiva en clase. Pero lo que realmente me sorprendi\u00f3 fue lo <strong><a href=\"https:\/\/www.casadellibro.com\/ayuda\/ayudaEbooks?idtipoproducto=9&amp;utm_source=blog&amp;utm_medium=organic-social-media&amp;utm_campaign=el+futuro+de+la+lectura+digital+con+vivlio&amp;utm_content=Redbrain+Ltd\" title=\"\">f\u00e1cil que es utilizarlo<\/a><\/strong>: su interfaz amigable es perfecta para alumnos de primaria que est\u00e1n familiariz\u00e1ndose con la tecnolog\u00eda.<\/p>\n\n\n\n<p>Uno de los aspectos m\u00e1s valiosos de este eReader es la capacidad de <strong>personalizaci\u00f3n<\/strong>. Puedo ajustar el tama\u00f1o de la fuente, cambiar los contrastes y hacer anotaciones que luego podemos revisar en clase. \u00a1Imagina la posibilidad de resaltar las partes clave de una historia o novela y debatir sobre ellas con los alumnos! O a\u00fan mejor: permitirles a los alumnos hacer sus propias marcas para que compartan sus opiniones sobre la lectura.<\/p>\n\n\n\n<p><strong>Lectura Digital en el Aula: innovaci\u00f3n y actividades creativas<\/strong><\/p>\n\n\n\n<p>Si est\u00e1s pensando en llevar el<a href=\"https:\/\/www.casadellibro.com\/vivlio-ereader-ebooks?utm_source=blog&amp;utm_medium=organic-social-media&amp;utm_campaign=el+futuro+de+la+lectura+digital+con+vivlio&amp;utm_content=Redbrain+Ltd\" title=\"\"> <strong>Vivlio<\/strong><\/a> al aula, te propongo algunas <strong>actividades innovadoras<\/strong> que puedes implementar para que tus alumnos no solo disfruten de la lectura, sino que tambi\u00e9n <strong>aprendan a ser cr\u00edticos<\/strong> con lo que leen y desarrollen sus competencias digitales.<\/p>\n\n\n\n<p><strong>1. Crea tu propio final<\/strong><\/p>\n\n\n\n<ul class=\"wp-block-list\">\n<li>Tras leer un cuento o fragmento en el eReader, inv\u00edtalos a escribir su propio final. En lugar de simplemente hablar sobre lo que leyeron, los alumnos deben crear nuevas versiones y compartirlas con sus compa\u00f1eros. El Vivlio permite que los alumnos puedan subrayar partes clave del texto para justificar sus decisiones, integrando el an\u00e1lisis y la creatividad.<\/li>\n<\/ul>\n\n\n\n<p><strong>2. Club de debate digital<\/strong><\/p>\n\n\n\n<ul class=\"wp-block-list\">\n<li>Utiliza el eReader para leer un fragmento de libros como<a href=\"https:\/\/www.casadellibro.com\/ebook-el-principito-edicion-oficial-ebook\/9788415631019\/10038392?utm_source=blog&amp;utm_medium=organic-social-media&amp;utm_campaign=el+futuro+de+la+lectura+digital+con+vivlio&amp;utm_content=Redbrain+Ltd\" title=\"\"> <em>El Principito<\/em><\/a> o <em><a href=\"https:\/\/www.casadellibro.com\/ebook-matilda-coleccion-alfaguara-clasicos-ebook\/9788420458946\/12062156?srsltid=AfmBOoowMB84jQlwOmHDWRLvSOvq-lUK759rdhifQ0wSmiG3m2UqtwDg&amp;utm_source=blog&amp;utm_medium=organic-social-media&amp;utm_campaign=el+futuro+de+la+lectura+digital+con+vivlio&amp;utm_content=Redbrain+Ltd\" title=\"\">Matilda<\/a><\/em>. Luego, crea un debate en clase. Los alumnos pueden subrayar pasajes importantes que respalden sus argumentos, desarrollando habilidades de <strong>pensamiento cr\u00edtico<\/strong> y <strong>trabajo colaborativo<\/strong>. \u00a1El eReader facilita tener siempre el material a mano!<\/li>\n<\/ul>\n\n\n\n<p><strong>3. El rinc\u00f3n de la curiosidad<\/strong><\/p>\n\n\n\n<ul class=\"wp-block-list\">\n<li>Los alumnos pueden utilizar el <strong>Vivlio<\/strong> para explorar temas de inter\u00e9s personal. Por ejemplo, si estamos trabajando con historias sobre el medio ambiente, podemos descargar art\u00edculos o ebooks sobre el cambio clim\u00e1tico, biodiversidad, o energ\u00edas renovables. Cada alumno o grupo puede <strong>crear presentaciones<\/strong> y compartirlas con la clase, todo directamente desde el eReader.<\/li>\n<\/ul>\n\n\n\n<p><strong>4. Escribe como un autor digital<\/strong><\/p>\n\n\n\n<ul class=\"wp-block-list\">\n<li>El Vivlio tiene la opci\u00f3n de tomar notas, as\u00ed que despu\u00e9s de leer un cuento, prop\u00f3n a los alumnos que <strong>sean cr\u00edticos literarios<\/strong>. Pueden escribir rese\u00f1as, hacer comentarios sobre los personajes y la trama, y luego compararlos en clase. Esto les ense\u00f1a a <strong>reflexionar sobre lo que leen<\/strong> de una manera m\u00e1s profunda.<\/li>\n<\/ul>\n\n\n\n<p><strong>5. Lectura compartida<\/strong><\/p>\n\n\n\n<ul class=\"wp-block-list\">\n<li>La lectura en parejas o grupos es una excelente manera de <strong>fomentar la colaboraci\u00f3n<\/strong>. Con el eReader, los alumnos pueden leer juntos, intercambiar ideas y resaltar pasajes que les parezcan relevantes para compartir con la clase. Es una experiencia compartida, pero digital, que fortalece la comprensi\u00f3n lectora.<\/li>\n<\/ul>\n\n\n\n<p><strong>Recomendaciones de <a href=\"https:\/\/www.casadellibro.com\/ebooks-imprescindibles\" title=\"\">Libros Digitales<\/a> para el Aula<\/strong><\/p>\n\n\n\n<p>Aqu\u00ed algunos <a href=\"https:\/\/www.casadellibro.com\/ebooks\" title=\"\">t\u00edtulos<\/a> que he encontrado excelentes para usar en clase y que los alumnos pueden disfrutar leyendo en el <strong>Vivlio<\/strong>:<\/p>\n\n\n\n<div class=\"wp-block-media-text is-stacked-on-mobile\" style=\"grid-template-columns:15% auto\"><figure class=\"wp-block-media-text__media\"><a href=\"https:\/\/www.casadellibro.com\/ebook-charlie-y-la-fabrica-de-chocolate-coleccion-alfaguara-clasicos-ebook\/9788420458922\/12062160?utm_source=blog&amp;utm_medium=organic-social-media&amp;utm_campaign=el+futuro+de+la+lectura+digital+con+vivlio&amp;utm_content=Redbrain+Ltd\"><img loading=\"lazy\" decoding=\"async\" width=\"442\" height=\"786\" src=\"https:\/\/www.casadellibro.com\/blog\/wp-content\/uploads\/2024\/10\/charlie-y-la-fabrica-de-chocolate-coleccion-alfaguara-clasicos-1.jpg\" alt=\"\" class=\"wp-image-25561 size-full\" srcset=\"https:\/\/www.casadellibro.com\/blog\/wp-content\/uploads\/2024\/10\/charlie-y-la-fabrica-de-chocolate-coleccion-alfaguara-clasicos-1.jpg 442w, https:\/\/www.casadellibro.com\/blog\/wp-content\/uploads\/2024\/10\/charlie-y-la-fabrica-de-chocolate-coleccion-alfaguara-clasicos-1-169x300.jpg 169w\" sizes=\"auto, (max-width: 442px) 100vw, 442px\" \/><\/a><\/figure><div class=\"wp-block-media-text__content\">\n<p><strong>\u00abC<a href=\"https:\/\/www.casadellibro.com\/ebook-charlie-y-la-fabrica-de-chocolate-coleccion-alfaguara-clasicos-ebook\/9788420458922\/12062160?utm_source=blog&amp;utm_medium=organic-social-media&amp;utm_campaign=el+futuro+de+la+lectura+digital+con+vivlio&amp;utm_content=Redbrain+Ltd\" title=\"\">harlie y la f\u00e1brica de chocolate<\/a>\u00bb de <a href=\"https:\/\/www.casadellibro.com\/libros-ebooks\/roald-dahl\/34151?utm_source=blog&amp;utm_medium=organic-social-media&amp;utm_campaign=el+futuro+de+la+lectura+digital+con+vivlio&amp;utm_content=Redbrain+Ltd\" title=\"\">Roald Dahl<\/a><\/strong><\/p>\n\n\n\n<p>Un cl\u00e1sico que nunca falla. Los alumnos pueden leer este cuento de fantas\u00eda y luego usar las herramientas del eReader para subrayar las caracter\u00edsticas de los personajes. Adem\u00e1s, puede servir como base para crear sus propias \u201cf\u00e1bricas de chocolate\u201d en el aula, \u00a1llenas de imaginaci\u00f3n!<\/p>\n<\/div><\/div>\n\n\n\n<div class=\"wp-block-media-text has-media-on-the-right is-stacked-on-mobile\" style=\"grid-template-columns:auto 15%\"><div class=\"wp-block-media-text__content\">\n<p><strong>\u00ab<a href=\"https:\/\/www.casadellibro.com\/ebook-el-principito-edicion-oficial-ebook\/9788415631019\/10038392?utm_source=blog&amp;utm_medium=organic-social-media&amp;utm_campaign=el+futuro+de+la+lectura+digital+con+vivlio&amp;utm_content=Redbrain+Ltd\" title=\"\">El Principito<\/a>\u00bb de <a href=\"https:\/\/www.casadellibro.com\/libros-ebooks\/antoine-de-saint-exupery\/23595\" title=\"\">Antoine de Saint-Exup\u00e9ry<\/a><\/strong><\/p>\n\n\n\n<p class=\"has-text-align-left\">Perfecto para alumnos de primaria. Leerlo en digital permite que los alumnos hagan un an\u00e1lisis de citas profundas, y su formato corto permite trabajar en cada cap\u00edtulo como una lecci\u00f3n independiente.<\/p>\n<\/div><figure class=\"wp-block-media-text__media\"><a href=\"https:\/\/www.casadellibro.com\/ebook-el-principito-edicion-oficial-ebook\/9788415631019\/10038392?utm_source=blog&amp;utm_medium=organic-social-media&amp;utm_campaign=el+futuro+de+la+lectura+digital+con+vivlio&amp;utm_content=Redbrain+Ltd\"><img loading=\"lazy\" decoding=\"async\" width=\"327\" height=\"468\" src=\"https:\/\/www.casadellibro.com\/blog\/wp-content\/uploads\/2024\/10\/Captura-de-pantalla-2024-10-02-161926.png\" alt=\"\" class=\"wp-image-25562 size-full\" srcset=\"https:\/\/www.casadellibro.com\/blog\/wp-content\/uploads\/2024\/10\/Captura-de-pantalla-2024-10-02-161926.png 327w, https:\/\/www.casadellibro.com\/blog\/wp-content\/uploads\/2024\/10\/Captura-de-pantalla-2024-10-02-161926-210x300.png 210w\" sizes=\"auto, (max-width: 327px) 100vw, 327px\" \/><\/a><\/figure><\/div>\n\n\n\n<div class=\"wp-block-media-text is-stacked-on-mobile\" style=\"grid-template-columns:15% auto\"><figure class=\"wp-block-media-text__media\"><a href=\"https:\/\/www.casadellibro.com\/ebook-diario-de-greg-3---esto-es-el-colmo-ebook\/9788427203440\/2211128?utm_source=blog&amp;utm_medium=organic-social-media&amp;utm_campaign=el+futuro+de+la+lectura+digital+con+vivlio&amp;utm_content=Redbrain+Ltd\"><img loading=\"lazy\" decoding=\"async\" width=\"299\" height=\"469\" src=\"https:\/\/www.casadellibro.com\/blog\/wp-content\/uploads\/2024\/10\/Captura-de-pantalla-2024-10-02-162135.png\" alt=\"\" class=\"wp-image-25563 size-full\" srcset=\"https:\/\/www.casadellibro.com\/blog\/wp-content\/uploads\/2024\/10\/Captura-de-pantalla-2024-10-02-162135.png 299w, https:\/\/www.casadellibro.com\/blog\/wp-content\/uploads\/2024\/10\/Captura-de-pantalla-2024-10-02-162135-191x300.png 191w\" sizes=\"auto, (max-width: 299px) 100vw, 299px\" \/><\/a><\/figure><div class=\"wp-block-media-text__content\">\n<p><strong>\u00ab<a href=\"https:\/\/www.casadellibro.com\/ebook-diario-de-greg-3---esto-es-el-colmo-ebook\/9788427203440\/2211128?utm_source=blog&amp;utm_medium=organic-social-media&amp;utm_campaign=el+futuro+de+la+lectura+digital+con+vivlio&amp;utm_content=Redbrain+Ltd\" title=\"\">El Diario de Greg<\/a>\u00bb de Jeff Kinney<\/strong><br>Este libro es ideal para trabajar en clase y luego invitar a los alumnos a <strong>crear sus propios diarios ilustrados<\/strong>. Con la lectura en el eReader, se puede se\u00f1alar el estilo \u00fanico de Greg y animar a los ni\u00f1os a crear personajes y situaciones basadas en su propia vida.<\/p>\n<\/div><\/div>\n\n\n\n<p><strong>Reflexi\u00f3n final: <a href=\"https:\/\/www.casadellibro.com\/proximos-lanzamientos-en-ebook?utm_source=blog&amp;utm_medium=organic-social-media&amp;utm_campaign=el+futuro+de+la+lectura+digital+con+vivlio&amp;utm_content=Redbrain+Ltd\" title=\"\">la lectura digital es el futuro<\/a><\/strong><\/p>\n\n\n\n<p>El <strong>eReader Vivlio Light HD<\/strong> no solo me ha convencido de que la lectura digital es el futuro, sino que tambi\u00e9n es una herramienta educativa <strong>imprescindible<\/strong>. Permite que los alumnos accedan a libros con m\u00e1s facilidad, los ayuda a desarrollar habilidades cr\u00edticas y digitales, y les da la posibilidad de <strong>ser protagonistas de su propio aprendizaje<\/strong>. Para los docentes, es una oportunidad \u00fanica de integrar la tecnolog\u00eda en el aula de manera fluida y eficaz. Te invito a que pruebes esta maravillosa herramienta y veas por ti mismo c\u00f3mo puede transformar no solo la forma en que lees, sino tambi\u00e9n la forma en que ense\u00f1as. \u00bfY t\u00fa? \u00bfTe animas a sumarte a la revoluci\u00f3n de la lectura digital en el aula?<\/p>\n\n\n\n<p>Maestro \u00c1ngel Garrido.<\/p>\n\n\n\n<p>@maestroangelgarrid0<\/p>\n\n\n\n<p>Casa del Libro. Una vida de libros. Una vida m\u00e1s libre.<\/p>\n","protected":false},"excerpt":{"rendered":"<p>La lectura est\u00e1 viviendo una revoluci\u00f3n, y no me refiero \u00fanicamente a los libros que elegimos, sino a c\u00f3mo los leemos. Como docente, siempre estoy buscando maneras de hacer que mis clases sean m\u00e1s din\u00e1micas y accesibles, y quiero compartir mi m\u00e1s reciente descubrimiento: el eReader Vivlio Light HD 6\u00ab. Este dispositivo no solo ha [&hellip;]<\/p>\n","protected":false},"author":2,"featured_media":26665,"comment_status":"open","ping_status":"open","sticky":false,"template":"","format":"standard","meta":{"tdm_status":"","tdm_grid_status":"","footnotes":""},"categories":[28],"tags":[],"class_list":{"0":"post-25557","1":"post","2":"type-post","3":"status-publish","4":"format-standard","5":"has-post-thumbnail","7":"category-lectura-digital"},"yoast_head":"<!-- This site is optimized with the Yoast SEO plugin v26.8 - https:\/\/yoast.com\/product\/yoast-seo-wordpress\/ -->\n<title>El futuro de la lectura digital con Vivlio | Casa del Libro<\/title>\n<meta name=\"robots\" content=\"index, follow, max-snippet:-1, max-image-preview:large, max-video-preview:-1\" \/>\n<link rel=\"canonical\" href=\"https:\/\/www.casadellibro.com\/blog\/el-futuro-de-la-lectura-digital-con-vivlio\/\" \/>\n<meta property=\"og:locale\" content=\"es_ES\" \/>\n<meta property=\"og:type\" content=\"article\" \/>\n<meta property=\"og:title\" content=\"El futuro de la lectura digital con Vivlio | Casa del Libro\" \/>\n<meta property=\"og:description\" content=\"La lectura est\u00e1 viviendo una revoluci\u00f3n, y no me refiero \u00fanicamente a los libros que elegimos, sino a c\u00f3mo los leemos. Como docente, siempre estoy buscando maneras de hacer que mis clases sean m\u00e1s din\u00e1micas y accesibles, y quiero compartir mi m\u00e1s reciente descubrimiento: el eReader Vivlio Light HD 6\u00ab. Este dispositivo no solo ha [&hellip;]\" \/>\n<meta property=\"og:url\" content=\"https:\/\/www.casadellibro.com\/blog\/el-futuro-de-la-lectura-digital-con-vivlio\/\" \/>\n<meta property=\"og:site_name\" content=\"Blog Casa del Libro\" \/>\n<meta property=\"article:publisher\" content=\"https:\/\/www.facebook.com\/casadellibro\" \/>\n<meta property=\"article:published_time\" content=\"2024-10-03T13:56:46+00:00\" \/>\n<meta property=\"article:modified_time\" content=\"2025-02-03T13:29:42+00:00\" \/>\n<meta property=\"og:image\" content=\"https:\/\/www.casadellibro.com\/blog\/wp-content\/uploads\/2024\/10\/EREADER-VIVLIO-LIGHT-6-IN-NEGRO-768x435.png-1.webp\" \/>\n\t<meta property=\"og:image:width\" content=\"768\" \/>\n\t<meta property=\"og:image:height\" content=\"435\" \/>\n\t<meta property=\"og:image:type\" content=\"image\/webp\" \/>\n<meta name=\"author\" content=\"Casa del Libro\" \/>\n<meta name=\"twitter:card\" content=\"summary_large_image\" \/>\n<meta name=\"twitter:creator\" content=\"@casadellibro\" \/>\n<meta name=\"twitter:site\" content=\"@casadellibro\" \/>\n<meta name=\"twitter:label1\" content=\"Written by\" \/>\n\t<meta name=\"twitter:data1\" content=\"Casa del Libro\" \/>\n\t<meta name=\"twitter:label2\" content=\"Est. reading time\" \/>\n\t<meta name=\"twitter:data2\" content=\"6 minutos\" \/>\n<script type=\"application\/ld+json\" class=\"yoast-schema-graph\">{\"@context\":\"https:\/\/schema.org\",\"@graph\":[{\"@type\":\"Article\",\"@id\":\"https:\/\/www.casadellibro.com\/blog\/el-futuro-de-la-lectura-digital-con-vivlio\/#article\",\"isPartOf\":{\"@id\":\"https:\/\/www.casadellibro.com\/blog\/el-futuro-de-la-lectura-digital-con-vivlio\/\"},\"author\":{\"name\":\"Casa del Libro\",\"@id\":\"https:\/\/www.casadellibro.com\/blog\/#\/schema\/person\/4c5249ad5735629a37e929060c823fe5\"},\"headline\":\"El futuro de la lectura digital con Vivlio\",\"datePublished\":\"2024-10-03T13:56:46+00:00\",\"dateModified\":\"2025-02-03T13:29:42+00:00\",\"mainEntityOfPage\":{\"@id\":\"https:\/\/www.casadellibro.com\/blog\/el-futuro-de-la-lectura-digital-con-vivlio\/\"},\"wordCount\":1006,\"commentCount\":0,\"publisher\":{\"@id\":\"https:\/\/www.casadellibro.com\/blog\/#organization\"},\"image\":{\"@id\":\"https:\/\/www.casadellibro.com\/blog\/el-futuro-de-la-lectura-digital-con-vivlio\/#primaryimage\"},\"thumbnailUrl\":\"https:\/\/www.casadellibro.com\/blog\/wp-content\/uploads\/2024\/10\/EREADER-VIVLIO-LIGHT-6-IN-NEGRO-768x435.png-1.webp\",\"articleSection\":[\"Lectura digital\"],\"inLanguage\":\"es\",\"potentialAction\":[{\"@type\":\"CommentAction\",\"name\":\"Comment\",\"target\":[\"https:\/\/www.casadellibro.com\/blog\/el-futuro-de-la-lectura-digital-con-vivlio\/#respond\"]}]},{\"@type\":\"WebPage\",\"@id\":\"https:\/\/www.casadellibro.com\/blog\/el-futuro-de-la-lectura-digital-con-vivlio\/\",\"url\":\"https:\/\/www.casadellibro.com\/blog\/el-futuro-de-la-lectura-digital-con-vivlio\/\",\"name\":\"El futuro de la lectura digital con Vivlio | Casa del Libro\",\"isPartOf\":{\"@id\":\"https:\/\/www.casadellibro.com\/blog\/#website\"},\"primaryImageOfPage\":{\"@id\":\"https:\/\/www.casadellibro.com\/blog\/el-futuro-de-la-lectura-digital-con-vivlio\/#primaryimage\"},\"image\":{\"@id\":\"https:\/\/www.casadellibro.com\/blog\/el-futuro-de-la-lectura-digital-con-vivlio\/#primaryimage\"},\"thumbnailUrl\":\"https:\/\/www.casadellibro.com\/blog\/wp-content\/uploads\/2024\/10\/EREADER-VIVLIO-LIGHT-6-IN-NEGRO-768x435.png-1.webp\",\"datePublished\":\"2024-10-03T13:56:46+00:00\",\"dateModified\":\"2025-02-03T13:29:42+00:00\",\"breadcrumb\":{\"@id\":\"https:\/\/www.casadellibro.com\/blog\/el-futuro-de-la-lectura-digital-con-vivlio\/#breadcrumb\"},\"inLanguage\":\"es\",\"potentialAction\":[{\"@type\":\"ReadAction\",\"target\":[\"https:\/\/www.casadellibro.com\/blog\/el-futuro-de-la-lectura-digital-con-vivlio\/\"]}]},{\"@type\":\"ImageObject\",\"inLanguage\":\"es\",\"@id\":\"https:\/\/www.casadellibro.com\/blog\/el-futuro-de-la-lectura-digital-con-vivlio\/#primaryimage\",\"url\":\"https:\/\/www.casadellibro.com\/blog\/wp-content\/uploads\/2024\/10\/EREADER-VIVLIO-LIGHT-6-IN-NEGRO-768x435.png-1.webp\",\"contentUrl\":\"https:\/\/www.casadellibro.com\/blog\/wp-content\/uploads\/2024\/10\/EREADER-VIVLIO-LIGHT-6-IN-NEGRO-768x435.png-1.webp\",\"width\":768,\"height\":435},{\"@type\":\"BreadcrumbList\",\"@id\":\"https:\/\/www.casadellibro.com\/blog\/el-futuro-de-la-lectura-digital-con-vivlio\/#breadcrumb\",\"itemListElement\":[{\"@type\":\"ListItem\",\"position\":1,\"name\":\"Casa del Libro\",\"item\":\"https:\/\/www.casadellibro.com\/blog\/\"},{\"@type\":\"ListItem\",\"position\":2,\"name\":\"El futuro de la lectura digital con Vivlio\"}]},{\"@type\":\"WebSite\",\"@id\":\"https:\/\/www.casadellibro.com\/blog\/#website\",\"url\":\"https:\/\/www.casadellibro.com\/blog\/\",\"name\":\"Blog Casa del Libro\",\"description\":\"Descubre todas las novedades en eBooks, eReaders y Libros en el Blog oficial de Casa del Libro, recomendaciones en eBook, eReader y Libro online\",\"publisher\":{\"@id\":\"https:\/\/www.casadellibro.com\/blog\/#organization\"},\"potentialAction\":[{\"@type\":\"SearchAction\",\"target\":{\"@type\":\"EntryPoint\",\"urlTemplate\":\"https:\/\/www.casadellibro.com\/blog\/?s={search_term_string}\"},\"query-input\":{\"@type\":\"PropertyValueSpecification\",\"valueRequired\":true,\"valueName\":\"search_term_string\"}}],\"inLanguage\":\"es\"},{\"@type\":\"Organization\",\"@id\":\"https:\/\/www.casadellibro.com\/blog\/#organization\",\"name\":\"Blog Casa del Libro\",\"url\":\"https:\/\/www.casadellibro.com\/blog\/\",\"logo\":{\"@type\":\"ImageObject\",\"inLanguage\":\"es\",\"@id\":\"https:\/\/www.casadellibro.com\/blog\/#\/schema\/logo\/image\/\",\"url\":\"https:\/\/www.casadellibro.com\/blog\/wp-content\/uploads\/2022\/04\/cropped-image-2-300x98-1.png\",\"contentUrl\":\"https:\/\/www.casadellibro.com\/blog\/wp-content\/uploads\/2022\/04\/cropped-image-2-300x98-1.png\",\"width\":300,\"height\":98,\"caption\":\"Blog Casa del Libro\"},\"image\":{\"@id\":\"https:\/\/www.casadellibro.com\/blog\/#\/schema\/logo\/image\/\"},\"sameAs\":[\"https:\/\/www.facebook.com\/casadellibro\",\"https:\/\/x.com\/casadellibro\",\"https:\/\/www.youtube.com\/user\/casadellibropuntocom\",\"https:\/\/es.pinterest.com\/casadellibro\/\",\"https:\/\/open.spotify.com\/user\/wi2k27ijtmw114f531okf8nd4?si=JEaWkM75S56kXufnbmExww&nd=1&dlsi=6959f4c0a6474806\"]},{\"@type\":\"Person\",\"@id\":\"https:\/\/www.casadellibro.com\/blog\/#\/schema\/person\/4c5249ad5735629a37e929060c823fe5\",\"name\":\"Casa del Libro\",\"image\":{\"@type\":\"ImageObject\",\"inLanguage\":\"es\",\"@id\":\"https:\/\/www.casadellibro.com\/blog\/#\/schema\/person\/image\/\",\"url\":\"https:\/\/secure.gravatar.com\/avatar\/1ac01d90ad8e35013aff9d51865aa025?s=96&d=identicon&r=g\",\"contentUrl\":\"https:\/\/secure.gravatar.com\/avatar\/1ac01d90ad8e35013aff9d51865aa025?s=96&d=identicon&r=g\",\"caption\":\"Casa del Libro\"}}]}<\/script>\n<!-- \/ Yoast SEO plugin. -->","yoast_head_json":{"title":"El futuro de la lectura digital con Vivlio | Casa del Libro","robots":{"index":"index","follow":"follow","max-snippet":"max-snippet:-1","max-image-preview":"max-image-preview:large","max-video-preview":"max-video-preview:-1"},"canonical":"https:\/\/www.casadellibro.com\/blog\/el-futuro-de-la-lectura-digital-con-vivlio\/","og_locale":"es_ES","og_type":"article","og_title":"El futuro de la lectura digital con Vivlio | Casa del Libro","og_description":"La lectura est\u00e1 viviendo una revoluci\u00f3n, y no me refiero \u00fanicamente a los libros que elegimos, sino a c\u00f3mo los leemos. Como docente, siempre estoy buscando maneras de hacer que mis clases sean m\u00e1s din\u00e1micas y accesibles, y quiero compartir mi m\u00e1s reciente descubrimiento: el eReader Vivlio Light HD 6\u00ab. Este dispositivo no solo ha [&hellip;]","og_url":"https:\/\/www.casadellibro.com\/blog\/el-futuro-de-la-lectura-digital-con-vivlio\/","og_site_name":"Blog Casa del Libro","article_publisher":"https:\/\/www.facebook.com\/casadellibro","article_published_time":"2024-10-03T13:56:46+00:00","article_modified_time":"2025-02-03T13:29:42+00:00","og_image":[{"width":768,"height":435,"url":"https:\/\/www.casadellibro.com\/blog\/wp-content\/uploads\/2024\/10\/EREADER-VIVLIO-LIGHT-6-IN-NEGRO-768x435.png-1.webp","type":"image\/webp"}],"author":"Casa del Libro","twitter_card":"summary_large_image","twitter_creator":"@casadellibro","twitter_site":"@casadellibro","twitter_misc":{"Written by":"Casa del Libro","Est. reading time":"6 minutos"},"schema":{"@context":"https:\/\/schema.org","@graph":[{"@type":"Article","@id":"https:\/\/www.casadellibro.com\/blog\/el-futuro-de-la-lectura-digital-con-vivlio\/#article","isPartOf":{"@id":"https:\/\/www.casadellibro.com\/blog\/el-futuro-de-la-lectura-digital-con-vivlio\/"},"author":{"name":"Casa del Libro","@id":"https:\/\/www.casadellibro.com\/blog\/#\/schema\/person\/4c5249ad5735629a37e929060c823fe5"},"headline":"El futuro de la lectura digital con Vivlio","datePublished":"2024-10-03T13:56:46+00:00","dateModified":"2025-02-03T13:29:42+00:00","mainEntityOfPage":{"@id":"https:\/\/www.casadellibro.com\/blog\/el-futuro-de-la-lectura-digital-con-vivlio\/"},"wordCount":1006,"commentCount":0,"publisher":{"@id":"https:\/\/www.casadellibro.com\/blog\/#organization"},"image":{"@id":"https:\/\/www.casadellibro.com\/blog\/el-futuro-de-la-lectura-digital-con-vivlio\/#primaryimage"},"thumbnailUrl":"https:\/\/www.casadellibro.com\/blog\/wp-content\/uploads\/2024\/10\/EREADER-VIVLIO-LIGHT-6-IN-NEGRO-768x435.png-1.webp","articleSection":["Lectura digital"],"inLanguage":"es","potentialAction":[{"@type":"CommentAction","name":"Comment","target":["https:\/\/www.casadellibro.com\/blog\/el-futuro-de-la-lectura-digital-con-vivlio\/#respond"]}]},{"@type":"WebPage","@id":"https:\/\/www.casadellibro.com\/blog\/el-futuro-de-la-lectura-digital-con-vivlio\/","url":"https:\/\/www.casadellibro.com\/blog\/el-futuro-de-la-lectura-digital-con-vivlio\/","name":"El futuro de la lectura digital con Vivlio | Casa del Libro","isPartOf":{"@id":"https:\/\/www.casadellibro.com\/blog\/#website"},"primaryImageOfPage":{"@id":"https:\/\/www.casadellibro.com\/blog\/el-futuro-de-la-lectura-digital-con-vivlio\/#primaryimage"},"image":{"@id":"https:\/\/www.casadellibro.com\/blog\/el-futuro-de-la-lectura-digital-con-vivlio\/#primaryimage"},"thumbnailUrl":"https:\/\/www.casadellibro.com\/blog\/wp-content\/uploads\/2024\/10\/EREADER-VIVLIO-LIGHT-6-IN-NEGRO-768x435.png-1.webp","datePublished":"2024-10-03T13:56:46+00:00","dateModified":"2025-02-03T13:29:42+00:00","breadcrumb":{"@id":"https:\/\/www.casadellibro.com\/blog\/el-futuro-de-la-lectura-digital-con-vivlio\/#breadcrumb"},"inLanguage":"es","potentialAction":[{"@type":"ReadAction","target":["https:\/\/www.casadellibro.com\/blog\/el-futuro-de-la-lectura-digital-con-vivlio\/"]}]},{"@type":"ImageObject","inLanguage":"es","@id":"https:\/\/www.casadellibro.com\/blog\/el-futuro-de-la-lectura-digital-con-vivlio\/#primaryimage","url":"https:\/\/www.casadellibro.com\/blog\/wp-content\/uploads\/2024\/10\/EREADER-VIVLIO-LIGHT-6-IN-NEGRO-768x435.png-1.webp","contentUrl":"https:\/\/www.casadellibro.com\/blog\/wp-content\/uploads\/2024\/10\/EREADER-VIVLIO-LIGHT-6-IN-NEGRO-768x435.png-1.webp","width":768,"height":435},{"@type":"BreadcrumbList","@id":"https:\/\/www.casadellibro.com\/blog\/el-futuro-de-la-lectura-digital-con-vivlio\/#breadcrumb","itemListElement":[{"@type":"ListItem","position":1,"name":"Casa del Libro","item":"https:\/\/www.casadellibro.com\/blog\/"},{"@type":"ListItem","position":2,"name":"El futuro de la lectura digital con Vivlio"}]},{"@type":"WebSite","@id":"https:\/\/www.casadellibro.com\/blog\/#website","url":"https:\/\/www.casadellibro.com\/blog\/","name":"Blog Casa del Libro","description":"Descubre todas las novedades en eBooks, eReaders y Libros en el Blog oficial de Casa del Libro, recomendaciones en eBook, eReader y Libro online","publisher":{"@id":"https:\/\/www.casadellibro.com\/blog\/#organization"},"potentialAction":[{"@type":"SearchAction","target":{"@type":"EntryPoint","urlTemplate":"https:\/\/www.casadellibro.com\/blog\/?s={search_term_string}"},"query-input":{"@type":"PropertyValueSpecification","valueRequired":true,"valueName":"search_term_string"}}],"inLanguage":"es"},{"@type":"Organization","@id":"https:\/\/www.casadellibro.com\/blog\/#organization","name":"Blog Casa del Libro","url":"https:\/\/www.casadellibro.com\/blog\/","logo":{"@type":"ImageObject","inLanguage":"es","@id":"https:\/\/www.casadellibro.com\/blog\/#\/schema\/logo\/image\/","url":"https:\/\/www.casadellibro.com\/blog\/wp-content\/uploads\/2022\/04\/cropped-image-2-300x98-1.png","contentUrl":"https:\/\/www.casadellibro.com\/blog\/wp-content\/uploads\/2022\/04\/cropped-image-2-300x98-1.png","width":300,"height":98,"caption":"Blog Casa del Libro"},"image":{"@id":"https:\/\/www.casadellibro.com\/blog\/#\/schema\/logo\/image\/"},"sameAs":["https:\/\/www.facebook.com\/casadellibro","https:\/\/x.com\/casadellibro","https:\/\/www.youtube.com\/user\/casadellibropuntocom","https:\/\/es.pinterest.com\/casadellibro\/","https:\/\/open.spotify.com\/user\/wi2k27ijtmw114f531okf8nd4?si=JEaWkM75S56kXufnbmExww&nd=1&dlsi=6959f4c0a6474806"]},{"@type":"Person","@id":"https:\/\/www.casadellibro.com\/blog\/#\/schema\/person\/4c5249ad5735629a37e929060c823fe5","name":"Casa del Libro","image":{"@type":"ImageObject","inLanguage":"es","@id":"https:\/\/www.casadellibro.com\/blog\/#\/schema\/person\/image\/","url":"https:\/\/secure.gravatar.com\/avatar\/1ac01d90ad8e35013aff9d51865aa025?s=96&d=identicon&r=g","contentUrl":"https:\/\/secure.gravatar.com\/avatar\/1ac01d90ad8e35013aff9d51865aa025?s=96&d=identicon&r=g","caption":"Casa del Libro"}}]}},"_links":{"self":[{"href":"https:\/\/www.casadellibro.com\/blog\/wp-json\/wp\/v2\/posts\/25557","targetHints":{"allow":["GET"]}}],"collection":[{"href":"https:\/\/www.casadellibro.com\/blog\/wp-json\/wp\/v2\/posts"}],"about":[{"href":"https:\/\/www.casadellibro.com\/blog\/wp-json\/wp\/v2\/types\/post"}],"author":[{"embeddable":true,"href":"https:\/\/www.casadellibro.com\/blog\/wp-json\/wp\/v2\/users\/2"}],"replies":[{"embeddable":true,"href":"https:\/\/www.casadellibro.com\/blog\/wp-json\/wp\/v2\/comments?post=25557"}],"version-history":[{"count":0,"href":"https:\/\/www.casadellibro.com\/blog\/wp-json\/wp\/v2\/posts\/25557\/revisions"}],"wp:featuredmedia":[{"embeddable":true,"href":"https:\/\/www.casadellibro.com\/blog\/wp-json\/wp\/v2\/media\/26665"}],"wp:attachment":[{"href":"https:\/\/www.casadellibro.com\/blog\/wp-json\/wp\/v2\/media?parent=25557"}],"wp:term":[{"taxonomy":"category","embeddable":true,"href":"https:\/\/www.casadellibro.com\/blog\/wp-json\/wp\/v2\/categories?post=25557"},{"taxonomy":"post_tag","embeddable":true,"href":"https:\/\/www.casadellibro.com\/blog\/wp-json\/wp\/v2\/tags?post=25557"}],"curies":[{"name":"wp","href":"https:\/\/api.w.org\/{rel}","templated":true}]}}