{"id":2659,"date":"2013-02-13T12:30:48","date_gmt":"2013-02-13T11:30:48","guid":{"rendered":"http:\/\/noticiascasadellibro.es\/?p=2659"},"modified":"2013-02-13T12:30:48","modified_gmt":"2013-02-13T11:30:48","slug":"eric-frattini-predijo-la-renuncia-del-papa-en-octubre-de-2012","status":"publish","type":"post","link":"https:\/\/www.casadellibro.com\/blog\/eric-frattini-predijo-la-renuncia-del-papa-en-octubre-de-2012\/","title":{"rendered":"Eric Frattini predijo la renuncia del Papa en octubre de 2012"},"content":{"rendered":"<p style=\"text-align: center;\"><a href=\"http:\/\/www.casadellibro.com\/libro-los-cuervos-del-vaticano\/9788467009392\/2018460?utm_source=SM&amp;utm_medium=BL&amp;utm_campaign=CuervosVaticano\" rel=\"attachment wp-att-2678\"><img loading=\"lazy\" decoding=\"async\" class=\"aligncenter  wp-image-2678\" alt=\"Eric Frattini\" src=\"http:\/\/noticiascasadellibro.es\/wp-content\/uploads\/2013\/02\/EF2.jpg\" width=\"667\" height=\"259\" \/><\/a><\/p>\n<p style=\"text-align: left;\">Eric Frattini predec\u00eda en la p\u00e1gina 225 de <i><a href=\"http:\/\/www.casadellibro.com\/libro-los-cuervos-del-vaticano\/9788467009392\/2018460?utm_source=SM&amp;utm_medium=BL&amp;utm_campaign=CuervosVaticano\">Los cuervos del Vaticano<\/a><\/i> la renuncia del Papa, libro en el que de manera \u00e1gil y novelada el reportero realiza un an\u00e1lisis pormenorizado de las intrigas impulsadas por el poder, la ambici\u00f3n y la corrupci\u00f3n en el Vaticano a trav\u00e9s de 47 de los documentos que formaban parte del conocido esc\u00e1ndalo <a href=\"http:\/\/www.rtve.es\/noticias\/20121006\/cronologia-del-caso-vatileaks\/565345.shtml\">Vatileaks<\/a>, que saltaba a las portadas a principios de 2012.<\/p>\n<p>\u201cEn <i><a href=\"http:\/\/www.casadellibro.com\/libro-los-cuervos-del-vaticano\/9788467009392\/2018460?utm_source=SM&amp;utm_medium=BL&amp;utm_campaign=CuervosVaticano\">Los cuervos del Vaticano<\/a> <\/i>ya digo que Benedicto XVI pensaba en <strong>dimitir<\/strong> y analizo si ser\u00e1 el cardenal Scola el Papa n\u00famero 266. De hecho, recojo que ya lo comentaba Peter Seawald, uno de sus bi\u00f3grafos personales, en 2010. Y a mediados de 2012 el obispo em\u00e9rito de Ivrea, Luigi Bettazi, hablaba de una eventual renuncia del papa por el tema del Vatileaks\u201d, dice Eric Frattini.<\/p>\n<p>Argumenta tambi\u00e9n que los motivos de renuncia del Papa son dos: En primer lugar, se\u00f1ala el reportero, \u201cel caso Vatileaks le hab\u00eda dejado <strong>agotado<\/strong> psicol\u00f3gicamente, ojo, no f\u00edsicamente, porque Benedcito XVI goza de \u2018buena salud\u2019 y tiene los achaques\u00a0 que una persona de 86 puede tener\u201d. Y en segundo lugar apunta como motivo que \u201cya no controla la <strong>maquinaria Vaticana<\/strong>. De hecho, el vaticanista Marco Politi le acusa hoy en un art\u00edculo de no haber sabido gobernar el Vaticano\u201d.<\/p>\n<p>Adem\u00e1s, continua explicando Frattini, el estado m\u00e1s peque\u00f1o del mundo est\u00e1 dirigido en la actualidad por dos personas: Angelo Sodano, antiguo secretario personal de Ratzinger y de Juan Pablo II, que cuenta con el apoyo de todos los que proceden de la escuela diplom\u00e1tica del Vaticano, de ah\u00ed el nombre de<strong> Diplom\u00e1ticos<\/strong> que reciben ese sector; y por Tarcisio Bertone, actual secretario de Estado y cuyos seguidores reciben el nombre de<strong> Bertonianos<\/strong>.<\/p>\n<p>Preguntado sobre si alguno de los componentes de esta pugna por el poder del Vaticano tiene posibilidades de alzarse como el Papa n\u00famero 266, Frattini lo tiene claro, \u201cSodano no puede ser elegido porque tiene m\u00e1s de 80 a\u00f1os y Bertone es <strong>odiado<\/strong> todos, porque los cardenales consideran que sus intereses personales han prevalecido estos a\u00f1os por encima de sus deberes como secretario de Estado\u201d.<\/p>\n<p>Ya en <strong><i>Los cuervos del Vaticano<\/i><\/strong> se indica que el pr\u00f3ximo Papa puede ser el arzobispo de Mil\u00e1n, Angelo Scola, y como nos comenta ahora su autor \u201cpara que se elija Papa debe existir un consenso dentro de la curia Vaticana, y se da la circunstancia de que el tercer sector en importancia, \u00a0los<strong> ambrosianos<\/strong>, procedentes todos ellos de la curia de Mil\u00e1n, ya dijeron que s\u00f3lo apoyar\u00edan a alguien procedente de su propia curia\u2026 Bien, pues en 2012 Angelo Scola es nombrado arzobispo de Mil\u00e1n, de manera que pasa a pertenecer a ese sector. No s\u00f3lo eso, sino que p\u00fablicamente Benedicto XVI ha dado su apoyo a Scola para que le suceda.<\/p>\n<p>Preguntado sobre si descartamos entre los papables al llamado \u201c<strong>papa negro<\/strong>\u201d, el cardenal Turkson, Frattini dice que no tiene oportunidad pues \u201ces demasiado liberal y la Iglesia cat\u00f3lica no est\u00e1 preparada para ese Papa\u201d.<\/p>\n<p>\u201cAhora mismo se ha dado el pistoletazo de salida para la campa\u00f1a electoral porque, aunque a algunos no les guste o\u00edrlo, esto es pol\u00edtica\u201d, dice. Y se\u00f1ala que aunque el Papa se iba a retirar con su hermano, tambi\u00e9n religioso a un monasterio en la alta Baviera, motivos de seguridad han hecho que finalmente se quede entre los muros vaticanos en el convento en el que viven las religiosas que prestan sus servicios dentro del Vaticano. \u201cPuede resultarle algo<strong> inc\u00f3modo<\/strong> al pr\u00f3ximo Papa, pero Ratzinger es una persona muy pragm\u00e1tica y no interferir\u00e1 de manera alguna. Se dedicar\u00e1 a seguir con sus estudios e investigaciones, porque es posiblemente uno de los grandes <strong>intelectuales<\/strong> que hay en Europa, pero no por eso es un buen Jefe de Estado\u201d, declara Frattini.<\/p>\n<p><b><i>Los cuervos del Vaticano<\/i><\/b>, est\u00e1 disponible en<a href=\"http:\/\/www.casadellibro.com\/libro-los-cuervos-del-vaticano\/9788467009392\/2018460?utm_source=SM&amp;utm_medium=BL&amp;utm_campaign=CuervosVaticano\"> papel<\/a> y en <a href=\"http:\/\/www.casadellibro.com\/ebook-los-cuervos-del-vaticano-ebook\/9788467009866\/2036840?utm_source=SM&amp;utm_medium=BL&amp;utm_campaign=CuervosVaticanoEbook\">ebook<\/a>.<\/p>\n<p>M\u00e1s informaci\u00f3n:<\/p>\n<p><a href=\"http:\/\/noticiascasadellibro.es\/2012\/10\/eric-frattini-no-todo-buen-monje-es-buen-papa\/\">Eric Frattini: \u201cNo todo buen monje es buen Papa\u201d<\/a><\/p>\n<p><a href=\"https:\/\/www.facebook.com\/CasadelLibro?sk=app_202980683107053&amp;app_data=99fb1bee-07a6-469b-8790-1dcbd6f7ec8f:0\">Encuentro digital con Eric Frattini<\/a><\/p>\n","protected":false},"excerpt":{"rendered":"<p>Eric Frattini predec\u00eda en la p\u00e1gina 225 de Los cuervos del Vaticano la renuncia del Papa, libro en el que de manera \u00e1gil y novelada el reportero realiza un an\u00e1lisis pormenorizado de las intrigas impulsadas por el poder, la ambici\u00f3n y la corrupci\u00f3n en el Vaticano a trav\u00e9s de 47 de los documentos que formaban [&hellip;]<\/p>\n","protected":false},"author":2,"featured_media":2662,"comment_status":"open","ping_status":"closed","sticky":false,"template":"","format":"standard","meta":{"tdm_status":"","tdm_grid_status":"","footnotes":""},"categories":[4],"tags":[169,204,205],"class_list":{"0":"post-2659","1":"post","2":"type-post","3":"status-publish","4":"format-standard","5":"has-post-thumbnail","7":"category-actualidad","8":"tag-eric-frattini","9":"tag-papa","10":"tag-ratzinger"},"yoast_head":"<!-- This site is optimized with the Yoast SEO plugin v26.8 - https:\/\/yoast.com\/product\/yoast-seo-wordpress\/ -->\n<title>Eric Frattini predijo la renuncia del Papa en octubre de 2012 | Casa del Libro<\/title>\n<meta name=\"robots\" content=\"index, follow, max-snippet:-1, max-image-preview:large, max-video-preview:-1\" \/>\n<link rel=\"canonical\" href=\"https:\/\/www.casadellibro.com\/blog\/eric-frattini-predijo-la-renuncia-del-papa-en-octubre-de-2012\/\" \/>\n<meta property=\"og:locale\" content=\"es_ES\" \/>\n<meta property=\"og:type\" content=\"article\" \/>\n<meta property=\"og:title\" content=\"Eric Frattini predijo la renuncia del Papa en octubre de 2012 | Casa del Libro\" \/>\n<meta property=\"og:description\" content=\"Eric Frattini predec\u00eda en la p\u00e1gina 225 de Los cuervos del Vaticano la renuncia del Papa, libro en el que de manera \u00e1gil y novelada el reportero realiza un an\u00e1lisis pormenorizado de las intrigas impulsadas por el poder, la ambici\u00f3n y la corrupci\u00f3n en el Vaticano a trav\u00e9s de 47 de los documentos que formaban [&hellip;]\" \/>\n<meta property=\"og:url\" content=\"https:\/\/www.casadellibro.com\/blog\/eric-frattini-predijo-la-renuncia-del-papa-en-octubre-de-2012\/\" \/>\n<meta property=\"og:site_name\" content=\"Blog Casa del Libro\" \/>\n<meta property=\"article:publisher\" content=\"https:\/\/www.facebook.com\/casadellibro\" \/>\n<meta property=\"article:published_time\" content=\"2013-02-13T11:30:48+00:00\" \/>\n<meta property=\"og:image\" content=\"https:\/\/www.casadellibro.com\/blog\/wp-content\/uploads\/2025\/01\/Favicon.png\" \/>\n\t<meta property=\"og:image:width\" content=\"512\" \/>\n\t<meta property=\"og:image:height\" content=\"512\" \/>\n\t<meta property=\"og:image:type\" content=\"image\/png\" \/>\n<meta name=\"author\" content=\"Casa del Libro\" \/>\n<meta name=\"twitter:card\" content=\"summary_large_image\" \/>\n<meta name=\"twitter:creator\" content=\"@casadellibro\" \/>\n<meta name=\"twitter:site\" content=\"@casadellibro\" \/>\n<meta name=\"twitter:label1\" content=\"Written by\" \/>\n\t<meta name=\"twitter:data1\" content=\"Casa del Libro\" \/>\n\t<meta name=\"twitter:label2\" content=\"Est. reading time\" \/>\n\t<meta name=\"twitter:data2\" content=\"3 minutos\" \/>\n<script type=\"application\/ld+json\" class=\"yoast-schema-graph\">{\"@context\":\"https:\/\/schema.org\",\"@graph\":[{\"@type\":\"Article\",\"@id\":\"https:\/\/www.casadellibro.com\/blog\/eric-frattini-predijo-la-renuncia-del-papa-en-octubre-de-2012\/#article\",\"isPartOf\":{\"@id\":\"https:\/\/www.casadellibro.com\/blog\/eric-frattini-predijo-la-renuncia-del-papa-en-octubre-de-2012\/\"},\"author\":{\"name\":\"Casa del Libro\",\"@id\":\"https:\/\/www.casadellibro.com\/blog\/#\/schema\/person\/4c5249ad5735629a37e929060c823fe5\"},\"headline\":\"Eric Frattini predijo la renuncia del Papa en octubre de 2012\",\"datePublished\":\"2013-02-13T11:30:48+00:00\",\"mainEntityOfPage\":{\"@id\":\"https:\/\/www.casadellibro.com\/blog\/eric-frattini-predijo-la-renuncia-del-papa-en-octubre-de-2012\/\"},\"wordCount\":699,\"commentCount\":0,\"publisher\":{\"@id\":\"https:\/\/www.casadellibro.com\/blog\/#organization\"},\"image\":{\"@id\":\"https:\/\/www.casadellibro.com\/blog\/eric-frattini-predijo-la-renuncia-del-papa-en-octubre-de-2012\/#primaryimage\"},\"thumbnailUrl\":\"\",\"keywords\":[\"Eric Frattini\",\"Papa\",\"Ratzinger\"],\"articleSection\":[\"Actualidad\"],\"inLanguage\":\"es\",\"potentialAction\":[{\"@type\":\"CommentAction\",\"name\":\"Comment\",\"target\":[\"https:\/\/www.casadellibro.com\/blog\/eric-frattini-predijo-la-renuncia-del-papa-en-octubre-de-2012\/#respond\"]}]},{\"@type\":\"WebPage\",\"@id\":\"https:\/\/www.casadellibro.com\/blog\/eric-frattini-predijo-la-renuncia-del-papa-en-octubre-de-2012\/\",\"url\":\"https:\/\/www.casadellibro.com\/blog\/eric-frattini-predijo-la-renuncia-del-papa-en-octubre-de-2012\/\",\"name\":\"Eric Frattini predijo la renuncia del Papa en octubre de 2012 | Casa del Libro\",\"isPartOf\":{\"@id\":\"https:\/\/www.casadellibro.com\/blog\/#website\"},\"primaryImageOfPage\":{\"@id\":\"https:\/\/www.casadellibro.com\/blog\/eric-frattini-predijo-la-renuncia-del-papa-en-octubre-de-2012\/#primaryimage\"},\"image\":{\"@id\":\"https:\/\/www.casadellibro.com\/blog\/eric-frattini-predijo-la-renuncia-del-papa-en-octubre-de-2012\/#primaryimage\"},\"thumbnailUrl\":\"\",\"datePublished\":\"2013-02-13T11:30:48+00:00\",\"breadcrumb\":{\"@id\":\"https:\/\/www.casadellibro.com\/blog\/eric-frattini-predijo-la-renuncia-del-papa-en-octubre-de-2012\/#breadcrumb\"},\"inLanguage\":\"es\",\"potentialAction\":[{\"@type\":\"ReadAction\",\"target\":[\"https:\/\/www.casadellibro.com\/blog\/eric-frattini-predijo-la-renuncia-del-papa-en-octubre-de-2012\/\"]}]},{\"@type\":\"ImageObject\",\"inLanguage\":\"es\",\"@id\":\"https:\/\/www.casadellibro.com\/blog\/eric-frattini-predijo-la-renuncia-del-papa-en-octubre-de-2012\/#primaryimage\",\"url\":\"\",\"contentUrl\":\"\"},{\"@type\":\"BreadcrumbList\",\"@id\":\"https:\/\/www.casadellibro.com\/blog\/eric-frattini-predijo-la-renuncia-del-papa-en-octubre-de-2012\/#breadcrumb\",\"itemListElement\":[{\"@type\":\"ListItem\",\"position\":1,\"name\":\"Casa del Libro\",\"item\":\"https:\/\/www.casadellibro.com\/blog\/\"},{\"@type\":\"ListItem\",\"position\":2,\"name\":\"Eric Frattini predijo la renuncia del Papa en octubre de 2012\"}]},{\"@type\":\"WebSite\",\"@id\":\"https:\/\/www.casadellibro.com\/blog\/#website\",\"url\":\"https:\/\/www.casadellibro.com\/blog\/\",\"name\":\"Blog Casa del Libro\",\"description\":\"Descubre todas las novedades en eBooks, eReaders y Libros en el Blog oficial de Casa del Libro, recomendaciones en eBook, eReader y Libro online\",\"publisher\":{\"@id\":\"https:\/\/www.casadellibro.com\/blog\/#organization\"},\"potentialAction\":[{\"@type\":\"SearchAction\",\"target\":{\"@type\":\"EntryPoint\",\"urlTemplate\":\"https:\/\/www.casadellibro.com\/blog\/?s={search_term_string}\"},\"query-input\":{\"@type\":\"PropertyValueSpecification\",\"valueRequired\":true,\"valueName\":\"search_term_string\"}}],\"inLanguage\":\"es\"},{\"@type\":\"Organization\",\"@id\":\"https:\/\/www.casadellibro.com\/blog\/#organization\",\"name\":\"Blog Casa del Libro\",\"url\":\"https:\/\/www.casadellibro.com\/blog\/\",\"logo\":{\"@type\":\"ImageObject\",\"inLanguage\":\"es\",\"@id\":\"https:\/\/www.casadellibro.com\/blog\/#\/schema\/logo\/image\/\",\"url\":\"https:\/\/www.casadellibro.com\/blog\/wp-content\/uploads\/2022\/04\/cropped-image-2-300x98-1.png\",\"contentUrl\":\"https:\/\/www.casadellibro.com\/blog\/wp-content\/uploads\/2022\/04\/cropped-image-2-300x98-1.png\",\"width\":300,\"height\":98,\"caption\":\"Blog Casa del Libro\"},\"image\":{\"@id\":\"https:\/\/www.casadellibro.com\/blog\/#\/schema\/logo\/image\/\"},\"sameAs\":[\"https:\/\/www.facebook.com\/casadellibro\",\"https:\/\/x.com\/casadellibro\",\"https:\/\/www.youtube.com\/user\/casadellibropuntocom\",\"https:\/\/es.pinterest.com\/casadellibro\/\",\"https:\/\/open.spotify.com\/user\/wi2k27ijtmw114f531okf8nd4?si=JEaWkM75S56kXufnbmExww&nd=1&dlsi=6959f4c0a6474806\"]},{\"@type\":\"Person\",\"@id\":\"https:\/\/www.casadellibro.com\/blog\/#\/schema\/person\/4c5249ad5735629a37e929060c823fe5\",\"name\":\"Casa del Libro\",\"image\":{\"@type\":\"ImageObject\",\"inLanguage\":\"es\",\"@id\":\"https:\/\/www.casadellibro.com\/blog\/#\/schema\/person\/image\/\",\"url\":\"https:\/\/secure.gravatar.com\/avatar\/1ac01d90ad8e35013aff9d51865aa025?s=96&d=identicon&r=g\",\"contentUrl\":\"https:\/\/secure.gravatar.com\/avatar\/1ac01d90ad8e35013aff9d51865aa025?s=96&d=identicon&r=g\",\"caption\":\"Casa del Libro\"}}]}<\/script>\n<!-- \/ Yoast SEO plugin. -->","yoast_head_json":{"title":"Eric Frattini predijo la renuncia del Papa en octubre de 2012 | Casa del Libro","robots":{"index":"index","follow":"follow","max-snippet":"max-snippet:-1","max-image-preview":"max-image-preview:large","max-video-preview":"max-video-preview:-1"},"canonical":"https:\/\/www.casadellibro.com\/blog\/eric-frattini-predijo-la-renuncia-del-papa-en-octubre-de-2012\/","og_locale":"es_ES","og_type":"article","og_title":"Eric Frattini predijo la renuncia del Papa en octubre de 2012 | Casa del Libro","og_description":"Eric Frattini predec\u00eda en la p\u00e1gina 225 de Los cuervos del Vaticano la renuncia del Papa, libro en el que de manera \u00e1gil y novelada el reportero realiza un an\u00e1lisis pormenorizado de las intrigas impulsadas por el poder, la ambici\u00f3n y la corrupci\u00f3n en el Vaticano a trav\u00e9s de 47 de los documentos que formaban [&hellip;]","og_url":"https:\/\/www.casadellibro.com\/blog\/eric-frattini-predijo-la-renuncia-del-papa-en-octubre-de-2012\/","og_site_name":"Blog Casa del Libro","article_publisher":"https:\/\/www.facebook.com\/casadellibro","article_published_time":"2013-02-13T11:30:48+00:00","og_image":[{"width":512,"height":512,"url":"https:\/\/www.casadellibro.com\/blog\/wp-content\/uploads\/2025\/01\/Favicon.png","type":"image\/png"}],"author":"Casa del Libro","twitter_card":"summary_large_image","twitter_creator":"@casadellibro","twitter_site":"@casadellibro","twitter_misc":{"Written by":"Casa del Libro","Est. reading time":"3 minutos"},"schema":{"@context":"https:\/\/schema.org","@graph":[{"@type":"Article","@id":"https:\/\/www.casadellibro.com\/blog\/eric-frattini-predijo-la-renuncia-del-papa-en-octubre-de-2012\/#article","isPartOf":{"@id":"https:\/\/www.casadellibro.com\/blog\/eric-frattini-predijo-la-renuncia-del-papa-en-octubre-de-2012\/"},"author":{"name":"Casa del Libro","@id":"https:\/\/www.casadellibro.com\/blog\/#\/schema\/person\/4c5249ad5735629a37e929060c823fe5"},"headline":"Eric Frattini predijo la renuncia del Papa en octubre de 2012","datePublished":"2013-02-13T11:30:48+00:00","mainEntityOfPage":{"@id":"https:\/\/www.casadellibro.com\/blog\/eric-frattini-predijo-la-renuncia-del-papa-en-octubre-de-2012\/"},"wordCount":699,"commentCount":0,"publisher":{"@id":"https:\/\/www.casadellibro.com\/blog\/#organization"},"image":{"@id":"https:\/\/www.casadellibro.com\/blog\/eric-frattini-predijo-la-renuncia-del-papa-en-octubre-de-2012\/#primaryimage"},"thumbnailUrl":"","keywords":["Eric Frattini","Papa","Ratzinger"],"articleSection":["Actualidad"],"inLanguage":"es","potentialAction":[{"@type":"CommentAction","name":"Comment","target":["https:\/\/www.casadellibro.com\/blog\/eric-frattini-predijo-la-renuncia-del-papa-en-octubre-de-2012\/#respond"]}]},{"@type":"WebPage","@id":"https:\/\/www.casadellibro.com\/blog\/eric-frattini-predijo-la-renuncia-del-papa-en-octubre-de-2012\/","url":"https:\/\/www.casadellibro.com\/blog\/eric-frattini-predijo-la-renuncia-del-papa-en-octubre-de-2012\/","name":"Eric Frattini predijo la renuncia del Papa en octubre de 2012 | Casa del Libro","isPartOf":{"@id":"https:\/\/www.casadellibro.com\/blog\/#website"},"primaryImageOfPage":{"@id":"https:\/\/www.casadellibro.com\/blog\/eric-frattini-predijo-la-renuncia-del-papa-en-octubre-de-2012\/#primaryimage"},"image":{"@id":"https:\/\/www.casadellibro.com\/blog\/eric-frattini-predijo-la-renuncia-del-papa-en-octubre-de-2012\/#primaryimage"},"thumbnailUrl":"","datePublished":"2013-02-13T11:30:48+00:00","breadcrumb":{"@id":"https:\/\/www.casadellibro.com\/blog\/eric-frattini-predijo-la-renuncia-del-papa-en-octubre-de-2012\/#breadcrumb"},"inLanguage":"es","potentialAction":[{"@type":"ReadAction","target":["https:\/\/www.casadellibro.com\/blog\/eric-frattini-predijo-la-renuncia-del-papa-en-octubre-de-2012\/"]}]},{"@type":"ImageObject","inLanguage":"es","@id":"https:\/\/www.casadellibro.com\/blog\/eric-frattini-predijo-la-renuncia-del-papa-en-octubre-de-2012\/#primaryimage","url":"","contentUrl":""},{"@type":"BreadcrumbList","@id":"https:\/\/www.casadellibro.com\/blog\/eric-frattini-predijo-la-renuncia-del-papa-en-octubre-de-2012\/#breadcrumb","itemListElement":[{"@type":"ListItem","position":1,"name":"Casa del Libro","item":"https:\/\/www.casadellibro.com\/blog\/"},{"@type":"ListItem","position":2,"name":"Eric Frattini predijo la renuncia del Papa en octubre de 2012"}]},{"@type":"WebSite","@id":"https:\/\/www.casadellibro.com\/blog\/#website","url":"https:\/\/www.casadellibro.com\/blog\/","name":"Blog Casa del Libro","description":"Descubre todas las novedades en eBooks, eReaders y Libros en el Blog oficial de Casa del Libro, recomendaciones en eBook, eReader y Libro online","publisher":{"@id":"https:\/\/www.casadellibro.com\/blog\/#organization"},"potentialAction":[{"@type":"SearchAction","target":{"@type":"EntryPoint","urlTemplate":"https:\/\/www.casadellibro.com\/blog\/?s={search_term_string}"},"query-input":{"@type":"PropertyValueSpecification","valueRequired":true,"valueName":"search_term_string"}}],"inLanguage":"es"},{"@type":"Organization","@id":"https:\/\/www.casadellibro.com\/blog\/#organization","name":"Blog Casa del Libro","url":"https:\/\/www.casadellibro.com\/blog\/","logo":{"@type":"ImageObject","inLanguage":"es","@id":"https:\/\/www.casadellibro.com\/blog\/#\/schema\/logo\/image\/","url":"https:\/\/www.casadellibro.com\/blog\/wp-content\/uploads\/2022\/04\/cropped-image-2-300x98-1.png","contentUrl":"https:\/\/www.casadellibro.com\/blog\/wp-content\/uploads\/2022\/04\/cropped-image-2-300x98-1.png","width":300,"height":98,"caption":"Blog Casa del Libro"},"image":{"@id":"https:\/\/www.casadellibro.com\/blog\/#\/schema\/logo\/image\/"},"sameAs":["https:\/\/www.facebook.com\/casadellibro","https:\/\/x.com\/casadellibro","https:\/\/www.youtube.com\/user\/casadellibropuntocom","https:\/\/es.pinterest.com\/casadellibro\/","https:\/\/open.spotify.com\/user\/wi2k27ijtmw114f531okf8nd4?si=JEaWkM75S56kXufnbmExww&nd=1&dlsi=6959f4c0a6474806"]},{"@type":"Person","@id":"https:\/\/www.casadellibro.com\/blog\/#\/schema\/person\/4c5249ad5735629a37e929060c823fe5","name":"Casa del Libro","image":{"@type":"ImageObject","inLanguage":"es","@id":"https:\/\/www.casadellibro.com\/blog\/#\/schema\/person\/image\/","url":"https:\/\/secure.gravatar.com\/avatar\/1ac01d90ad8e35013aff9d51865aa025?s=96&d=identicon&r=g","contentUrl":"https:\/\/secure.gravatar.com\/avatar\/1ac01d90ad8e35013aff9d51865aa025?s=96&d=identicon&r=g","caption":"Casa del Libro"}}]}},"_links":{"self":[{"href":"https:\/\/www.casadellibro.com\/blog\/wp-json\/wp\/v2\/posts\/2659","targetHints":{"allow":["GET"]}}],"collection":[{"href":"https:\/\/www.casadellibro.com\/blog\/wp-json\/wp\/v2\/posts"}],"about":[{"href":"https:\/\/www.casadellibro.com\/blog\/wp-json\/wp\/v2\/types\/post"}],"author":[{"embeddable":true,"href":"https:\/\/www.casadellibro.com\/blog\/wp-json\/wp\/v2\/users\/2"}],"replies":[{"embeddable":true,"href":"https:\/\/www.casadellibro.com\/blog\/wp-json\/wp\/v2\/comments?post=2659"}],"version-history":[{"count":0,"href":"https:\/\/www.casadellibro.com\/blog\/wp-json\/wp\/v2\/posts\/2659\/revisions"}],"wp:featuredmedia":[{"embeddable":true,"href":"https:\/\/www.casadellibro.com\/blog\/wp-json\/"}],"wp:attachment":[{"href":"https:\/\/www.casadellibro.com\/blog\/wp-json\/wp\/v2\/media?parent=2659"}],"wp:term":[{"taxonomy":"category","embeddable":true,"href":"https:\/\/www.casadellibro.com\/blog\/wp-json\/wp\/v2\/categories?post=2659"},{"taxonomy":"post_tag","embeddable":true,"href":"https:\/\/www.casadellibro.com\/blog\/wp-json\/wp\/v2\/tags?post=2659"}],"curies":[{"name":"wp","href":"https:\/\/api.w.org\/{rel}","templated":true}]}}