{"id":27532,"date":"2025-05-21T08:05:30","date_gmt":"2025-05-21T06:05:30","guid":{"rendered":"https:\/\/www.casadellibro.com\/blog\/?p=27532"},"modified":"2025-05-26T17:16:14","modified_gmt":"2025-05-26T15:16:14","slug":"liam-mairi-personaje","status":"publish","type":"post","link":"https:\/\/www.casadellibro.com\/blog\/liam-mairi-personaje\/","title":{"rendered":"Liam Mairi Alas de Sangre | Emp\u00edreo"},"content":{"rendered":"\n<p><strong>Liam Mairi<\/strong> es uno de los jinetes de la famosa saga <em>Alas de sangre<\/em>. Si bien se trata de un personaje secundario, su proximidad con Violet Sorrengail lo convierte en una figura clave en m\u00e1s de un momento de la historia.<\/p>\n\n\n\n<figure class=\"wp-block-table\"><table class=\"has-fixed-layout\"><tbody><tr><td>Edad<\/td><td>20 a\u00f1os<\/td><\/tr><tr><td>Especie<\/td><td>Humano<\/td><\/tr><tr><td>G\u00e9nero<\/td><td>Masculino<\/td><\/tr><tr><td>Cuadrante<\/td><td>Jinetes<\/td><\/tr><tr><td>Color de ojos<\/td><td>Azul<\/td><\/tr><tr><td>Pelo<\/td><td>Rubio claro<\/td><\/tr><tr><td>Drag\u00f3n<\/td><td>Deigh<\/td><\/tr><tr><td>Relaci\u00f3n plat\u00f3nica<\/td><td>Jesinia Neilwart<\/td><\/tr><\/tbody><\/table><\/figure>\n\n\n\n<div style=\"height:30px\" aria-hidden=\"true\" class=\"wp-block-spacer\"><\/div>\n\n\n\n<hr class=\"wp-block-separator has-text-color has-alpha-channel-opacity has-background is-style-default\" style=\"background-color:#c6c6c6;color:#c6c6c6;max-width:1200px\"\/>\n\n\n\n<div id=\"elevenlabs-audionative-widget\" data-height=\"90\" data-width=\"100%\" data-frameborder=\"no\" data-scrolling=\"no\" data-publicuserid=\"2f5f44e4564bcafa01a8e0e7eb90dd3a93ba953fba40d6f073aaa221736efd5e\" data-playerurl=\"https:\/\/elevenlabs.io\/player\/index.html\" data-projectid=\"MP9RWMBTSo5QQBuyXMmW\" >Loading the <a href=\"https:\/\/elevenlabs.io\/text-to-speech\" target=\"_blank\" rel=\"noopener\">Elevenlabs Text to Speech<\/a> AudioNative Player&#8230;<\/div><script src=\"https:\/\/elevenlabs.io\/player\/audioNativeHelper.js\" type=\"text\/javascript\"><\/script>\n\n\n\n<p class=\"has-text-color has-link-color wp-elements-94a2bcc6ab673317fc902712e31107c1\" style=\"color:#004d43\"><em><em>Leer o escuchar, t\u00fa decides. Ahora este post tambi\u00e9n est\u00e1 disponible en audio<\/em><\/em>.<\/p>\n\n\n\n<hr class=\"wp-block-separator has-text-color has-alpha-channel-opacity has-background is-style-default\" style=\"background-color:#c6c6c6;color:#c6c6c6;max-width:1200px\"\/>\n\n\n\n<div style=\"height:40px\" aria-hidden=\"true\" class=\"wp-block-spacer\"><\/div>\n\n\n\n<h2 class=\"wp-block-heading\">Biograf\u00eda de Liam Mairi<\/h2>\n\n\n\n<p>Liam entra como jinete a la par que Violet Sorrengail. Sus padres participaron en la Rebeli\u00f3n tyrrish, por lo que no lo criaron ellos, sino la misma familia que se encarg\u00f3 de <strong>educar y criar a Xaden Riorson en un hogar de acogida<\/strong>.<\/p>\n\n\n\n<p>Su madre fue una destacada rebelde, y termin\u00f3 ejecutada a los ojos de Liam. Como todos los hijos de los principales dirigentes rebeldes, Liam posee una reliquia de rebeli\u00f3n, que puede verse en todo su brazo, empezando en la mu\u00f1eca.<\/p>\n\n\n\n<p>Tras la muerte de sus padres, Liam y su hermana fueron separados y enviados a hogares de acogida diferentes. Liam termin\u00f3 en la casa del duque Lindell, donde tambi\u00e9n estar\u00eda Xaden Riorson. De hecho, <strong>fue Xaden quien le ense\u00f1\u00f3 a Liam todo lo que sab\u00eda sobre la lucha<\/strong>.<\/p>\n\n\n\n<h2 class=\"wp-block-heading\">Hazte ya con la saga<\/h2>\n\n\n\n<p>Descubre el papel que juega <strong>Liam Mairi<\/strong> en la historia. \u00a1Te lo contamos!<\/p>\n\n\n\n<h3 class=\"wp-block-heading\">Alas de sangre<\/h3>\n\n\n\n<div class=\"wp-block-media-text is-stacked-on-mobile\" style=\"grid-template-columns:30% auto\"><figure class=\"wp-block-media-text__media\"><a href=\"https:\/\/www.casadellibro.com\/libro-alas-de-sangre-empireo-1\/9788408279990\/14058020\"><img loading=\"lazy\" decoding=\"async\" width=\"552\" height=\"846\" src=\"https:\/\/www.casadellibro.com\/blog\/wp-content\/uploads\/2025\/04\/9788408279990.jpg\" alt=\"alas de sangre\" class=\"wp-image-27488 size-full\" srcset=\"https:\/\/www.casadellibro.com\/blog\/wp-content\/uploads\/2025\/04\/9788408279990.jpg 552w, https:\/\/www.casadellibro.com\/blog\/wp-content\/uploads\/2025\/04\/9788408279990-196x300.jpg 196w, https:\/\/www.casadellibro.com\/blog\/wp-content\/uploads\/2025\/04\/9788408279990-274x420.jpg 274w, https:\/\/www.casadellibro.com\/blog\/wp-content\/uploads\/2025\/04\/9788408279990-150x230.jpg 150w, https:\/\/www.casadellibro.com\/blog\/wp-content\/uploads\/2025\/04\/9788408279990-300x460.jpg 300w\" sizes=\"auto, (max-width: 552px) 100vw, 552px\" \/><\/a><\/figure><div class=\"wp-block-media-text__content\">\n<p><\/p>\n\n\n\n<p class=\"has-text-align-center\">Autor: Rebecca Yarros<\/p>\n\n\n\n<p class=\"has-text-align-center\">Tiempo de lectura: 17 h 39 min<\/p>\n\n\n\n<div class=\"wp-block-buttons is-content-justification-center is-layout-flex wp-container-core-buttons-is-layout-1 wp-block-buttons-is-layout-flex\">\n<div class=\"wp-block-button has-custom-width wp-block-button__width-75\"><a class=\"wp-block-button__link wp-element-button\" href=\"https:\/\/www.casadellibro.com\/libro-alas-de-sangre-empireo-1\/9788408279990\/14058020\">Comprar<\/a><\/div>\n<\/div>\n<\/div><\/div>\n\n\n\n<p>Liam se ve obligado a alistarse en el Cuadrante de Jinetes del Colegio de Guerra de Basgiath. Enseguida deja claro que <strong>es el jinete m\u00e1s fuerte de su a\u00f1o<\/strong>, ya que en la prueba de evaluaci\u00f3n destroza a todos aquellos con los que se enfrenta. Finalmente, termina vinculado con un drag\u00f3n que se llama Deigh.<\/p>\n\n\n\n<p>Liam est\u00e1 en el mismo a\u00f1o que Violet, y enseguida Xaden le pide que la proteja, despu\u00e9s de que Amber Mavis intente matarla. As\u00ed es como Liam y Violet empiezan a <strong>relacionarse<\/strong>.<\/p>\n\n\n\n<p>Al d\u00eda siguiente, Liam bromea con Violet acerca de Xaden y del tipo de relaci\u00f3n que tienen, y da la sensaci\u00f3n de que poco a poco se empiezan a convertir en amigos.<\/p>\n\n\n\n<p>En diciembre vuelve a aparecer Liam junto con Violet y <a href=\"https:\/\/www.casadellibro.com\/blog\/rhiannon-crochan-personaje\/\">Rhiannon<\/a> yendo al gimnasio a entrenar. \u00c9l est\u00e1 tallando una figura de un drag\u00f3n. Liam molesta a las chicas mientras ellas ven c\u00f3mo entrenan Xaden y Garrik. Sin embargo, enseguida defender\u00e1 a Violet, cuando otro chico se burla de ella, aunque poco despu\u00e9s <strong>se mostrar\u00e1 bastante cr\u00edtico con la actitud y con el comportamiento de Violet<\/strong>.<\/p>\n\n\n\n<p>En un desaf\u00edo, Liam consigue que su escuadr\u00f3n quede en muy buena posici\u00f3n, por lo que, como premio, son enviados a <strong>Montserrat<\/strong>.<\/p>\n\n\n\n<p>En unos juegos de guerra Liam cae herido cuando Jack lo apu\u00f1ala por la espalda. Pr\u00e1cticamente muerto, Violet acude en su ayuda e invoca sus poderes para <strong>salvarlo justo a tiempo<\/strong>. Gracias a ello, Liam le guarda una lealtad total a Violet. As\u00ed, en su pr\u00f3xima aparici\u00f3n, que ser\u00e1 en el D\u00eda de la Reunificaci\u00f3n, no se separar\u00e1 de Violet y se mostrar\u00e1 visiblemente inc\u00f3modo cuando los generales cuestionan la posible lealtad que tienen los marcados.<\/p>\n\n\n\n<p>Al principio, Violet se enfada mucho, porque cree que ha sido Xaden quien ha obligado a Liam a acompa\u00f1arla. Pero luego el propio Liam le dice que lo ha hecho por propia voluntad, porque quer\u00eda protegerla.<\/p>\n\n\n\n<p>En los juegos de guerra Liam va con Violet y quiere <strong>informarse acerca de la relaci\u00f3n de Violet con su hermanastro<\/strong>. Parece querer disculparlo de algo y tratar de que ella lo perdone todo el rato.<\/p>\n\n\n\n<p>En una batalla, Liam ayuda a los habitantes de un pueblo a huir de los atacantes. Pelea con valor contra ellos, pero estos atacan con dureza a Deigh, que ya no es solo su drag\u00f3n, sino tambi\u00e9n su amigo. <strong>Liam por un momento pierde el control y casi se cae, pero Violet lo rescata<\/strong>.<\/p>\n\n\n\n<p>Finalmente, el drag\u00f3n cae y muerte, y Liam va junto a \u00e9l, totalmente desesperado y tambi\u00e9n con heridas profundas. Violet acude a consolarlo. En ese momento, Liam le pide, con su \u00faltimo aliento de vida, que cuide a su hermana y que perdone a Xaden. Finalmente, <strong>muere<\/strong>.<\/p>\n\n\n\n<h2 class=\"wp-block-heading\">Descripci\u00f3n f\u00edsica<\/h2>\n\n\n\n<p>Probablemente lo que m\u00e1s destaca de este personaje es su altura. Violet llega a decir, de hecho, que <strong>Liam saca una cabeza al resto de los jinetes<\/strong>. Con ojos azules y nariz grande, tiene <strong>un cuerpo ancho y fuerte<\/strong>. Tambi\u00e9n hay un detalle que le hace m\u00e1s dulce, y es que tiene hoyuelos de sonre\u00edr.<\/p>\n\n\n\n<h3 class=\"wp-block-heading\">Personalidad<\/h3>\n\n\n\n<p>La personalidad de Liam est\u00e1 llena de luz. Es un personaje muy querido en la saga, ya que siempre se est\u00e1 riendo, bromeando y, en general, teniendo <strong>un car\u00e1cter desenfadado con sus amigos y sus compa\u00f1eros<\/strong>.<\/p>\n\n\n\n<p>Adem\u00e1s de su actitud positiva, tambi\u00e9n destaca mucho su capacidad para el combate. Su fortaleza y su resistencia hacen de \u00e9l <strong>un compa\u00f1ero de lucha perfecto para cualquier persona<\/strong>. Tambi\u00e9n es leal con los suyos y valiente en la batalla.<\/p>\n\n\n\n<h3 class=\"wp-block-heading\">Poderes de Liam Mairi<\/h3>\n\n\n\n<p>Vamos a ver cu\u00e1les son sus principales poderes y habilidades, ya que juegan un papel crucial en la obra:<\/p>\n\n\n\n<ul class=\"wp-block-list\">\n<li><strong>Magia menor<\/strong>. Este poder es el mismo que tienen todos los jinetes, puesto que lo consiguen una vez que su drag\u00f3n comienza a canalizar su magia a trav\u00e9s de ellos. Les ayuda a abrir puertas, manipular luces, aumentar su velocidad y otro tipo de habilidades discretas pero \u00fatiles.<\/li>\n\n\n\n<li><strong>Su sello de visi\u00f3n<\/strong>. Liam posee un sello que le permite tener una visi\u00f3n de largu\u00edsimo alcance. Su mirada tambi\u00e9n se afina, pudiendo ver espacios y lugares que otros no llegan a ver.<\/li>\n\n\n\n<li><strong>Control sobre el hielo<\/strong>. Este es un poder que, en principio, parece oculto. Sin embargo, se revela en una batalla en la que Liam descubre que puede controlar el hielo.<\/li>\n<\/ul>\n\n\n\n<h2 class=\"wp-block-heading\">Relaciones de Liam Mairi<\/h2>\n\n\n\n<p>No hay nada mejor para entender un personaje que observar c\u00f3mo interact\u00faa con el resto de los protagonistas de una historia. Vamos a ver cu\u00e1les son <strong>sus principales v\u00ednculos emocionales<\/strong>.<\/p>\n\n\n\n<ul class=\"wp-block-list\">\n<li><strong><a href=\"https:\/\/www.casadellibro.com\/blog\/xaden-riorson\/\">Xaden Riorson<\/a><\/strong>. Es el hermanastro de Liam. Crecieron en el mismo lugar de acogida y Xaden lo cuid\u00f3 y le ense\u00f1\u00f3 a luchar.<\/li>\n\n\n\n<li><strong><a href=\"https:\/\/www.casadellibro.com\/blog\/violet-sorrengail-personaje\/\">Violet Sorrengail<\/a><\/strong>. A ra\u00edz de la relaci\u00f3n que Liam mantiene con Xaden, el primero empieza a convertirse pr\u00e1cticamente en la sombra de Violet. La proteger\u00e1 de todo tipo de peligros siempre que sea necesario.<\/li>\n\n\n\n<li><strong>Sloane Mairi<\/strong>. Es su hermana peque\u00f1a, que fue enviada a otra casa de acogida tras la muerte de sus padres.<\/li>\n<\/ul>\n\n\n\n<p>Ahora ya conoces todos los secretos de <strong>Liam Mairi<\/strong>. Recuerda que la mejor manera de descubrir a este jinete es consultando directamente esta genial saga de literatura fant\u00e1stica. \u00bfA qu\u00e9 esperas?<\/p>\n","protected":false},"excerpt":{"rendered":"<p>Liam Mairi es uno de los jinetes de la famosa saga Alas de sangre. Si bien se trata de un personaje secundario, su proximidad con Violet Sorrengail lo convierte en una figura clave en m\u00e1s de un momento de la historia. Edad 20 a\u00f1os Especie Humano G\u00e9nero Masculino Cuadrante Jinetes Color de ojos Azul Pelo [&hellip;]<\/p>\n","protected":false},"author":11,"featured_media":27548,"comment_status":"open","ping_status":"open","sticky":false,"template":"","format":"standard","meta":{"tdm_status":"","tdm_grid_status":"","footnotes":""},"categories":[1338,1335,1329],"tags":[],"class_list":{"0":"post-27532","1":"post","2":"type-post","3":"status-publish","4":"format-standard","5":"has-post-thumbnail","7":"category-alas-de-sangre","8":"category-fantasia","9":"category-personajes-literarios"},"yoast_head":"<!-- This site is optimized with the Yoast SEO plugin v26.8 - https:\/\/yoast.com\/product\/yoast-seo-wordpress\/ -->\n<title>Liam Mairi Alas de Sangre | Emp\u00edreo | Casa del Libro<\/title>\n<meta name=\"description\" content=\"Descubre a Liam Mairi de Alas de Sangre \u2b50 Habilidades de combate \u2b50 Su relaci\u00f3n con Violet \u2b50 Y los datos m\u00e1s curiosos \u2b50 \u00a1Entra YA!\" \/>\n<meta name=\"robots\" content=\"index, follow, max-snippet:-1, max-image-preview:large, max-video-preview:-1\" \/>\n<link rel=\"canonical\" href=\"https:\/\/www.casadellibro.com\/blog\/liam-mairi-personaje\/\" \/>\n<meta property=\"og:locale\" content=\"es_ES\" \/>\n<meta property=\"og:type\" content=\"article\" \/>\n<meta property=\"og:title\" content=\"Liam Mairi Alas de Sangre | Emp\u00edreo | Casa del Libro\" \/>\n<meta property=\"og:description\" content=\"Descubre a Liam Mairi de Alas de Sangre \u2b50 Habilidades de combate \u2b50 Su relaci\u00f3n con Violet \u2b50 Y los datos m\u00e1s curiosos \u2b50 \u00a1Entra YA!\" \/>\n<meta property=\"og:url\" content=\"https:\/\/www.casadellibro.com\/blog\/liam-mairi-personaje\/\" \/>\n<meta property=\"og:site_name\" content=\"Blog Casa del Libro\" \/>\n<meta property=\"article:publisher\" content=\"https:\/\/www.facebook.com\/casadellibro\" \/>\n<meta property=\"article:published_time\" content=\"2025-05-21T06:05:30+00:00\" \/>\n<meta property=\"article:modified_time\" content=\"2025-05-26T15:16:14+00:00\" \/>\n<meta property=\"og:image\" content=\"https:\/\/www.casadellibro.com\/blog\/wp-content\/uploads\/2025\/05\/ChatGPT-Image-21-may-2025-08_03_09.webp\" \/>\n\t<meta property=\"og:image:width\" content=\"1536\" \/>\n\t<meta property=\"og:image:height\" content=\"1024\" \/>\n\t<meta property=\"og:image:type\" content=\"image\/webp\" \/>\n<meta name=\"author\" content=\"Casa del Libro\" \/>\n<meta name=\"twitter:card\" content=\"summary_large_image\" \/>\n<meta name=\"twitter:creator\" content=\"@casadellibro\" \/>\n<meta name=\"twitter:site\" content=\"@casadellibro\" \/>\n<meta name=\"twitter:label1\" content=\"Written by\" \/>\n\t<meta name=\"twitter:data1\" content=\"Casa del Libro\" \/>\n\t<meta name=\"twitter:label2\" content=\"Est. reading time\" \/>\n\t<meta name=\"twitter:data2\" content=\"6 minutos\" \/>\n<script type=\"application\/ld+json\" class=\"yoast-schema-graph\">{\"@context\":\"https:\/\/schema.org\",\"@graph\":[{\"@type\":\"Article\",\"@id\":\"https:\/\/www.casadellibro.com\/blog\/liam-mairi-personaje\/#article\",\"isPartOf\":{\"@id\":\"https:\/\/www.casadellibro.com\/blog\/liam-mairi-personaje\/\"},\"author\":{\"name\":\"Casa del Libro\",\"@id\":\"https:\/\/www.casadellibro.com\/blog\/#\/schema\/person\/8c2de9f0293fd8de66994e65f9e4f1f4\"},\"headline\":\"Liam Mairi Alas de Sangre | Emp\u00edreo\",\"datePublished\":\"2025-05-21T06:05:30+00:00\",\"dateModified\":\"2025-05-26T15:16:14+00:00\",\"mainEntityOfPage\":{\"@id\":\"https:\/\/www.casadellibro.com\/blog\/liam-mairi-personaje\/\"},\"wordCount\":1193,\"commentCount\":0,\"publisher\":{\"@id\":\"https:\/\/www.casadellibro.com\/blog\/#organization\"},\"image\":{\"@id\":\"https:\/\/www.casadellibro.com\/blog\/liam-mairi-personaje\/#primaryimage\"},\"thumbnailUrl\":\"https:\/\/www.casadellibro.com\/blog\/wp-content\/uploads\/2025\/05\/ChatGPT-Image-21-may-2025-08_03_09.webp\",\"articleSection\":[\"Alas de sangre\",\"Fantas\u00eda\",\"Personajes Literarios\"],\"inLanguage\":\"es\",\"potentialAction\":[{\"@type\":\"CommentAction\",\"name\":\"Comment\",\"target\":[\"https:\/\/www.casadellibro.com\/blog\/liam-mairi-personaje\/#respond\"]}]},{\"@type\":\"WebPage\",\"@id\":\"https:\/\/www.casadellibro.com\/blog\/liam-mairi-personaje\/\",\"url\":\"https:\/\/www.casadellibro.com\/blog\/liam-mairi-personaje\/\",\"name\":\"Liam Mairi Alas de Sangre | Emp\u00edreo | Casa del Libro\",\"isPartOf\":{\"@id\":\"https:\/\/www.casadellibro.com\/blog\/#website\"},\"primaryImageOfPage\":{\"@id\":\"https:\/\/www.casadellibro.com\/blog\/liam-mairi-personaje\/#primaryimage\"},\"image\":{\"@id\":\"https:\/\/www.casadellibro.com\/blog\/liam-mairi-personaje\/#primaryimage\"},\"thumbnailUrl\":\"https:\/\/www.casadellibro.com\/blog\/wp-content\/uploads\/2025\/05\/ChatGPT-Image-21-may-2025-08_03_09.webp\",\"datePublished\":\"2025-05-21T06:05:30+00:00\",\"dateModified\":\"2025-05-26T15:16:14+00:00\",\"description\":\"Descubre a Liam Mairi de Alas de Sangre \u2b50 Habilidades de combate \u2b50 Su relaci\u00f3n con Violet \u2b50 Y los datos m\u00e1s curiosos \u2b50 \u00a1Entra YA!\",\"breadcrumb\":{\"@id\":\"https:\/\/www.casadellibro.com\/blog\/liam-mairi-personaje\/#breadcrumb\"},\"inLanguage\":\"es\",\"potentialAction\":[{\"@type\":\"ReadAction\",\"target\":[\"https:\/\/www.casadellibro.com\/blog\/liam-mairi-personaje\/\"]}]},{\"@type\":\"ImageObject\",\"inLanguage\":\"es\",\"@id\":\"https:\/\/www.casadellibro.com\/blog\/liam-mairi-personaje\/#primaryimage\",\"url\":\"https:\/\/www.casadellibro.com\/blog\/wp-content\/uploads\/2025\/05\/ChatGPT-Image-21-may-2025-08_03_09.webp\",\"contentUrl\":\"https:\/\/www.casadellibro.com\/blog\/wp-content\/uploads\/2025\/05\/ChatGPT-Image-21-may-2025-08_03_09.webp\",\"width\":1536,\"height\":1024,\"caption\":\"Liam Mairi fanart\"},{\"@type\":\"BreadcrumbList\",\"@id\":\"https:\/\/www.casadellibro.com\/blog\/liam-mairi-personaje\/#breadcrumb\",\"itemListElement\":[{\"@type\":\"ListItem\",\"position\":1,\"name\":\"Casa del Libro\",\"item\":\"https:\/\/www.casadellibro.com\/blog\/\"},{\"@type\":\"ListItem\",\"position\":2,\"name\":\"Liam Mairi Alas de Sangre | Emp\u00edreo\"}]},{\"@type\":\"WebSite\",\"@id\":\"https:\/\/www.casadellibro.com\/blog\/#website\",\"url\":\"https:\/\/www.casadellibro.com\/blog\/\",\"name\":\"Blog Casa del Libro\",\"description\":\"Descubre todas las novedades en eBooks, eReaders y Libros en el Blog oficial de Casa del Libro, recomendaciones en eBook, eReader y Libro online\",\"publisher\":{\"@id\":\"https:\/\/www.casadellibro.com\/blog\/#organization\"},\"potentialAction\":[{\"@type\":\"SearchAction\",\"target\":{\"@type\":\"EntryPoint\",\"urlTemplate\":\"https:\/\/www.casadellibro.com\/blog\/?s={search_term_string}\"},\"query-input\":{\"@type\":\"PropertyValueSpecification\",\"valueRequired\":true,\"valueName\":\"search_term_string\"}}],\"inLanguage\":\"es\"},{\"@type\":\"Organization\",\"@id\":\"https:\/\/www.casadellibro.com\/blog\/#organization\",\"name\":\"Blog Casa del Libro\",\"url\":\"https:\/\/www.casadellibro.com\/blog\/\",\"logo\":{\"@type\":\"ImageObject\",\"inLanguage\":\"es\",\"@id\":\"https:\/\/www.casadellibro.com\/blog\/#\/schema\/logo\/image\/\",\"url\":\"https:\/\/www.casadellibro.com\/blog\/wp-content\/uploads\/2022\/04\/cropped-image-2-300x98-1.png\",\"contentUrl\":\"https:\/\/www.casadellibro.com\/blog\/wp-content\/uploads\/2022\/04\/cropped-image-2-300x98-1.png\",\"width\":300,\"height\":98,\"caption\":\"Blog Casa del Libro\"},\"image\":{\"@id\":\"https:\/\/www.casadellibro.com\/blog\/#\/schema\/logo\/image\/\"},\"sameAs\":[\"https:\/\/www.facebook.com\/casadellibro\",\"https:\/\/x.com\/casadellibro\",\"https:\/\/www.youtube.com\/user\/casadellibropuntocom\",\"https:\/\/es.pinterest.com\/casadellibro\/\",\"https:\/\/open.spotify.com\/user\/wi2k27ijtmw114f531okf8nd4?si=JEaWkM75S56kXufnbmExww&nd=1&dlsi=6959f4c0a6474806\"]},{\"@type\":\"Person\",\"@id\":\"https:\/\/www.casadellibro.com\/blog\/#\/schema\/person\/8c2de9f0293fd8de66994e65f9e4f1f4\",\"name\":\"Casa del Libro\",\"image\":{\"@type\":\"ImageObject\",\"inLanguage\":\"es\",\"@id\":\"https:\/\/www.casadellibro.com\/blog\/#\/schema\/person\/image\/\",\"url\":\"https:\/\/secure.gravatar.com\/avatar\/6d28c33e7fb769449e406e87e48052cc?s=96&d=identicon&r=g\",\"contentUrl\":\"https:\/\/secure.gravatar.com\/avatar\/6d28c33e7fb769449e406e87e48052cc?s=96&d=identicon&r=g\",\"caption\":\"Casa del Libro\"},\"sameAs\":[\"https:\/\/www.casadellibro.com\"]}]}<\/script>\n<!-- \/ Yoast SEO plugin. -->","yoast_head_json":{"title":"Liam Mairi Alas de Sangre | Emp\u00edreo | Casa del Libro","description":"Descubre a Liam Mairi de Alas de Sangre \u2b50 Habilidades de combate \u2b50 Su relaci\u00f3n con Violet \u2b50 Y los datos m\u00e1s curiosos \u2b50 \u00a1Entra YA!","robots":{"index":"index","follow":"follow","max-snippet":"max-snippet:-1","max-image-preview":"max-image-preview:large","max-video-preview":"max-video-preview:-1"},"canonical":"https:\/\/www.casadellibro.com\/blog\/liam-mairi-personaje\/","og_locale":"es_ES","og_type":"article","og_title":"Liam Mairi Alas de Sangre | Emp\u00edreo | Casa del Libro","og_description":"Descubre a Liam Mairi de Alas de Sangre \u2b50 Habilidades de combate \u2b50 Su relaci\u00f3n con Violet \u2b50 Y los datos m\u00e1s curiosos \u2b50 \u00a1Entra YA!","og_url":"https:\/\/www.casadellibro.com\/blog\/liam-mairi-personaje\/","og_site_name":"Blog Casa del Libro","article_publisher":"https:\/\/www.facebook.com\/casadellibro","article_published_time":"2025-05-21T06:05:30+00:00","article_modified_time":"2025-05-26T15:16:14+00:00","og_image":[{"width":1536,"height":1024,"url":"https:\/\/www.casadellibro.com\/blog\/wp-content\/uploads\/2025\/05\/ChatGPT-Image-21-may-2025-08_03_09.webp","type":"image\/webp"}],"author":"Casa del Libro","twitter_card":"summary_large_image","twitter_creator":"@casadellibro","twitter_site":"@casadellibro","twitter_misc":{"Written by":"Casa del Libro","Est. reading time":"6 minutos"},"schema":{"@context":"https:\/\/schema.org","@graph":[{"@type":"Article","@id":"https:\/\/www.casadellibro.com\/blog\/liam-mairi-personaje\/#article","isPartOf":{"@id":"https:\/\/www.casadellibro.com\/blog\/liam-mairi-personaje\/"},"author":{"name":"Casa del Libro","@id":"https:\/\/www.casadellibro.com\/blog\/#\/schema\/person\/8c2de9f0293fd8de66994e65f9e4f1f4"},"headline":"Liam Mairi Alas de Sangre | Emp\u00edreo","datePublished":"2025-05-21T06:05:30+00:00","dateModified":"2025-05-26T15:16:14+00:00","mainEntityOfPage":{"@id":"https:\/\/www.casadellibro.com\/blog\/liam-mairi-personaje\/"},"wordCount":1193,"commentCount":0,"publisher":{"@id":"https:\/\/www.casadellibro.com\/blog\/#organization"},"image":{"@id":"https:\/\/www.casadellibro.com\/blog\/liam-mairi-personaje\/#primaryimage"},"thumbnailUrl":"https:\/\/www.casadellibro.com\/blog\/wp-content\/uploads\/2025\/05\/ChatGPT-Image-21-may-2025-08_03_09.webp","articleSection":["Alas de sangre","Fantas\u00eda","Personajes Literarios"],"inLanguage":"es","potentialAction":[{"@type":"CommentAction","name":"Comment","target":["https:\/\/www.casadellibro.com\/blog\/liam-mairi-personaje\/#respond"]}]},{"@type":"WebPage","@id":"https:\/\/www.casadellibro.com\/blog\/liam-mairi-personaje\/","url":"https:\/\/www.casadellibro.com\/blog\/liam-mairi-personaje\/","name":"Liam Mairi Alas de Sangre | Emp\u00edreo | Casa del Libro","isPartOf":{"@id":"https:\/\/www.casadellibro.com\/blog\/#website"},"primaryImageOfPage":{"@id":"https:\/\/www.casadellibro.com\/blog\/liam-mairi-personaje\/#primaryimage"},"image":{"@id":"https:\/\/www.casadellibro.com\/blog\/liam-mairi-personaje\/#primaryimage"},"thumbnailUrl":"https:\/\/www.casadellibro.com\/blog\/wp-content\/uploads\/2025\/05\/ChatGPT-Image-21-may-2025-08_03_09.webp","datePublished":"2025-05-21T06:05:30+00:00","dateModified":"2025-05-26T15:16:14+00:00","description":"Descubre a Liam Mairi de Alas de Sangre \u2b50 Habilidades de combate \u2b50 Su relaci\u00f3n con Violet \u2b50 Y los datos m\u00e1s curiosos \u2b50 \u00a1Entra YA!","breadcrumb":{"@id":"https:\/\/www.casadellibro.com\/blog\/liam-mairi-personaje\/#breadcrumb"},"inLanguage":"es","potentialAction":[{"@type":"ReadAction","target":["https:\/\/www.casadellibro.com\/blog\/liam-mairi-personaje\/"]}]},{"@type":"ImageObject","inLanguage":"es","@id":"https:\/\/www.casadellibro.com\/blog\/liam-mairi-personaje\/#primaryimage","url":"https:\/\/www.casadellibro.com\/blog\/wp-content\/uploads\/2025\/05\/ChatGPT-Image-21-may-2025-08_03_09.webp","contentUrl":"https:\/\/www.casadellibro.com\/blog\/wp-content\/uploads\/2025\/05\/ChatGPT-Image-21-may-2025-08_03_09.webp","width":1536,"height":1024,"caption":"Liam Mairi fanart"},{"@type":"BreadcrumbList","@id":"https:\/\/www.casadellibro.com\/blog\/liam-mairi-personaje\/#breadcrumb","itemListElement":[{"@type":"ListItem","position":1,"name":"Casa del Libro","item":"https:\/\/www.casadellibro.com\/blog\/"},{"@type":"ListItem","position":2,"name":"Liam Mairi Alas de Sangre | Emp\u00edreo"}]},{"@type":"WebSite","@id":"https:\/\/www.casadellibro.com\/blog\/#website","url":"https:\/\/www.casadellibro.com\/blog\/","name":"Blog Casa del Libro","description":"Descubre todas las novedades en eBooks, eReaders y Libros en el Blog oficial de Casa del Libro, recomendaciones en eBook, eReader y Libro online","publisher":{"@id":"https:\/\/www.casadellibro.com\/blog\/#organization"},"potentialAction":[{"@type":"SearchAction","target":{"@type":"EntryPoint","urlTemplate":"https:\/\/www.casadellibro.com\/blog\/?s={search_term_string}"},"query-input":{"@type":"PropertyValueSpecification","valueRequired":true,"valueName":"search_term_string"}}],"inLanguage":"es"},{"@type":"Organization","@id":"https:\/\/www.casadellibro.com\/blog\/#organization","name":"Blog Casa del Libro","url":"https:\/\/www.casadellibro.com\/blog\/","logo":{"@type":"ImageObject","inLanguage":"es","@id":"https:\/\/www.casadellibro.com\/blog\/#\/schema\/logo\/image\/","url":"https:\/\/www.casadellibro.com\/blog\/wp-content\/uploads\/2022\/04\/cropped-image-2-300x98-1.png","contentUrl":"https:\/\/www.casadellibro.com\/blog\/wp-content\/uploads\/2022\/04\/cropped-image-2-300x98-1.png","width":300,"height":98,"caption":"Blog Casa del Libro"},"image":{"@id":"https:\/\/www.casadellibro.com\/blog\/#\/schema\/logo\/image\/"},"sameAs":["https:\/\/www.facebook.com\/casadellibro","https:\/\/x.com\/casadellibro","https:\/\/www.youtube.com\/user\/casadellibropuntocom","https:\/\/es.pinterest.com\/casadellibro\/","https:\/\/open.spotify.com\/user\/wi2k27ijtmw114f531okf8nd4?si=JEaWkM75S56kXufnbmExww&nd=1&dlsi=6959f4c0a6474806"]},{"@type":"Person","@id":"https:\/\/www.casadellibro.com\/blog\/#\/schema\/person\/8c2de9f0293fd8de66994e65f9e4f1f4","name":"Casa del Libro","image":{"@type":"ImageObject","inLanguage":"es","@id":"https:\/\/www.casadellibro.com\/blog\/#\/schema\/person\/image\/","url":"https:\/\/secure.gravatar.com\/avatar\/6d28c33e7fb769449e406e87e48052cc?s=96&d=identicon&r=g","contentUrl":"https:\/\/secure.gravatar.com\/avatar\/6d28c33e7fb769449e406e87e48052cc?s=96&d=identicon&r=g","caption":"Casa del Libro"},"sameAs":["https:\/\/www.casadellibro.com"]}]}},"_links":{"self":[{"href":"https:\/\/www.casadellibro.com\/blog\/wp-json\/wp\/v2\/posts\/27532","targetHints":{"allow":["GET"]}}],"collection":[{"href":"https:\/\/www.casadellibro.com\/blog\/wp-json\/wp\/v2\/posts"}],"about":[{"href":"https:\/\/www.casadellibro.com\/blog\/wp-json\/wp\/v2\/types\/post"}],"author":[{"embeddable":true,"href":"https:\/\/www.casadellibro.com\/blog\/wp-json\/wp\/v2\/users\/11"}],"replies":[{"embeddable":true,"href":"https:\/\/www.casadellibro.com\/blog\/wp-json\/wp\/v2\/comments?post=27532"}],"version-history":[{"count":0,"href":"https:\/\/www.casadellibro.com\/blog\/wp-json\/wp\/v2\/posts\/27532\/revisions"}],"wp:featuredmedia":[{"embeddable":true,"href":"https:\/\/www.casadellibro.com\/blog\/wp-json\/wp\/v2\/media\/27548"}],"wp:attachment":[{"href":"https:\/\/www.casadellibro.com\/blog\/wp-json\/wp\/v2\/media?parent=27532"}],"wp:term":[{"taxonomy":"category","embeddable":true,"href":"https:\/\/www.casadellibro.com\/blog\/wp-json\/wp\/v2\/categories?post=27532"},{"taxonomy":"post_tag","embeddable":true,"href":"https:\/\/www.casadellibro.com\/blog\/wp-json\/wp\/v2\/tags?post=27532"}],"curies":[{"name":"wp","href":"https:\/\/api.w.org\/{rel}","templated":true}]}}