{"id":28826,"date":"2026-03-12T08:00:00","date_gmt":"2026-03-12T07:00:00","guid":{"rendered":"https:\/\/www.casadellibro.com\/blog\/?p=28826"},"modified":"2026-03-10T10:47:59","modified_gmt":"2026-03-10T09:47:59","slug":"madoc-los-habitantes-del-aire","status":"publish","type":"post","link":"https:\/\/www.casadellibro.com\/blog\/madoc-los-habitantes-del-aire\/","title":{"rendered":"Madoc | Los habitantes del aire"},"content":{"rendered":"\n<p>*Este art\u00edculo contiene spoilers<\/p>\n\n\n\n<p>En este art\u00edculo de Casa del Libro vamos a explicarte todo acerca de <strong>Madoc<\/strong>, uno de los personajes m\u00e1s importantes de la saga <em>Los habitantes del aire<\/em>, escrita por Holly Black. Para entender completamente a este personaje, vamos a explicarte su biograf\u00eda, recorrer su papel en cada obra de la saga y ver aspectos clave de su personalidad y aspecto f\u00edsico.<\/p>\n\n\n\n<figure class=\"wp-block-table\"><table class=\"has-fixed-layout\"><tbody><tr><td>Nombre<\/td><td>Madoc<\/td><\/tr><tr><td>Ocupaci\u00f3n<\/td><td>General de Elfhame<\/td><\/tr><tr><td>Hija biol\u00f3gica<\/td><td>Vivienne<\/td><\/tr><tr><td>Hijos adoptivos<\/td><td>Jude, Taryn y Oak Duarte<\/td><\/tr><tr><td>Especie<\/td><td>Es un fae <em>redcap<\/em><\/td><\/tr><tr><td>Color de piel<\/td><td>Verde<\/td><\/tr><\/tbody><\/table><\/figure>\n\n\n\n<h2 class=\"wp-block-heading\">Biograf\u00eda de Madoc<\/h2>\n\n\n\n<p>Madoc tiene la capacidad de combinar varios elementos un tanto contradictorios, que son los que le dan ese encanto tan particular. Y es que&nbsp; su ejercicio del poder tan violento y despiadado parece chocar con su extra\u00f1a forma de sentir afecto por los suyos.<\/p>\n\n\n\n<p>Madoc es parte del mundo fe\u00e9rico, en concreto un <em>redcap<\/em>, que se trata de una estirpe o categor\u00eda que se caracteriza por una actitud especialmente sangrienta y brutal. Esto, sumado a que se trata de un general, hace que <strong>su vida est\u00e9 siempre rodeada de combates y sangre<\/strong>. Lo cierto es que, m\u00e1s all\u00e1 de esto, no se sabe mucho de su biograf\u00eda previa a la saga. En lo que respecta a esta, la irrupci\u00f3n de Madoc cae como una explosi\u00f3n. Y es que es \u00e9l quien asesina a Eva y Justin, los padres de las protagonistas de la saga. De hecho, tras cometer el crimen se lleva a sus hijas a Elfhame, en donde se convierte en su tutor. Eso marca su vida y define su complejidad de car\u00e1cter, puesto que al mismo tiempo es un verdugo y un tutor.<\/p>\n\n\n\n<p>En Elfhame, Madoc es una figura muy relevante en lo pol\u00edtico y lo militar. No es un simple general, sino que ejerce una influencia amplia en el reino y en sus gobernantes. Es importante se\u00f1alar que su concepci\u00f3n del poder no tiene que ver con el di\u00e1logo, sino con la lucha abierta. <strong>Si quiere algo, va a por ello y elimina a quien se interpone en su camino.<\/strong><\/p>\n\n\n\n<h2 class=\"wp-block-heading\">Hazte ya con la saga<\/h2>\n\n\n\n<p>Vamos a ver qu\u00e9 papel juega en cada una de las obras de la saga para entender adecuadamente c\u00f3mo evoluciona su arco de personaje.<\/p>\n\n\n\n<h3 class=\"wp-block-heading\"><em>El pr\u00edncipe cruel<\/em><\/h3>\n\n\n\n<div class=\"wp-block-media-text is-stacked-on-mobile\" style=\"grid-template-columns:30% auto\"><figure class=\"wp-block-media-text__media\"><a href=\"https:\/\/www.casadellibro.com\/libro-el-principe-cruel-edicion-especial-limitada\/9791387711443\/17114033\"><img loading=\"lazy\" decoding=\"async\" width=\"552\" height=\"807\" src=\"https:\/\/www.casadellibro.com\/blog\/wp-content\/uploads\/2026\/03\/9791387711443.jpg\" alt=\"\" class=\"wp-image-28827 size-full\" srcset=\"https:\/\/www.casadellibro.com\/blog\/wp-content\/uploads\/2026\/03\/9791387711443.jpg 552w, https:\/\/www.casadellibro.com\/blog\/wp-content\/uploads\/2026\/03\/9791387711443-205x300.jpg 205w, https:\/\/www.casadellibro.com\/blog\/wp-content\/uploads\/2026\/03\/9791387711443-287x420.jpg 287w, https:\/\/www.casadellibro.com\/blog\/wp-content\/uploads\/2026\/03\/9791387711443-150x219.jpg 150w, https:\/\/www.casadellibro.com\/blog\/wp-content\/uploads\/2026\/03\/9791387711443-300x439.jpg 300w\" sizes=\"auto, (max-width: 552px) 100vw, 552px\" \/><\/a><\/figure><div class=\"wp-block-media-text__content\">\n<p class=\"has-text-align-center\">Autor: Holly Black<\/p>\n\n\n\n<p class=\"has-text-align-center\">Tiempo de lectura: 11 h y 5 min<\/p>\n\n\n\n<div class=\"wp-block-buttons is-content-justification-center is-layout-flex wp-container-core-buttons-is-layout-1 wp-block-buttons-is-layout-flex\">\n<div class=\"wp-block-button has-custom-width wp-block-button__width-75\"><a class=\"wp-block-button__link wp-element-button\" href=\"https:\/\/www.casadellibro.com\/libro-el-principe-cruel-edicion-especial-limitada\/9791387711443\/17114033\">Comprar<\/a><\/div>\n<\/div>\n<\/div><\/div>\n\n\n\n<p>La primera aparici\u00f3n de Madoc en esta obra es el momento en el que termina cruelmente con la vida de Eva y Justin. Posteriormente, en los siguientes cap\u00edtulos ejerce la tutela de las hijas de Eva y Justin, a las que se lleva a Elfhame. Las contradicciones y los conflictos no dejan de aparecer. Al fin y al cabo, <strong>se trata de una figura cruel que, al mismo tiempo, empieza a desarrollar un nuevo v\u00ednculo con Jude, Vivi y Taryn<\/strong>.<\/p>\n\n\n\n<h3 class=\"wp-block-heading\"><em>El rey malvado<\/em><\/h3>\n\n\n\n<div class=\"wp-block-media-text is-stacked-on-mobile\" style=\"grid-template-columns:30% auto\"><figure class=\"wp-block-media-text__media\"><a href=\"https:\/\/www.casadellibro.com\/libro-el-rey-malvado-edicion-especial-limitada\/9791387711450\/17114034\"><img loading=\"lazy\" decoding=\"async\" width=\"552\" height=\"807\" src=\"https:\/\/www.casadellibro.com\/blog\/wp-content\/uploads\/2026\/03\/9791387711450.jpg\" alt=\"\" class=\"wp-image-28828 size-full\" srcset=\"https:\/\/www.casadellibro.com\/blog\/wp-content\/uploads\/2026\/03\/9791387711450.jpg 552w, https:\/\/www.casadellibro.com\/blog\/wp-content\/uploads\/2026\/03\/9791387711450-205x300.jpg 205w, https:\/\/www.casadellibro.com\/blog\/wp-content\/uploads\/2026\/03\/9791387711450-287x420.jpg 287w, https:\/\/www.casadellibro.com\/blog\/wp-content\/uploads\/2026\/03\/9791387711450-150x219.jpg 150w, https:\/\/www.casadellibro.com\/blog\/wp-content\/uploads\/2026\/03\/9791387711450-300x439.jpg 300w\" sizes=\"auto, (max-width: 552px) 100vw, 552px\" \/><\/a><\/figure><div class=\"wp-block-media-text__content\">\n<p class=\"has-text-align-center\">Autor: Holly Black<\/p>\n\n\n\n<p class=\"has-text-align-center\">Tiempo de lectura: 10 h y 19 min<\/p>\n\n\n\n<div class=\"wp-block-buttons is-content-justification-center is-layout-flex wp-container-core-buttons-is-layout-2 wp-block-buttons-is-layout-flex\">\n<div class=\"wp-block-button has-custom-width wp-block-button__width-75\"><a class=\"wp-block-button__link wp-element-button\" href=\"https:\/\/www.casadellibro.com\/libro-el-rey-malvado-edicion-especial-limitada\/9791387711450\/17114034\">Comprar<\/a><\/div>\n<\/div>\n<\/div><\/div>\n\n\n\n<p>En el segundo tomo, Madoc empieza a tener una presencia mucho m\u00e1s significativa en la vida de la principal protagonista de la saga: Jude. Y es que ya no solo hace de tutor legal, sino que <strong>la va educando sobre el poder y sus usos<\/strong>. Ejerciendo, evidentemente, una influencia brutal sobre la chica, al prepararla para un mundo de crueldad y violencia.<\/p>\n\n\n\n<p>Poco a poco, va desarrollando un v\u00ednculo m\u00e1s fuerte con Jude cuando empieza a ver la ferocidad de la chica. Esto hace que Madoc empiece a sentir una ternura m\u00e1s profunda por ella. Eso s\u00ed, <strong>el aprendizaje de Jude va r\u00e1pido, y esto genera unas ciertas tensiones<\/strong> entre ellos, puesto que ella pone en pr\u00e1ctica parte de lo aprendido contra el propio Madoc.<\/p>\n\n\n\n<h3 class=\"wp-block-heading\"><em>La reina de nada<\/em><\/h3>\n\n\n\n<div class=\"wp-block-media-text is-stacked-on-mobile\" style=\"grid-template-columns:30% auto\"><figure class=\"wp-block-media-text__media\"><a href=\"https:\/\/www.casadellibro.com\/libro-la-reina-de-nada-edicion-especial-limitada\/9791387711467\/17114035\"><img loading=\"lazy\" decoding=\"async\" width=\"552\" height=\"807\" src=\"https:\/\/www.casadellibro.com\/blog\/wp-content\/uploads\/2026\/03\/9791387711467.jpg\" alt=\"\" class=\"wp-image-28829 size-full\" srcset=\"https:\/\/www.casadellibro.com\/blog\/wp-content\/uploads\/2026\/03\/9791387711467.jpg 552w, https:\/\/www.casadellibro.com\/blog\/wp-content\/uploads\/2026\/03\/9791387711467-205x300.jpg 205w, https:\/\/www.casadellibro.com\/blog\/wp-content\/uploads\/2026\/03\/9791387711467-287x420.jpg 287w, https:\/\/www.casadellibro.com\/blog\/wp-content\/uploads\/2026\/03\/9791387711467-150x219.jpg 150w, https:\/\/www.casadellibro.com\/blog\/wp-content\/uploads\/2026\/03\/9791387711467-300x439.jpg 300w\" sizes=\"auto, (max-width: 552px) 100vw, 552px\" \/><\/a><\/figure><div class=\"wp-block-media-text__content\">\n<p class=\"has-text-align-center\">Autor: Holly Black<\/p>\n\n\n\n<p class=\"has-text-align-center\">Tiempo de lectura: 9 h y 32 min<\/p>\n\n\n\n<div class=\"wp-block-buttons is-content-justification-center is-layout-flex wp-container-core-buttons-is-layout-3 wp-block-buttons-is-layout-flex\">\n<div class=\"wp-block-button has-custom-width wp-block-button__width-75\"><a class=\"wp-block-button__link wp-element-button\" href=\"https:\/\/www.casadellibro.com\/libro-la-reina-de-nada-edicion-especial-limitada\/9791387711467\/17114035\">Comprar<\/a><\/div>\n<\/div>\n<\/div><\/div>\n\n\n\n<p>En el cierre de la saga puede verse m\u00e1s que nunca c\u00f3mo la larga sombra de Madoc ha influido definitivamente en el comportamiento de Jude, quien pr\u00e1cticamente siente que piensa con la mente de su tutor y que habla con sus mismas palabras. Por fin, <strong>Jude ha interiorizado todas las lecciones sobre poder y supervivencia que le ense\u00f1\u00f3 Madoc.<\/strong><\/p>\n\n\n\n<p>De hecho, podr\u00eda decirse que su papel en esta obra tiene m\u00e1s que ver con la presencia que ha dejado en la propia Jude, m\u00e1s que cualquier otra cosa. Y es que, al final<strong>, todas las cosas que esa ni\u00f1a detestaba en su tutor las ha terminado por asumir y por aplicar.<\/strong><\/p>\n\n\n\n<h2 class=\"wp-block-heading\">Aspecto f\u00edsico de Madoc<\/h2>\n\n\n\n<p>Desde el principio se nos avisa de que este personaje tiene un aspecto no humano. Su naturaleza es fe\u00e9rica, y <strong>tiene un aura monstruosa<\/strong> que hace que sus enemigos sientan terror cuando le ven aparecer.<\/p>\n\n\n\n<p>Si entramos en detalle, vemos que tiene un tinte verdoso en la piel, y unos dientes que son demasiado grandes para su boca. Las u\u00f1as parecen garras, y todo su cuerpo, fuerte y grande, parece preparado para el <strong>combate<\/strong>.<\/p>\n\n\n\n<p>Su aspecto tiene la capacidad de causar pavor y de imponer su presencia all\u00e1 donde va. En este sentido, es un personaje que representa a la perfecci\u00f3n esa idea del combate y de la guerra. <strong>Todo en \u00e9l parece construido para disuadir a los enemigos y para acabar con ellos cuanto antes.<\/strong><\/p>\n\n\n\n<h2 class=\"wp-block-heading\">Personalidad de Madoc<\/h2>\n\n\n\n<p>La personalidad es, probablemente, el principal punto fuerte de Madoc, quien <strong>combina a la perfecci\u00f3n la crueldad con la inteligencia <\/strong>en cada uno de los pasos que da.<\/p>\n\n\n\n<p>Desde un nivel un poco m\u00e1s te\u00f3rico, Madoc solo cree en un \u00fanico axioma: el de la fuerza. <strong>La \u00fanica jerarqu\u00eda u orden social que debe existir es el del m\u00e1s fuerte<\/strong>. En base a ello toma todas sus decisiones. Por eso, Madoc es pragm\u00e1tico, calculador y cruel en muchas ocasiones. Sin embargo, pese a todos esos rasgos tan salvajes, es indudable que se trata de una persona particularmente l\u00facida, con la capacidad de tomar siempre la decisi\u00f3n m\u00e1s inteligente.<\/p>\n\n\n\n<p>Ahora bien, hay un segundo Madoc del que debemos hablar, se trata de su versi\u00f3n como padre. Y es que ah\u00ed se muestra mucho m\u00e1s <strong>protector<\/strong>, y se convierte en un tutor que ense\u00f1a todo lo que sabe a sus hijas y a su hijo, y los prepara para los retos que est\u00e1n a punto de llegar.<\/p>\n\n\n\n<p>Todos estos aspectos sumados le dan a Madoc un extra de complejidad y coherencia, ya que no es un villano al uso. <strong>Todo cuanto hace parte del convencimiento de que es lo mejor para s\u00ed mismo y para los suyos.<\/strong><\/p>\n\n\n\n<h2 class=\"wp-block-heading\">Relaciones de Madoc<\/h2>\n\n\n\n<p>Vamos a ver c\u00f3mo esa complejidad tan natural del personaje se traslada luego a sus principales relaciones.<\/p>\n\n\n\n<ul class=\"wp-block-list\">\n<li><strong>Jude Duarte. <\/strong>La protagonista real de la saga tiene un v\u00ednculo realmente fuerte con Madoc. Por un lado, ella le detesta, puesto que fue Madoc quien asesin\u00f3 a sus padres. Por el otro, siente admiraci\u00f3n por \u00e9l y se vuelca en el aprendizaje de todo cuanto Madoc tiene para ense\u00f1arle. \u00c9l admira en ella su ferocidad, su entereza y su decisi\u00f3n. Por eso, con el tiempo, se establece una relaci\u00f3n muy significativa que deja una profunda huella en ambos.<\/li>\n\n\n\n<li><strong>Taryn Duarte<\/strong>. La hermana de Jude tiene el mismo tipo de sentimientos encontrados hacia su tutor. Sin embargo, entre ambos se establece un v\u00ednculo no tan fuerte, principalmente porque Taryn no confronta tan abiertamente con Madoc. Es precisamente esa pasividad la que hace que este no tenga el mismo sentimiento de empat\u00eda hacia ella.<\/li>\n\n\n\n<li><strong>Vivienne Duarte. <\/strong>Con Vivi, Madoc tiene una relaci\u00f3n bastante diferente, ya que ella s\u00ed es su hija biol\u00f3gica. Es por eso que Madoc se vuelca mucho m\u00e1s en cuidarla, cosa que Vivi no acepta. Ella le guarda rencor por haber matado a su madre y a su padrastro, y rechaza ese mundo violento al que Madoc quiere conducirla.<\/li>\n\n\n\n<li><strong>Oak<\/strong>. Es otro hijo adoptivo de Madoc. Aunque no se habla demasiado de la relaci\u00f3n entre ambos, s\u00ed se puede ver c\u00f3mo su padre adoptivo le inculc\u00f3 tambi\u00e9n todos sus conocimientos sobre el poder y la dominaci\u00f3n.<\/li>\n\n\n\n<li><strong>Cardan Greenbriar<\/strong>. Es un rival de Madoc, aunque en ocasiones pueden llegar a entenderse. Se trata de un pr\u00edncipe faerie muy cruel y despiadado.<\/li>\n<\/ul>\n\n\n\n<p><strong>Madoc<\/strong> no es un villano habitual, es mucho m\u00e1s que eso, y esa complejidad es la que lo convierte en alguien magn\u00e9tico en la saga. Si te gustan las historias de fantas\u00eda con personajes bien construidos, <em>Los habitantes del aire<\/em> es tu saga. Y t\u00fa, \u00bfQu\u00e9 har\u00edas en ese mundo? \u00bfAprender todo lo posible como Jude o rechazarlo al completo como Vivi?<\/p>\n","protected":false},"excerpt":{"rendered":"<p>*Este art\u00edculo contiene spoilers En este art\u00edculo de Casa del Libro vamos a explicarte todo acerca de Madoc, uno de los personajes m\u00e1s importantes de la saga Los habitantes del aire, escrita por Holly Black. Para entender completamente a este personaje, vamos a explicarte su biograf\u00eda, recorrer su papel en cada obra de la saga [&hellip;]<\/p>\n","protected":false},"author":11,"featured_media":28830,"comment_status":"open","ping_status":"open","sticky":false,"template":"","format":"standard","meta":{"tdm_status":"","tdm_grid_status":"","footnotes":""},"categories":[1329],"tags":[],"class_list":{"0":"post-28826","1":"post","2":"type-post","3":"status-publish","4":"format-standard","5":"has-post-thumbnail","7":"category-personajes-literarios"},"yoast_head":"<!-- This site is optimized with the Yoast SEO plugin v26.8 - https:\/\/yoast.com\/product\/yoast-seo-wordpress\/ -->\n<title>Madoc de Los Habitantes del Aire | Fandom | Casa del Libro<\/title>\n<meta name=\"description\" content=\"Descubre a Madoc de Los Habitantes del Aire \u2b50 Su pasado \u2b50 Relaciones \u2b50 Y secretos \u2b50 Haz Click!\" \/>\n<meta name=\"robots\" content=\"index, follow, max-snippet:-1, max-image-preview:large, max-video-preview:-1\" \/>\n<link rel=\"canonical\" href=\"https:\/\/www.casadellibro.com\/blog\/madoc-los-habitantes-del-aire\/\" \/>\n<meta property=\"og:locale\" content=\"es_ES\" \/>\n<meta property=\"og:type\" content=\"article\" \/>\n<meta property=\"og:title\" content=\"Madoc de Los Habitantes del Aire | Fandom | Casa del Libro\" \/>\n<meta property=\"og:description\" content=\"Descubre a Madoc de Los Habitantes del Aire \u2b50 Su pasado \u2b50 Relaciones \u2b50 Y secretos \u2b50 Haz Click!\" \/>\n<meta property=\"og:url\" content=\"https:\/\/www.casadellibro.com\/blog\/madoc-los-habitantes-del-aire\/\" \/>\n<meta property=\"og:site_name\" content=\"Blog Casa del Libro\" \/>\n<meta property=\"article:publisher\" content=\"https:\/\/www.facebook.com\/casadellibro\" \/>\n<meta property=\"article:published_time\" content=\"2026-03-12T07:00:00+00:00\" \/>\n<meta property=\"og:image\" content=\"https:\/\/www.casadellibro.com\/blog\/wp-content\/uploads\/2026\/03\/Portadas-Blog-23.webp\" \/>\n\t<meta property=\"og:image:width\" content=\"1200\" \/>\n\t<meta property=\"og:image:height\" content=\"678\" \/>\n\t<meta property=\"og:image:type\" content=\"image\/webp\" \/>\n<meta name=\"author\" content=\"Casa del Libro\" \/>\n<meta name=\"twitter:card\" content=\"summary_large_image\" \/>\n<meta name=\"twitter:creator\" content=\"@casadellibro\" \/>\n<meta name=\"twitter:site\" content=\"@casadellibro\" \/>\n<meta name=\"twitter:label1\" content=\"Written by\" \/>\n\t<meta name=\"twitter:data1\" content=\"Casa del Libro\" \/>\n\t<meta name=\"twitter:label2\" content=\"Est. reading time\" \/>\n\t<meta name=\"twitter:data2\" content=\"8 minutos\" \/>\n<script type=\"application\/ld+json\" class=\"yoast-schema-graph\">{\"@context\":\"https:\/\/schema.org\",\"@graph\":[{\"@type\":\"Article\",\"@id\":\"https:\/\/www.casadellibro.com\/blog\/madoc-los-habitantes-del-aire\/#article\",\"isPartOf\":{\"@id\":\"https:\/\/www.casadellibro.com\/blog\/madoc-los-habitantes-del-aire\/\"},\"author\":{\"name\":\"Casa del Libro\",\"@id\":\"https:\/\/www.casadellibro.com\/blog\/#\/schema\/person\/8c2de9f0293fd8de66994e65f9e4f1f4\"},\"headline\":\"Madoc | Los habitantes del aire\",\"datePublished\":\"2026-03-12T07:00:00+00:00\",\"mainEntityOfPage\":{\"@id\":\"https:\/\/www.casadellibro.com\/blog\/madoc-los-habitantes-del-aire\/\"},\"wordCount\":1484,\"commentCount\":0,\"publisher\":{\"@id\":\"https:\/\/www.casadellibro.com\/blog\/#organization\"},\"image\":{\"@id\":\"https:\/\/www.casadellibro.com\/blog\/madoc-los-habitantes-del-aire\/#primaryimage\"},\"thumbnailUrl\":\"https:\/\/www.casadellibro.com\/blog\/wp-content\/uploads\/2026\/03\/Portadas-Blog-23.webp\",\"articleSection\":[\"Personajes Literarios\"],\"inLanguage\":\"es\",\"potentialAction\":[{\"@type\":\"CommentAction\",\"name\":\"Comment\",\"target\":[\"https:\/\/www.casadellibro.com\/blog\/madoc-los-habitantes-del-aire\/#respond\"]}]},{\"@type\":\"WebPage\",\"@id\":\"https:\/\/www.casadellibro.com\/blog\/madoc-los-habitantes-del-aire\/\",\"url\":\"https:\/\/www.casadellibro.com\/blog\/madoc-los-habitantes-del-aire\/\",\"name\":\"Madoc de Los Habitantes del Aire | Fandom | Casa del Libro\",\"isPartOf\":{\"@id\":\"https:\/\/www.casadellibro.com\/blog\/#website\"},\"primaryImageOfPage\":{\"@id\":\"https:\/\/www.casadellibro.com\/blog\/madoc-los-habitantes-del-aire\/#primaryimage\"},\"image\":{\"@id\":\"https:\/\/www.casadellibro.com\/blog\/madoc-los-habitantes-del-aire\/#primaryimage\"},\"thumbnailUrl\":\"https:\/\/www.casadellibro.com\/blog\/wp-content\/uploads\/2026\/03\/Portadas-Blog-23.webp\",\"datePublished\":\"2026-03-12T07:00:00+00:00\",\"description\":\"Descubre a Madoc de Los Habitantes del Aire \u2b50 Su pasado \u2b50 Relaciones \u2b50 Y secretos \u2b50 Haz Click!\",\"breadcrumb\":{\"@id\":\"https:\/\/www.casadellibro.com\/blog\/madoc-los-habitantes-del-aire\/#breadcrumb\"},\"inLanguage\":\"es\",\"potentialAction\":[{\"@type\":\"ReadAction\",\"target\":[\"https:\/\/www.casadellibro.com\/blog\/madoc-los-habitantes-del-aire\/\"]}]},{\"@type\":\"ImageObject\",\"inLanguage\":\"es\",\"@id\":\"https:\/\/www.casadellibro.com\/blog\/madoc-los-habitantes-del-aire\/#primaryimage\",\"url\":\"https:\/\/www.casadellibro.com\/blog\/wp-content\/uploads\/2026\/03\/Portadas-Blog-23.webp\",\"contentUrl\":\"https:\/\/www.casadellibro.com\/blog\/wp-content\/uploads\/2026\/03\/Portadas-Blog-23.webp\",\"width\":1200,\"height\":678},{\"@type\":\"BreadcrumbList\",\"@id\":\"https:\/\/www.casadellibro.com\/blog\/madoc-los-habitantes-del-aire\/#breadcrumb\",\"itemListElement\":[{\"@type\":\"ListItem\",\"position\":1,\"name\":\"Casa del Libro\",\"item\":\"https:\/\/www.casadellibro.com\/blog\/\"},{\"@type\":\"ListItem\",\"position\":2,\"name\":\"Madoc | Los habitantes del aire\"}]},{\"@type\":\"WebSite\",\"@id\":\"https:\/\/www.casadellibro.com\/blog\/#website\",\"url\":\"https:\/\/www.casadellibro.com\/blog\/\",\"name\":\"Blog Casa del Libro\",\"description\":\"Descubre todas las novedades en eBooks, eReaders y Libros en el Blog oficial de Casa del Libro, recomendaciones en eBook, eReader y Libro online\",\"publisher\":{\"@id\":\"https:\/\/www.casadellibro.com\/blog\/#organization\"},\"potentialAction\":[{\"@type\":\"SearchAction\",\"target\":{\"@type\":\"EntryPoint\",\"urlTemplate\":\"https:\/\/www.casadellibro.com\/blog\/?s={search_term_string}\"},\"query-input\":{\"@type\":\"PropertyValueSpecification\",\"valueRequired\":true,\"valueName\":\"search_term_string\"}}],\"inLanguage\":\"es\"},{\"@type\":\"Organization\",\"@id\":\"https:\/\/www.casadellibro.com\/blog\/#organization\",\"name\":\"Blog Casa del Libro\",\"url\":\"https:\/\/www.casadellibro.com\/blog\/\",\"logo\":{\"@type\":\"ImageObject\",\"inLanguage\":\"es\",\"@id\":\"https:\/\/www.casadellibro.com\/blog\/#\/schema\/logo\/image\/\",\"url\":\"https:\/\/www.casadellibro.com\/blog\/wp-content\/uploads\/2022\/04\/cropped-image-2-300x98-1.png\",\"contentUrl\":\"https:\/\/www.casadellibro.com\/blog\/wp-content\/uploads\/2022\/04\/cropped-image-2-300x98-1.png\",\"width\":300,\"height\":98,\"caption\":\"Blog Casa del Libro\"},\"image\":{\"@id\":\"https:\/\/www.casadellibro.com\/blog\/#\/schema\/logo\/image\/\"},\"sameAs\":[\"https:\/\/www.facebook.com\/casadellibro\",\"https:\/\/x.com\/casadellibro\",\"https:\/\/www.youtube.com\/user\/casadellibropuntocom\",\"https:\/\/es.pinterest.com\/casadellibro\/\",\"https:\/\/open.spotify.com\/user\/wi2k27ijtmw114f531okf8nd4?si=JEaWkM75S56kXufnbmExww&nd=1&dlsi=6959f4c0a6474806\"]},{\"@type\":\"Person\",\"@id\":\"https:\/\/www.casadellibro.com\/blog\/#\/schema\/person\/8c2de9f0293fd8de66994e65f9e4f1f4\",\"name\":\"Casa del Libro\",\"image\":{\"@type\":\"ImageObject\",\"inLanguage\":\"es\",\"@id\":\"https:\/\/www.casadellibro.com\/blog\/#\/schema\/person\/image\/\",\"url\":\"https:\/\/secure.gravatar.com\/avatar\/6d28c33e7fb769449e406e87e48052cc?s=96&d=identicon&r=g\",\"contentUrl\":\"https:\/\/secure.gravatar.com\/avatar\/6d28c33e7fb769449e406e87e48052cc?s=96&d=identicon&r=g\",\"caption\":\"Casa del Libro\"},\"sameAs\":[\"https:\/\/www.casadellibro.com\"]}]}<\/script>\n<!-- \/ Yoast SEO plugin. -->","yoast_head_json":{"title":"Madoc de Los Habitantes del Aire | Fandom | Casa del Libro","description":"Descubre a Madoc de Los Habitantes del Aire \u2b50 Su pasado \u2b50 Relaciones \u2b50 Y secretos \u2b50 Haz Click!","robots":{"index":"index","follow":"follow","max-snippet":"max-snippet:-1","max-image-preview":"max-image-preview:large","max-video-preview":"max-video-preview:-1"},"canonical":"https:\/\/www.casadellibro.com\/blog\/madoc-los-habitantes-del-aire\/","og_locale":"es_ES","og_type":"article","og_title":"Madoc de Los Habitantes del Aire | Fandom | Casa del Libro","og_description":"Descubre a Madoc de Los Habitantes del Aire \u2b50 Su pasado \u2b50 Relaciones \u2b50 Y secretos \u2b50 Haz Click!","og_url":"https:\/\/www.casadellibro.com\/blog\/madoc-los-habitantes-del-aire\/","og_site_name":"Blog Casa del Libro","article_publisher":"https:\/\/www.facebook.com\/casadellibro","article_published_time":"2026-03-12T07:00:00+00:00","og_image":[{"width":1200,"height":678,"url":"https:\/\/www.casadellibro.com\/blog\/wp-content\/uploads\/2026\/03\/Portadas-Blog-23.webp","type":"image\/webp"}],"author":"Casa del Libro","twitter_card":"summary_large_image","twitter_creator":"@casadellibro","twitter_site":"@casadellibro","twitter_misc":{"Written by":"Casa del Libro","Est. reading time":"8 minutos"},"schema":{"@context":"https:\/\/schema.org","@graph":[{"@type":"Article","@id":"https:\/\/www.casadellibro.com\/blog\/madoc-los-habitantes-del-aire\/#article","isPartOf":{"@id":"https:\/\/www.casadellibro.com\/blog\/madoc-los-habitantes-del-aire\/"},"author":{"name":"Casa del Libro","@id":"https:\/\/www.casadellibro.com\/blog\/#\/schema\/person\/8c2de9f0293fd8de66994e65f9e4f1f4"},"headline":"Madoc | Los habitantes del aire","datePublished":"2026-03-12T07:00:00+00:00","mainEntityOfPage":{"@id":"https:\/\/www.casadellibro.com\/blog\/madoc-los-habitantes-del-aire\/"},"wordCount":1484,"commentCount":0,"publisher":{"@id":"https:\/\/www.casadellibro.com\/blog\/#organization"},"image":{"@id":"https:\/\/www.casadellibro.com\/blog\/madoc-los-habitantes-del-aire\/#primaryimage"},"thumbnailUrl":"https:\/\/www.casadellibro.com\/blog\/wp-content\/uploads\/2026\/03\/Portadas-Blog-23.webp","articleSection":["Personajes Literarios"],"inLanguage":"es","potentialAction":[{"@type":"CommentAction","name":"Comment","target":["https:\/\/www.casadellibro.com\/blog\/madoc-los-habitantes-del-aire\/#respond"]}]},{"@type":"WebPage","@id":"https:\/\/www.casadellibro.com\/blog\/madoc-los-habitantes-del-aire\/","url":"https:\/\/www.casadellibro.com\/blog\/madoc-los-habitantes-del-aire\/","name":"Madoc de Los Habitantes del Aire | Fandom | Casa del Libro","isPartOf":{"@id":"https:\/\/www.casadellibro.com\/blog\/#website"},"primaryImageOfPage":{"@id":"https:\/\/www.casadellibro.com\/blog\/madoc-los-habitantes-del-aire\/#primaryimage"},"image":{"@id":"https:\/\/www.casadellibro.com\/blog\/madoc-los-habitantes-del-aire\/#primaryimage"},"thumbnailUrl":"https:\/\/www.casadellibro.com\/blog\/wp-content\/uploads\/2026\/03\/Portadas-Blog-23.webp","datePublished":"2026-03-12T07:00:00+00:00","description":"Descubre a Madoc de Los Habitantes del Aire \u2b50 Su pasado \u2b50 Relaciones \u2b50 Y secretos \u2b50 Haz Click!","breadcrumb":{"@id":"https:\/\/www.casadellibro.com\/blog\/madoc-los-habitantes-del-aire\/#breadcrumb"},"inLanguage":"es","potentialAction":[{"@type":"ReadAction","target":["https:\/\/www.casadellibro.com\/blog\/madoc-los-habitantes-del-aire\/"]}]},{"@type":"ImageObject","inLanguage":"es","@id":"https:\/\/www.casadellibro.com\/blog\/madoc-los-habitantes-del-aire\/#primaryimage","url":"https:\/\/www.casadellibro.com\/blog\/wp-content\/uploads\/2026\/03\/Portadas-Blog-23.webp","contentUrl":"https:\/\/www.casadellibro.com\/blog\/wp-content\/uploads\/2026\/03\/Portadas-Blog-23.webp","width":1200,"height":678},{"@type":"BreadcrumbList","@id":"https:\/\/www.casadellibro.com\/blog\/madoc-los-habitantes-del-aire\/#breadcrumb","itemListElement":[{"@type":"ListItem","position":1,"name":"Casa del Libro","item":"https:\/\/www.casadellibro.com\/blog\/"},{"@type":"ListItem","position":2,"name":"Madoc | Los habitantes del aire"}]},{"@type":"WebSite","@id":"https:\/\/www.casadellibro.com\/blog\/#website","url":"https:\/\/www.casadellibro.com\/blog\/","name":"Blog Casa del Libro","description":"Descubre todas las novedades en eBooks, eReaders y Libros en el Blog oficial de Casa del Libro, recomendaciones en eBook, eReader y Libro online","publisher":{"@id":"https:\/\/www.casadellibro.com\/blog\/#organization"},"potentialAction":[{"@type":"SearchAction","target":{"@type":"EntryPoint","urlTemplate":"https:\/\/www.casadellibro.com\/blog\/?s={search_term_string}"},"query-input":{"@type":"PropertyValueSpecification","valueRequired":true,"valueName":"search_term_string"}}],"inLanguage":"es"},{"@type":"Organization","@id":"https:\/\/www.casadellibro.com\/blog\/#organization","name":"Blog Casa del Libro","url":"https:\/\/www.casadellibro.com\/blog\/","logo":{"@type":"ImageObject","inLanguage":"es","@id":"https:\/\/www.casadellibro.com\/blog\/#\/schema\/logo\/image\/","url":"https:\/\/www.casadellibro.com\/blog\/wp-content\/uploads\/2022\/04\/cropped-image-2-300x98-1.png","contentUrl":"https:\/\/www.casadellibro.com\/blog\/wp-content\/uploads\/2022\/04\/cropped-image-2-300x98-1.png","width":300,"height":98,"caption":"Blog Casa del Libro"},"image":{"@id":"https:\/\/www.casadellibro.com\/blog\/#\/schema\/logo\/image\/"},"sameAs":["https:\/\/www.facebook.com\/casadellibro","https:\/\/x.com\/casadellibro","https:\/\/www.youtube.com\/user\/casadellibropuntocom","https:\/\/es.pinterest.com\/casadellibro\/","https:\/\/open.spotify.com\/user\/wi2k27ijtmw114f531okf8nd4?si=JEaWkM75S56kXufnbmExww&nd=1&dlsi=6959f4c0a6474806"]},{"@type":"Person","@id":"https:\/\/www.casadellibro.com\/blog\/#\/schema\/person\/8c2de9f0293fd8de66994e65f9e4f1f4","name":"Casa del Libro","image":{"@type":"ImageObject","inLanguage":"es","@id":"https:\/\/www.casadellibro.com\/blog\/#\/schema\/person\/image\/","url":"https:\/\/secure.gravatar.com\/avatar\/6d28c33e7fb769449e406e87e48052cc?s=96&d=identicon&r=g","contentUrl":"https:\/\/secure.gravatar.com\/avatar\/6d28c33e7fb769449e406e87e48052cc?s=96&d=identicon&r=g","caption":"Casa del Libro"},"sameAs":["https:\/\/www.casadellibro.com"]}]}},"_links":{"self":[{"href":"https:\/\/www.casadellibro.com\/blog\/wp-json\/wp\/v2\/posts\/28826","targetHints":{"allow":["GET"]}}],"collection":[{"href":"https:\/\/www.casadellibro.com\/blog\/wp-json\/wp\/v2\/posts"}],"about":[{"href":"https:\/\/www.casadellibro.com\/blog\/wp-json\/wp\/v2\/types\/post"}],"author":[{"embeddable":true,"href":"https:\/\/www.casadellibro.com\/blog\/wp-json\/wp\/v2\/users\/11"}],"replies":[{"embeddable":true,"href":"https:\/\/www.casadellibro.com\/blog\/wp-json\/wp\/v2\/comments?post=28826"}],"version-history":[{"count":0,"href":"https:\/\/www.casadellibro.com\/blog\/wp-json\/wp\/v2\/posts\/28826\/revisions"}],"wp:featuredmedia":[{"embeddable":true,"href":"https:\/\/www.casadellibro.com\/blog\/wp-json\/wp\/v2\/media\/28830"}],"wp:attachment":[{"href":"https:\/\/www.casadellibro.com\/blog\/wp-json\/wp\/v2\/media?parent=28826"}],"wp:term":[{"taxonomy":"category","embeddable":true,"href":"https:\/\/www.casadellibro.com\/blog\/wp-json\/wp\/v2\/categories?post=28826"},{"taxonomy":"post_tag","embeddable":true,"href":"https:\/\/www.casadellibro.com\/blog\/wp-json\/wp\/v2\/tags?post=28826"}],"curies":[{"name":"wp","href":"https:\/\/api.w.org\/{rel}","templated":true}]}}