{"id":29538,"date":"2026-09-04T08:00:00","date_gmt":"2026-09-04T06:00:00","guid":{"rendered":"https:\/\/www.casadellibro.com\/blog\/?p=29538"},"modified":"2026-09-01T08:32:13","modified_gmt":"2026-09-01T06:32:13","slug":"casteel-da-neer-personaje","status":"publish","type":"post","link":"https:\/\/www.casadellibro.com\/blog\/casteel-da-neer-personaje\/","title":{"rendered":"Casteel Da\u2019Neer | De sangre y cenizas"},"content":{"rendered":"\n<p>*Este texto contiene spoilers<\/p>\n\n\n\n<p>En Casa del Libro queremos dedicar este art\u00edculo a <strong>Casteel Da\u2019Neer<\/strong>, uno de los personajes principales m\u00e1s complejos de la saga <em>De sangre y cenizas<\/em>, escrita por Jennifer L. Armentrout. En este art\u00edculo vas a poder encontrar una biograf\u00eda detallada del personaje, informaci\u00f3n sobre su aspecto f\u00edsico y un an\u00e1lisis de algunas de sus principales relaciones.<\/p>\n\n\n\n<figure class=\"wp-block-table\"><table class=\"has-fixed-layout\"><tbody><tr><td>Nombre completo<\/td><td>Casteel Da\u2019Neer<\/td><\/tr><tr><td>Pseud\u00f3nimo<\/td><td>Hawke Flynn<\/td><\/tr><tr><td>Origen<\/td><td>Atlantia<\/td><\/tr><tr><td>Padres<\/td><td>Valyn y Eloana Da\u2019Neer<\/td><\/tr><tr><td>Hermano<\/td><td>Malik Da\u2019Neer<\/td><\/tr><tr><td>Pareja<\/td><td>Poppy Da\u2019Neer<\/td><\/tr><tr><td>Wolven vinculado<\/td><td>Kieran Contou<\/td><\/tr><tr><td>Color de ojos<\/td><td>Dorados<\/td><\/tr><tr><td>Color de cabello<\/td><td>Oscuro<\/td><\/tr><\/tbody><\/table><\/figure>\n\n\n\n<h2 class=\"wp-block-heading\">Biograf\u00eda de Casteel Da\u2019Neer<\/h2>\n\n\n\n<p>La identidad de este personaje es particularmente compleja, ya que \u00e9l mismo, al principio de la saga, se presenta ante todos con otro nombre. Por eso, resulta tan importante entender bien sus or\u00edgenes.<\/p>\n\n\n\n<p>Para empezar, <strong>Casteel Da\u2019Neer es miembro de la familia real de Atlantia<\/strong>. En concreto, es el hijo de Valyn y Eloana Da\u2019Neer. El encargado de asumir el control del trono deb\u00eda ser su hermano Malik Da\u2019Neer, pero este desaparece, lo que lleva a Casteel a ocupar una posici\u00f3n privilegiada de cara a asumir la sucesi\u00f3n real.<\/p>\n\n\n\n<p>Durante su etapa de crecimiento en Atlantia, est\u00e1 especialmente unido a su hermano, <strong>as\u00ed como a Kieran Contou y a Shea<\/strong>. Con Kieran en concreto le une el conocido v\u00ednculo entre un <em>wolven<\/em> y un atlantino.<\/p>\n\n\n\n<p>Uno de los sucesos m\u00e1s significativos e importantes de su juventud es <strong>el conflicto que hay entre Atlantia y Solis<\/strong>, que le lleva a intentar matar a la reina Isbeth, con el tr\u00e1gico desenlace de ser capturado y retenido durante d\u00e9cadas.<\/p>\n\n\n\n<p>Durante su cautiverio, Casteel es <strong>torturado f\u00edsica y psicol\u00f3gicamente<\/strong>. Esto desencadenar\u00e1 m\u00e1s adelante serios problemas y secuelas en su personalidad.<\/p>\n\n\n\n<p>Cuando consigue escapar, <strong>se vuelca en intentar rescatar tambi\u00e9n a Malik<\/strong>, ya que su hermano permanece encerrado y cautivo. El plan que concibe es el de secuestrar a Penellaphe, para utilizarla como moneda de cambio y, para acercarse a ella, cambia su identidad y adopta la de Hawke Flynn, un guardia de Solis. Sin embargo, poco a poco empieza a enamorarse de Poppy. Algo que, sin lugar a dudas, complica su plan.<\/p>\n\n\n\n<h2 class=\"wp-block-heading\">Hazte ya con la saga<\/h2>\n\n\n\n<p>Ahora que tienes un contexto denso y claro sobre Casteel Da\u2019Neer, vamos a ver cu\u00e1l es su papel en cada una de las principales obras de la saga.<\/p>\n\n\n\n<h3 class=\"wp-block-heading\"><em>De sangre y cenizas<\/em><\/h3>\n\n\n\n<div class=\"wp-block-media-text is-stacked-on-mobile\" style=\"grid-template-columns:30% auto\"><figure class=\"wp-block-media-text__media\"><a href=\"https:\/\/www.casadellibro.com\/libro-de-sangre-y-cenizas\/9788417854317\/12568791?utm_source=blog&amp;utm_medium=internal&amp;utm_campaign=Casteel+DaNeer++De+sangre+y+cenizas\"><img loading=\"lazy\" decoding=\"async\" width=\"552\" height=\"871\" src=\"https:\/\/www.casadellibro.com\/blog\/wp-content\/uploads\/2026\/08\/9788417854317.jpg\" alt=\"\" class=\"wp-image-29542 size-full\" srcset=\"https:\/\/www.casadellibro.com\/blog\/wp-content\/uploads\/2026\/08\/9788417854317.jpg 552w, https:\/\/www.casadellibro.com\/blog\/wp-content\/uploads\/2026\/08\/9788417854317-190x300.jpg 190w, https:\/\/www.casadellibro.com\/blog\/wp-content\/uploads\/2026\/08\/9788417854317-266x420.jpg 266w, https:\/\/www.casadellibro.com\/blog\/wp-content\/uploads\/2026\/08\/9788417854317-150x237.jpg 150w, https:\/\/www.casadellibro.com\/blog\/wp-content\/uploads\/2026\/08\/9788417854317-300x473.jpg 300w\" sizes=\"auto, (max-width: 552px) 100vw, 552px\" \/><\/a><\/figure><div class=\"wp-block-media-text__content\">\n<p><\/p>\n\n\n\n<p class=\"has-text-align-center\">Autor: Jennifer L. Armentrout<\/p>\n\n\n\n<p class=\"has-text-align-center\">Tiempo de lectura:16 h 7 min<\/p>\n\n\n\n<div class=\"wp-block-buttons is-content-justification-center is-layout-flex wp-container-core-buttons-is-layout-1 wp-block-buttons-is-layout-flex\">\n<div class=\"wp-block-button has-custom-width wp-block-button__width-75\"><a class=\"wp-block-button__link wp-element-button\" href=\"https:\/\/www.casadellibro.com\/libro-de-sangre-y-cenizas\/9788417854317\/12568791?utm_source=blog&amp;utm_medium=internal&amp;utm_campaign=Casteel+DaNeer++De+sangre+y+cenizas\">Comprar<\/a><\/div>\n<\/div>\n<\/div><\/div>\n\n\n\n<p>Aqu\u00ed Casteel aparece directamente con <strong>la identidad de Hawke Flynn<\/strong>. No tarda demasiado en convertirse en uno de los guardias encargados de proteger a Poppy. Desde el principio, la relaci\u00f3n entre ambos estar\u00e1 marcada por la tensi\u00f3n. \u00c9l se salta todas las reglas habituales que tiene Poppy: es contest\u00f3n, la enfada y a veces discuten. Aunque todo esto no es m\u00e1s que la demostraci\u00f3n de la atracci\u00f3n que ha surgido entre ambos.<\/p>\n\n\n\n<p>No hay que olvidarse de que Casteel tiene un plan muy claro: <strong>est\u00e1 esperando el momento para secuestrarla<\/strong>. Sin embargo, es indudable que sus emociones parecen interferir en esta idea.<\/p>\n\n\n\n<p>Sin embargo, el secreto no se puede mantener por m\u00e1s tiempo, y <strong>Poppy descubre la verdadera identidad de Casteel<\/strong>. Al final del primer tomo, se ha establecido un conflicto muy importante. Casteel ha secuestrado a Poppy, pero sus sentimientos por ella han empezado tambi\u00e9n a ser demasiado fuertes.<\/p>\n\n\n\n<h3 class=\"wp-block-heading\"><em>Un reino de carne y fuego<\/em><\/h3>\n\n\n\n<div class=\"wp-block-media-text is-stacked-on-mobile\" style=\"grid-template-columns:30% auto\"><figure class=\"wp-block-media-text__media\"><a href=\"https:\/\/www.casadellibro.com\/libro-un-reino-de-carne-y-fuego-libro-2\/9788417854362\/12761013?utm_source=blog&amp;utm_medium=internal&amp;utm_campaign=Casteel+DaNeer+De+sangre+y+cenizas\"><img loading=\"lazy\" decoding=\"async\" width=\"552\" height=\"869\" src=\"https:\/\/www.casadellibro.com\/blog\/wp-content\/uploads\/2026\/08\/9788417854362.jpg\" alt=\"\" class=\"wp-image-29543 size-full\" srcset=\"https:\/\/www.casadellibro.com\/blog\/wp-content\/uploads\/2026\/08\/9788417854362.jpg 552w, https:\/\/www.casadellibro.com\/blog\/wp-content\/uploads\/2026\/08\/9788417854362-191x300.jpg 191w, https:\/\/www.casadellibro.com\/blog\/wp-content\/uploads\/2026\/08\/9788417854362-267x420.jpg 267w, https:\/\/www.casadellibro.com\/blog\/wp-content\/uploads\/2026\/08\/9788417854362-150x236.jpg 150w, https:\/\/www.casadellibro.com\/blog\/wp-content\/uploads\/2026\/08\/9788417854362-300x472.jpg 300w\" sizes=\"auto, (max-width: 552px) 100vw, 552px\" \/><\/a><\/figure><div class=\"wp-block-media-text__content\">\n<p><\/p>\n\n\n\n<p class=\"has-text-align-center\">Autor: Jennifer L. Armentrout<\/p>\n\n\n\n<p class=\"has-text-align-center\">Tiempo de lectura:19 h 12 min<\/p>\n\n\n\n<div class=\"wp-block-buttons is-content-justification-center is-layout-flex wp-container-core-buttons-is-layout-2 wp-block-buttons-is-layout-flex\">\n<div class=\"wp-block-button has-custom-width wp-block-button__width-75\"><a class=\"wp-block-button__link wp-element-button\" href=\"https:\/\/www.casadellibro.com\/libro-un-reino-de-carne-y-fuego-libro-2\/9788417854362\/12761013?utm_source=blog&amp;utm_medium=internal&amp;utm_campaign=Casteel+DaNeer+De+sangre+y+cenizas\">Comprar<\/a><\/div>\n<\/div>\n<\/div><\/div>\n\n\n\n<p>Casteel sigue manteniendo a Poppy a su lado, ya que entiende que posee una gran importancia estrat\u00e9gica. <strong>Solo gracias a ella podr\u00e1 liberar a Malik, su hermano<\/strong>. Por otro lado, Poppy tambi\u00e9n necesita estar cerca de Casteel, ya que solo as\u00ed puede descubrir lo que le ha ocurrido a su hermano Ian. Esta tesitura les sit\u00faa en una relaci\u00f3n de dependencia emocional tremendamente fuerte.<\/p>\n\n\n\n<p>El v\u00ednculo emocional sigue existiendo, y siguen comunic\u00e1ndose mucho. Por eso, Casteel <strong>le habla a ella de la verdadera historia de Atlantia, as\u00ed como de los Ascendidos.<\/strong><\/p>\n\n\n\n<p>Para resolver esa situaci\u00f3n, Casteel le propone una <strong>uni\u00f3n matrimonial<\/strong>, justific\u00e1ndola en su sentido estrat\u00e9gico. Sin embargo, el coraz\u00f3n habla por s\u00ed solo, y termina por aceptar que ama a Poppy. Poco a poco, ambos se van convirtiendo en amantes.<\/p>\n\n\n\n<p>Por otro lado, cuando van a Atlantia, provocan que <strong>la tensi\u00f3n del reino aumente mucho<\/strong>.<\/p>\n\n\n\n<h3 class=\"wp-block-heading\"><em>Una corona de huesos dorados<\/em><\/h3>\n\n\n\n<div class=\"wp-block-media-text is-stacked-on-mobile\" style=\"grid-template-columns:30% auto\"><figure class=\"wp-block-media-text__media\"><a href=\"https:\/\/www.casadellibro.com\/libro-una-corona-de-huesos-dorados-libro-3\/9788417854324\/12887482?utm_source=blog&amp;utm_medium=internal&amp;utm_campaign=Casteel+DaNeer+De+sangre+y+cenizas\"><img loading=\"lazy\" decoding=\"async\" width=\"552\" height=\"869\" src=\"https:\/\/www.casadellibro.com\/blog\/wp-content\/uploads\/2026\/08\/9788417854324.jpg\" alt=\"\" class=\"wp-image-29544 size-full\" srcset=\"https:\/\/www.casadellibro.com\/blog\/wp-content\/uploads\/2026\/08\/9788417854324.jpg 552w, https:\/\/www.casadellibro.com\/blog\/wp-content\/uploads\/2026\/08\/9788417854324-191x300.jpg 191w, https:\/\/www.casadellibro.com\/blog\/wp-content\/uploads\/2026\/08\/9788417854324-267x420.jpg 267w, https:\/\/www.casadellibro.com\/blog\/wp-content\/uploads\/2026\/08\/9788417854324-150x236.jpg 150w, https:\/\/www.casadellibro.com\/blog\/wp-content\/uploads\/2026\/08\/9788417854324-300x472.jpg 300w\" sizes=\"auto, (max-width: 552px) 100vw, 552px\" \/><\/a><\/figure><div class=\"wp-block-media-text__content\">\n<p><\/p>\n\n\n\n<p class=\"has-text-align-center\">Autor: Jennifer L. Armentrout<\/p>\n\n\n\n<p class=\"has-text-align-center\">Tiempo de lectura:19 h 12 min<\/p>\n\n\n\n<div class=\"wp-block-buttons is-content-justification-center is-layout-flex wp-container-core-buttons-is-layout-3 wp-block-buttons-is-layout-flex\">\n<div class=\"wp-block-button has-custom-width wp-block-button__width-75\"><a class=\"wp-block-button__link wp-element-button\" href=\"https:\/\/www.casadellibro.com\/libro-una-corona-de-huesos-dorados-libro-3\/9788417854324\/12887482?utm_source=blog&amp;utm_medium=internal&amp;utm_campaign=Casteel+DaNeer+De+sangre+y+cenizas\">Comprar<\/a><\/div>\n<\/div>\n<\/div><\/div>\n\n\n\n<p>La llegada de ambos a Atlantia sucede en <strong>un momento pol\u00edtico tremendamente inestable<\/strong>. Son muchos los que consideran que Poppy puede ser una amenaza para el reino, pero Casteel se mantiene a su lado sin dudarlo ni un instante.<\/p>\n\n\n\n<p>Tras investigar, llegan al descubrimiento de que <strong>Poppy posee un derecho bastante importante al trono de Atlantia<\/strong>. Esto hace que Casteel se haga a la idea de que su esposa tiene un poder pol\u00edtico y una importancia enormes.<\/p>\n\n\n\n<p>Siguen colaborando y ayud\u00e1ndose mutuamente, dejando de lado las sospechas que hab\u00eda y avanzando hacia una <strong>relaci\u00f3n de cuidados y compa\u00f1erismo<\/strong>. Por eso, deciden buscar la forma de rescatar a Malik y a Ian.<\/p>\n\n\n\n<p>Eso s\u00ed, pese a que ahora se comporten como aliados, <strong>tambi\u00e9n deben enfrentarse a retos y conspiraciones<\/strong>, as\u00ed como al peligro que supone la Reina de Sangre. Hacia el final de esta novela, la pareja tendr\u00e1 un enfrentamiento frontal con Solis y con la familia de Poppy.<\/p>\n\n\n\n<h3 class=\"wp-block-heading\"><em>La guerra de las dos reinas<\/em><\/h3>\n\n\n\n<div class=\"wp-block-media-text is-stacked-on-mobile\" style=\"grid-template-columns:30% auto\"><figure class=\"wp-block-media-text__media\"><a href=\"https:\/\/www.casadellibro.com\/libro-la-guerra-de-las-dos-reinas-libro-4\/9788417854836\/13279363?utm_source=blog&amp;utm_medium=internal&amp;utm_campaign=Casteel+DaNeer+De+sangre+y+cenizas\"><img loading=\"lazy\" decoding=\"async\" width=\"552\" height=\"869\" src=\"https:\/\/www.casadellibro.com\/blog\/wp-content\/uploads\/2026\/08\/9788417854836.jpg\" alt=\"\" class=\"wp-image-29545 size-full\" srcset=\"https:\/\/www.casadellibro.com\/blog\/wp-content\/uploads\/2026\/08\/9788417854836.jpg 552w, https:\/\/www.casadellibro.com\/blog\/wp-content\/uploads\/2026\/08\/9788417854836-191x300.jpg 191w, https:\/\/www.casadellibro.com\/blog\/wp-content\/uploads\/2026\/08\/9788417854836-267x420.jpg 267w, https:\/\/www.casadellibro.com\/blog\/wp-content\/uploads\/2026\/08\/9788417854836-150x236.jpg 150w, https:\/\/www.casadellibro.com\/blog\/wp-content\/uploads\/2026\/08\/9788417854836-300x472.jpg 300w\" sizes=\"auto, (max-width: 552px) 100vw, 552px\" \/><\/a><\/figure><div class=\"wp-block-media-text__content\">\n<p><\/p>\n\n\n\n<p class=\"has-text-align-center\">Autor: Jennifer L. Armentrout<\/p>\n\n\n\n<p class=\"has-text-align-center\">Tiempo de lectura:19 h 12 min<\/p>\n\n\n\n<div class=\"wp-block-buttons is-content-justification-center is-layout-flex wp-container-core-buttons-is-layout-4 wp-block-buttons-is-layout-flex\">\n<div class=\"wp-block-button has-custom-width wp-block-button__width-75\"><a class=\"wp-block-button__link wp-element-button\" href=\"https:\/\/www.casadellibro.com\/libro-la-guerra-de-las-dos-reinas-libro-4\/9788417854836\/13279363?utm_source=blog&amp;utm_medium=internal&amp;utm_campaign=Casteel+DaNeer+De+sangre+y+cenizas\">Comprar<\/a><\/div>\n<\/div>\n<\/div><\/div>\n\n\n\n<p><\/p>\n\n\n\n<p>En el inicio de este libro, la situaci\u00f3n de Casteel es especialmente delicada y compleja. <strong>Est\u00e1 cautivo de Isbeth<\/strong>. Este encierro le trae muchas reminiscencias de la anterior vez que hab\u00eda sido apresado por ella. Isbeth, por otro lado, quiere manipularlo en contra de Poppy, y quebrar su voluntad.<\/p>\n\n\n\n<p>Casteel resiste duramente, y en todo ese tiempo <strong>Poppy organiza una guerra contra Isbeth y planea su rescate<\/strong>. Cuando ambos consiguen reunirse, pelean juntos en la guerra.<\/p>\n\n\n\n<p>Otro punto clave es <strong>el ritual que se hace entre Poppy, Casteel y Kieran<\/strong>, lo que profundiza mucho m\u00e1s en el v\u00ednculo que tienen los tres.<\/p>\n\n\n\n<h3 class=\"wp-block-heading\"><em>Un alma de ceniza y sangre<\/em><\/h3>\n\n\n\n<div class=\"wp-block-media-text is-stacked-on-mobile\" style=\"grid-template-columns:30% auto\"><figure class=\"wp-block-media-text__media\"><a href=\"https:\/\/www.casadellibro.com\/libro-un-alma-de-ceniza-y-sangre\/9788419252487\/14303404?utm_source=blog&amp;utm_medium=internal&amp;utm_campaign=Casteel+DaNeer+De+sangre+y+cenizas\"><img loading=\"lazy\" decoding=\"async\" width=\"552\" height=\"869\" src=\"https:\/\/www.casadellibro.com\/blog\/wp-content\/uploads\/2026\/08\/9788419252487.jpg\" alt=\"\" class=\"wp-image-29546 size-full\" srcset=\"https:\/\/www.casadellibro.com\/blog\/wp-content\/uploads\/2026\/08\/9788419252487.jpg 552w, https:\/\/www.casadellibro.com\/blog\/wp-content\/uploads\/2026\/08\/9788419252487-191x300.jpg 191w, https:\/\/www.casadellibro.com\/blog\/wp-content\/uploads\/2026\/08\/9788419252487-267x420.jpg 267w, https:\/\/www.casadellibro.com\/blog\/wp-content\/uploads\/2026\/08\/9788419252487-150x236.jpg 150w, https:\/\/www.casadellibro.com\/blog\/wp-content\/uploads\/2026\/08\/9788419252487-300x472.jpg 300w\" sizes=\"auto, (max-width: 552px) 100vw, 552px\" \/><\/a><\/figure><div class=\"wp-block-media-text__content\">\n<p><\/p>\n\n\n\n<p class=\"has-text-align-center\">Autor: Jennifer L. Armentrout<\/p>\n\n\n\n<p class=\"has-text-align-center\">Tiempo de lectura:18 h 26 min<\/p>\n\n\n\n<div class=\"wp-block-buttons is-content-justification-center is-layout-flex wp-container-core-buttons-is-layout-5 wp-block-buttons-is-layout-flex\">\n<div class=\"wp-block-button has-custom-width wp-block-button__width-75\"><a class=\"wp-block-button__link wp-element-button\" href=\"https:\/\/www.casadellibro.com\/libro-un-alma-de-ceniza-y-sangre\/9788419252487\/14303404?utm_source=blog&amp;utm_medium=internal&amp;utm_campaign=Casteel+DaNeer+De+sangre+y+cenizas\">Comprar<\/a><\/div>\n<\/div>\n<\/div><\/div>\n\n\n\n<p>Este tomo es particularmente importante, ya que aqu\u00ed <strong>Casteel se convierte en el protagonista de la narraci\u00f3n<\/strong>. Todo empieza cuando Poppy cae en un profundo sue\u00f1o del que parece incapaz de salir. \u00c9l se queda a su lado, esperando a que despierte, y es entonces cuando decide contarle toda su historia.<\/p>\n\n\n\n<p>Aqu\u00ed encontrar\u00e1s muchos de los hechos y sucesos que ya se han narrado en la saga, pero desde otra <strong>perspectiva<\/strong>. Eso hace que, si quieres saber m\u00e1s sobre Casteel, sea un libro fundamental.<\/p>\n\n\n\n<p>En esta novela se incide mucho, por ejemplo, en <strong>las aut\u00e9nticas intenciones de Casteel cuando conoci\u00f3 a Poppy<\/strong>, y su plan original. Tambi\u00e9n se establece una distinci\u00f3n muy clara entre Hawke y Casteel, y las identidades de cada uno.<\/p>\n\n\n\n<p>Y, como no podr\u00eda ser de otra manera, en este libro el desarrollo emocional de la pareja ser\u00e1 mucho m\u00e1s significativo, y lo comprender\u00e1s mejor.<\/p>\n\n\n\n<h3 class=\"wp-block-heading\"><em>Primigenia de sangre y hueso<\/em><\/h3>\n\n\n\n<div class=\"wp-block-media-text is-stacked-on-mobile\" style=\"grid-template-columns:30% auto\"><figure class=\"wp-block-media-text__media\"><a href=\"https:\/\/www.casadellibro.com\/libro-primigenia-de-sangre-y-hueso\/9788410239753\/17956649?utm_source=blog&amp;utm_medium=internal&amp;utm_campaign=Casteel+DaNeer+De+sangre+y+cenizas\"><img loading=\"lazy\" decoding=\"async\" width=\"552\" height=\"871\" src=\"https:\/\/www.casadellibro.com\/blog\/wp-content\/uploads\/2026\/08\/9788410239753.jpg\" alt=\"\" class=\"wp-image-29547 size-full\" srcset=\"https:\/\/www.casadellibro.com\/blog\/wp-content\/uploads\/2026\/08\/9788410239753.jpg 552w, https:\/\/www.casadellibro.com\/blog\/wp-content\/uploads\/2026\/08\/9788410239753-190x300.jpg 190w, https:\/\/www.casadellibro.com\/blog\/wp-content\/uploads\/2026\/08\/9788410239753-266x420.jpg 266w, https:\/\/www.casadellibro.com\/blog\/wp-content\/uploads\/2026\/08\/9788410239753-150x237.jpg 150w, https:\/\/www.casadellibro.com\/blog\/wp-content\/uploads\/2026\/08\/9788410239753-300x473.jpg 300w\" sizes=\"auto, (max-width: 552px) 100vw, 552px\" \/><\/a><\/figure><div class=\"wp-block-media-text__content\">\n<p><\/p>\n\n\n\n<p class=\"has-text-align-center\">Autor: Jennifer L. Armentrout<\/p>\n\n\n\n<p class=\"has-text-align-center\">Tiempo de lectura: 30 h 2 min<\/p>\n\n\n\n<div class=\"wp-block-buttons is-content-justification-center is-layout-flex wp-container-core-buttons-is-layout-6 wp-block-buttons-is-layout-flex\">\n<div class=\"wp-block-button has-custom-width wp-block-button__width-75\"><a class=\"wp-block-button__link wp-element-button\" href=\"https:\/\/www.casadellibro.com\/libro-primigenia-de-sangre-y-hueso\/9788410239753\/17956649?utm_source=blog&amp;utm_medium=internal&amp;utm_campaign=Casteel+DaNeer+De+sangre+y+cenizas\">Comprar<\/a><\/div>\n<\/div>\n<\/div><\/div>\n\n\n\n<p>Poppy se despierta, pero transformada, y esa transformaci\u00f3n afecta tambi\u00e9n a Casteel y Kieran, quienes asumen formas que nadie hubiese podido prever. Por lo tanto, en este tomo <strong>Casteel tiene que enfrentarse a una nueva realidad sobre s\u00ed mismo.<\/strong><\/p>\n\n\n\n<p>Por otro lado, la guerra no se acota tan solo a Atlantia y Solis, sino que <strong>la amenaza adquiere tintes m\u00e1s antiguos y sobrenaturales<\/strong>. Aunque haya ca\u00eddo la Corona de Sangre, la guerra no se ha resuelto. De hecho, hay un peligro mayor: la aparici\u00f3n de un Primigenio de la Muerte.<\/p>\n\n\n\n<p>En un contexto tan complejo, <strong>Casteel tiene que volver a enfrentarse a la terrible posibilidad de perder a Poppy.<\/strong><\/p>\n\n\n\n<h2 class=\"wp-block-heading\">Aspecto f\u00edsico de Casteel Da\u2019Neer<\/h2>\n\n\n\n<p>El aspecto de Casteel est\u00e1 lleno de <strong>rasgos y elementos muy particulares<\/strong>, que le ayudan a tener una imagen f\u00e1cilmente reconocible. Para empezar, tiene un cabello espeso, oscuro y ondulado, que le llega a caer hasta las cejas.<\/p>\n\n\n\n<p><strong>Sus ojos son fr\u00edos y con tonos dorados, como de miel<\/strong>. El rostro, pese a la dulzura de los ojos y del cabello, es masculino y expresivo. Unos p\u00f3mulos altos y una mand\u00edbula fuerte marcan mucho sus rasgos sim\u00e9tricos.<\/p>\n\n\n\n<p>Es <strong>un personaje alto y con una constituci\u00f3n atl\u00e9tica y musculosa<\/strong>. De hecho, Poppy siempre ha comparado su presencia con la de los grandes felinos, a causa de sus movimientos elegantes y controlados.<\/p>\n\n\n\n<h2 class=\"wp-block-heading\">Personalidad de Casteel Da\u2019Neer<\/h2>\n\n\n\n<p>Este es un apartado particularmente importante, ya que Casteel es un personaje muy <strong>complejo y carism\u00e1tico<\/strong>, por lo que es interesante entender correctamente su forma de ser.<\/p>\n\n\n\n<p>Su personalidad es la de <strong>alguien provocador y muy seguro de s\u00ed mismo<\/strong>. Su sentido del humor es sarc\u00e1stico y lleno de insinuaciones, y disfruta mucho de provocar a Poppy. Ahora bien, ese sentido m\u00e1s ir\u00f3nico no le impide ser alguien sumamente protector con todos a los que quiere. Adem\u00e1s, es un personaje muy leal, que se mantiene siempre fiel a los suyos.<\/p>\n\n\n\n<p>Aunque puede ser muy violento, su visi\u00f3n sobre el poder y el gobierno no lo es, lo que hace que tenga una lectura pol\u00edtica m\u00e1s humana.<\/p>\n\n\n\n<h2 class=\"wp-block-heading\">Principales relaciones de Casteel Da\u2019Neer<\/h2>\n\n\n\n<p>Para entender las lealtades y las emociones de este personaje, nada mejor que <strong>analizar cu\u00e1les son los v\u00ednculos principales que mantiene<\/strong> a lo largo de toda la saga.<\/p>\n\n\n\n<ul class=\"wp-block-list\">\n<li><strong>Penellaphe \u201cPoppy\u201d Da\u2019Neer<\/strong>. Ella es la relaci\u00f3n principal de Casteel, y su v\u00ednculo m\u00e1s fuerte e importante a lo largo de toda la saga. En un principio, Casteel se acerca a ella bajo una falsa identidad, y con el objetivo de secuestrarla. Sin embargo, las emociones que empieza a sentir enseguida complican mucho m\u00e1s las cosas. Es por eso que, cuando se revela su identidad real, Casteel lucha por volver a recuperar su confianza. A grandes rasgos, la suya es una relaci\u00f3n que atraviesa una enorme cantidad de fases y momentos. Y esa riqueza de situaciones es la que les confiere un v\u00ednculo tan intenso.<\/li>\n\n\n\n<li><strong><a href=\"https:\/\/www.casadellibro.com\/blog\/kieran-contou-de-sangre-y-cenizas\/?utm_source=blog&amp;utm_medium=internal&amp;utm_campaign=Casteel+DaNeer+De+sangre+y+cenizas\">Kieran Contou<\/a><\/strong>. Es un <em>wolven<\/em> que tiene como misi\u00f3n proteger a Casteel, ya que tienen un v\u00ednculo desde su nacimiento. Sin embargo, m\u00e1s all\u00e1 del v\u00ednculo, ambos se consideran como hermanos. Despu\u00e9s de Poppy, no hay duda de que Kieran es la persona que m\u00e1s y mejor conoce a Casteel.<\/li>\n\n\n\n<li><strong>Malik Da\u2019Neer<\/strong>. Es su hermano mayor, y, antes de desaparecer, estaba destinado a ser el pr\u00edncipe heredero de Atlantia. Es la principal obsesi\u00f3n de Casteel durante a\u00f1os, que solo sue\u00f1a con liberarlo. De hecho, el enga\u00f1o a Poppy tiene como objetivo la liberaci\u00f3n de Malik.<\/li>\n\n\n\n<li><strong>Valyn y Eloana Da\u2019Neer.<\/strong> Son los padres de Casteel y los antiguos gobernantes de Atlantia. La relaci\u00f3n que mantienen est\u00e1 muy marcada por las consecuencias de las guerras con Solis. Son figuras que representan una autoridad y, a la vez, el destino de Casteel.<\/li>\n\n\n\n<li><strong>Shea<\/strong>. Es otro elemento clave en la juventud de Casteel. Al principio solo son amigos, aunque ambos llegan a prometerse. Sin embargo, m\u00e1s adelante se descubre que ella fue responsable de haber entregado a Malik para poder salvarse a s\u00ed misma. A causa de ello, Casteel termina mat\u00e1ndola y guard\u00e1ndolo en secreto.<\/li>\n\n\n\n<li><strong>Isbeth<\/strong>. Quiz\u00e1s la principal enemiga de Casteel. Cuando \u00e9l intenta matarla, termina siendo capturado y sometido a torturas. Esto define buena parte de su personalidad adulta, generando un trauma sobre su cautiverio, algo que no querr\u00e1 repetir nunca.<\/li>\n<\/ul>\n\n\n\n<p><strong>Casteel Da\u2019Neer<\/strong> es un personaje clave en la saga. Uno de los principales protagonistas, y alguien que no deja de evolucionar en cada uno de los libros. \u00bfT\u00fa crees que Casteel gestiona correctamente el estar con una pareja tan poderosa?<\/p>\n","protected":false},"excerpt":{"rendered":"<p>*Este texto contiene spoilers En Casa del Libro queremos dedicar este art\u00edculo a Casteel Da\u2019Neer, uno de los personajes principales m\u00e1s complejos de la saga De sangre y cenizas, escrita por Jennifer L. Armentrout. En este art\u00edculo vas a poder encontrar una biograf\u00eda detallada del personaje, informaci\u00f3n sobre su aspecto f\u00edsico y un an\u00e1lisis de [&hellip;]<\/p>\n","protected":false},"author":11,"featured_media":29548,"comment_status":"open","ping_status":"open","sticky":false,"template":"","format":"standard","meta":{"tdm_status":"","tdm_grid_status":"","footnotes":""},"categories":[1335,1426,1329],"tags":[],"class_list":{"0":"post-29538","1":"post","2":"type-post","3":"status-publish","4":"format-standard","5":"has-post-thumbnail","7":"category-fantasia","8":"category-juvenil","9":"category-personajes-literarios"},"yoast_head":"<!-- This site is optimized with the Yoast SEO plugin v26.8 - https:\/\/yoast.com\/product\/yoast-seo-wordpress\/ -->\n<title>\u25b7 Casteel Da Neer de De Sangre y Cenizas | Fandom | Casa del Libro<\/title>\n<meta name=\"description\" content=\"Descubre a Casteel Da Neer de De Sangre y Cenizas \u2b50 Poderes \u2b50 Apariencia \u2b50 Y datos \u00e9picos \u2b50 Entra YA!\" \/>\n<meta name=\"robots\" content=\"index, follow, max-snippet:-1, max-image-preview:large, max-video-preview:-1\" \/>\n<link rel=\"canonical\" href=\"https:\/\/www.casadellibro.com\/blog\/casteel-da-neer-personaje\/\" \/>\n<meta property=\"og:locale\" content=\"es_ES\" \/>\n<meta property=\"og:type\" content=\"article\" \/>\n<meta property=\"og:title\" content=\"\u25b7 Casteel Da Neer de De Sangre y Cenizas | Fandom | Casa del Libro\" \/>\n<meta property=\"og:description\" content=\"Descubre a Casteel Da Neer de De Sangre y Cenizas \u2b50 Poderes \u2b50 Apariencia \u2b50 Y datos \u00e9picos \u2b50 Entra YA!\" \/>\n<meta property=\"og:url\" content=\"https:\/\/www.casadellibro.com\/blog\/casteel-da-neer-personaje\/\" \/>\n<meta property=\"og:site_name\" content=\"Blog Casa del Libro\" \/>\n<meta property=\"article:publisher\" content=\"https:\/\/www.facebook.com\/casadellibro\" \/>\n<meta property=\"article:published_time\" content=\"2026-09-04T06:00:00+00:00\" \/>\n<meta property=\"og:image\" content=\"https:\/\/www.casadellibro.com\/blog\/wp-content\/uploads\/2026\/08\/magnific_hacer-una-imagen-donde-ap_WDouBXrcXe.webp\" \/>\n\t<meta property=\"og:image:width\" content=\"2048\" \/>\n\t<meta property=\"og:image:height\" content=\"1152\" \/>\n\t<meta property=\"og:image:type\" content=\"image\/webp\" \/>\n<meta name=\"author\" content=\"Casa del Libro\" \/>\n<meta name=\"twitter:card\" content=\"summary_large_image\" \/>\n<meta name=\"twitter:creator\" content=\"@casadellibro\" \/>\n<meta name=\"twitter:site\" content=\"@casadellibro\" \/>\n<meta name=\"twitter:label1\" content=\"Written by\" \/>\n\t<meta name=\"twitter:data1\" content=\"Casa del Libro\" \/>\n\t<meta name=\"twitter:label2\" content=\"Est. reading time\" \/>\n\t<meta name=\"twitter:data2\" content=\"11 minutos\" \/>\n<script type=\"application\/ld+json\" class=\"yoast-schema-graph\">{\"@context\":\"https:\/\/schema.org\",\"@graph\":[{\"@type\":\"Article\",\"@id\":\"https:\/\/www.casadellibro.com\/blog\/casteel-da-neer-personaje\/#article\",\"isPartOf\":{\"@id\":\"https:\/\/www.casadellibro.com\/blog\/casteel-da-neer-personaje\/\"},\"author\":{\"name\":\"Casa del Libro\",\"@id\":\"https:\/\/www.casadellibro.com\/blog\/#\/schema\/person\/8c2de9f0293fd8de66994e65f9e4f1f4\"},\"headline\":\"Casteel Da\u2019Neer | De sangre y cenizas\",\"datePublished\":\"2026-09-04T06:00:00+00:00\",\"mainEntityOfPage\":{\"@id\":\"https:\/\/www.casadellibro.com\/blog\/casteel-da-neer-personaje\/\"},\"wordCount\":2067,\"commentCount\":0,\"publisher\":{\"@id\":\"https:\/\/www.casadellibro.com\/blog\/#organization\"},\"image\":{\"@id\":\"https:\/\/www.casadellibro.com\/blog\/casteel-da-neer-personaje\/#primaryimage\"},\"thumbnailUrl\":\"https:\/\/www.casadellibro.com\/blog\/wp-content\/uploads\/2026\/08\/magnific_hacer-una-imagen-donde-ap_WDouBXrcXe.webp\",\"articleSection\":[\"Fantas\u00eda\",\"Juvenil\",\"Personajes Literarios\"],\"inLanguage\":\"es\",\"potentialAction\":[{\"@type\":\"CommentAction\",\"name\":\"Comment\",\"target\":[\"https:\/\/www.casadellibro.com\/blog\/casteel-da-neer-personaje\/#respond\"]}]},{\"@type\":\"WebPage\",\"@id\":\"https:\/\/www.casadellibro.com\/blog\/casteel-da-neer-personaje\/\",\"url\":\"https:\/\/www.casadellibro.com\/blog\/casteel-da-neer-personaje\/\",\"name\":\"\u25b7 Casteel Da Neer de De Sangre y Cenizas | Fandom | Casa del Libro\",\"isPartOf\":{\"@id\":\"https:\/\/www.casadellibro.com\/blog\/#website\"},\"primaryImageOfPage\":{\"@id\":\"https:\/\/www.casadellibro.com\/blog\/casteel-da-neer-personaje\/#primaryimage\"},\"image\":{\"@id\":\"https:\/\/www.casadellibro.com\/blog\/casteel-da-neer-personaje\/#primaryimage\"},\"thumbnailUrl\":\"https:\/\/www.casadellibro.com\/blog\/wp-content\/uploads\/2026\/08\/magnific_hacer-una-imagen-donde-ap_WDouBXrcXe.webp\",\"datePublished\":\"2026-09-04T06:00:00+00:00\",\"description\":\"Descubre a Casteel Da Neer de De Sangre y Cenizas \u2b50 Poderes \u2b50 Apariencia \u2b50 Y datos \u00e9picos \u2b50 Entra YA!\",\"breadcrumb\":{\"@id\":\"https:\/\/www.casadellibro.com\/blog\/casteel-da-neer-personaje\/#breadcrumb\"},\"inLanguage\":\"es\",\"potentialAction\":[{\"@type\":\"ReadAction\",\"target\":[\"https:\/\/www.casadellibro.com\/blog\/casteel-da-neer-personaje\/\"]}]},{\"@type\":\"ImageObject\",\"inLanguage\":\"es\",\"@id\":\"https:\/\/www.casadellibro.com\/blog\/casteel-da-neer-personaje\/#primaryimage\",\"url\":\"https:\/\/www.casadellibro.com\/blog\/wp-content\/uploads\/2026\/08\/magnific_hacer-una-imagen-donde-ap_WDouBXrcXe.webp\",\"contentUrl\":\"https:\/\/www.casadellibro.com\/blog\/wp-content\/uploads\/2026\/08\/magnific_hacer-una-imagen-donde-ap_WDouBXrcXe.webp\",\"width\":2048,\"height\":1152,\"caption\":\"saga de sangre y cenizas\"},{\"@type\":\"BreadcrumbList\",\"@id\":\"https:\/\/www.casadellibro.com\/blog\/casteel-da-neer-personaje\/#breadcrumb\",\"itemListElement\":[{\"@type\":\"ListItem\",\"position\":1,\"name\":\"Casa del Libro\",\"item\":\"https:\/\/www.casadellibro.com\/blog\/\"},{\"@type\":\"ListItem\",\"position\":2,\"name\":\"Casteel Da\u2019Neer | De sangre y cenizas\"}]},{\"@type\":\"WebSite\",\"@id\":\"https:\/\/www.casadellibro.com\/blog\/#website\",\"url\":\"https:\/\/www.casadellibro.com\/blog\/\",\"name\":\"Blog Casa del Libro\",\"description\":\"Descubre todas las novedades en eBooks, eReaders y Libros en el Blog oficial de Casa del Libro, recomendaciones en eBook, eReader y Libro online\",\"publisher\":{\"@id\":\"https:\/\/www.casadellibro.com\/blog\/#organization\"},\"potentialAction\":[{\"@type\":\"SearchAction\",\"target\":{\"@type\":\"EntryPoint\",\"urlTemplate\":\"https:\/\/www.casadellibro.com\/blog\/?s={search_term_string}\"},\"query-input\":{\"@type\":\"PropertyValueSpecification\",\"valueRequired\":true,\"valueName\":\"search_term_string\"}}],\"inLanguage\":\"es\"},{\"@type\":\"Organization\",\"@id\":\"https:\/\/www.casadellibro.com\/blog\/#organization\",\"name\":\"Blog Casa del Libro\",\"url\":\"https:\/\/www.casadellibro.com\/blog\/\",\"logo\":{\"@type\":\"ImageObject\",\"inLanguage\":\"es\",\"@id\":\"https:\/\/www.casadellibro.com\/blog\/#\/schema\/logo\/image\/\",\"url\":\"https:\/\/www.casadellibro.com\/blog\/wp-content\/uploads\/2022\/04\/cropped-image-2-300x98-1.png\",\"contentUrl\":\"https:\/\/www.casadellibro.com\/blog\/wp-content\/uploads\/2022\/04\/cropped-image-2-300x98-1.png\",\"width\":300,\"height\":98,\"caption\":\"Blog Casa del Libro\"},\"image\":{\"@id\":\"https:\/\/www.casadellibro.com\/blog\/#\/schema\/logo\/image\/\"},\"sameAs\":[\"https:\/\/www.facebook.com\/casadellibro\",\"https:\/\/x.com\/casadellibro\",\"https:\/\/www.youtube.com\/user\/casadellibropuntocom\",\"https:\/\/es.pinterest.com\/casadellibro\/\",\"https:\/\/open.spotify.com\/user\/wi2k27ijtmw114f531okf8nd4?si=JEaWkM75S56kXufnbmExww&nd=1&dlsi=6959f4c0a6474806\"]},{\"@type\":\"Person\",\"@id\":\"https:\/\/www.casadellibro.com\/blog\/#\/schema\/person\/8c2de9f0293fd8de66994e65f9e4f1f4\",\"name\":\"Casa del Libro\",\"image\":{\"@type\":\"ImageObject\",\"inLanguage\":\"es\",\"@id\":\"https:\/\/www.casadellibro.com\/blog\/#\/schema\/person\/image\/\",\"url\":\"https:\/\/secure.gravatar.com\/avatar\/6d28c33e7fb769449e406e87e48052cc?s=96&d=identicon&r=g\",\"contentUrl\":\"https:\/\/secure.gravatar.com\/avatar\/6d28c33e7fb769449e406e87e48052cc?s=96&d=identicon&r=g\",\"caption\":\"Casa del Libro\"},\"sameAs\":[\"https:\/\/www.casadellibro.com\"]}]}<\/script>\n<!-- \/ Yoast SEO plugin. -->","yoast_head_json":{"title":"\u25b7 Casteel Da Neer de De Sangre y Cenizas | Fandom | Casa del Libro","description":"Descubre a Casteel Da Neer de De Sangre y Cenizas \u2b50 Poderes \u2b50 Apariencia \u2b50 Y datos \u00e9picos \u2b50 Entra YA!","robots":{"index":"index","follow":"follow","max-snippet":"max-snippet:-1","max-image-preview":"max-image-preview:large","max-video-preview":"max-video-preview:-1"},"canonical":"https:\/\/www.casadellibro.com\/blog\/casteel-da-neer-personaje\/","og_locale":"es_ES","og_type":"article","og_title":"\u25b7 Casteel Da Neer de De Sangre y Cenizas | Fandom | Casa del Libro","og_description":"Descubre a Casteel Da Neer de De Sangre y Cenizas \u2b50 Poderes \u2b50 Apariencia \u2b50 Y datos \u00e9picos \u2b50 Entra YA!","og_url":"https:\/\/www.casadellibro.com\/blog\/casteel-da-neer-personaje\/","og_site_name":"Blog Casa del Libro","article_publisher":"https:\/\/www.facebook.com\/casadellibro","article_published_time":"2026-09-04T06:00:00+00:00","og_image":[{"width":2048,"height":1152,"url":"https:\/\/www.casadellibro.com\/blog\/wp-content\/uploads\/2026\/08\/magnific_hacer-una-imagen-donde-ap_WDouBXrcXe.webp","type":"image\/webp"}],"author":"Casa del Libro","twitter_card":"summary_large_image","twitter_creator":"@casadellibro","twitter_site":"@casadellibro","twitter_misc":{"Written by":"Casa del Libro","Est. reading time":"11 minutos"},"schema":{"@context":"https:\/\/schema.org","@graph":[{"@type":"Article","@id":"https:\/\/www.casadellibro.com\/blog\/casteel-da-neer-personaje\/#article","isPartOf":{"@id":"https:\/\/www.casadellibro.com\/blog\/casteel-da-neer-personaje\/"},"author":{"name":"Casa del Libro","@id":"https:\/\/www.casadellibro.com\/blog\/#\/schema\/person\/8c2de9f0293fd8de66994e65f9e4f1f4"},"headline":"Casteel Da\u2019Neer | De sangre y cenizas","datePublished":"2026-09-04T06:00:00+00:00","mainEntityOfPage":{"@id":"https:\/\/www.casadellibro.com\/blog\/casteel-da-neer-personaje\/"},"wordCount":2067,"commentCount":0,"publisher":{"@id":"https:\/\/www.casadellibro.com\/blog\/#organization"},"image":{"@id":"https:\/\/www.casadellibro.com\/blog\/casteel-da-neer-personaje\/#primaryimage"},"thumbnailUrl":"https:\/\/www.casadellibro.com\/blog\/wp-content\/uploads\/2026\/08\/magnific_hacer-una-imagen-donde-ap_WDouBXrcXe.webp","articleSection":["Fantas\u00eda","Juvenil","Personajes Literarios"],"inLanguage":"es","potentialAction":[{"@type":"CommentAction","name":"Comment","target":["https:\/\/www.casadellibro.com\/blog\/casteel-da-neer-personaje\/#respond"]}]},{"@type":"WebPage","@id":"https:\/\/www.casadellibro.com\/blog\/casteel-da-neer-personaje\/","url":"https:\/\/www.casadellibro.com\/blog\/casteel-da-neer-personaje\/","name":"\u25b7 Casteel Da Neer de De Sangre y Cenizas | Fandom | Casa del Libro","isPartOf":{"@id":"https:\/\/www.casadellibro.com\/blog\/#website"},"primaryImageOfPage":{"@id":"https:\/\/www.casadellibro.com\/blog\/casteel-da-neer-personaje\/#primaryimage"},"image":{"@id":"https:\/\/www.casadellibro.com\/blog\/casteel-da-neer-personaje\/#primaryimage"},"thumbnailUrl":"https:\/\/www.casadellibro.com\/blog\/wp-content\/uploads\/2026\/08\/magnific_hacer-una-imagen-donde-ap_WDouBXrcXe.webp","datePublished":"2026-09-04T06:00:00+00:00","description":"Descubre a Casteel Da Neer de De Sangre y Cenizas \u2b50 Poderes \u2b50 Apariencia \u2b50 Y datos \u00e9picos \u2b50 Entra YA!","breadcrumb":{"@id":"https:\/\/www.casadellibro.com\/blog\/casteel-da-neer-personaje\/#breadcrumb"},"inLanguage":"es","potentialAction":[{"@type":"ReadAction","target":["https:\/\/www.casadellibro.com\/blog\/casteel-da-neer-personaje\/"]}]},{"@type":"ImageObject","inLanguage":"es","@id":"https:\/\/www.casadellibro.com\/blog\/casteel-da-neer-personaje\/#primaryimage","url":"https:\/\/www.casadellibro.com\/blog\/wp-content\/uploads\/2026\/08\/magnific_hacer-una-imagen-donde-ap_WDouBXrcXe.webp","contentUrl":"https:\/\/www.casadellibro.com\/blog\/wp-content\/uploads\/2026\/08\/magnific_hacer-una-imagen-donde-ap_WDouBXrcXe.webp","width":2048,"height":1152,"caption":"saga de sangre y cenizas"},{"@type":"BreadcrumbList","@id":"https:\/\/www.casadellibro.com\/blog\/casteel-da-neer-personaje\/#breadcrumb","itemListElement":[{"@type":"ListItem","position":1,"name":"Casa del Libro","item":"https:\/\/www.casadellibro.com\/blog\/"},{"@type":"ListItem","position":2,"name":"Casteel Da\u2019Neer | De sangre y cenizas"}]},{"@type":"WebSite","@id":"https:\/\/www.casadellibro.com\/blog\/#website","url":"https:\/\/www.casadellibro.com\/blog\/","name":"Blog Casa del Libro","description":"Descubre todas las novedades en eBooks, eReaders y Libros en el Blog oficial de Casa del Libro, recomendaciones en eBook, eReader y Libro online","publisher":{"@id":"https:\/\/www.casadellibro.com\/blog\/#organization"},"potentialAction":[{"@type":"SearchAction","target":{"@type":"EntryPoint","urlTemplate":"https:\/\/www.casadellibro.com\/blog\/?s={search_term_string}"},"query-input":{"@type":"PropertyValueSpecification","valueRequired":true,"valueName":"search_term_string"}}],"inLanguage":"es"},{"@type":"Organization","@id":"https:\/\/www.casadellibro.com\/blog\/#organization","name":"Blog Casa del Libro","url":"https:\/\/www.casadellibro.com\/blog\/","logo":{"@type":"ImageObject","inLanguage":"es","@id":"https:\/\/www.casadellibro.com\/blog\/#\/schema\/logo\/image\/","url":"https:\/\/www.casadellibro.com\/blog\/wp-content\/uploads\/2022\/04\/cropped-image-2-300x98-1.png","contentUrl":"https:\/\/www.casadellibro.com\/blog\/wp-content\/uploads\/2022\/04\/cropped-image-2-300x98-1.png","width":300,"height":98,"caption":"Blog Casa del Libro"},"image":{"@id":"https:\/\/www.casadellibro.com\/blog\/#\/schema\/logo\/image\/"},"sameAs":["https:\/\/www.facebook.com\/casadellibro","https:\/\/x.com\/casadellibro","https:\/\/www.youtube.com\/user\/casadellibropuntocom","https:\/\/es.pinterest.com\/casadellibro\/","https:\/\/open.spotify.com\/user\/wi2k27ijtmw114f531okf8nd4?si=JEaWkM75S56kXufnbmExww&nd=1&dlsi=6959f4c0a6474806"]},{"@type":"Person","@id":"https:\/\/www.casadellibro.com\/blog\/#\/schema\/person\/8c2de9f0293fd8de66994e65f9e4f1f4","name":"Casa del Libro","image":{"@type":"ImageObject","inLanguage":"es","@id":"https:\/\/www.casadellibro.com\/blog\/#\/schema\/person\/image\/","url":"https:\/\/secure.gravatar.com\/avatar\/6d28c33e7fb769449e406e87e48052cc?s=96&d=identicon&r=g","contentUrl":"https:\/\/secure.gravatar.com\/avatar\/6d28c33e7fb769449e406e87e48052cc?s=96&d=identicon&r=g","caption":"Casa del Libro"},"sameAs":["https:\/\/www.casadellibro.com"]}]}},"_links":{"self":[{"href":"https:\/\/www.casadellibro.com\/blog\/wp-json\/wp\/v2\/posts\/29538","targetHints":{"allow":["GET"]}}],"collection":[{"href":"https:\/\/www.casadellibro.com\/blog\/wp-json\/wp\/v2\/posts"}],"about":[{"href":"https:\/\/www.casadellibro.com\/blog\/wp-json\/wp\/v2\/types\/post"}],"author":[{"embeddable":true,"href":"https:\/\/www.casadellibro.com\/blog\/wp-json\/wp\/v2\/users\/11"}],"replies":[{"embeddable":true,"href":"https:\/\/www.casadellibro.com\/blog\/wp-json\/wp\/v2\/comments?post=29538"}],"version-history":[{"count":0,"href":"https:\/\/www.casadellibro.com\/blog\/wp-json\/wp\/v2\/posts\/29538\/revisions"}],"wp:featuredmedia":[{"embeddable":true,"href":"https:\/\/www.casadellibro.com\/blog\/wp-json\/wp\/v2\/media\/29548"}],"wp:attachment":[{"href":"https:\/\/www.casadellibro.com\/blog\/wp-json\/wp\/v2\/media?parent=29538"}],"wp:term":[{"taxonomy":"category","embeddable":true,"href":"https:\/\/www.casadellibro.com\/blog\/wp-json\/wp\/v2\/categories?post=29538"},{"taxonomy":"post_tag","embeddable":true,"href":"https:\/\/www.casadellibro.com\/blog\/wp-json\/wp\/v2\/tags?post=29538"}],"curies":[{"name":"wp","href":"https:\/\/api.w.org\/{rel}","templated":true}]}}