{"id":3536,"date":"2013-05-08T10:00:10","date_gmt":"2013-05-08T08:00:10","guid":{"rendered":"http:\/\/noticiascasadellibro.es\/?p=3536"},"modified":"2013-05-08T10:00:10","modified_gmt":"2013-05-08T08:00:10","slug":"y-el-kit-exclusivo-de-violetta-es-para","status":"publish","type":"post","link":"https:\/\/www.casadellibro.com\/blog\/y-el-kit-exclusivo-de-violetta-es-para\/","title":{"rendered":"Y el kit exclusivo de Violetta es para&#8230;"},"content":{"rendered":"<p style=\"text-align: center;\"><a href=\"http:\/\/noticiascasadellibro.es\/wp-content\/uploads\/2013\/05\/CL-ZYRO-FACEBOOK-SORTEO-VIOLETTA-c.jpg\"><img loading=\"lazy\" decoding=\"async\" class=\"aligncenter  wp-image-3537\" src=\"http:\/\/noticiascasadellibro.es\/wp-content\/uploads\/2013\/05\/CL-ZYRO-FACEBOOK-SORTEO-VIOLETTA-c.jpg\" alt=\"CL-ZYRO-FACEBOOK-SORTEO-VIOLETTA-c\" width=\"312\" height=\"390\" \/><\/a><\/p>\n<p>Ya tenemos la lista confirmada de ganadores del <a href=\"http:\/\/noticiascasadellibro.es\/2013\/04\/gana-un-kit-exclusivo-de-violetta-con-el-mundo-de-zyro\/\">kit exclusivo de Violetta<\/a>, la exitosa serie de Disney Channel con m\u00e1s de 7\u20199 millones de espectadores desde su estreno, compuesto de\u00a0 carpeta y estuche musicales de la protagonista de la serie televisiva que ahora tambi\u00e9n se ha hecho <a href=\"http:\/\/www.casadellibro.com\/libro-violetta-narrativa-en-mi-mundo\/9788499514550\/2090988\" target=\"_blank\" rel=\"noopener noreferrer\">papel<\/a>:<\/p>\n<ul>\n<li>Natividad Ca\u00f1adillla<\/li>\n<li>Francisca Elvias S\u00e1nchez<\/li>\n<li>Fancisca Alfonso S\u00e1nchez<\/li>\n<li>Esmeralda Piquer Alsina<\/li>\n<li>Diana Betran P\u00e9rez<\/li>\n<li>Teresa Salazar<\/li>\n<li>Dolores Soler Rodr\u00edguez<\/li>\n<li>Lorenzo Cano Soler<\/li>\n<li>Santa Dom\u00ednguez Palop<\/li>\n<li>Ana Luisa Mart\u00edn<\/li>\n<\/ul>\n<p>\u00a1Enhorabuena a los premiados y gracias a todos por participar!<\/p>\n<p>Si qeer\u00e9is estar al d\u00eda de todo lo relacionado con la literatura, el ocio y la educaci\u00f3n infantil y juvenil, no dejes de seguir a El Mundo de Zyro:<\/p>\n<ul>\n<li>Twitter:\u00a0<a href=\"https:\/\/twitter.com\/mundozyro\" target=\"_blank\" rel=\"nofollow noopener\">@MundoZyro<\/a><\/li>\n<li>Facebook:\u00a0<a href=\"https:\/\/www.facebook.com\/ElMundodeZyro.CasaDelLibro\" target=\"_blank\" rel=\"nofollow noopener\">facebook.com\/ElMundodeZyro.CasaDelLibro<\/a><\/li>\n<\/ul>\n","protected":false},"excerpt":{"rendered":"<p>Ya tenemos la lista confirmada de ganadores del kit exclusivo de Violetta, la exitosa serie de Disney Channel con m\u00e1s de 7\u20199 millones de espectadores desde su estreno, compuesto de\u00a0 carpeta y estuche musicales de la protagonista de la serie televisiva que ahora tambi\u00e9n se ha hecho papel: Natividad Ca\u00f1adillla Francisca Elvias S\u00e1nchez Fancisca Alfonso [&hellip;]<\/p>\n","protected":false},"author":2,"featured_media":3537,"comment_status":"open","ping_status":"open","sticky":false,"template":"","format":"standard","meta":{"tdm_status":"","tdm_grid_status":"","footnotes":""},"categories":[1],"tags":[215,182],"class_list":{"0":"post-3536","1":"post","2":"type-post","3":"status-publish","4":"format-standard","5":"has-post-thumbnail","7":"category-sin-categoria","8":"tag-disney","9":"tag-zyro"},"yoast_head":"<!-- This site is optimized with the Yoast SEO plugin v26.8 - https:\/\/yoast.com\/product\/yoast-seo-wordpress\/ -->\n<title>Y el kit exclusivo de Violetta es para... | Casa del Libro<\/title>\n<meta name=\"robots\" content=\"index, follow, max-snippet:-1, max-image-preview:large, max-video-preview:-1\" \/>\n<link rel=\"canonical\" href=\"https:\/\/www.casadellibro.com\/blog\/y-el-kit-exclusivo-de-violetta-es-para\/\" \/>\n<meta property=\"og:locale\" content=\"es_ES\" \/>\n<meta property=\"og:type\" content=\"article\" \/>\n<meta property=\"og:title\" content=\"Y el kit exclusivo de Violetta es para... | Casa del Libro\" \/>\n<meta property=\"og:description\" content=\"Ya tenemos la lista confirmada de ganadores del kit exclusivo de Violetta, la exitosa serie de Disney Channel con m\u00e1s de 7\u20199 millones de espectadores desde su estreno, compuesto de\u00a0 carpeta y estuche musicales de la protagonista de la serie televisiva que ahora tambi\u00e9n se ha hecho papel: Natividad Ca\u00f1adillla Francisca Elvias S\u00e1nchez Fancisca Alfonso [&hellip;]\" \/>\n<meta property=\"og:url\" content=\"https:\/\/www.casadellibro.com\/blog\/y-el-kit-exclusivo-de-violetta-es-para\/\" \/>\n<meta property=\"og:site_name\" content=\"Blog Casa del Libro\" \/>\n<meta property=\"article:publisher\" content=\"https:\/\/www.facebook.com\/casadellibro\" \/>\n<meta property=\"article:published_time\" content=\"2013-05-08T08:00:10+00:00\" \/>\n<meta property=\"og:image\" content=\"https:\/\/www.casadellibro.com\/blog\/wp-content\/uploads\/2025\/01\/Favicon.png\" \/>\n\t<meta property=\"og:image:width\" content=\"512\" \/>\n\t<meta property=\"og:image:height\" content=\"512\" \/>\n\t<meta property=\"og:image:type\" content=\"image\/png\" \/>\n<meta name=\"author\" content=\"Casa del Libro\" \/>\n<meta name=\"twitter:card\" content=\"summary_large_image\" \/>\n<meta name=\"twitter:creator\" content=\"@casadellibro\" \/>\n<meta name=\"twitter:site\" content=\"@casadellibro\" \/>\n<meta name=\"twitter:label1\" content=\"Written by\" \/>\n\t<meta name=\"twitter:data1\" content=\"Casa del Libro\" \/>\n\t<meta name=\"twitter:label2\" content=\"Est. reading time\" \/>\n\t<meta name=\"twitter:data2\" content=\"1 minuto\" \/>\n<script type=\"application\/ld+json\" class=\"yoast-schema-graph\">{\"@context\":\"https:\/\/schema.org\",\"@graph\":[{\"@type\":\"Article\",\"@id\":\"https:\/\/www.casadellibro.com\/blog\/y-el-kit-exclusivo-de-violetta-es-para\/#article\",\"isPartOf\":{\"@id\":\"https:\/\/www.casadellibro.com\/blog\/y-el-kit-exclusivo-de-violetta-es-para\/\"},\"author\":{\"name\":\"Casa del Libro\",\"@id\":\"https:\/\/www.casadellibro.com\/blog\/#\/schema\/person\/4c5249ad5735629a37e929060c823fe5\"},\"headline\":\"Y el kit exclusivo de Violetta es para&#8230;\",\"datePublished\":\"2013-05-08T08:00:10+00:00\",\"mainEntityOfPage\":{\"@id\":\"https:\/\/www.casadellibro.com\/blog\/y-el-kit-exclusivo-de-violetta-es-para\/\"},\"wordCount\":141,\"commentCount\":0,\"publisher\":{\"@id\":\"https:\/\/www.casadellibro.com\/blog\/#organization\"},\"image\":{\"@id\":\"https:\/\/www.casadellibro.com\/blog\/y-el-kit-exclusivo-de-violetta-es-para\/#primaryimage\"},\"thumbnailUrl\":\"\",\"keywords\":[\"Disney\",\"Zyro\"],\"inLanguage\":\"es\",\"potentialAction\":[{\"@type\":\"CommentAction\",\"name\":\"Comment\",\"target\":[\"https:\/\/www.casadellibro.com\/blog\/y-el-kit-exclusivo-de-violetta-es-para\/#respond\"]}]},{\"@type\":\"WebPage\",\"@id\":\"https:\/\/www.casadellibro.com\/blog\/y-el-kit-exclusivo-de-violetta-es-para\/\",\"url\":\"https:\/\/www.casadellibro.com\/blog\/y-el-kit-exclusivo-de-violetta-es-para\/\",\"name\":\"Y el kit exclusivo de Violetta es para... | Casa del Libro\",\"isPartOf\":{\"@id\":\"https:\/\/www.casadellibro.com\/blog\/#website\"},\"primaryImageOfPage\":{\"@id\":\"https:\/\/www.casadellibro.com\/blog\/y-el-kit-exclusivo-de-violetta-es-para\/#primaryimage\"},\"image\":{\"@id\":\"https:\/\/www.casadellibro.com\/blog\/y-el-kit-exclusivo-de-violetta-es-para\/#primaryimage\"},\"thumbnailUrl\":\"\",\"datePublished\":\"2013-05-08T08:00:10+00:00\",\"breadcrumb\":{\"@id\":\"https:\/\/www.casadellibro.com\/blog\/y-el-kit-exclusivo-de-violetta-es-para\/#breadcrumb\"},\"inLanguage\":\"es\",\"potentialAction\":[{\"@type\":\"ReadAction\",\"target\":[\"https:\/\/www.casadellibro.com\/blog\/y-el-kit-exclusivo-de-violetta-es-para\/\"]}]},{\"@type\":\"ImageObject\",\"inLanguage\":\"es\",\"@id\":\"https:\/\/www.casadellibro.com\/blog\/y-el-kit-exclusivo-de-violetta-es-para\/#primaryimage\",\"url\":\"\",\"contentUrl\":\"\"},{\"@type\":\"BreadcrumbList\",\"@id\":\"https:\/\/www.casadellibro.com\/blog\/y-el-kit-exclusivo-de-violetta-es-para\/#breadcrumb\",\"itemListElement\":[{\"@type\":\"ListItem\",\"position\":1,\"name\":\"Casa del Libro\",\"item\":\"https:\/\/www.casadellibro.com\/blog\/\"},{\"@type\":\"ListItem\",\"position\":2,\"name\":\"Y el kit exclusivo de Violetta es para&#8230;\"}]},{\"@type\":\"WebSite\",\"@id\":\"https:\/\/www.casadellibro.com\/blog\/#website\",\"url\":\"https:\/\/www.casadellibro.com\/blog\/\",\"name\":\"Blog Casa del Libro\",\"description\":\"Descubre todas las novedades en eBooks, eReaders y Libros en el Blog oficial de Casa del Libro, recomendaciones en eBook, eReader y Libro online\",\"publisher\":{\"@id\":\"https:\/\/www.casadellibro.com\/blog\/#organization\"},\"potentialAction\":[{\"@type\":\"SearchAction\",\"target\":{\"@type\":\"EntryPoint\",\"urlTemplate\":\"https:\/\/www.casadellibro.com\/blog\/?s={search_term_string}\"},\"query-input\":{\"@type\":\"PropertyValueSpecification\",\"valueRequired\":true,\"valueName\":\"search_term_string\"}}],\"inLanguage\":\"es\"},{\"@type\":\"Organization\",\"@id\":\"https:\/\/www.casadellibro.com\/blog\/#organization\",\"name\":\"Blog Casa del Libro\",\"url\":\"https:\/\/www.casadellibro.com\/blog\/\",\"logo\":{\"@type\":\"ImageObject\",\"inLanguage\":\"es\",\"@id\":\"https:\/\/www.casadellibro.com\/blog\/#\/schema\/logo\/image\/\",\"url\":\"https:\/\/www.casadellibro.com\/blog\/wp-content\/uploads\/2022\/04\/cropped-image-2-300x98-1.png\",\"contentUrl\":\"https:\/\/www.casadellibro.com\/blog\/wp-content\/uploads\/2022\/04\/cropped-image-2-300x98-1.png\",\"width\":300,\"height\":98,\"caption\":\"Blog Casa del Libro\"},\"image\":{\"@id\":\"https:\/\/www.casadellibro.com\/blog\/#\/schema\/logo\/image\/\"},\"sameAs\":[\"https:\/\/www.facebook.com\/casadellibro\",\"https:\/\/x.com\/casadellibro\",\"https:\/\/www.youtube.com\/user\/casadellibropuntocom\",\"https:\/\/es.pinterest.com\/casadellibro\/\",\"https:\/\/open.spotify.com\/user\/wi2k27ijtmw114f531okf8nd4?si=JEaWkM75S56kXufnbmExww&nd=1&dlsi=6959f4c0a6474806\"]},{\"@type\":\"Person\",\"@id\":\"https:\/\/www.casadellibro.com\/blog\/#\/schema\/person\/4c5249ad5735629a37e929060c823fe5\",\"name\":\"Casa del Libro\",\"image\":{\"@type\":\"ImageObject\",\"inLanguage\":\"es\",\"@id\":\"https:\/\/www.casadellibro.com\/blog\/#\/schema\/person\/image\/\",\"url\":\"https:\/\/secure.gravatar.com\/avatar\/1ac01d90ad8e35013aff9d51865aa025?s=96&d=identicon&r=g\",\"contentUrl\":\"https:\/\/secure.gravatar.com\/avatar\/1ac01d90ad8e35013aff9d51865aa025?s=96&d=identicon&r=g\",\"caption\":\"Casa del Libro\"}}]}<\/script>\n<!-- \/ Yoast SEO plugin. -->","yoast_head_json":{"title":"Y el kit exclusivo de Violetta es para... | Casa del Libro","robots":{"index":"index","follow":"follow","max-snippet":"max-snippet:-1","max-image-preview":"max-image-preview:large","max-video-preview":"max-video-preview:-1"},"canonical":"https:\/\/www.casadellibro.com\/blog\/y-el-kit-exclusivo-de-violetta-es-para\/","og_locale":"es_ES","og_type":"article","og_title":"Y el kit exclusivo de Violetta es para... | Casa del Libro","og_description":"Ya tenemos la lista confirmada de ganadores del kit exclusivo de Violetta, la exitosa serie de Disney Channel con m\u00e1s de 7\u20199 millones de espectadores desde su estreno, compuesto de\u00a0 carpeta y estuche musicales de la protagonista de la serie televisiva que ahora tambi\u00e9n se ha hecho papel: Natividad Ca\u00f1adillla Francisca Elvias S\u00e1nchez Fancisca Alfonso [&hellip;]","og_url":"https:\/\/www.casadellibro.com\/blog\/y-el-kit-exclusivo-de-violetta-es-para\/","og_site_name":"Blog Casa del Libro","article_publisher":"https:\/\/www.facebook.com\/casadellibro","article_published_time":"2013-05-08T08:00:10+00:00","og_image":[{"width":512,"height":512,"url":"https:\/\/www.casadellibro.com\/blog\/wp-content\/uploads\/2025\/01\/Favicon.png","type":"image\/png"}],"author":"Casa del Libro","twitter_card":"summary_large_image","twitter_creator":"@casadellibro","twitter_site":"@casadellibro","twitter_misc":{"Written by":"Casa del Libro","Est. reading time":"1 minuto"},"schema":{"@context":"https:\/\/schema.org","@graph":[{"@type":"Article","@id":"https:\/\/www.casadellibro.com\/blog\/y-el-kit-exclusivo-de-violetta-es-para\/#article","isPartOf":{"@id":"https:\/\/www.casadellibro.com\/blog\/y-el-kit-exclusivo-de-violetta-es-para\/"},"author":{"name":"Casa del Libro","@id":"https:\/\/www.casadellibro.com\/blog\/#\/schema\/person\/4c5249ad5735629a37e929060c823fe5"},"headline":"Y el kit exclusivo de Violetta es para&#8230;","datePublished":"2013-05-08T08:00:10+00:00","mainEntityOfPage":{"@id":"https:\/\/www.casadellibro.com\/blog\/y-el-kit-exclusivo-de-violetta-es-para\/"},"wordCount":141,"commentCount":0,"publisher":{"@id":"https:\/\/www.casadellibro.com\/blog\/#organization"},"image":{"@id":"https:\/\/www.casadellibro.com\/blog\/y-el-kit-exclusivo-de-violetta-es-para\/#primaryimage"},"thumbnailUrl":"","keywords":["Disney","Zyro"],"inLanguage":"es","potentialAction":[{"@type":"CommentAction","name":"Comment","target":["https:\/\/www.casadellibro.com\/blog\/y-el-kit-exclusivo-de-violetta-es-para\/#respond"]}]},{"@type":"WebPage","@id":"https:\/\/www.casadellibro.com\/blog\/y-el-kit-exclusivo-de-violetta-es-para\/","url":"https:\/\/www.casadellibro.com\/blog\/y-el-kit-exclusivo-de-violetta-es-para\/","name":"Y el kit exclusivo de Violetta es para... | Casa del Libro","isPartOf":{"@id":"https:\/\/www.casadellibro.com\/blog\/#website"},"primaryImageOfPage":{"@id":"https:\/\/www.casadellibro.com\/blog\/y-el-kit-exclusivo-de-violetta-es-para\/#primaryimage"},"image":{"@id":"https:\/\/www.casadellibro.com\/blog\/y-el-kit-exclusivo-de-violetta-es-para\/#primaryimage"},"thumbnailUrl":"","datePublished":"2013-05-08T08:00:10+00:00","breadcrumb":{"@id":"https:\/\/www.casadellibro.com\/blog\/y-el-kit-exclusivo-de-violetta-es-para\/#breadcrumb"},"inLanguage":"es","potentialAction":[{"@type":"ReadAction","target":["https:\/\/www.casadellibro.com\/blog\/y-el-kit-exclusivo-de-violetta-es-para\/"]}]},{"@type":"ImageObject","inLanguage":"es","@id":"https:\/\/www.casadellibro.com\/blog\/y-el-kit-exclusivo-de-violetta-es-para\/#primaryimage","url":"","contentUrl":""},{"@type":"BreadcrumbList","@id":"https:\/\/www.casadellibro.com\/blog\/y-el-kit-exclusivo-de-violetta-es-para\/#breadcrumb","itemListElement":[{"@type":"ListItem","position":1,"name":"Casa del Libro","item":"https:\/\/www.casadellibro.com\/blog\/"},{"@type":"ListItem","position":2,"name":"Y el kit exclusivo de Violetta es para&#8230;"}]},{"@type":"WebSite","@id":"https:\/\/www.casadellibro.com\/blog\/#website","url":"https:\/\/www.casadellibro.com\/blog\/","name":"Blog Casa del Libro","description":"Descubre todas las novedades en eBooks, eReaders y Libros en el Blog oficial de Casa del Libro, recomendaciones en eBook, eReader y Libro online","publisher":{"@id":"https:\/\/www.casadellibro.com\/blog\/#organization"},"potentialAction":[{"@type":"SearchAction","target":{"@type":"EntryPoint","urlTemplate":"https:\/\/www.casadellibro.com\/blog\/?s={search_term_string}"},"query-input":{"@type":"PropertyValueSpecification","valueRequired":true,"valueName":"search_term_string"}}],"inLanguage":"es"},{"@type":"Organization","@id":"https:\/\/www.casadellibro.com\/blog\/#organization","name":"Blog Casa del Libro","url":"https:\/\/www.casadellibro.com\/blog\/","logo":{"@type":"ImageObject","inLanguage":"es","@id":"https:\/\/www.casadellibro.com\/blog\/#\/schema\/logo\/image\/","url":"https:\/\/www.casadellibro.com\/blog\/wp-content\/uploads\/2022\/04\/cropped-image-2-300x98-1.png","contentUrl":"https:\/\/www.casadellibro.com\/blog\/wp-content\/uploads\/2022\/04\/cropped-image-2-300x98-1.png","width":300,"height":98,"caption":"Blog Casa del Libro"},"image":{"@id":"https:\/\/www.casadellibro.com\/blog\/#\/schema\/logo\/image\/"},"sameAs":["https:\/\/www.facebook.com\/casadellibro","https:\/\/x.com\/casadellibro","https:\/\/www.youtube.com\/user\/casadellibropuntocom","https:\/\/es.pinterest.com\/casadellibro\/","https:\/\/open.spotify.com\/user\/wi2k27ijtmw114f531okf8nd4?si=JEaWkM75S56kXufnbmExww&nd=1&dlsi=6959f4c0a6474806"]},{"@type":"Person","@id":"https:\/\/www.casadellibro.com\/blog\/#\/schema\/person\/4c5249ad5735629a37e929060c823fe5","name":"Casa del Libro","image":{"@type":"ImageObject","inLanguage":"es","@id":"https:\/\/www.casadellibro.com\/blog\/#\/schema\/person\/image\/","url":"https:\/\/secure.gravatar.com\/avatar\/1ac01d90ad8e35013aff9d51865aa025?s=96&d=identicon&r=g","contentUrl":"https:\/\/secure.gravatar.com\/avatar\/1ac01d90ad8e35013aff9d51865aa025?s=96&d=identicon&r=g","caption":"Casa del Libro"}}]}},"_links":{"self":[{"href":"https:\/\/www.casadellibro.com\/blog\/wp-json\/wp\/v2\/posts\/3536","targetHints":{"allow":["GET"]}}],"collection":[{"href":"https:\/\/www.casadellibro.com\/blog\/wp-json\/wp\/v2\/posts"}],"about":[{"href":"https:\/\/www.casadellibro.com\/blog\/wp-json\/wp\/v2\/types\/post"}],"author":[{"embeddable":true,"href":"https:\/\/www.casadellibro.com\/blog\/wp-json\/wp\/v2\/users\/2"}],"replies":[{"embeddable":true,"href":"https:\/\/www.casadellibro.com\/blog\/wp-json\/wp\/v2\/comments?post=3536"}],"version-history":[{"count":0,"href":"https:\/\/www.casadellibro.com\/blog\/wp-json\/wp\/v2\/posts\/3536\/revisions"}],"wp:featuredmedia":[{"embeddable":true,"href":"https:\/\/www.casadellibro.com\/blog\/wp-json\/"}],"wp:attachment":[{"href":"https:\/\/www.casadellibro.com\/blog\/wp-json\/wp\/v2\/media?parent=3536"}],"wp:term":[{"taxonomy":"category","embeddable":true,"href":"https:\/\/www.casadellibro.com\/blog\/wp-json\/wp\/v2\/categories?post=3536"},{"taxonomy":"post_tag","embeddable":true,"href":"https:\/\/www.casadellibro.com\/blog\/wp-json\/wp\/v2\/tags?post=3536"}],"curies":[{"name":"wp","href":"https:\/\/api.w.org\/{rel}","templated":true}]}}