{"id":4089,"date":"2013-07-12T12:10:28","date_gmt":"2013-07-12T10:10:28","guid":{"rendered":"http:\/\/noticiascasadellibro.es\/?p=4089"},"modified":"2013-07-12T12:10:28","modified_gmt":"2013-07-12T10:10:28","slug":"y-los-ganadores-de-dos-tagus-tablet-son","status":"publish","type":"post","link":"https:\/\/www.casadellibro.com\/blog\/y-los-ganadores-de-dos-tagus-tablet-son\/","title":{"rendered":"Y los ganadores de dos Tagus Tablet son&#8230;"},"content":{"rendered":"<p>\u00a1\u00a1\u00a1Redoble de tambores!!! Ya tenemos a los ganadores de las dos Tagus Tablet que ten\u00edamos en juego con motivo del lanzamiento de \u00ab<a href=\"http:\/\/ow.ly\/mMuEs\" target=\"_blank\" rel=\"noopener noreferrer\">Prohibido excavar en este pueblo<\/a>\u00bb de \u00d3scar F\u00e1brega, ganador de <strong>Operaci\u00f3n Tagus<\/strong>.<\/p>\n<p>El primer sorteo con motivo del concurso \u00ab<a href=\"http:\/\/noticiascasadellibro.es\/2013\/07\/explica-por-que-votaste-a-oscar-fabrega-y-gana-una-tagus-tablet\/\" target=\"_blank\" rel=\"noopener noreferrer\">Explica por qu\u00e9 votaste a \u00d3scar F\u00e1brega en Operaci\u00f3n Tagus<\/a>\u00bb ya tiene ganador. Y el afortunado es:<\/p>\n<p><a href=\"http:\/\/noticiascasadellibro.es\/wp-content\/uploads\/2013\/07\/randomok.jpg\"><img loading=\"lazy\" decoding=\"async\" class=\"aligncenter size-full wp-image-4102\" alt=\"randomok\" src=\"http:\/\/noticiascasadellibro.es\/wp-content\/uploads\/2013\/07\/randomok.jpg\" width=\"154\" height=\"40\"><\/a><\/p>\n<p>&nbsp;<\/p>\n<p>&nbsp;<\/p>\n<p><a href=\"http:\/\/noticiascasadellibro.es\/wp-content\/uploads\/2013\/07\/ganador1.jpg\"><img loading=\"lazy\" decoding=\"async\" class=\"aligncenter size-full wp-image-4100\" alt=\"ganador1\" src=\"http:\/\/noticiascasadellibro.es\/wp-content\/uploads\/2013\/07\/ganador1.jpg\" width=\"277\" height=\"61\"><\/a><\/p>\n<p>\u00a1\u00a1\u00a1Extrenikito Sang!!!<\/p>\n<p><a href=\"http:\/\/noticiascasadellibro.es\/wp-content\/uploads\/2013\/07\/comentario1.jpg\"><img loading=\"lazy\" decoding=\"async\" class=\"size-full wp-image-4099 alignnone\" alt=\"comentario1\" src=\"http:\/\/noticiascasadellibro.es\/wp-content\/uploads\/2013\/07\/comentario1.jpg\" width=\"602\" height=\"168\"><\/a><\/p>\n<p>El <a href=\"http:\/\/noticiascasadellibro.es\/2013\/07\/reserva-el-ebook-de-oscar-fabrega-y-gana-una-tagus-tablet\/\" target=\"_blank\" rel=\"noopener noreferrer\">segundo sorteo<\/a>, accesible a todos aquellos que reservar\u00e1n su ejemplar entre el 9 y el 11 de Julio tambi\u00e9n tiene ganador. Y es&#8230;<\/p>\n<p><a href=\"http:\/\/noticiascasadellibro.es\/wp-content\/uploads\/2013\/07\/random2.jpg\"><img loading=\"lazy\" decoding=\"async\" class=\"aligncenter size-full wp-image-4103\" alt=\"random2\" src=\"http:\/\/noticiascasadellibro.es\/wp-content\/uploads\/2013\/07\/random2.jpg\" width=\"156\" height=\"43\"><\/a><\/p>\n<p>&nbsp;<\/p>\n<p>&nbsp;<\/p>\n<p><a href=\"http:\/\/noticiascasadellibro.es\/wp-content\/uploads\/2013\/07\/ganador2.jpg\"><img loading=\"lazy\" decoding=\"async\" class=\"aligncenter size-full wp-image-4104\" alt=\"ganador2\" src=\"http:\/\/noticiascasadellibro.es\/wp-content\/uploads\/2013\/07\/ganador2.jpg\" width=\"233\" height=\"165\"><\/a><\/p>\n<p>&nbsp;<\/p>\n<p>\u00a1Felicidades a los afortunados! Se contactar\u00e1 por v\u00eda email.<\/p>\n<p>Imagen:&nbsp;&nbsp;<a href=\"http:\/\/ow.ly\/mRph4\" target=\"_blank\" rel=\"noopener noreferrer\">kamalaboulhos<\/a><\/p>\n","protected":false},"excerpt":{"rendered":"<p>\u00a1\u00a1\u00a1Redoble de tambores!!! Ya tenemos a los ganadores de las dos Tagus Tablet que ten\u00edamos en juego con motivo del lanzamiento de \u00abProhibido excavar en este pueblo\u00bb de \u00d3scar F\u00e1brega, ganador de Operaci\u00f3n Tagus. El primer sorteo con motivo del concurso \u00abExplica por qu\u00e9 votaste a \u00d3scar F\u00e1brega en Operaci\u00f3n Tagus\u00bb ya tiene ganador. Y [&hellip;]<\/p>\n","protected":false},"author":2,"featured_media":4091,"comment_status":"open","ping_status":"open","sticky":false,"template":"","format":"standard","meta":{"tdm_status":"","tdm_grid_status":"","footnotes":""},"categories":[1],"tags":[840,941,913,908,209],"class_list":{"0":"post-4089","1":"post","2":"type-post","3":"status-publish","4":"format-standard","5":"has-post-thumbnail","7":"category-sin-categoria","8":"tag-ganadores","9":"tag-operacion-tagus","10":"tag-oscar-fabrega","11":"tag-prohibido-excavar-en-este-pueblo","12":"tag-tagus-tablet"},"yoast_head":"<!-- This site is optimized with the Yoast SEO plugin v26.8 - https:\/\/yoast.com\/product\/yoast-seo-wordpress\/ -->\n<title>Y los ganadores de dos Tagus Tablet son... | Casa del Libro<\/title>\n<meta name=\"robots\" content=\"index, follow, max-snippet:-1, max-image-preview:large, max-video-preview:-1\" \/>\n<link rel=\"canonical\" href=\"https:\/\/www.casadellibro.com\/blog\/y-los-ganadores-de-dos-tagus-tablet-son\/\" \/>\n<meta property=\"og:locale\" content=\"es_ES\" \/>\n<meta property=\"og:type\" content=\"article\" \/>\n<meta property=\"og:title\" content=\"Y los ganadores de dos Tagus Tablet son... | Casa del Libro\" \/>\n<meta property=\"og:description\" content=\"\u00a1\u00a1\u00a1Redoble de tambores!!! Ya tenemos a los ganadores de las dos Tagus Tablet que ten\u00edamos en juego con motivo del lanzamiento de \u00abProhibido excavar en este pueblo\u00bb de \u00d3scar F\u00e1brega, ganador de Operaci\u00f3n Tagus. El primer sorteo con motivo del concurso \u00abExplica por qu\u00e9 votaste a \u00d3scar F\u00e1brega en Operaci\u00f3n Tagus\u00bb ya tiene ganador. Y [&hellip;]\" \/>\n<meta property=\"og:url\" content=\"https:\/\/www.casadellibro.com\/blog\/y-los-ganadores-de-dos-tagus-tablet-son\/\" \/>\n<meta property=\"og:site_name\" content=\"Blog Casa del Libro\" \/>\n<meta property=\"article:publisher\" content=\"https:\/\/www.facebook.com\/casadellibro\" \/>\n<meta property=\"article:published_time\" content=\"2013-07-12T10:10:28+00:00\" \/>\n<meta property=\"og:image\" content=\"https:\/\/www.casadellibro.com\/blog\/wp-content\/uploads\/2025\/01\/Favicon.png\" \/>\n\t<meta property=\"og:image:width\" content=\"512\" \/>\n\t<meta property=\"og:image:height\" content=\"512\" \/>\n\t<meta property=\"og:image:type\" content=\"image\/png\" \/>\n<meta name=\"author\" content=\"Casa del Libro\" \/>\n<meta name=\"twitter:card\" content=\"summary_large_image\" \/>\n<meta name=\"twitter:creator\" content=\"@casadellibro\" \/>\n<meta name=\"twitter:site\" content=\"@casadellibro\" \/>\n<meta name=\"twitter:label1\" content=\"Written by\" \/>\n\t<meta name=\"twitter:data1\" content=\"Casa del Libro\" \/>\n\t<meta name=\"twitter:label2\" content=\"Est. reading time\" \/>\n\t<meta name=\"twitter:data2\" content=\"1 minuto\" \/>\n<script type=\"application\/ld+json\" class=\"yoast-schema-graph\">{\"@context\":\"https:\/\/schema.org\",\"@graph\":[{\"@type\":\"Article\",\"@id\":\"https:\/\/www.casadellibro.com\/blog\/y-los-ganadores-de-dos-tagus-tablet-son\/#article\",\"isPartOf\":{\"@id\":\"https:\/\/www.casadellibro.com\/blog\/y-los-ganadores-de-dos-tagus-tablet-son\/\"},\"author\":{\"name\":\"Casa del Libro\",\"@id\":\"https:\/\/www.casadellibro.com\/blog\/#\/schema\/person\/4c5249ad5735629a37e929060c823fe5\"},\"headline\":\"Y los ganadores de dos Tagus Tablet son&#8230;\",\"datePublished\":\"2013-07-12T10:10:28+00:00\",\"mainEntityOfPage\":{\"@id\":\"https:\/\/www.casadellibro.com\/blog\/y-los-ganadores-de-dos-tagus-tablet-son\/\"},\"wordCount\":116,\"commentCount\":0,\"publisher\":{\"@id\":\"https:\/\/www.casadellibro.com\/blog\/#organization\"},\"image\":{\"@id\":\"https:\/\/www.casadellibro.com\/blog\/y-los-ganadores-de-dos-tagus-tablet-son\/#primaryimage\"},\"thumbnailUrl\":\"\",\"keywords\":[\"ganadores\",\"operaci\u00f3n tagus\",\"\u00d3scar F\u00e1brega\",\"Prohibido excavar en este pueblo\",\"Tagus Tablet\"],\"inLanguage\":\"es\",\"potentialAction\":[{\"@type\":\"CommentAction\",\"name\":\"Comment\",\"target\":[\"https:\/\/www.casadellibro.com\/blog\/y-los-ganadores-de-dos-tagus-tablet-son\/#respond\"]}]},{\"@type\":\"WebPage\",\"@id\":\"https:\/\/www.casadellibro.com\/blog\/y-los-ganadores-de-dos-tagus-tablet-son\/\",\"url\":\"https:\/\/www.casadellibro.com\/blog\/y-los-ganadores-de-dos-tagus-tablet-son\/\",\"name\":\"Y los ganadores de dos Tagus Tablet son... | Casa del Libro\",\"isPartOf\":{\"@id\":\"https:\/\/www.casadellibro.com\/blog\/#website\"},\"primaryImageOfPage\":{\"@id\":\"https:\/\/www.casadellibro.com\/blog\/y-los-ganadores-de-dos-tagus-tablet-son\/#primaryimage\"},\"image\":{\"@id\":\"https:\/\/www.casadellibro.com\/blog\/y-los-ganadores-de-dos-tagus-tablet-son\/#primaryimage\"},\"thumbnailUrl\":\"\",\"datePublished\":\"2013-07-12T10:10:28+00:00\",\"breadcrumb\":{\"@id\":\"https:\/\/www.casadellibro.com\/blog\/y-los-ganadores-de-dos-tagus-tablet-son\/#breadcrumb\"},\"inLanguage\":\"es\",\"potentialAction\":[{\"@type\":\"ReadAction\",\"target\":[\"https:\/\/www.casadellibro.com\/blog\/y-los-ganadores-de-dos-tagus-tablet-son\/\"]}]},{\"@type\":\"ImageObject\",\"inLanguage\":\"es\",\"@id\":\"https:\/\/www.casadellibro.com\/blog\/y-los-ganadores-de-dos-tagus-tablet-son\/#primaryimage\",\"url\":\"\",\"contentUrl\":\"\"},{\"@type\":\"BreadcrumbList\",\"@id\":\"https:\/\/www.casadellibro.com\/blog\/y-los-ganadores-de-dos-tagus-tablet-son\/#breadcrumb\",\"itemListElement\":[{\"@type\":\"ListItem\",\"position\":1,\"name\":\"Casa del Libro\",\"item\":\"https:\/\/www.casadellibro.com\/blog\/\"},{\"@type\":\"ListItem\",\"position\":2,\"name\":\"Y los ganadores de dos Tagus Tablet son&#8230;\"}]},{\"@type\":\"WebSite\",\"@id\":\"https:\/\/www.casadellibro.com\/blog\/#website\",\"url\":\"https:\/\/www.casadellibro.com\/blog\/\",\"name\":\"Blog Casa del Libro\",\"description\":\"Descubre todas las novedades en eBooks, eReaders y Libros en el Blog oficial de Casa del Libro, recomendaciones en eBook, eReader y Libro online\",\"publisher\":{\"@id\":\"https:\/\/www.casadellibro.com\/blog\/#organization\"},\"potentialAction\":[{\"@type\":\"SearchAction\",\"target\":{\"@type\":\"EntryPoint\",\"urlTemplate\":\"https:\/\/www.casadellibro.com\/blog\/?s={search_term_string}\"},\"query-input\":{\"@type\":\"PropertyValueSpecification\",\"valueRequired\":true,\"valueName\":\"search_term_string\"}}],\"inLanguage\":\"es\"},{\"@type\":\"Organization\",\"@id\":\"https:\/\/www.casadellibro.com\/blog\/#organization\",\"name\":\"Blog Casa del Libro\",\"url\":\"https:\/\/www.casadellibro.com\/blog\/\",\"logo\":{\"@type\":\"ImageObject\",\"inLanguage\":\"es\",\"@id\":\"https:\/\/www.casadellibro.com\/blog\/#\/schema\/logo\/image\/\",\"url\":\"https:\/\/www.casadellibro.com\/blog\/wp-content\/uploads\/2022\/04\/cropped-image-2-300x98-1.png\",\"contentUrl\":\"https:\/\/www.casadellibro.com\/blog\/wp-content\/uploads\/2022\/04\/cropped-image-2-300x98-1.png\",\"width\":300,\"height\":98,\"caption\":\"Blog Casa del Libro\"},\"image\":{\"@id\":\"https:\/\/www.casadellibro.com\/blog\/#\/schema\/logo\/image\/\"},\"sameAs\":[\"https:\/\/www.facebook.com\/casadellibro\",\"https:\/\/x.com\/casadellibro\",\"https:\/\/www.youtube.com\/user\/casadellibropuntocom\",\"https:\/\/es.pinterest.com\/casadellibro\/\",\"https:\/\/open.spotify.com\/user\/wi2k27ijtmw114f531okf8nd4?si=JEaWkM75S56kXufnbmExww&nd=1&dlsi=6959f4c0a6474806\"]},{\"@type\":\"Person\",\"@id\":\"https:\/\/www.casadellibro.com\/blog\/#\/schema\/person\/4c5249ad5735629a37e929060c823fe5\",\"name\":\"Casa del Libro\",\"image\":{\"@type\":\"ImageObject\",\"inLanguage\":\"es\",\"@id\":\"https:\/\/www.casadellibro.com\/blog\/#\/schema\/person\/image\/\",\"url\":\"https:\/\/secure.gravatar.com\/avatar\/1ac01d90ad8e35013aff9d51865aa025?s=96&d=identicon&r=g\",\"contentUrl\":\"https:\/\/secure.gravatar.com\/avatar\/1ac01d90ad8e35013aff9d51865aa025?s=96&d=identicon&r=g\",\"caption\":\"Casa del Libro\"}}]}<\/script>\n<!-- \/ Yoast SEO plugin. -->","yoast_head_json":{"title":"Y los ganadores de dos Tagus Tablet son... | Casa del Libro","robots":{"index":"index","follow":"follow","max-snippet":"max-snippet:-1","max-image-preview":"max-image-preview:large","max-video-preview":"max-video-preview:-1"},"canonical":"https:\/\/www.casadellibro.com\/blog\/y-los-ganadores-de-dos-tagus-tablet-son\/","og_locale":"es_ES","og_type":"article","og_title":"Y los ganadores de dos Tagus Tablet son... | Casa del Libro","og_description":"\u00a1\u00a1\u00a1Redoble de tambores!!! Ya tenemos a los ganadores de las dos Tagus Tablet que ten\u00edamos en juego con motivo del lanzamiento de \u00abProhibido excavar en este pueblo\u00bb de \u00d3scar F\u00e1brega, ganador de Operaci\u00f3n Tagus. El primer sorteo con motivo del concurso \u00abExplica por qu\u00e9 votaste a \u00d3scar F\u00e1brega en Operaci\u00f3n Tagus\u00bb ya tiene ganador. Y [&hellip;]","og_url":"https:\/\/www.casadellibro.com\/blog\/y-los-ganadores-de-dos-tagus-tablet-son\/","og_site_name":"Blog Casa del Libro","article_publisher":"https:\/\/www.facebook.com\/casadellibro","article_published_time":"2013-07-12T10:10:28+00:00","og_image":[{"width":512,"height":512,"url":"https:\/\/www.casadellibro.com\/blog\/wp-content\/uploads\/2025\/01\/Favicon.png","type":"image\/png"}],"author":"Casa del Libro","twitter_card":"summary_large_image","twitter_creator":"@casadellibro","twitter_site":"@casadellibro","twitter_misc":{"Written by":"Casa del Libro","Est. reading time":"1 minuto"},"schema":{"@context":"https:\/\/schema.org","@graph":[{"@type":"Article","@id":"https:\/\/www.casadellibro.com\/blog\/y-los-ganadores-de-dos-tagus-tablet-son\/#article","isPartOf":{"@id":"https:\/\/www.casadellibro.com\/blog\/y-los-ganadores-de-dos-tagus-tablet-son\/"},"author":{"name":"Casa del Libro","@id":"https:\/\/www.casadellibro.com\/blog\/#\/schema\/person\/4c5249ad5735629a37e929060c823fe5"},"headline":"Y los ganadores de dos Tagus Tablet son&#8230;","datePublished":"2013-07-12T10:10:28+00:00","mainEntityOfPage":{"@id":"https:\/\/www.casadellibro.com\/blog\/y-los-ganadores-de-dos-tagus-tablet-son\/"},"wordCount":116,"commentCount":0,"publisher":{"@id":"https:\/\/www.casadellibro.com\/blog\/#organization"},"image":{"@id":"https:\/\/www.casadellibro.com\/blog\/y-los-ganadores-de-dos-tagus-tablet-son\/#primaryimage"},"thumbnailUrl":"","keywords":["ganadores","operaci\u00f3n tagus","\u00d3scar F\u00e1brega","Prohibido excavar en este pueblo","Tagus Tablet"],"inLanguage":"es","potentialAction":[{"@type":"CommentAction","name":"Comment","target":["https:\/\/www.casadellibro.com\/blog\/y-los-ganadores-de-dos-tagus-tablet-son\/#respond"]}]},{"@type":"WebPage","@id":"https:\/\/www.casadellibro.com\/blog\/y-los-ganadores-de-dos-tagus-tablet-son\/","url":"https:\/\/www.casadellibro.com\/blog\/y-los-ganadores-de-dos-tagus-tablet-son\/","name":"Y los ganadores de dos Tagus Tablet son... | Casa del Libro","isPartOf":{"@id":"https:\/\/www.casadellibro.com\/blog\/#website"},"primaryImageOfPage":{"@id":"https:\/\/www.casadellibro.com\/blog\/y-los-ganadores-de-dos-tagus-tablet-son\/#primaryimage"},"image":{"@id":"https:\/\/www.casadellibro.com\/blog\/y-los-ganadores-de-dos-tagus-tablet-son\/#primaryimage"},"thumbnailUrl":"","datePublished":"2013-07-12T10:10:28+00:00","breadcrumb":{"@id":"https:\/\/www.casadellibro.com\/blog\/y-los-ganadores-de-dos-tagus-tablet-son\/#breadcrumb"},"inLanguage":"es","potentialAction":[{"@type":"ReadAction","target":["https:\/\/www.casadellibro.com\/blog\/y-los-ganadores-de-dos-tagus-tablet-son\/"]}]},{"@type":"ImageObject","inLanguage":"es","@id":"https:\/\/www.casadellibro.com\/blog\/y-los-ganadores-de-dos-tagus-tablet-son\/#primaryimage","url":"","contentUrl":""},{"@type":"BreadcrumbList","@id":"https:\/\/www.casadellibro.com\/blog\/y-los-ganadores-de-dos-tagus-tablet-son\/#breadcrumb","itemListElement":[{"@type":"ListItem","position":1,"name":"Casa del Libro","item":"https:\/\/www.casadellibro.com\/blog\/"},{"@type":"ListItem","position":2,"name":"Y los ganadores de dos Tagus Tablet son&#8230;"}]},{"@type":"WebSite","@id":"https:\/\/www.casadellibro.com\/blog\/#website","url":"https:\/\/www.casadellibro.com\/blog\/","name":"Blog Casa del Libro","description":"Descubre todas las novedades en eBooks, eReaders y Libros en el Blog oficial de Casa del Libro, recomendaciones en eBook, eReader y Libro online","publisher":{"@id":"https:\/\/www.casadellibro.com\/blog\/#organization"},"potentialAction":[{"@type":"SearchAction","target":{"@type":"EntryPoint","urlTemplate":"https:\/\/www.casadellibro.com\/blog\/?s={search_term_string}"},"query-input":{"@type":"PropertyValueSpecification","valueRequired":true,"valueName":"search_term_string"}}],"inLanguage":"es"},{"@type":"Organization","@id":"https:\/\/www.casadellibro.com\/blog\/#organization","name":"Blog Casa del Libro","url":"https:\/\/www.casadellibro.com\/blog\/","logo":{"@type":"ImageObject","inLanguage":"es","@id":"https:\/\/www.casadellibro.com\/blog\/#\/schema\/logo\/image\/","url":"https:\/\/www.casadellibro.com\/blog\/wp-content\/uploads\/2022\/04\/cropped-image-2-300x98-1.png","contentUrl":"https:\/\/www.casadellibro.com\/blog\/wp-content\/uploads\/2022\/04\/cropped-image-2-300x98-1.png","width":300,"height":98,"caption":"Blog Casa del Libro"},"image":{"@id":"https:\/\/www.casadellibro.com\/blog\/#\/schema\/logo\/image\/"},"sameAs":["https:\/\/www.facebook.com\/casadellibro","https:\/\/x.com\/casadellibro","https:\/\/www.youtube.com\/user\/casadellibropuntocom","https:\/\/es.pinterest.com\/casadellibro\/","https:\/\/open.spotify.com\/user\/wi2k27ijtmw114f531okf8nd4?si=JEaWkM75S56kXufnbmExww&nd=1&dlsi=6959f4c0a6474806"]},{"@type":"Person","@id":"https:\/\/www.casadellibro.com\/blog\/#\/schema\/person\/4c5249ad5735629a37e929060c823fe5","name":"Casa del Libro","image":{"@type":"ImageObject","inLanguage":"es","@id":"https:\/\/www.casadellibro.com\/blog\/#\/schema\/person\/image\/","url":"https:\/\/secure.gravatar.com\/avatar\/1ac01d90ad8e35013aff9d51865aa025?s=96&d=identicon&r=g","contentUrl":"https:\/\/secure.gravatar.com\/avatar\/1ac01d90ad8e35013aff9d51865aa025?s=96&d=identicon&r=g","caption":"Casa del Libro"}}]}},"_links":{"self":[{"href":"https:\/\/www.casadellibro.com\/blog\/wp-json\/wp\/v2\/posts\/4089","targetHints":{"allow":["GET"]}}],"collection":[{"href":"https:\/\/www.casadellibro.com\/blog\/wp-json\/wp\/v2\/posts"}],"about":[{"href":"https:\/\/www.casadellibro.com\/blog\/wp-json\/wp\/v2\/types\/post"}],"author":[{"embeddable":true,"href":"https:\/\/www.casadellibro.com\/blog\/wp-json\/wp\/v2\/users\/2"}],"replies":[{"embeddable":true,"href":"https:\/\/www.casadellibro.com\/blog\/wp-json\/wp\/v2\/comments?post=4089"}],"version-history":[{"count":0,"href":"https:\/\/www.casadellibro.com\/blog\/wp-json\/wp\/v2\/posts\/4089\/revisions"}],"wp:featuredmedia":[{"embeddable":true,"href":"https:\/\/www.casadellibro.com\/blog\/wp-json\/"}],"wp:attachment":[{"href":"https:\/\/www.casadellibro.com\/blog\/wp-json\/wp\/v2\/media?parent=4089"}],"wp:term":[{"taxonomy":"category","embeddable":true,"href":"https:\/\/www.casadellibro.com\/blog\/wp-json\/wp\/v2\/categories?post=4089"},{"taxonomy":"post_tag","embeddable":true,"href":"https:\/\/www.casadellibro.com\/blog\/wp-json\/wp\/v2\/tags?post=4089"}],"curies":[{"name":"wp","href":"https:\/\/api.w.org\/{rel}","templated":true}]}}