{"id":4639,"date":"2013-10-02T12:21:51","date_gmt":"2013-10-02T10:21:51","guid":{"rendered":"http:\/\/noticiascasadellibro.es\/?p=4639"},"modified":"2013-10-02T12:21:51","modified_gmt":"2013-10-02T10:21:51","slug":"vuelve-liber-la-feria-internacional-del-libro","status":"publish","type":"post","link":"https:\/\/www.casadellibro.com\/blog\/vuelve-liber-la-feria-internacional-del-libro\/","title":{"rendered":"Vuelve Liber, la Feria Internacional del Libro, y Casa del Libro estar\u00e1 all\u00ed"},"content":{"rendered":"<p style=\"text-align: center;\"><a href=\"http:\/\/noticiascasadellibro.es\/wp-content\/uploads\/2013\/10\/liber2013.png\" target=\"_blank\" rel=\"noopener noreferrer\"><img decoding=\"async\" class=\"aligncenter  wp-image-4643\" src=\"http:\/\/noticiascasadellibro.es\/wp-content\/uploads\/2013\/10\/liber2013.png\" alt=\"liber2013\" width=\"600\" \/><\/a><\/p>\n<p>\u00a1Nueva cita para los amantes de los libros!<\/p>\n<p><b>Del 2 al 6 de octubre<\/b> se celebra la 31\u00aa edici\u00f3n de <a href=\"http:\/\/www.salonliber.es\/\"><b>Liber<\/b><\/a>, la Feria Internacional del Libro, y este a\u00f1o viene con m\u00e1s novedades que nunca:<\/p>\n<ul>\n<li><b>Nueva ubicaci\u00f3n:<\/b> El lugar escogido para la celebraci\u00f3n de Liber 2013 es el <b>Madrid Arena<\/b>, en la Casa de Campo de Madrid.<\/li>\n<li><b>Sal\u00f3n abierto al P\u00fablico en general (del 4 al 6 de octubre):<\/b> Adem\u00e1s del Sal\u00f3n Profesional, Liber 2013 contar\u00e1 con un <b>sal\u00f3n de p\u00fablico abierto a todos<\/b> los ciudadanos que quieran conocer\u00a0de primera mano las<b> opiniones de sus autores favoritos,<\/b> con presentaciones, encuentros, debates<strong>&#8230;\u00a0Entrada al p\u00fablico general del 4 al 6 de octubre.<\/strong><\/li>\n<\/ul>\n<p>Adem\u00e1s de estas novedades, a nuestro juicio las m\u00e1s interesantes, <b>Liber 2013 ser\u00e1 m\u00e1s internacional<\/b>, tendr\u00e1 un <b>corner digital dedicado al ebook<\/b> tan presente ya en nuestras vidas lectoras, y contar\u00e1 con la presencia de <b>Chile como invitado de honor<\/b>.<\/p>\n<p><b>P\u00fablico infantil, el gran protagonista del Festival LIBERATURA<\/b><\/p>\n<p><b>Del 4 al 6 de octubre<\/b> el Pabell\u00f3n Sat\u00e9lite de la Casa de Campo de Madrid acoger\u00e1 el <a href=\"http:\/\/www.salonliber.es\/libreria.html\">Festival LIBERATURA<\/a>, con diversos actos y actividades para <b>adultos<\/b>, para <b>j\u00f3venes<\/b> y para <b>ni\u00f1os<\/b>.<\/p>\n<p>Pero ser\u00e1n \u00e9stos \u00faltimos los aut\u00e9nticos protagonistas con una programaci\u00f3n propia a lo largo de todo el s\u00e1bado 5 y la ma\u00f1ana del domingo 6, por ejemplo el <b>Espacio de la Imaginaci\u00f3n<\/b> con <b>talleres y cuentacuentos para ni\u00f1os de 3 a 12 a\u00f1os<\/b><\/p>\n<ul>\n<li>De 10 a 12h: franja para los m\u00e1s peque\u00f1os de la casa (de 3 a 5 a\u00f1os)<\/li>\n<li>De 12 a 14h: franja para ni\u00f1os de 5 a 8 a\u00f1os<\/li>\n<li>A partir de las 16 horas y hasta el cierre, las 19 horas: franja para los m\u00e1s mayores (de 8 a 12 a\u00f1os).<\/li>\n<\/ul>\n<p>Y muy importante: los peques no se pueden perder la <b>Casa de los Personajes<\/b>, donde <b>podr\u00e1n conocer a sus personajes favoritos<\/b>: Dora Exploradora, Peppa Pig, Teo, Geronimo Stilton, el Pollo Pepe\u2026 <b>\u00a1Que no se queden sin su foto con ellos!<\/b><\/p>\n<p>Y si tu peque tiene entre 0 y 4 a\u00f1os, ten\u00e9is a vuestra disposici\u00f3n el <b>Parque de Lectores<\/b>, una zona acotada donde podr\u00e1n estar entretenidos y tranquilos, descansar un rato, darles de comer o cambiarles si lo necesitan.<\/p>\n<p><b>Casa del Libro no se lo pierde<\/b><\/p>\n<p><a href=\"http:\/\/noticiascasadellibro.es\/wp-content\/uploads\/2013\/10\/CL-MUNDO-ZYRO-BOCADILLO-180x180.jpg\" target=\"_blank\" rel=\"noopener noreferrer\"><img loading=\"lazy\" decoding=\"async\" class=\"alignleft size-full wp-image-4644\" style=\"margin: 7px;\" src=\"http:\/\/noticiascasadellibro.es\/wp-content\/uploads\/2013\/10\/CL-MUNDO-ZYRO-BOCADILLO-180x180.jpg\" alt=\"CL-MUNDO-ZYRO-BOCADILLO-180x180\" width=\"180\" height=\"180\" \/><\/a><\/p>\n<p>Las librer\u00edas estar\u00e1n presentes en la zona de p\u00fablico, y por supuesto <b>Casa del Libro estar\u00e1 all\u00ed, tanto en la zona de infantil como en la zona de no infantil.<\/b><\/p>\n<p>Nos encontrar\u00e9is en la caseta <b>n\u00famero 7 en Zona de no infantil<\/b> y en las casetas <b>n\u00famero 5 y 6 en la Zona Infantil<\/b>.<\/p>\n<p>\u00a1Ah! \u00a1Y <b>Zyro tambi\u00e9n estar\u00e1 all\u00ed recomendando<\/b>! Vendr\u00e9is a verle \u00bfverdad? ;O) <b>\u00a1Os esperamos!<\/b><\/p>\n<p>Otra informaci\u00f3n de inter\u00e9s <a href=\"https:\/\/www.facebook.com\/ElMundodeZyro.CasaDelLibro\" rel=\"nofollow \">https:\/\/www.facebook.com\/ElMundodeZyro.CasaDelLibro<\/a> <a href=\"https:\/\/www.facebook.com\/salonliber\" rel=\"nofollow \">https:\/\/www.facebook.com\/salonliber<\/a><\/p>\n","protected":false},"excerpt":{"rendered":"<p>\u00a1Nueva cita para los amantes de los libros! Del 2 al 6 de octubre se celebra la 31\u00aa edici\u00f3n de Liber, la Feria Internacional del Libro, y este a\u00f1o viene con m\u00e1s novedades que nunca: Nueva ubicaci\u00f3n: El lugar escogido para la celebraci\u00f3n de Liber 2013 es el Madrid Arena, en la Casa de Campo [&hellip;]<\/p>\n","protected":false},"author":2,"featured_media":4642,"comment_status":"open","ping_status":"open","sticky":false,"template":"","format":"standard","meta":{"tdm_status":"","tdm_grid_status":"","footnotes":""},"categories":[6],"tags":[],"class_list":{"0":"post-4639","1":"post","2":"type-post","3":"status-publish","4":"format-standard","5":"has-post-thumbnail","7":"category-eventos-en-tu-libreria"},"yoast_head":"<!-- This site is optimized with the Yoast SEO plugin v26.8 - https:\/\/yoast.com\/product\/yoast-seo-wordpress\/ -->\n<title>Vuelve Liber, la Feria Internacional del Libro, y Casa del Libro estar\u00e1 all\u00ed | Casa del Libro<\/title>\n<meta name=\"robots\" content=\"index, follow, max-snippet:-1, max-image-preview:large, max-video-preview:-1\" \/>\n<link rel=\"canonical\" href=\"https:\/\/www.casadellibro.com\/blog\/vuelve-liber-la-feria-internacional-del-libro\/\" \/>\n<meta property=\"og:locale\" content=\"es_ES\" \/>\n<meta property=\"og:type\" content=\"article\" \/>\n<meta property=\"og:title\" content=\"Vuelve Liber, la Feria Internacional del Libro, y Casa del Libro estar\u00e1 all\u00ed | Casa del Libro\" \/>\n<meta property=\"og:description\" content=\"\u00a1Nueva cita para los amantes de los libros! Del 2 al 6 de octubre se celebra la 31\u00aa edici\u00f3n de Liber, la Feria Internacional del Libro, y este a\u00f1o viene con m\u00e1s novedades que nunca: Nueva ubicaci\u00f3n: El lugar escogido para la celebraci\u00f3n de Liber 2013 es el Madrid Arena, en la Casa de Campo [&hellip;]\" \/>\n<meta property=\"og:url\" content=\"https:\/\/www.casadellibro.com\/blog\/vuelve-liber-la-feria-internacional-del-libro\/\" \/>\n<meta property=\"og:site_name\" content=\"Blog Casa del Libro\" \/>\n<meta property=\"article:publisher\" content=\"https:\/\/www.facebook.com\/casadellibro\" \/>\n<meta property=\"article:published_time\" content=\"2013-10-02T10:21:51+00:00\" \/>\n<meta property=\"og:image\" content=\"https:\/\/www.casadellibro.com\/blog\/wp-content\/uploads\/2025\/01\/Favicon.png\" \/>\n\t<meta property=\"og:image:width\" content=\"512\" \/>\n\t<meta property=\"og:image:height\" content=\"512\" \/>\n\t<meta property=\"og:image:type\" content=\"image\/png\" \/>\n<meta name=\"author\" content=\"Casa del Libro\" \/>\n<meta name=\"twitter:card\" content=\"summary_large_image\" \/>\n<meta name=\"twitter:creator\" content=\"@casadellibro\" \/>\n<meta name=\"twitter:site\" content=\"@casadellibro\" \/>\n<meta name=\"twitter:label1\" content=\"Written by\" \/>\n\t<meta name=\"twitter:data1\" content=\"Casa del Libro\" \/>\n\t<meta name=\"twitter:label2\" content=\"Est. reading time\" \/>\n\t<meta name=\"twitter:data2\" content=\"2 minutos\" \/>\n<script type=\"application\/ld+json\" class=\"yoast-schema-graph\">{\"@context\":\"https:\/\/schema.org\",\"@graph\":[{\"@type\":\"Article\",\"@id\":\"https:\/\/www.casadellibro.com\/blog\/vuelve-liber-la-feria-internacional-del-libro\/#article\",\"isPartOf\":{\"@id\":\"https:\/\/www.casadellibro.com\/blog\/vuelve-liber-la-feria-internacional-del-libro\/\"},\"author\":{\"name\":\"Casa del Libro\",\"@id\":\"https:\/\/www.casadellibro.com\/blog\/#\/schema\/person\/4c5249ad5735629a37e929060c823fe5\"},\"headline\":\"Vuelve Liber, la Feria Internacional del Libro, y Casa del Libro estar\u00e1 all\u00ed\",\"datePublished\":\"2013-10-02T10:21:51+00:00\",\"mainEntityOfPage\":{\"@id\":\"https:\/\/www.casadellibro.com\/blog\/vuelve-liber-la-feria-internacional-del-libro\/\"},\"wordCount\":487,\"commentCount\":0,\"publisher\":{\"@id\":\"https:\/\/www.casadellibro.com\/blog\/#organization\"},\"image\":{\"@id\":\"https:\/\/www.casadellibro.com\/blog\/vuelve-liber-la-feria-internacional-del-libro\/#primaryimage\"},\"thumbnailUrl\":\"\",\"articleSection\":[\"Eventos en tu librer\u00eda\"],\"inLanguage\":\"es\",\"potentialAction\":[{\"@type\":\"CommentAction\",\"name\":\"Comment\",\"target\":[\"https:\/\/www.casadellibro.com\/blog\/vuelve-liber-la-feria-internacional-del-libro\/#respond\"]}]},{\"@type\":\"WebPage\",\"@id\":\"https:\/\/www.casadellibro.com\/blog\/vuelve-liber-la-feria-internacional-del-libro\/\",\"url\":\"https:\/\/www.casadellibro.com\/blog\/vuelve-liber-la-feria-internacional-del-libro\/\",\"name\":\"Vuelve Liber, la Feria Internacional del Libro, y Casa del Libro estar\u00e1 all\u00ed | Casa del Libro\",\"isPartOf\":{\"@id\":\"https:\/\/www.casadellibro.com\/blog\/#website\"},\"primaryImageOfPage\":{\"@id\":\"https:\/\/www.casadellibro.com\/blog\/vuelve-liber-la-feria-internacional-del-libro\/#primaryimage\"},\"image\":{\"@id\":\"https:\/\/www.casadellibro.com\/blog\/vuelve-liber-la-feria-internacional-del-libro\/#primaryimage\"},\"thumbnailUrl\":\"\",\"datePublished\":\"2013-10-02T10:21:51+00:00\",\"breadcrumb\":{\"@id\":\"https:\/\/www.casadellibro.com\/blog\/vuelve-liber-la-feria-internacional-del-libro\/#breadcrumb\"},\"inLanguage\":\"es\",\"potentialAction\":[{\"@type\":\"ReadAction\",\"target\":[\"https:\/\/www.casadellibro.com\/blog\/vuelve-liber-la-feria-internacional-del-libro\/\"]}]},{\"@type\":\"ImageObject\",\"inLanguage\":\"es\",\"@id\":\"https:\/\/www.casadellibro.com\/blog\/vuelve-liber-la-feria-internacional-del-libro\/#primaryimage\",\"url\":\"\",\"contentUrl\":\"\"},{\"@type\":\"BreadcrumbList\",\"@id\":\"https:\/\/www.casadellibro.com\/blog\/vuelve-liber-la-feria-internacional-del-libro\/#breadcrumb\",\"itemListElement\":[{\"@type\":\"ListItem\",\"position\":1,\"name\":\"Casa del Libro\",\"item\":\"https:\/\/www.casadellibro.com\/blog\/\"},{\"@type\":\"ListItem\",\"position\":2,\"name\":\"Vuelve Liber, la Feria Internacional del Libro, y Casa del Libro estar\u00e1 all\u00ed\"}]},{\"@type\":\"WebSite\",\"@id\":\"https:\/\/www.casadellibro.com\/blog\/#website\",\"url\":\"https:\/\/www.casadellibro.com\/blog\/\",\"name\":\"Blog Casa del Libro\",\"description\":\"Descubre todas las novedades en eBooks, eReaders y Libros en el Blog oficial de Casa del Libro, recomendaciones en eBook, eReader y Libro online\",\"publisher\":{\"@id\":\"https:\/\/www.casadellibro.com\/blog\/#organization\"},\"potentialAction\":[{\"@type\":\"SearchAction\",\"target\":{\"@type\":\"EntryPoint\",\"urlTemplate\":\"https:\/\/www.casadellibro.com\/blog\/?s={search_term_string}\"},\"query-input\":{\"@type\":\"PropertyValueSpecification\",\"valueRequired\":true,\"valueName\":\"search_term_string\"}}],\"inLanguage\":\"es\"},{\"@type\":\"Organization\",\"@id\":\"https:\/\/www.casadellibro.com\/blog\/#organization\",\"name\":\"Blog Casa del Libro\",\"url\":\"https:\/\/www.casadellibro.com\/blog\/\",\"logo\":{\"@type\":\"ImageObject\",\"inLanguage\":\"es\",\"@id\":\"https:\/\/www.casadellibro.com\/blog\/#\/schema\/logo\/image\/\",\"url\":\"https:\/\/www.casadellibro.com\/blog\/wp-content\/uploads\/2022\/04\/cropped-image-2-300x98-1.png\",\"contentUrl\":\"https:\/\/www.casadellibro.com\/blog\/wp-content\/uploads\/2022\/04\/cropped-image-2-300x98-1.png\",\"width\":300,\"height\":98,\"caption\":\"Blog Casa del Libro\"},\"image\":{\"@id\":\"https:\/\/www.casadellibro.com\/blog\/#\/schema\/logo\/image\/\"},\"sameAs\":[\"https:\/\/www.facebook.com\/casadellibro\",\"https:\/\/x.com\/casadellibro\",\"https:\/\/www.youtube.com\/user\/casadellibropuntocom\",\"https:\/\/es.pinterest.com\/casadellibro\/\",\"https:\/\/open.spotify.com\/user\/wi2k27ijtmw114f531okf8nd4?si=JEaWkM75S56kXufnbmExww&nd=1&dlsi=6959f4c0a6474806\"]},{\"@type\":\"Person\",\"@id\":\"https:\/\/www.casadellibro.com\/blog\/#\/schema\/person\/4c5249ad5735629a37e929060c823fe5\",\"name\":\"Casa del Libro\",\"image\":{\"@type\":\"ImageObject\",\"inLanguage\":\"es\",\"@id\":\"https:\/\/www.casadellibro.com\/blog\/#\/schema\/person\/image\/\",\"url\":\"https:\/\/secure.gravatar.com\/avatar\/1ac01d90ad8e35013aff9d51865aa025?s=96&d=identicon&r=g\",\"contentUrl\":\"https:\/\/secure.gravatar.com\/avatar\/1ac01d90ad8e35013aff9d51865aa025?s=96&d=identicon&r=g\",\"caption\":\"Casa del Libro\"}}]}<\/script>\n<!-- \/ Yoast SEO plugin. -->","yoast_head_json":{"title":"Vuelve Liber, la Feria Internacional del Libro, y Casa del Libro estar\u00e1 all\u00ed | Casa del Libro","robots":{"index":"index","follow":"follow","max-snippet":"max-snippet:-1","max-image-preview":"max-image-preview:large","max-video-preview":"max-video-preview:-1"},"canonical":"https:\/\/www.casadellibro.com\/blog\/vuelve-liber-la-feria-internacional-del-libro\/","og_locale":"es_ES","og_type":"article","og_title":"Vuelve Liber, la Feria Internacional del Libro, y Casa del Libro estar\u00e1 all\u00ed | Casa del Libro","og_description":"\u00a1Nueva cita para los amantes de los libros! Del 2 al 6 de octubre se celebra la 31\u00aa edici\u00f3n de Liber, la Feria Internacional del Libro, y este a\u00f1o viene con m\u00e1s novedades que nunca: Nueva ubicaci\u00f3n: El lugar escogido para la celebraci\u00f3n de Liber 2013 es el Madrid Arena, en la Casa de Campo [&hellip;]","og_url":"https:\/\/www.casadellibro.com\/blog\/vuelve-liber-la-feria-internacional-del-libro\/","og_site_name":"Blog Casa del Libro","article_publisher":"https:\/\/www.facebook.com\/casadellibro","article_published_time":"2013-10-02T10:21:51+00:00","og_image":[{"width":512,"height":512,"url":"https:\/\/www.casadellibro.com\/blog\/wp-content\/uploads\/2025\/01\/Favicon.png","type":"image\/png"}],"author":"Casa del Libro","twitter_card":"summary_large_image","twitter_creator":"@casadellibro","twitter_site":"@casadellibro","twitter_misc":{"Written by":"Casa del Libro","Est. reading time":"2 minutos"},"schema":{"@context":"https:\/\/schema.org","@graph":[{"@type":"Article","@id":"https:\/\/www.casadellibro.com\/blog\/vuelve-liber-la-feria-internacional-del-libro\/#article","isPartOf":{"@id":"https:\/\/www.casadellibro.com\/blog\/vuelve-liber-la-feria-internacional-del-libro\/"},"author":{"name":"Casa del Libro","@id":"https:\/\/www.casadellibro.com\/blog\/#\/schema\/person\/4c5249ad5735629a37e929060c823fe5"},"headline":"Vuelve Liber, la Feria Internacional del Libro, y Casa del Libro estar\u00e1 all\u00ed","datePublished":"2013-10-02T10:21:51+00:00","mainEntityOfPage":{"@id":"https:\/\/www.casadellibro.com\/blog\/vuelve-liber-la-feria-internacional-del-libro\/"},"wordCount":487,"commentCount":0,"publisher":{"@id":"https:\/\/www.casadellibro.com\/blog\/#organization"},"image":{"@id":"https:\/\/www.casadellibro.com\/blog\/vuelve-liber-la-feria-internacional-del-libro\/#primaryimage"},"thumbnailUrl":"","articleSection":["Eventos en tu librer\u00eda"],"inLanguage":"es","potentialAction":[{"@type":"CommentAction","name":"Comment","target":["https:\/\/www.casadellibro.com\/blog\/vuelve-liber-la-feria-internacional-del-libro\/#respond"]}]},{"@type":"WebPage","@id":"https:\/\/www.casadellibro.com\/blog\/vuelve-liber-la-feria-internacional-del-libro\/","url":"https:\/\/www.casadellibro.com\/blog\/vuelve-liber-la-feria-internacional-del-libro\/","name":"Vuelve Liber, la Feria Internacional del Libro, y Casa del Libro estar\u00e1 all\u00ed | Casa del Libro","isPartOf":{"@id":"https:\/\/www.casadellibro.com\/blog\/#website"},"primaryImageOfPage":{"@id":"https:\/\/www.casadellibro.com\/blog\/vuelve-liber-la-feria-internacional-del-libro\/#primaryimage"},"image":{"@id":"https:\/\/www.casadellibro.com\/blog\/vuelve-liber-la-feria-internacional-del-libro\/#primaryimage"},"thumbnailUrl":"","datePublished":"2013-10-02T10:21:51+00:00","breadcrumb":{"@id":"https:\/\/www.casadellibro.com\/blog\/vuelve-liber-la-feria-internacional-del-libro\/#breadcrumb"},"inLanguage":"es","potentialAction":[{"@type":"ReadAction","target":["https:\/\/www.casadellibro.com\/blog\/vuelve-liber-la-feria-internacional-del-libro\/"]}]},{"@type":"ImageObject","inLanguage":"es","@id":"https:\/\/www.casadellibro.com\/blog\/vuelve-liber-la-feria-internacional-del-libro\/#primaryimage","url":"","contentUrl":""},{"@type":"BreadcrumbList","@id":"https:\/\/www.casadellibro.com\/blog\/vuelve-liber-la-feria-internacional-del-libro\/#breadcrumb","itemListElement":[{"@type":"ListItem","position":1,"name":"Casa del Libro","item":"https:\/\/www.casadellibro.com\/blog\/"},{"@type":"ListItem","position":2,"name":"Vuelve Liber, la Feria Internacional del Libro, y Casa del Libro estar\u00e1 all\u00ed"}]},{"@type":"WebSite","@id":"https:\/\/www.casadellibro.com\/blog\/#website","url":"https:\/\/www.casadellibro.com\/blog\/","name":"Blog Casa del Libro","description":"Descubre todas las novedades en eBooks, eReaders y Libros en el Blog oficial de Casa del Libro, recomendaciones en eBook, eReader y Libro online","publisher":{"@id":"https:\/\/www.casadellibro.com\/blog\/#organization"},"potentialAction":[{"@type":"SearchAction","target":{"@type":"EntryPoint","urlTemplate":"https:\/\/www.casadellibro.com\/blog\/?s={search_term_string}"},"query-input":{"@type":"PropertyValueSpecification","valueRequired":true,"valueName":"search_term_string"}}],"inLanguage":"es"},{"@type":"Organization","@id":"https:\/\/www.casadellibro.com\/blog\/#organization","name":"Blog Casa del Libro","url":"https:\/\/www.casadellibro.com\/blog\/","logo":{"@type":"ImageObject","inLanguage":"es","@id":"https:\/\/www.casadellibro.com\/blog\/#\/schema\/logo\/image\/","url":"https:\/\/www.casadellibro.com\/blog\/wp-content\/uploads\/2022\/04\/cropped-image-2-300x98-1.png","contentUrl":"https:\/\/www.casadellibro.com\/blog\/wp-content\/uploads\/2022\/04\/cropped-image-2-300x98-1.png","width":300,"height":98,"caption":"Blog Casa del Libro"},"image":{"@id":"https:\/\/www.casadellibro.com\/blog\/#\/schema\/logo\/image\/"},"sameAs":["https:\/\/www.facebook.com\/casadellibro","https:\/\/x.com\/casadellibro","https:\/\/www.youtube.com\/user\/casadellibropuntocom","https:\/\/es.pinterest.com\/casadellibro\/","https:\/\/open.spotify.com\/user\/wi2k27ijtmw114f531okf8nd4?si=JEaWkM75S56kXufnbmExww&nd=1&dlsi=6959f4c0a6474806"]},{"@type":"Person","@id":"https:\/\/www.casadellibro.com\/blog\/#\/schema\/person\/4c5249ad5735629a37e929060c823fe5","name":"Casa del Libro","image":{"@type":"ImageObject","inLanguage":"es","@id":"https:\/\/www.casadellibro.com\/blog\/#\/schema\/person\/image\/","url":"https:\/\/secure.gravatar.com\/avatar\/1ac01d90ad8e35013aff9d51865aa025?s=96&d=identicon&r=g","contentUrl":"https:\/\/secure.gravatar.com\/avatar\/1ac01d90ad8e35013aff9d51865aa025?s=96&d=identicon&r=g","caption":"Casa del Libro"}}]}},"_links":{"self":[{"href":"https:\/\/www.casadellibro.com\/blog\/wp-json\/wp\/v2\/posts\/4639","targetHints":{"allow":["GET"]}}],"collection":[{"href":"https:\/\/www.casadellibro.com\/blog\/wp-json\/wp\/v2\/posts"}],"about":[{"href":"https:\/\/www.casadellibro.com\/blog\/wp-json\/wp\/v2\/types\/post"}],"author":[{"embeddable":true,"href":"https:\/\/www.casadellibro.com\/blog\/wp-json\/wp\/v2\/users\/2"}],"replies":[{"embeddable":true,"href":"https:\/\/www.casadellibro.com\/blog\/wp-json\/wp\/v2\/comments?post=4639"}],"version-history":[{"count":0,"href":"https:\/\/www.casadellibro.com\/blog\/wp-json\/wp\/v2\/posts\/4639\/revisions"}],"wp:featuredmedia":[{"embeddable":true,"href":"https:\/\/www.casadellibro.com\/blog\/wp-json\/"}],"wp:attachment":[{"href":"https:\/\/www.casadellibro.com\/blog\/wp-json\/wp\/v2\/media?parent=4639"}],"wp:term":[{"taxonomy":"category","embeddable":true,"href":"https:\/\/www.casadellibro.com\/blog\/wp-json\/wp\/v2\/categories?post=4639"},{"taxonomy":"post_tag","embeddable":true,"href":"https:\/\/www.casadellibro.com\/blog\/wp-json\/wp\/v2\/tags?post=4639"}],"curies":[{"name":"wp","href":"https:\/\/api.w.org\/{rel}","templated":true}]}}