{"id":483,"date":"2012-02-07T09:30:47","date_gmt":"2012-02-07T07:30:47","guid":{"rendered":"http:\/\/noticiascasadellibro.es\/?p=483"},"modified":"2012-02-07T09:30:47","modified_gmt":"2012-02-07T07:30:47","slug":"firma-de-libros-de-pilar-eyre-en-barcelona","status":"publish","type":"post","link":"https:\/\/www.casadellibro.com\/blog\/firma-de-libros-de-pilar-eyre-en-barcelona\/","title":{"rendered":"Pilar Eyre y Pilar Rahola presentan \u00abLa soledad de la reina\u00bb en Barcelona"},"content":{"rendered":"<p><strong>Pilar Eyre<\/strong> <strong>presentar\u00e1<strong><\/strong> su libro\u00a0<\/strong> \u00ab<em><a href=\"http:\/\/www.casadellibro.com\/libro-la-soledad-de-la-reina-sofia-una-vida\/9788499702858\/1954527\" target=\"_blank\" rel=\"noopener noreferrer\">La soledad de la reina<\/a><\/em>\u00bb\u00a0 de la mano de <strong><strong>Pilar Rahola <\/strong><\/strong>el d\u00eda<strong><strong> 9 de febrero<\/strong><\/strong>. Ser\u00e1 en la <a href=\"http:\/\/www.facebook.com\/CasaDelLlibreBarcelona\" target=\"_blank\" rel=\"noopener noreferrer\">librer\u00eda de Barcelona<\/a> ( Rambla Catalu\u00f1a, 37) a las 19:00 horas.<\/p>\n<p style=\"text-align: center;\"><a href=\"http:\/\/noticiascasadellibro.es\/wp-content\/uploads\/2012\/01\/soledad_reina.jpg\"><img loading=\"lazy\" decoding=\"async\" class=\"aligncenter  wp-image-484\" style=\"border: 1px solid black;\" title=\"La soledad de la reina - Casa del Libro\" src=\"http:\/\/noticiascasadellibro.es\/wp-content\/uploads\/2012\/01\/soledad_reina.jpg\" alt=\"La soledad de la reina - Casa del Libro\" width=\"325\" height=\"485\" \/><\/a><\/p>\n<p><strong>SOBRE EL LIBRO:<\/strong><\/p>\n<p>Es este un libro \u00edntimo y valiente que traspasa la solemnidad de las fotograf\u00edas oficiales, la sonrisa hier\u00e1tica, la parafernalia de la corte y tambi\u00e9n las biograf\u00edas can\u00f3nicas, para<strong> llegar por primera vez a ese territorio desconocido y misterioso que es el alma de Sof\u00eda<\/strong>.<\/p>\n<p>Una mujer fr\u00eda por fuera, pero apasionada por dentro, con una <strong>infancia dif\u00edcil, una juventud atormentada y una larga madurez llena de momentos de plena dicha, pero tambi\u00e9n de enormes decepciones y sufrimientos<\/strong>.<\/p>\n<p>Una biograf\u00eda que aporta datos in\u00e9ditos y personajes interesantes, que nos muestra a una reina que se ha ganado a pulso, con grandes sacrificios y un alto coste personal, el lugar que ocupa en la historia de Espa\u00f1a, pero cuya vida privada no le ha aportado la felicidad que todo ser humano merece.<\/p>\n<p>Princesa de un pa\u00eds pobre y marginal, conoci\u00f3 el hambre, el fr\u00edo, las ratas\u2026 En el exilio m\u00e1s duro de un mundo en llamas creci\u00f3 al lado de unos padres de personalidad apabullante, se enamor\u00f3 de quien no la quiso, se cas\u00f3 con quien deb\u00eda y luch\u00f3 como una fiera al lado de su marido en un periodo vibrante y peligroso de nuestro pasado para conseguir ocupar el trono de Espa\u00f1a. \u00bfHa valido la pena? \u00bfEl precio ha sido demasiado alto?<\/p>\n<p><strong>La soledad de la reina aborda esta biograf\u00eda en profundidad, con respeto, pero tambi\u00e9n bistur\u00ed en mano, con la intenci\u00f3n de aportar m\u00e1s luz sobre una vida apasionante<\/strong>, donde reiremos, lloraremos, nos indignaremos y tambi\u00e9n nos asombraremos y nos enterneceremos por unos sucesos incre\u00edbles, que parecen no caber en una sola vida humana.<\/p>\n<p>&nbsp;<\/p>\n<p>Aqu\u00ed puedes encontrar <a href=\"http:\/\/www.casadellibro.com\/libros-ebooks\/pilar-eyre\/80988\" target=\"_blank\" rel=\"noopener noreferrer\">todos los libros de Pilar Eyre<\/a> que tenemos en <a href=\"http:\/\/www.casadellibro.com\/\" target=\"_blank\" rel=\"noopener noreferrer\">CasadelLibro.com<\/a>.<\/p>\n<p>Puedes seguir a Pilar Eyre en su Twitter, <a href=\"https:\/\/twitter.com\/#!\/pilareyre\" target=\"_blank\" rel=\"noopener noreferrer\">@PilarEyre<\/a>. Y tambi\u00e9n Puedes seguir las novedades de Casa del Libro en <a href=\"https:\/\/twitter.com\/#!\/casadellibrocom\" target=\"_blank\" rel=\"noopener noreferrer\">@Casadellibrocom<\/a> y de las librer\u00edas de Casa del Libro en Barcelona en <a href=\"https:\/\/twitter.com\/#!\/CdL_Barcelona\" target=\"_blank\" rel=\"noopener noreferrer\">@CdL_Barcelona<\/a>.<\/p>\n","protected":false},"excerpt":{"rendered":"<p>Pilar Eyre presentar\u00e1 su libro\u00a0 \u00abLa soledad de la reina\u00bb\u00a0 de la mano de Pilar Rahola el d\u00eda 9 de febrero. Ser\u00e1 en la librer\u00eda de Barcelona ( Rambla Catalu\u00f1a, 37) a las 19:00 horas. SOBRE EL LIBRO: Es este un libro \u00edntimo y valiente que traspasa la solemnidad de las fotograf\u00edas oficiales, la sonrisa [&hellip;]<\/p>\n","protected":false},"author":2,"featured_media":487,"comment_status":"open","ping_status":"open","sticky":false,"template":"","format":"standard","meta":{"tdm_status":"","tdm_grid_status":"","footnotes":""},"categories":[10],"tags":[67,59,68],"class_list":{"0":"post-483","1":"post","2":"type-post","3":"status-publish","4":"format-standard","5":"has-post-thumbnail","7":"category-eventos-en-barcelona","8":"tag-barcelona","9":"tag-firmas","10":"tag-pilar-eyre"},"yoast_head":"<!-- This site is optimized with the Yoast SEO plugin v26.8 - https:\/\/yoast.com\/product\/yoast-seo-wordpress\/ -->\n<title>Pilar Eyre y Pilar Rahola presentan &quot;La soledad de la reina&quot; en Barcelona | Casa del Libro<\/title>\n<meta name=\"robots\" content=\"index, follow, max-snippet:-1, max-image-preview:large, max-video-preview:-1\" \/>\n<link rel=\"canonical\" href=\"https:\/\/www.casadellibro.com\/blog\/firma-de-libros-de-pilar-eyre-en-barcelona\/\" \/>\n<meta property=\"og:locale\" content=\"es_ES\" \/>\n<meta property=\"og:type\" content=\"article\" \/>\n<meta property=\"og:title\" content=\"Pilar Eyre y Pilar Rahola presentan &quot;La soledad de la reina&quot; en Barcelona | Casa del Libro\" \/>\n<meta property=\"og:description\" content=\"Pilar Eyre presentar\u00e1 su libro\u00a0 \u00abLa soledad de la reina\u00bb\u00a0 de la mano de Pilar Rahola el d\u00eda 9 de febrero. Ser\u00e1 en la librer\u00eda de Barcelona ( Rambla Catalu\u00f1a, 37) a las 19:00 horas. SOBRE EL LIBRO: Es este un libro \u00edntimo y valiente que traspasa la solemnidad de las fotograf\u00edas oficiales, la sonrisa [&hellip;]\" \/>\n<meta property=\"og:url\" content=\"https:\/\/www.casadellibro.com\/blog\/firma-de-libros-de-pilar-eyre-en-barcelona\/\" \/>\n<meta property=\"og:site_name\" content=\"Blog Casa del Libro\" \/>\n<meta property=\"article:publisher\" content=\"https:\/\/www.facebook.com\/casadellibro\" \/>\n<meta property=\"article:published_time\" content=\"2012-02-07T07:30:47+00:00\" \/>\n<meta property=\"og:image\" content=\"https:\/\/www.casadellibro.com\/blog\/wp-content\/uploads\/2025\/01\/Favicon.png\" \/>\n\t<meta property=\"og:image:width\" content=\"512\" \/>\n\t<meta property=\"og:image:height\" content=\"512\" \/>\n\t<meta property=\"og:image:type\" content=\"image\/png\" \/>\n<meta name=\"author\" content=\"Casa del Libro\" \/>\n<meta name=\"twitter:card\" content=\"summary_large_image\" \/>\n<meta name=\"twitter:creator\" content=\"@casadellibro\" \/>\n<meta name=\"twitter:site\" content=\"@casadellibro\" \/>\n<meta name=\"twitter:label1\" content=\"Written by\" \/>\n\t<meta name=\"twitter:data1\" content=\"Casa del Libro\" \/>\n\t<meta name=\"twitter:label2\" content=\"Est. reading time\" \/>\n\t<meta name=\"twitter:data2\" content=\"2 minutos\" \/>\n<script type=\"application\/ld+json\" class=\"yoast-schema-graph\">{\"@context\":\"https:\/\/schema.org\",\"@graph\":[{\"@type\":\"Article\",\"@id\":\"https:\/\/www.casadellibro.com\/blog\/firma-de-libros-de-pilar-eyre-en-barcelona\/#article\",\"isPartOf\":{\"@id\":\"https:\/\/www.casadellibro.com\/blog\/firma-de-libros-de-pilar-eyre-en-barcelona\/\"},\"author\":{\"name\":\"Casa del Libro\",\"@id\":\"https:\/\/www.casadellibro.com\/blog\/#\/schema\/person\/4c5249ad5735629a37e929060c823fe5\"},\"headline\":\"Pilar Eyre y Pilar Rahola presentan \u00abLa soledad de la reina\u00bb en Barcelona\",\"datePublished\":\"2012-02-07T07:30:47+00:00\",\"mainEntityOfPage\":{\"@id\":\"https:\/\/www.casadellibro.com\/blog\/firma-de-libros-de-pilar-eyre-en-barcelona\/\"},\"wordCount\":389,\"commentCount\":0,\"publisher\":{\"@id\":\"https:\/\/www.casadellibro.com\/blog\/#organization\"},\"image\":{\"@id\":\"https:\/\/www.casadellibro.com\/blog\/firma-de-libros-de-pilar-eyre-en-barcelona\/#primaryimage\"},\"thumbnailUrl\":\"\",\"keywords\":[\"Barcelona\",\"firmas\",\"Pilar Eyre\"],\"articleSection\":[\"Eventos en Barcelona\"],\"inLanguage\":\"es\",\"potentialAction\":[{\"@type\":\"CommentAction\",\"name\":\"Comment\",\"target\":[\"https:\/\/www.casadellibro.com\/blog\/firma-de-libros-de-pilar-eyre-en-barcelona\/#respond\"]}]},{\"@type\":\"WebPage\",\"@id\":\"https:\/\/www.casadellibro.com\/blog\/firma-de-libros-de-pilar-eyre-en-barcelona\/\",\"url\":\"https:\/\/www.casadellibro.com\/blog\/firma-de-libros-de-pilar-eyre-en-barcelona\/\",\"name\":\"Pilar Eyre y Pilar Rahola presentan \\\"La soledad de la reina\\\" en Barcelona | Casa del Libro\",\"isPartOf\":{\"@id\":\"https:\/\/www.casadellibro.com\/blog\/#website\"},\"primaryImageOfPage\":{\"@id\":\"https:\/\/www.casadellibro.com\/blog\/firma-de-libros-de-pilar-eyre-en-barcelona\/#primaryimage\"},\"image\":{\"@id\":\"https:\/\/www.casadellibro.com\/blog\/firma-de-libros-de-pilar-eyre-en-barcelona\/#primaryimage\"},\"thumbnailUrl\":\"\",\"datePublished\":\"2012-02-07T07:30:47+00:00\",\"breadcrumb\":{\"@id\":\"https:\/\/www.casadellibro.com\/blog\/firma-de-libros-de-pilar-eyre-en-barcelona\/#breadcrumb\"},\"inLanguage\":\"es\",\"potentialAction\":[{\"@type\":\"ReadAction\",\"target\":[\"https:\/\/www.casadellibro.com\/blog\/firma-de-libros-de-pilar-eyre-en-barcelona\/\"]}]},{\"@type\":\"ImageObject\",\"inLanguage\":\"es\",\"@id\":\"https:\/\/www.casadellibro.com\/blog\/firma-de-libros-de-pilar-eyre-en-barcelona\/#primaryimage\",\"url\":\"\",\"contentUrl\":\"\"},{\"@type\":\"BreadcrumbList\",\"@id\":\"https:\/\/www.casadellibro.com\/blog\/firma-de-libros-de-pilar-eyre-en-barcelona\/#breadcrumb\",\"itemListElement\":[{\"@type\":\"ListItem\",\"position\":1,\"name\":\"Casa del Libro\",\"item\":\"https:\/\/www.casadellibro.com\/blog\/\"},{\"@type\":\"ListItem\",\"position\":2,\"name\":\"Pilar Eyre y Pilar Rahola presentan \u00abLa soledad de la reina\u00bb en Barcelona\"}]},{\"@type\":\"WebSite\",\"@id\":\"https:\/\/www.casadellibro.com\/blog\/#website\",\"url\":\"https:\/\/www.casadellibro.com\/blog\/\",\"name\":\"Blog Casa del Libro\",\"description\":\"Descubre todas las novedades en eBooks, eReaders y Libros en el Blog oficial de Casa del Libro, recomendaciones en eBook, eReader y Libro online\",\"publisher\":{\"@id\":\"https:\/\/www.casadellibro.com\/blog\/#organization\"},\"potentialAction\":[{\"@type\":\"SearchAction\",\"target\":{\"@type\":\"EntryPoint\",\"urlTemplate\":\"https:\/\/www.casadellibro.com\/blog\/?s={search_term_string}\"},\"query-input\":{\"@type\":\"PropertyValueSpecification\",\"valueRequired\":true,\"valueName\":\"search_term_string\"}}],\"inLanguage\":\"es\"},{\"@type\":\"Organization\",\"@id\":\"https:\/\/www.casadellibro.com\/blog\/#organization\",\"name\":\"Blog Casa del Libro\",\"url\":\"https:\/\/www.casadellibro.com\/blog\/\",\"logo\":{\"@type\":\"ImageObject\",\"inLanguage\":\"es\",\"@id\":\"https:\/\/www.casadellibro.com\/blog\/#\/schema\/logo\/image\/\",\"url\":\"https:\/\/www.casadellibro.com\/blog\/wp-content\/uploads\/2022\/04\/cropped-image-2-300x98-1.png\",\"contentUrl\":\"https:\/\/www.casadellibro.com\/blog\/wp-content\/uploads\/2022\/04\/cropped-image-2-300x98-1.png\",\"width\":300,\"height\":98,\"caption\":\"Blog Casa del Libro\"},\"image\":{\"@id\":\"https:\/\/www.casadellibro.com\/blog\/#\/schema\/logo\/image\/\"},\"sameAs\":[\"https:\/\/www.facebook.com\/casadellibro\",\"https:\/\/x.com\/casadellibro\",\"https:\/\/www.youtube.com\/user\/casadellibropuntocom\",\"https:\/\/es.pinterest.com\/casadellibro\/\",\"https:\/\/open.spotify.com\/user\/wi2k27ijtmw114f531okf8nd4?si=JEaWkM75S56kXufnbmExww&nd=1&dlsi=6959f4c0a6474806\"]},{\"@type\":\"Person\",\"@id\":\"https:\/\/www.casadellibro.com\/blog\/#\/schema\/person\/4c5249ad5735629a37e929060c823fe5\",\"name\":\"Casa del Libro\",\"image\":{\"@type\":\"ImageObject\",\"inLanguage\":\"es\",\"@id\":\"https:\/\/www.casadellibro.com\/blog\/#\/schema\/person\/image\/\",\"url\":\"https:\/\/secure.gravatar.com\/avatar\/1ac01d90ad8e35013aff9d51865aa025?s=96&d=identicon&r=g\",\"contentUrl\":\"https:\/\/secure.gravatar.com\/avatar\/1ac01d90ad8e35013aff9d51865aa025?s=96&d=identicon&r=g\",\"caption\":\"Casa del Libro\"}}]}<\/script>\n<!-- \/ Yoast SEO plugin. -->","yoast_head_json":{"title":"Pilar Eyre y Pilar Rahola presentan \"La soledad de la reina\" en Barcelona | Casa del Libro","robots":{"index":"index","follow":"follow","max-snippet":"max-snippet:-1","max-image-preview":"max-image-preview:large","max-video-preview":"max-video-preview:-1"},"canonical":"https:\/\/www.casadellibro.com\/blog\/firma-de-libros-de-pilar-eyre-en-barcelona\/","og_locale":"es_ES","og_type":"article","og_title":"Pilar Eyre y Pilar Rahola presentan \"La soledad de la reina\" en Barcelona | Casa del Libro","og_description":"Pilar Eyre presentar\u00e1 su libro\u00a0 \u00abLa soledad de la reina\u00bb\u00a0 de la mano de Pilar Rahola el d\u00eda 9 de febrero. Ser\u00e1 en la librer\u00eda de Barcelona ( Rambla Catalu\u00f1a, 37) a las 19:00 horas. SOBRE EL LIBRO: Es este un libro \u00edntimo y valiente que traspasa la solemnidad de las fotograf\u00edas oficiales, la sonrisa [&hellip;]","og_url":"https:\/\/www.casadellibro.com\/blog\/firma-de-libros-de-pilar-eyre-en-barcelona\/","og_site_name":"Blog Casa del Libro","article_publisher":"https:\/\/www.facebook.com\/casadellibro","article_published_time":"2012-02-07T07:30:47+00:00","og_image":[{"width":512,"height":512,"url":"https:\/\/www.casadellibro.com\/blog\/wp-content\/uploads\/2025\/01\/Favicon.png","type":"image\/png"}],"author":"Casa del Libro","twitter_card":"summary_large_image","twitter_creator":"@casadellibro","twitter_site":"@casadellibro","twitter_misc":{"Written by":"Casa del Libro","Est. reading time":"2 minutos"},"schema":{"@context":"https:\/\/schema.org","@graph":[{"@type":"Article","@id":"https:\/\/www.casadellibro.com\/blog\/firma-de-libros-de-pilar-eyre-en-barcelona\/#article","isPartOf":{"@id":"https:\/\/www.casadellibro.com\/blog\/firma-de-libros-de-pilar-eyre-en-barcelona\/"},"author":{"name":"Casa del Libro","@id":"https:\/\/www.casadellibro.com\/blog\/#\/schema\/person\/4c5249ad5735629a37e929060c823fe5"},"headline":"Pilar Eyre y Pilar Rahola presentan \u00abLa soledad de la reina\u00bb en Barcelona","datePublished":"2012-02-07T07:30:47+00:00","mainEntityOfPage":{"@id":"https:\/\/www.casadellibro.com\/blog\/firma-de-libros-de-pilar-eyre-en-barcelona\/"},"wordCount":389,"commentCount":0,"publisher":{"@id":"https:\/\/www.casadellibro.com\/blog\/#organization"},"image":{"@id":"https:\/\/www.casadellibro.com\/blog\/firma-de-libros-de-pilar-eyre-en-barcelona\/#primaryimage"},"thumbnailUrl":"","keywords":["Barcelona","firmas","Pilar Eyre"],"articleSection":["Eventos en Barcelona"],"inLanguage":"es","potentialAction":[{"@type":"CommentAction","name":"Comment","target":["https:\/\/www.casadellibro.com\/blog\/firma-de-libros-de-pilar-eyre-en-barcelona\/#respond"]}]},{"@type":"WebPage","@id":"https:\/\/www.casadellibro.com\/blog\/firma-de-libros-de-pilar-eyre-en-barcelona\/","url":"https:\/\/www.casadellibro.com\/blog\/firma-de-libros-de-pilar-eyre-en-barcelona\/","name":"Pilar Eyre y Pilar Rahola presentan \"La soledad de la reina\" en Barcelona | Casa del Libro","isPartOf":{"@id":"https:\/\/www.casadellibro.com\/blog\/#website"},"primaryImageOfPage":{"@id":"https:\/\/www.casadellibro.com\/blog\/firma-de-libros-de-pilar-eyre-en-barcelona\/#primaryimage"},"image":{"@id":"https:\/\/www.casadellibro.com\/blog\/firma-de-libros-de-pilar-eyre-en-barcelona\/#primaryimage"},"thumbnailUrl":"","datePublished":"2012-02-07T07:30:47+00:00","breadcrumb":{"@id":"https:\/\/www.casadellibro.com\/blog\/firma-de-libros-de-pilar-eyre-en-barcelona\/#breadcrumb"},"inLanguage":"es","potentialAction":[{"@type":"ReadAction","target":["https:\/\/www.casadellibro.com\/blog\/firma-de-libros-de-pilar-eyre-en-barcelona\/"]}]},{"@type":"ImageObject","inLanguage":"es","@id":"https:\/\/www.casadellibro.com\/blog\/firma-de-libros-de-pilar-eyre-en-barcelona\/#primaryimage","url":"","contentUrl":""},{"@type":"BreadcrumbList","@id":"https:\/\/www.casadellibro.com\/blog\/firma-de-libros-de-pilar-eyre-en-barcelona\/#breadcrumb","itemListElement":[{"@type":"ListItem","position":1,"name":"Casa del Libro","item":"https:\/\/www.casadellibro.com\/blog\/"},{"@type":"ListItem","position":2,"name":"Pilar Eyre y Pilar Rahola presentan \u00abLa soledad de la reina\u00bb en Barcelona"}]},{"@type":"WebSite","@id":"https:\/\/www.casadellibro.com\/blog\/#website","url":"https:\/\/www.casadellibro.com\/blog\/","name":"Blog Casa del Libro","description":"Descubre todas las novedades en eBooks, eReaders y Libros en el Blog oficial de Casa del Libro, recomendaciones en eBook, eReader y Libro online","publisher":{"@id":"https:\/\/www.casadellibro.com\/blog\/#organization"},"potentialAction":[{"@type":"SearchAction","target":{"@type":"EntryPoint","urlTemplate":"https:\/\/www.casadellibro.com\/blog\/?s={search_term_string}"},"query-input":{"@type":"PropertyValueSpecification","valueRequired":true,"valueName":"search_term_string"}}],"inLanguage":"es"},{"@type":"Organization","@id":"https:\/\/www.casadellibro.com\/blog\/#organization","name":"Blog Casa del Libro","url":"https:\/\/www.casadellibro.com\/blog\/","logo":{"@type":"ImageObject","inLanguage":"es","@id":"https:\/\/www.casadellibro.com\/blog\/#\/schema\/logo\/image\/","url":"https:\/\/www.casadellibro.com\/blog\/wp-content\/uploads\/2022\/04\/cropped-image-2-300x98-1.png","contentUrl":"https:\/\/www.casadellibro.com\/blog\/wp-content\/uploads\/2022\/04\/cropped-image-2-300x98-1.png","width":300,"height":98,"caption":"Blog Casa del Libro"},"image":{"@id":"https:\/\/www.casadellibro.com\/blog\/#\/schema\/logo\/image\/"},"sameAs":["https:\/\/www.facebook.com\/casadellibro","https:\/\/x.com\/casadellibro","https:\/\/www.youtube.com\/user\/casadellibropuntocom","https:\/\/es.pinterest.com\/casadellibro\/","https:\/\/open.spotify.com\/user\/wi2k27ijtmw114f531okf8nd4?si=JEaWkM75S56kXufnbmExww&nd=1&dlsi=6959f4c0a6474806"]},{"@type":"Person","@id":"https:\/\/www.casadellibro.com\/blog\/#\/schema\/person\/4c5249ad5735629a37e929060c823fe5","name":"Casa del Libro","image":{"@type":"ImageObject","inLanguage":"es","@id":"https:\/\/www.casadellibro.com\/blog\/#\/schema\/person\/image\/","url":"https:\/\/secure.gravatar.com\/avatar\/1ac01d90ad8e35013aff9d51865aa025?s=96&d=identicon&r=g","contentUrl":"https:\/\/secure.gravatar.com\/avatar\/1ac01d90ad8e35013aff9d51865aa025?s=96&d=identicon&r=g","caption":"Casa del Libro"}}]}},"_links":{"self":[{"href":"https:\/\/www.casadellibro.com\/blog\/wp-json\/wp\/v2\/posts\/483","targetHints":{"allow":["GET"]}}],"collection":[{"href":"https:\/\/www.casadellibro.com\/blog\/wp-json\/wp\/v2\/posts"}],"about":[{"href":"https:\/\/www.casadellibro.com\/blog\/wp-json\/wp\/v2\/types\/post"}],"author":[{"embeddable":true,"href":"https:\/\/www.casadellibro.com\/blog\/wp-json\/wp\/v2\/users\/2"}],"replies":[{"embeddable":true,"href":"https:\/\/www.casadellibro.com\/blog\/wp-json\/wp\/v2\/comments?post=483"}],"version-history":[{"count":0,"href":"https:\/\/www.casadellibro.com\/blog\/wp-json\/wp\/v2\/posts\/483\/revisions"}],"wp:featuredmedia":[{"embeddable":true,"href":"https:\/\/www.casadellibro.com\/blog\/wp-json\/"}],"wp:attachment":[{"href":"https:\/\/www.casadellibro.com\/blog\/wp-json\/wp\/v2\/media?parent=483"}],"wp:term":[{"taxonomy":"category","embeddable":true,"href":"https:\/\/www.casadellibro.com\/blog\/wp-json\/wp\/v2\/categories?post=483"},{"taxonomy":"post_tag","embeddable":true,"href":"https:\/\/www.casadellibro.com\/blog\/wp-json\/wp\/v2\/tags?post=483"}],"curies":[{"name":"wp","href":"https:\/\/api.w.org\/{rel}","templated":true}]}}