{"id":4956,"date":"2013-11-28T09:37:03","date_gmt":"2013-11-28T07:37:03","guid":{"rendered":"http:\/\/noticiascasadellibro.es\/?p=4956"},"modified":"2013-11-28T09:37:03","modified_gmt":"2013-11-28T07:37:03","slug":"bendelet-guardian-o-bibliotecario-decide-tu","status":"publish","type":"post","link":"https:\/\/www.casadellibro.com\/blog\/bendelet-guardian-o-bibliotecario-decide-tu\/","title":{"rendered":"B\u00e9ndelet, \u00bfguardi\u00e1n o bibliotecario? Decide t\u00fa."},"content":{"rendered":"<p><a href=\"http:\/\/noticiascasadellibro.es\/wp-content\/uploads\/2013\/11\/B\u00e9ndelet-ok.jpg\"><img loading=\"lazy\" decoding=\"async\" class=\"aligncenter size-medium wp-image-4958\" alt=\"B\u00e9ndelet ok\" src=\"http:\/\/noticiascasadellibro.es\/wp-content\/uploads\/2013\/11\/B\u00e9ndelet-ok-195x300.jpg\" width=\"195\" height=\"300\"><\/a><\/p>\n<p>&nbsp;<\/p>\n<p>Siempre que olvido algo, que pierdo un libro o que borro un archivo por error, pienso en todo el <strong>conocimiento<\/strong> que habremos perdido a lo largo de la historia. Cu\u00e1ntos datos, hechos, reflexiones o nombres de reyes ignoramos hoy porque un d\u00eda el archivo del municipio de turno se pudri\u00f3 por falta de fondos, o porque alguien quem\u00f3 una pila de libros prohibidos, o porque un ej\u00e9rcito saque\u00f3 los archivos de una ciudad y rompi\u00f3 todas sus tablillas de barro. O porque, sencillamente, no hubo nadie para <strong>escribir<\/strong> lo que ocurri\u00f3.<\/p>\n<p>No existe aquello que no se registra. Y lo que se registra <strong>necesita un guardi\u00e1n<\/strong>.<\/p>\n<p>\u00c9se es <strong>Fabi\u00e1n B\u00e9ndelet<\/strong>.<\/p>\n<p>\u00bfPero qu\u00e9 ocurre cuando el guardi\u00e1n de la memoria <strong>pierde<\/strong> la suya propia? Siempre que olvido algo me hago la misma pregunta. Si el guardi\u00e1n de la memoria escrita de la humanidad no puede recordar una coma de la tesina que le asegura el acceso al cuerpo de bibliotecarios, entonces que Dios nos coja confesados\u2026<\/p>\n","protected":false},"excerpt":{"rendered":"<p>&nbsp; Siempre que olvido algo, que pierdo un libro o que borro un archivo por error, pienso en todo el conocimiento que habremos perdido a lo largo de la historia. Cu\u00e1ntos datos, hechos, reflexiones o nombres de reyes ignoramos hoy porque un d\u00eda el archivo del municipio de turno se pudri\u00f3 por falta de fondos, [&hellip;]<\/p>\n","protected":false},"author":2,"featured_media":4960,"comment_status":"open","ping_status":"open","sticky":false,"template":"","format":"standard","meta":{"tdm_status":"","tdm_grid_status":"","footnotes":""},"categories":[771],"tags":[916,210],"class_list":{"0":"post-4956","1":"post","2":"type-post","3":"status-publish","4":"format-standard","5":"has-post-thumbnail","7":"category-libros-digitales","8":"tag-bendelet","9":"tag-sin-drm"},"yoast_head":"<!-- This site is optimized with the Yoast SEO plugin v26.8 - https:\/\/yoast.com\/product\/yoast-seo-wordpress\/ -->\n<title>B\u00e9ndelet, \u00bfguardi\u00e1n o bibliotecario? Decide t\u00fa. | Casa del Libro<\/title>\n<meta name=\"robots\" content=\"index, follow, max-snippet:-1, max-image-preview:large, max-video-preview:-1\" \/>\n<link rel=\"canonical\" href=\"https:\/\/www.casadellibro.com\/blog\/bendelet-guardian-o-bibliotecario-decide-tu\/\" \/>\n<meta property=\"og:locale\" content=\"es_ES\" \/>\n<meta property=\"og:type\" content=\"article\" \/>\n<meta property=\"og:title\" content=\"B\u00e9ndelet, \u00bfguardi\u00e1n o bibliotecario? Decide t\u00fa. | Casa del Libro\" \/>\n<meta property=\"og:description\" content=\"&nbsp; Siempre que olvido algo, que pierdo un libro o que borro un archivo por error, pienso en todo el conocimiento que habremos perdido a lo largo de la historia. Cu\u00e1ntos datos, hechos, reflexiones o nombres de reyes ignoramos hoy porque un d\u00eda el archivo del municipio de turno se pudri\u00f3 por falta de fondos, [&hellip;]\" \/>\n<meta property=\"og:url\" content=\"https:\/\/www.casadellibro.com\/blog\/bendelet-guardian-o-bibliotecario-decide-tu\/\" \/>\n<meta property=\"og:site_name\" content=\"Blog Casa del Libro\" \/>\n<meta property=\"article:publisher\" content=\"https:\/\/www.facebook.com\/casadellibro\" \/>\n<meta property=\"article:published_time\" content=\"2013-11-28T07:37:03+00:00\" \/>\n<meta property=\"og:image\" content=\"https:\/\/www.casadellibro.com\/blog\/wp-content\/uploads\/2025\/01\/Favicon.png\" \/>\n\t<meta property=\"og:image:width\" content=\"512\" \/>\n\t<meta property=\"og:image:height\" content=\"512\" \/>\n\t<meta property=\"og:image:type\" content=\"image\/png\" \/>\n<meta name=\"author\" content=\"Casa del Libro\" \/>\n<meta name=\"twitter:card\" content=\"summary_large_image\" \/>\n<meta name=\"twitter:creator\" content=\"@casadellibro\" \/>\n<meta name=\"twitter:site\" content=\"@casadellibro\" \/>\n<meta name=\"twitter:label1\" content=\"Written by\" \/>\n\t<meta name=\"twitter:data1\" content=\"Casa del Libro\" \/>\n\t<meta name=\"twitter:label2\" content=\"Est. reading time\" \/>\n\t<meta name=\"twitter:data2\" content=\"1 minuto\" \/>\n<script type=\"application\/ld+json\" class=\"yoast-schema-graph\">{\"@context\":\"https:\/\/schema.org\",\"@graph\":[{\"@type\":\"Article\",\"@id\":\"https:\/\/www.casadellibro.com\/blog\/bendelet-guardian-o-bibliotecario-decide-tu\/#article\",\"isPartOf\":{\"@id\":\"https:\/\/www.casadellibro.com\/blog\/bendelet-guardian-o-bibliotecario-decide-tu\/\"},\"author\":{\"name\":\"Casa del Libro\",\"@id\":\"https:\/\/www.casadellibro.com\/blog\/#\/schema\/person\/4c5249ad5735629a37e929060c823fe5\"},\"headline\":\"B\u00e9ndelet, \u00bfguardi\u00e1n o bibliotecario? Decide t\u00fa.\",\"datePublished\":\"2013-11-28T07:37:03+00:00\",\"mainEntityOfPage\":{\"@id\":\"https:\/\/www.casadellibro.com\/blog\/bendelet-guardian-o-bibliotecario-decide-tu\/\"},\"wordCount\":182,\"commentCount\":0,\"publisher\":{\"@id\":\"https:\/\/www.casadellibro.com\/blog\/#organization\"},\"image\":{\"@id\":\"https:\/\/www.casadellibro.com\/blog\/bendelet-guardian-o-bibliotecario-decide-tu\/#primaryimage\"},\"thumbnailUrl\":\"\",\"keywords\":[\"B\u00e9ndelet\",\"sin DRM\"],\"articleSection\":[\"Libros digitales\"],\"inLanguage\":\"es\",\"potentialAction\":[{\"@type\":\"CommentAction\",\"name\":\"Comment\",\"target\":[\"https:\/\/www.casadellibro.com\/blog\/bendelet-guardian-o-bibliotecario-decide-tu\/#respond\"]}]},{\"@type\":\"WebPage\",\"@id\":\"https:\/\/www.casadellibro.com\/blog\/bendelet-guardian-o-bibliotecario-decide-tu\/\",\"url\":\"https:\/\/www.casadellibro.com\/blog\/bendelet-guardian-o-bibliotecario-decide-tu\/\",\"name\":\"B\u00e9ndelet, \u00bfguardi\u00e1n o bibliotecario? Decide t\u00fa. | Casa del Libro\",\"isPartOf\":{\"@id\":\"https:\/\/www.casadellibro.com\/blog\/#website\"},\"primaryImageOfPage\":{\"@id\":\"https:\/\/www.casadellibro.com\/blog\/bendelet-guardian-o-bibliotecario-decide-tu\/#primaryimage\"},\"image\":{\"@id\":\"https:\/\/www.casadellibro.com\/blog\/bendelet-guardian-o-bibliotecario-decide-tu\/#primaryimage\"},\"thumbnailUrl\":\"\",\"datePublished\":\"2013-11-28T07:37:03+00:00\",\"breadcrumb\":{\"@id\":\"https:\/\/www.casadellibro.com\/blog\/bendelet-guardian-o-bibliotecario-decide-tu\/#breadcrumb\"},\"inLanguage\":\"es\",\"potentialAction\":[{\"@type\":\"ReadAction\",\"target\":[\"https:\/\/www.casadellibro.com\/blog\/bendelet-guardian-o-bibliotecario-decide-tu\/\"]}]},{\"@type\":\"ImageObject\",\"inLanguage\":\"es\",\"@id\":\"https:\/\/www.casadellibro.com\/blog\/bendelet-guardian-o-bibliotecario-decide-tu\/#primaryimage\",\"url\":\"\",\"contentUrl\":\"\"},{\"@type\":\"BreadcrumbList\",\"@id\":\"https:\/\/www.casadellibro.com\/blog\/bendelet-guardian-o-bibliotecario-decide-tu\/#breadcrumb\",\"itemListElement\":[{\"@type\":\"ListItem\",\"position\":1,\"name\":\"Casa del Libro\",\"item\":\"https:\/\/www.casadellibro.com\/blog\/\"},{\"@type\":\"ListItem\",\"position\":2,\"name\":\"B\u00e9ndelet, \u00bfguardi\u00e1n o bibliotecario? Decide t\u00fa.\"}]},{\"@type\":\"WebSite\",\"@id\":\"https:\/\/www.casadellibro.com\/blog\/#website\",\"url\":\"https:\/\/www.casadellibro.com\/blog\/\",\"name\":\"Blog Casa del Libro\",\"description\":\"Descubre todas las novedades en eBooks, eReaders y Libros en el Blog oficial de Casa del Libro, recomendaciones en eBook, eReader y Libro online\",\"publisher\":{\"@id\":\"https:\/\/www.casadellibro.com\/blog\/#organization\"},\"potentialAction\":[{\"@type\":\"SearchAction\",\"target\":{\"@type\":\"EntryPoint\",\"urlTemplate\":\"https:\/\/www.casadellibro.com\/blog\/?s={search_term_string}\"},\"query-input\":{\"@type\":\"PropertyValueSpecification\",\"valueRequired\":true,\"valueName\":\"search_term_string\"}}],\"inLanguage\":\"es\"},{\"@type\":\"Organization\",\"@id\":\"https:\/\/www.casadellibro.com\/blog\/#organization\",\"name\":\"Blog Casa del Libro\",\"url\":\"https:\/\/www.casadellibro.com\/blog\/\",\"logo\":{\"@type\":\"ImageObject\",\"inLanguage\":\"es\",\"@id\":\"https:\/\/www.casadellibro.com\/blog\/#\/schema\/logo\/image\/\",\"url\":\"https:\/\/www.casadellibro.com\/blog\/wp-content\/uploads\/2022\/04\/cropped-image-2-300x98-1.png\",\"contentUrl\":\"https:\/\/www.casadellibro.com\/blog\/wp-content\/uploads\/2022\/04\/cropped-image-2-300x98-1.png\",\"width\":300,\"height\":98,\"caption\":\"Blog Casa del Libro\"},\"image\":{\"@id\":\"https:\/\/www.casadellibro.com\/blog\/#\/schema\/logo\/image\/\"},\"sameAs\":[\"https:\/\/www.facebook.com\/casadellibro\",\"https:\/\/x.com\/casadellibro\",\"https:\/\/www.youtube.com\/user\/casadellibropuntocom\",\"https:\/\/es.pinterest.com\/casadellibro\/\",\"https:\/\/open.spotify.com\/user\/wi2k27ijtmw114f531okf8nd4?si=JEaWkM75S56kXufnbmExww&nd=1&dlsi=6959f4c0a6474806\"]},{\"@type\":\"Person\",\"@id\":\"https:\/\/www.casadellibro.com\/blog\/#\/schema\/person\/4c5249ad5735629a37e929060c823fe5\",\"name\":\"Casa del Libro\",\"image\":{\"@type\":\"ImageObject\",\"inLanguage\":\"es\",\"@id\":\"https:\/\/www.casadellibro.com\/blog\/#\/schema\/person\/image\/\",\"url\":\"https:\/\/secure.gravatar.com\/avatar\/1ac01d90ad8e35013aff9d51865aa025?s=96&d=identicon&r=g\",\"contentUrl\":\"https:\/\/secure.gravatar.com\/avatar\/1ac01d90ad8e35013aff9d51865aa025?s=96&d=identicon&r=g\",\"caption\":\"Casa del Libro\"}}]}<\/script>\n<!-- \/ Yoast SEO plugin. -->","yoast_head_json":{"title":"B\u00e9ndelet, \u00bfguardi\u00e1n o bibliotecario? Decide t\u00fa. | Casa del Libro","robots":{"index":"index","follow":"follow","max-snippet":"max-snippet:-1","max-image-preview":"max-image-preview:large","max-video-preview":"max-video-preview:-1"},"canonical":"https:\/\/www.casadellibro.com\/blog\/bendelet-guardian-o-bibliotecario-decide-tu\/","og_locale":"es_ES","og_type":"article","og_title":"B\u00e9ndelet, \u00bfguardi\u00e1n o bibliotecario? Decide t\u00fa. | Casa del Libro","og_description":"&nbsp; Siempre que olvido algo, que pierdo un libro o que borro un archivo por error, pienso en todo el conocimiento que habremos perdido a lo largo de la historia. Cu\u00e1ntos datos, hechos, reflexiones o nombres de reyes ignoramos hoy porque un d\u00eda el archivo del municipio de turno se pudri\u00f3 por falta de fondos, [&hellip;]","og_url":"https:\/\/www.casadellibro.com\/blog\/bendelet-guardian-o-bibliotecario-decide-tu\/","og_site_name":"Blog Casa del Libro","article_publisher":"https:\/\/www.facebook.com\/casadellibro","article_published_time":"2013-11-28T07:37:03+00:00","og_image":[{"width":512,"height":512,"url":"https:\/\/www.casadellibro.com\/blog\/wp-content\/uploads\/2025\/01\/Favicon.png","type":"image\/png"}],"author":"Casa del Libro","twitter_card":"summary_large_image","twitter_creator":"@casadellibro","twitter_site":"@casadellibro","twitter_misc":{"Written by":"Casa del Libro","Est. reading time":"1 minuto"},"schema":{"@context":"https:\/\/schema.org","@graph":[{"@type":"Article","@id":"https:\/\/www.casadellibro.com\/blog\/bendelet-guardian-o-bibliotecario-decide-tu\/#article","isPartOf":{"@id":"https:\/\/www.casadellibro.com\/blog\/bendelet-guardian-o-bibliotecario-decide-tu\/"},"author":{"name":"Casa del Libro","@id":"https:\/\/www.casadellibro.com\/blog\/#\/schema\/person\/4c5249ad5735629a37e929060c823fe5"},"headline":"B\u00e9ndelet, \u00bfguardi\u00e1n o bibliotecario? Decide t\u00fa.","datePublished":"2013-11-28T07:37:03+00:00","mainEntityOfPage":{"@id":"https:\/\/www.casadellibro.com\/blog\/bendelet-guardian-o-bibliotecario-decide-tu\/"},"wordCount":182,"commentCount":0,"publisher":{"@id":"https:\/\/www.casadellibro.com\/blog\/#organization"},"image":{"@id":"https:\/\/www.casadellibro.com\/blog\/bendelet-guardian-o-bibliotecario-decide-tu\/#primaryimage"},"thumbnailUrl":"","keywords":["B\u00e9ndelet","sin DRM"],"articleSection":["Libros digitales"],"inLanguage":"es","potentialAction":[{"@type":"CommentAction","name":"Comment","target":["https:\/\/www.casadellibro.com\/blog\/bendelet-guardian-o-bibliotecario-decide-tu\/#respond"]}]},{"@type":"WebPage","@id":"https:\/\/www.casadellibro.com\/blog\/bendelet-guardian-o-bibliotecario-decide-tu\/","url":"https:\/\/www.casadellibro.com\/blog\/bendelet-guardian-o-bibliotecario-decide-tu\/","name":"B\u00e9ndelet, \u00bfguardi\u00e1n o bibliotecario? Decide t\u00fa. | Casa del Libro","isPartOf":{"@id":"https:\/\/www.casadellibro.com\/blog\/#website"},"primaryImageOfPage":{"@id":"https:\/\/www.casadellibro.com\/blog\/bendelet-guardian-o-bibliotecario-decide-tu\/#primaryimage"},"image":{"@id":"https:\/\/www.casadellibro.com\/blog\/bendelet-guardian-o-bibliotecario-decide-tu\/#primaryimage"},"thumbnailUrl":"","datePublished":"2013-11-28T07:37:03+00:00","breadcrumb":{"@id":"https:\/\/www.casadellibro.com\/blog\/bendelet-guardian-o-bibliotecario-decide-tu\/#breadcrumb"},"inLanguage":"es","potentialAction":[{"@type":"ReadAction","target":["https:\/\/www.casadellibro.com\/blog\/bendelet-guardian-o-bibliotecario-decide-tu\/"]}]},{"@type":"ImageObject","inLanguage":"es","@id":"https:\/\/www.casadellibro.com\/blog\/bendelet-guardian-o-bibliotecario-decide-tu\/#primaryimage","url":"","contentUrl":""},{"@type":"BreadcrumbList","@id":"https:\/\/www.casadellibro.com\/blog\/bendelet-guardian-o-bibliotecario-decide-tu\/#breadcrumb","itemListElement":[{"@type":"ListItem","position":1,"name":"Casa del Libro","item":"https:\/\/www.casadellibro.com\/blog\/"},{"@type":"ListItem","position":2,"name":"B\u00e9ndelet, \u00bfguardi\u00e1n o bibliotecario? Decide t\u00fa."}]},{"@type":"WebSite","@id":"https:\/\/www.casadellibro.com\/blog\/#website","url":"https:\/\/www.casadellibro.com\/blog\/","name":"Blog Casa del Libro","description":"Descubre todas las novedades en eBooks, eReaders y Libros en el Blog oficial de Casa del Libro, recomendaciones en eBook, eReader y Libro online","publisher":{"@id":"https:\/\/www.casadellibro.com\/blog\/#organization"},"potentialAction":[{"@type":"SearchAction","target":{"@type":"EntryPoint","urlTemplate":"https:\/\/www.casadellibro.com\/blog\/?s={search_term_string}"},"query-input":{"@type":"PropertyValueSpecification","valueRequired":true,"valueName":"search_term_string"}}],"inLanguage":"es"},{"@type":"Organization","@id":"https:\/\/www.casadellibro.com\/blog\/#organization","name":"Blog Casa del Libro","url":"https:\/\/www.casadellibro.com\/blog\/","logo":{"@type":"ImageObject","inLanguage":"es","@id":"https:\/\/www.casadellibro.com\/blog\/#\/schema\/logo\/image\/","url":"https:\/\/www.casadellibro.com\/blog\/wp-content\/uploads\/2022\/04\/cropped-image-2-300x98-1.png","contentUrl":"https:\/\/www.casadellibro.com\/blog\/wp-content\/uploads\/2022\/04\/cropped-image-2-300x98-1.png","width":300,"height":98,"caption":"Blog Casa del Libro"},"image":{"@id":"https:\/\/www.casadellibro.com\/blog\/#\/schema\/logo\/image\/"},"sameAs":["https:\/\/www.facebook.com\/casadellibro","https:\/\/x.com\/casadellibro","https:\/\/www.youtube.com\/user\/casadellibropuntocom","https:\/\/es.pinterest.com\/casadellibro\/","https:\/\/open.spotify.com\/user\/wi2k27ijtmw114f531okf8nd4?si=JEaWkM75S56kXufnbmExww&nd=1&dlsi=6959f4c0a6474806"]},{"@type":"Person","@id":"https:\/\/www.casadellibro.com\/blog\/#\/schema\/person\/4c5249ad5735629a37e929060c823fe5","name":"Casa del Libro","image":{"@type":"ImageObject","inLanguage":"es","@id":"https:\/\/www.casadellibro.com\/blog\/#\/schema\/person\/image\/","url":"https:\/\/secure.gravatar.com\/avatar\/1ac01d90ad8e35013aff9d51865aa025?s=96&d=identicon&r=g","contentUrl":"https:\/\/secure.gravatar.com\/avatar\/1ac01d90ad8e35013aff9d51865aa025?s=96&d=identicon&r=g","caption":"Casa del Libro"}}]}},"_links":{"self":[{"href":"https:\/\/www.casadellibro.com\/blog\/wp-json\/wp\/v2\/posts\/4956","targetHints":{"allow":["GET"]}}],"collection":[{"href":"https:\/\/www.casadellibro.com\/blog\/wp-json\/wp\/v2\/posts"}],"about":[{"href":"https:\/\/www.casadellibro.com\/blog\/wp-json\/wp\/v2\/types\/post"}],"author":[{"embeddable":true,"href":"https:\/\/www.casadellibro.com\/blog\/wp-json\/wp\/v2\/users\/2"}],"replies":[{"embeddable":true,"href":"https:\/\/www.casadellibro.com\/blog\/wp-json\/wp\/v2\/comments?post=4956"}],"version-history":[{"count":0,"href":"https:\/\/www.casadellibro.com\/blog\/wp-json\/wp\/v2\/posts\/4956\/revisions"}],"wp:featuredmedia":[{"embeddable":true,"href":"https:\/\/www.casadellibro.com\/blog\/wp-json\/"}],"wp:attachment":[{"href":"https:\/\/www.casadellibro.com\/blog\/wp-json\/wp\/v2\/media?parent=4956"}],"wp:term":[{"taxonomy":"category","embeddable":true,"href":"https:\/\/www.casadellibro.com\/blog\/wp-json\/wp\/v2\/categories?post=4956"},{"taxonomy":"post_tag","embeddable":true,"href":"https:\/\/www.casadellibro.com\/blog\/wp-json\/wp\/v2\/tags?post=4956"}],"curies":[{"name":"wp","href":"https:\/\/api.w.org\/{rel}","templated":true}]}}