{"id":4977,"date":"2013-12-04T13:12:49","date_gmt":"2013-12-04T12:12:49","guid":{"rendered":"http:\/\/noticiascasadellibro.es\/?p=4977"},"modified":"2013-12-04T13:12:49","modified_gmt":"2013-12-04T12:12:49","slug":"queridos-reyes-magos-quiero-que-me-traigais","status":"publish","type":"post","link":"https:\/\/www.casadellibro.com\/blog\/queridos-reyes-magos-quiero-que-me-traigais\/","title":{"rendered":"\u201cQueridos Reyes Magos, quiero que me traig\u00e1is\u2026\u201d"},"content":{"rendered":"<p style=\"text-align: center;\"><a href=\"http:\/\/noticiascasadellibro.es\/wp-content\/uploads\/2013\/12\/recomendaciones-navidadF.png\" target=\"_blank\" rel=\"noopener noreferrer\"><img decoding=\"async\" class=\"aligncenter  wp-image-4984\" src=\"http:\/\/noticiascasadellibro.es\/wp-content\/uploads\/2013\/12\/recomendaciones-navidadF-1024x593.png\" alt=\"recomendaciones-navidadF\" width=\"600\" \/><\/a><\/p>\n<p><b>Comienza diciembre y con \u00e9l la cuenta atr\u00e1s para las Navidades<\/b>, unas fechas muy esperadas siempre por los m\u00e1s peque\u00f1os de la casa\u2026 \u00a1y tambi\u00e9n por Zyro, por supuesto!<\/p>\n<p>De hecho, \u00e9l ya est\u00e1 redactando la carta a Pap\u00e1 Noel y tambi\u00e9n a sus Majestades los Reyes Magos porque ya tiene clar\u00edsimo qu\u00e9 quiere que le traigan. Para ser sinceros, si por \u00e9l fuera el listado de libros que pedir\u00eda ser\u00eda enooooorme, pero como tiene que elegir, ha pensado quedarse con estos 4 y quiere compartirlos con vosotros para daros ideas a los papis de qu\u00e9 les puede interesar a vuestros peques.<\/p>\n<p>Por cierto, que si quer\u00e9is tener un detallito con el mejor amigo o amiga de vuestros peques, estas sugerencias os vendr\u00e1n tambi\u00e9n de perlas.<\/p>\n<p><a href=\"http:\/\/noticiascasadellibro.es\/wp-content\/uploads\/2013\/12\/leer-y-tocar-librojuego-9788492750986.jpg\" target=\"_blank\" rel=\"noopener noreferrer\"><img decoding=\"async\" class=\"alignleft  wp-image-4978\" style=\"margin-left: 7px; margin-right: 7px;\" src=\"http:\/\/noticiascasadellibro.es\/wp-content\/uploads\/2013\/12\/leer-y-tocar-librojuego-9788492750986.jpg\" alt=\"leer-y-tocar-librojuego-9788492750986\" width=\"160\" \/><\/a><\/p>\n<p><b><i><a href=\"http:\/\/www.casadellibro.com\/libro-leer-y-tocar-librojuego\/9788492750986\/2210018\">Leer y tocar. Librojuego<\/a><\/i><\/b><\/p>\n<p><a href=\"https:\/\/twitter.com\/search?q=%23Leerde5a8a%C3%B1os&amp;src=hash\">#Lectoresde0a4a\u00f1os<\/a><\/p>\n<p>\u00bfC\u00f3mo ladra el perro en espa\u00f1ol? \u00bfY en ingl\u00e9s? \u00bfDe qu\u00e9 color es el pato? \u00bfY c\u00f3mo se dice en ingl\u00e9s? Los colores, los n\u00fameros, las formas, las palabras y m\u00e1s, en este <b>sorprendente libro biling\u00fce para jugar y tocar<\/b>.<\/p>\n<p><a href=\"http:\/\/noticiascasadellibro.es\/wp-content\/uploads\/2013\/12\/ESTUDIO-DE-ANIMACION.jpg\" target=\"_blank\" rel=\"noopener noreferrer\"><img decoding=\"async\" class=\"alignleft  wp-image-4979\" style=\"margin-left: 7px; margin-right: 7px;\" src=\"http:\/\/noticiascasadellibro.es\/wp-content\/uploads\/2013\/12\/ESTUDIO-DE-ANIMACION.jpg\" alt=\"ESTUDIO-DE-ANIMACION\" width=\"160\" \/><\/a><\/p>\n<p><b><i><a href=\"http:\/\/www.casadellibro.com\/libro-estudio-de-animacion\/9788468309842\/2211007\">Estudio de animaci\u00f3n<\/a><\/i><\/b><\/p>\n<p><a href=\"https:\/\/twitter.com\/search?q=%23Leerde5a8a%C3%B1os&amp;src=hash\">#Lectoresde5a8a\u00f1os<\/a><\/p>\n<p>\u00a1Luces! \u00a1C\u00e1mara! \u00a1Acci\u00f3n! Aprende a realizar v\u00eddeos de animaci\u00f3n foto a foto como los profesionales. Con consejos y trucos de los expertos, descubrir\u00e1s t\u00e9cnicas de animaci\u00f3n 2-D y 3-D.<\/p>\n<p><a href=\"http:\/\/noticiascasadellibro.es\/wp-content\/uploads\/2013\/12\/torres-de-malory.png\" target=\"_blank\" rel=\"noopener noreferrer\"><img decoding=\"async\" class=\"alignleft  wp-image-4980\" style=\"margin-left: 7px; margin-right: 7px;\" src=\"http:\/\/noticiascasadellibro.es\/wp-content\/uploads\/2013\/12\/torres-de-malory-300x300.png\" alt=\"torres-de-malory\" width=\"160\" \/><\/a><\/p>\n<p><b><i><a href=\"http:\/\/www.casadellibro.com\/libro-torres-de-malory-todos-los-cursos\/9788498673319\/1218948\">Torres de Malory<\/a><\/i><\/b><\/p>\n<p><a href=\"https:\/\/twitter.com\/search?q=%23Leerde5a8a%C3%B1os&amp;src=hash\">#Lectoresde9a12a\u00f1os<\/a><\/p>\n<p>Las memorables aventuras de las chicas del internado Torres de Malory en un :amp;uacute;nico volumen. &amp;lt;;br \/:GT;1. Primer curso en Torres de Malory 2. Segundo grado en Torres de Malory 3. Tercer a:amp;ntilde;o en Torres de Malory 4. Cuarto curso en Torres de Malory 5. Quinto grado en Torres de Malory 6. :amp;Uacute;lt imo curso en Torres de Malory.<\/p>\n<p><a href=\"http:\/\/noticiascasadellibro.es\/wp-content\/uploads\/2013\/12\/CREATOR-6914-LEGO.jpg\" target=\"_blank\" rel=\"noopener noreferrer\"><img decoding=\"async\" class=\"alignleft  wp-image-4981\" style=\"margin-left: 7px; margin-right: 7px;\" src=\"http:\/\/noticiascasadellibro.es\/wp-content\/uploads\/2013\/12\/CREATOR-6914-LEGO-300x278.jpg\" alt=\"CREATOR-6914-LEGO\" width=\"160\" \/><\/a><\/p>\n<p><b><i><a href=\"http:\/\/creator.us.lego.com\/es-es\/Products\/6914.aspx\">Creator animales prehist\u00f3ricos<\/a><\/i><\/b><\/p>\n<p>#JuegoEducativo<\/p>\n<p>\u00a1Huye, este temible T-Rex est\u00e1 fuera de control! Su boca, repleta de dientes, se abre y sus poderosas patas y su larga cola se mueven. \u00a1Este dinosaurio no ha venido a jugar! Construye tambi\u00e9n un pterod\u00e1ctilo con alas m\u00f3viles o un braquiosaurio articulado.<\/p>\n<p>*<i>Este juego educativo se puede encontrar directamente en las librer\u00edas f\u00edsicas.<\/i><\/p>\n<p>Adem\u00e1s, no te pierdas el fascinante\u00a0<a title=\"mundo manga\" href=\"https:\/\/www.casadellibro.com\/libros\/comics\/manga\/411006000\">mundo manga<\/a>. Encuentra los mejores de la historia en Casa del Libro.<\/p>\n","protected":false},"excerpt":{"rendered":"<p>Comienza diciembre y con \u00e9l la cuenta atr\u00e1s para las Navidades, unas fechas muy esperadas siempre por los m\u00e1s peque\u00f1os de la casa\u2026 \u00a1y tambi\u00e9n por Zyro, por supuesto! De hecho, \u00e9l ya est\u00e1 redactando la carta a Pap\u00e1 Noel y tambi\u00e9n a sus Majestades los Reyes Magos porque ya tiene clar\u00edsimo qu\u00e9 quiere que [&hellip;]<\/p>\n","protected":false},"author":2,"featured_media":4984,"comment_status":"open","ping_status":"open","sticky":false,"template":"","format":"standard","meta":{"tdm_status":"","tdm_grid_status":"","footnotes":""},"categories":[29],"tags":[],"class_list":{"0":"post-4977","1":"post","2":"type-post","3":"status-publish","4":"format-standard","5":"has-post-thumbnail","7":"category-recomendaciones"},"yoast_head":"<!-- This site is optimized with the Yoast SEO plugin v26.8 - https:\/\/yoast.com\/product\/yoast-seo-wordpress\/ -->\n<title>\u201cQueridos Reyes Magos, quiero que me traig\u00e1is\u2026\u201d | Casa del Libro<\/title>\n<meta name=\"robots\" content=\"index, follow, max-snippet:-1, max-image-preview:large, max-video-preview:-1\" \/>\n<link rel=\"canonical\" href=\"https:\/\/www.casadellibro.com\/blog\/queridos-reyes-magos-quiero-que-me-traigais\/\" \/>\n<meta property=\"og:locale\" content=\"es_ES\" \/>\n<meta property=\"og:type\" content=\"article\" \/>\n<meta property=\"og:title\" content=\"\u201cQueridos Reyes Magos, quiero que me traig\u00e1is\u2026\u201d | Casa del Libro\" \/>\n<meta property=\"og:description\" content=\"Comienza diciembre y con \u00e9l la cuenta atr\u00e1s para las Navidades, unas fechas muy esperadas siempre por los m\u00e1s peque\u00f1os de la casa\u2026 \u00a1y tambi\u00e9n por Zyro, por supuesto! De hecho, \u00e9l ya est\u00e1 redactando la carta a Pap\u00e1 Noel y tambi\u00e9n a sus Majestades los Reyes Magos porque ya tiene clar\u00edsimo qu\u00e9 quiere que [&hellip;]\" \/>\n<meta property=\"og:url\" content=\"https:\/\/www.casadellibro.com\/blog\/queridos-reyes-magos-quiero-que-me-traigais\/\" \/>\n<meta property=\"og:site_name\" content=\"Blog Casa del Libro\" \/>\n<meta property=\"article:publisher\" content=\"https:\/\/www.facebook.com\/casadellibro\" \/>\n<meta property=\"article:published_time\" content=\"2013-12-04T12:12:49+00:00\" \/>\n<meta property=\"og:image\" content=\"https:\/\/www.casadellibro.com\/blog\/wp-content\/uploads\/2025\/01\/Favicon.png\" \/>\n\t<meta property=\"og:image:width\" content=\"512\" \/>\n\t<meta property=\"og:image:height\" content=\"512\" \/>\n\t<meta property=\"og:image:type\" content=\"image\/png\" \/>\n<meta name=\"author\" content=\"Casa del Libro\" \/>\n<meta name=\"twitter:card\" content=\"summary_large_image\" \/>\n<meta name=\"twitter:creator\" content=\"@casadellibro\" \/>\n<meta name=\"twitter:site\" content=\"@casadellibro\" \/>\n<meta name=\"twitter:label1\" content=\"Written by\" \/>\n\t<meta name=\"twitter:data1\" content=\"Casa del Libro\" \/>\n\t<meta name=\"twitter:label2\" content=\"Est. reading time\" \/>\n\t<meta name=\"twitter:data2\" content=\"2 minutos\" \/>\n<script type=\"application\/ld+json\" class=\"yoast-schema-graph\">{\"@context\":\"https:\/\/schema.org\",\"@graph\":[{\"@type\":\"Article\",\"@id\":\"https:\/\/www.casadellibro.com\/blog\/queridos-reyes-magos-quiero-que-me-traigais\/#article\",\"isPartOf\":{\"@id\":\"https:\/\/www.casadellibro.com\/blog\/queridos-reyes-magos-quiero-que-me-traigais\/\"},\"author\":{\"name\":\"Casa del Libro\",\"@id\":\"https:\/\/www.casadellibro.com\/blog\/#\/schema\/person\/4c5249ad5735629a37e929060c823fe5\"},\"headline\":\"\u201cQueridos Reyes Magos, quiero que me traig\u00e1is\u2026\u201d\",\"datePublished\":\"2013-12-04T12:12:49+00:00\",\"mainEntityOfPage\":{\"@id\":\"https:\/\/www.casadellibro.com\/blog\/queridos-reyes-magos-quiero-que-me-traigais\/\"},\"wordCount\":397,\"commentCount\":0,\"publisher\":{\"@id\":\"https:\/\/www.casadellibro.com\/blog\/#organization\"},\"image\":{\"@id\":\"https:\/\/www.casadellibro.com\/blog\/queridos-reyes-magos-quiero-que-me-traigais\/#primaryimage\"},\"thumbnailUrl\":\"\",\"articleSection\":[\"Recomendaciones\"],\"inLanguage\":\"es\",\"potentialAction\":[{\"@type\":\"CommentAction\",\"name\":\"Comment\",\"target\":[\"https:\/\/www.casadellibro.com\/blog\/queridos-reyes-magos-quiero-que-me-traigais\/#respond\"]}]},{\"@type\":\"WebPage\",\"@id\":\"https:\/\/www.casadellibro.com\/blog\/queridos-reyes-magos-quiero-que-me-traigais\/\",\"url\":\"https:\/\/www.casadellibro.com\/blog\/queridos-reyes-magos-quiero-que-me-traigais\/\",\"name\":\"\u201cQueridos Reyes Magos, quiero que me traig\u00e1is\u2026\u201d | Casa del Libro\",\"isPartOf\":{\"@id\":\"https:\/\/www.casadellibro.com\/blog\/#website\"},\"primaryImageOfPage\":{\"@id\":\"https:\/\/www.casadellibro.com\/blog\/queridos-reyes-magos-quiero-que-me-traigais\/#primaryimage\"},\"image\":{\"@id\":\"https:\/\/www.casadellibro.com\/blog\/queridos-reyes-magos-quiero-que-me-traigais\/#primaryimage\"},\"thumbnailUrl\":\"\",\"datePublished\":\"2013-12-04T12:12:49+00:00\",\"breadcrumb\":{\"@id\":\"https:\/\/www.casadellibro.com\/blog\/queridos-reyes-magos-quiero-que-me-traigais\/#breadcrumb\"},\"inLanguage\":\"es\",\"potentialAction\":[{\"@type\":\"ReadAction\",\"target\":[\"https:\/\/www.casadellibro.com\/blog\/queridos-reyes-magos-quiero-que-me-traigais\/\"]}]},{\"@type\":\"ImageObject\",\"inLanguage\":\"es\",\"@id\":\"https:\/\/www.casadellibro.com\/blog\/queridos-reyes-magos-quiero-que-me-traigais\/#primaryimage\",\"url\":\"\",\"contentUrl\":\"\"},{\"@type\":\"BreadcrumbList\",\"@id\":\"https:\/\/www.casadellibro.com\/blog\/queridos-reyes-magos-quiero-que-me-traigais\/#breadcrumb\",\"itemListElement\":[{\"@type\":\"ListItem\",\"position\":1,\"name\":\"Casa del Libro\",\"item\":\"https:\/\/www.casadellibro.com\/blog\/\"},{\"@type\":\"ListItem\",\"position\":2,\"name\":\"\u201cQueridos Reyes Magos, quiero que me traig\u00e1is\u2026\u201d\"}]},{\"@type\":\"WebSite\",\"@id\":\"https:\/\/www.casadellibro.com\/blog\/#website\",\"url\":\"https:\/\/www.casadellibro.com\/blog\/\",\"name\":\"Blog Casa del Libro\",\"description\":\"Descubre todas las novedades en eBooks, eReaders y Libros en el Blog oficial de Casa del Libro, recomendaciones en eBook, eReader y Libro online\",\"publisher\":{\"@id\":\"https:\/\/www.casadellibro.com\/blog\/#organization\"},\"potentialAction\":[{\"@type\":\"SearchAction\",\"target\":{\"@type\":\"EntryPoint\",\"urlTemplate\":\"https:\/\/www.casadellibro.com\/blog\/?s={search_term_string}\"},\"query-input\":{\"@type\":\"PropertyValueSpecification\",\"valueRequired\":true,\"valueName\":\"search_term_string\"}}],\"inLanguage\":\"es\"},{\"@type\":\"Organization\",\"@id\":\"https:\/\/www.casadellibro.com\/blog\/#organization\",\"name\":\"Blog Casa del Libro\",\"url\":\"https:\/\/www.casadellibro.com\/blog\/\",\"logo\":{\"@type\":\"ImageObject\",\"inLanguage\":\"es\",\"@id\":\"https:\/\/www.casadellibro.com\/blog\/#\/schema\/logo\/image\/\",\"url\":\"https:\/\/www.casadellibro.com\/blog\/wp-content\/uploads\/2022\/04\/cropped-image-2-300x98-1.png\",\"contentUrl\":\"https:\/\/www.casadellibro.com\/blog\/wp-content\/uploads\/2022\/04\/cropped-image-2-300x98-1.png\",\"width\":300,\"height\":98,\"caption\":\"Blog Casa del Libro\"},\"image\":{\"@id\":\"https:\/\/www.casadellibro.com\/blog\/#\/schema\/logo\/image\/\"},\"sameAs\":[\"https:\/\/www.facebook.com\/casadellibro\",\"https:\/\/x.com\/casadellibro\",\"https:\/\/www.youtube.com\/user\/casadellibropuntocom\",\"https:\/\/es.pinterest.com\/casadellibro\/\",\"https:\/\/open.spotify.com\/user\/wi2k27ijtmw114f531okf8nd4?si=JEaWkM75S56kXufnbmExww&nd=1&dlsi=6959f4c0a6474806\"]},{\"@type\":\"Person\",\"@id\":\"https:\/\/www.casadellibro.com\/blog\/#\/schema\/person\/4c5249ad5735629a37e929060c823fe5\",\"name\":\"Casa del Libro\",\"image\":{\"@type\":\"ImageObject\",\"inLanguage\":\"es\",\"@id\":\"https:\/\/www.casadellibro.com\/blog\/#\/schema\/person\/image\/\",\"url\":\"https:\/\/secure.gravatar.com\/avatar\/1ac01d90ad8e35013aff9d51865aa025?s=96&d=identicon&r=g\",\"contentUrl\":\"https:\/\/secure.gravatar.com\/avatar\/1ac01d90ad8e35013aff9d51865aa025?s=96&d=identicon&r=g\",\"caption\":\"Casa del Libro\"}}]}<\/script>\n<!-- \/ Yoast SEO plugin. -->","yoast_head_json":{"title":"\u201cQueridos Reyes Magos, quiero que me traig\u00e1is\u2026\u201d | Casa del Libro","robots":{"index":"index","follow":"follow","max-snippet":"max-snippet:-1","max-image-preview":"max-image-preview:large","max-video-preview":"max-video-preview:-1"},"canonical":"https:\/\/www.casadellibro.com\/blog\/queridos-reyes-magos-quiero-que-me-traigais\/","og_locale":"es_ES","og_type":"article","og_title":"\u201cQueridos Reyes Magos, quiero que me traig\u00e1is\u2026\u201d | Casa del Libro","og_description":"Comienza diciembre y con \u00e9l la cuenta atr\u00e1s para las Navidades, unas fechas muy esperadas siempre por los m\u00e1s peque\u00f1os de la casa\u2026 \u00a1y tambi\u00e9n por Zyro, por supuesto! De hecho, \u00e9l ya est\u00e1 redactando la carta a Pap\u00e1 Noel y tambi\u00e9n a sus Majestades los Reyes Magos porque ya tiene clar\u00edsimo qu\u00e9 quiere que [&hellip;]","og_url":"https:\/\/www.casadellibro.com\/blog\/queridos-reyes-magos-quiero-que-me-traigais\/","og_site_name":"Blog Casa del Libro","article_publisher":"https:\/\/www.facebook.com\/casadellibro","article_published_time":"2013-12-04T12:12:49+00:00","og_image":[{"width":512,"height":512,"url":"https:\/\/www.casadellibro.com\/blog\/wp-content\/uploads\/2025\/01\/Favicon.png","type":"image\/png"}],"author":"Casa del Libro","twitter_card":"summary_large_image","twitter_creator":"@casadellibro","twitter_site":"@casadellibro","twitter_misc":{"Written by":"Casa del Libro","Est. reading time":"2 minutos"},"schema":{"@context":"https:\/\/schema.org","@graph":[{"@type":"Article","@id":"https:\/\/www.casadellibro.com\/blog\/queridos-reyes-magos-quiero-que-me-traigais\/#article","isPartOf":{"@id":"https:\/\/www.casadellibro.com\/blog\/queridos-reyes-magos-quiero-que-me-traigais\/"},"author":{"name":"Casa del Libro","@id":"https:\/\/www.casadellibro.com\/blog\/#\/schema\/person\/4c5249ad5735629a37e929060c823fe5"},"headline":"\u201cQueridos Reyes Magos, quiero que me traig\u00e1is\u2026\u201d","datePublished":"2013-12-04T12:12:49+00:00","mainEntityOfPage":{"@id":"https:\/\/www.casadellibro.com\/blog\/queridos-reyes-magos-quiero-que-me-traigais\/"},"wordCount":397,"commentCount":0,"publisher":{"@id":"https:\/\/www.casadellibro.com\/blog\/#organization"},"image":{"@id":"https:\/\/www.casadellibro.com\/blog\/queridos-reyes-magos-quiero-que-me-traigais\/#primaryimage"},"thumbnailUrl":"","articleSection":["Recomendaciones"],"inLanguage":"es","potentialAction":[{"@type":"CommentAction","name":"Comment","target":["https:\/\/www.casadellibro.com\/blog\/queridos-reyes-magos-quiero-que-me-traigais\/#respond"]}]},{"@type":"WebPage","@id":"https:\/\/www.casadellibro.com\/blog\/queridos-reyes-magos-quiero-que-me-traigais\/","url":"https:\/\/www.casadellibro.com\/blog\/queridos-reyes-magos-quiero-que-me-traigais\/","name":"\u201cQueridos Reyes Magos, quiero que me traig\u00e1is\u2026\u201d | Casa del Libro","isPartOf":{"@id":"https:\/\/www.casadellibro.com\/blog\/#website"},"primaryImageOfPage":{"@id":"https:\/\/www.casadellibro.com\/blog\/queridos-reyes-magos-quiero-que-me-traigais\/#primaryimage"},"image":{"@id":"https:\/\/www.casadellibro.com\/blog\/queridos-reyes-magos-quiero-que-me-traigais\/#primaryimage"},"thumbnailUrl":"","datePublished":"2013-12-04T12:12:49+00:00","breadcrumb":{"@id":"https:\/\/www.casadellibro.com\/blog\/queridos-reyes-magos-quiero-que-me-traigais\/#breadcrumb"},"inLanguage":"es","potentialAction":[{"@type":"ReadAction","target":["https:\/\/www.casadellibro.com\/blog\/queridos-reyes-magos-quiero-que-me-traigais\/"]}]},{"@type":"ImageObject","inLanguage":"es","@id":"https:\/\/www.casadellibro.com\/blog\/queridos-reyes-magos-quiero-que-me-traigais\/#primaryimage","url":"","contentUrl":""},{"@type":"BreadcrumbList","@id":"https:\/\/www.casadellibro.com\/blog\/queridos-reyes-magos-quiero-que-me-traigais\/#breadcrumb","itemListElement":[{"@type":"ListItem","position":1,"name":"Casa del Libro","item":"https:\/\/www.casadellibro.com\/blog\/"},{"@type":"ListItem","position":2,"name":"\u201cQueridos Reyes Magos, quiero que me traig\u00e1is\u2026\u201d"}]},{"@type":"WebSite","@id":"https:\/\/www.casadellibro.com\/blog\/#website","url":"https:\/\/www.casadellibro.com\/blog\/","name":"Blog Casa del Libro","description":"Descubre todas las novedades en eBooks, eReaders y Libros en el Blog oficial de Casa del Libro, recomendaciones en eBook, eReader y Libro online","publisher":{"@id":"https:\/\/www.casadellibro.com\/blog\/#organization"},"potentialAction":[{"@type":"SearchAction","target":{"@type":"EntryPoint","urlTemplate":"https:\/\/www.casadellibro.com\/blog\/?s={search_term_string}"},"query-input":{"@type":"PropertyValueSpecification","valueRequired":true,"valueName":"search_term_string"}}],"inLanguage":"es"},{"@type":"Organization","@id":"https:\/\/www.casadellibro.com\/blog\/#organization","name":"Blog Casa del Libro","url":"https:\/\/www.casadellibro.com\/blog\/","logo":{"@type":"ImageObject","inLanguage":"es","@id":"https:\/\/www.casadellibro.com\/blog\/#\/schema\/logo\/image\/","url":"https:\/\/www.casadellibro.com\/blog\/wp-content\/uploads\/2022\/04\/cropped-image-2-300x98-1.png","contentUrl":"https:\/\/www.casadellibro.com\/blog\/wp-content\/uploads\/2022\/04\/cropped-image-2-300x98-1.png","width":300,"height":98,"caption":"Blog Casa del Libro"},"image":{"@id":"https:\/\/www.casadellibro.com\/blog\/#\/schema\/logo\/image\/"},"sameAs":["https:\/\/www.facebook.com\/casadellibro","https:\/\/x.com\/casadellibro","https:\/\/www.youtube.com\/user\/casadellibropuntocom","https:\/\/es.pinterest.com\/casadellibro\/","https:\/\/open.spotify.com\/user\/wi2k27ijtmw114f531okf8nd4?si=JEaWkM75S56kXufnbmExww&nd=1&dlsi=6959f4c0a6474806"]},{"@type":"Person","@id":"https:\/\/www.casadellibro.com\/blog\/#\/schema\/person\/4c5249ad5735629a37e929060c823fe5","name":"Casa del Libro","image":{"@type":"ImageObject","inLanguage":"es","@id":"https:\/\/www.casadellibro.com\/blog\/#\/schema\/person\/image\/","url":"https:\/\/secure.gravatar.com\/avatar\/1ac01d90ad8e35013aff9d51865aa025?s=96&d=identicon&r=g","contentUrl":"https:\/\/secure.gravatar.com\/avatar\/1ac01d90ad8e35013aff9d51865aa025?s=96&d=identicon&r=g","caption":"Casa del Libro"}}]}},"_links":{"self":[{"href":"https:\/\/www.casadellibro.com\/blog\/wp-json\/wp\/v2\/posts\/4977","targetHints":{"allow":["GET"]}}],"collection":[{"href":"https:\/\/www.casadellibro.com\/blog\/wp-json\/wp\/v2\/posts"}],"about":[{"href":"https:\/\/www.casadellibro.com\/blog\/wp-json\/wp\/v2\/types\/post"}],"author":[{"embeddable":true,"href":"https:\/\/www.casadellibro.com\/blog\/wp-json\/wp\/v2\/users\/2"}],"replies":[{"embeddable":true,"href":"https:\/\/www.casadellibro.com\/blog\/wp-json\/wp\/v2\/comments?post=4977"}],"version-history":[{"count":0,"href":"https:\/\/www.casadellibro.com\/blog\/wp-json\/wp\/v2\/posts\/4977\/revisions"}],"wp:featuredmedia":[{"embeddable":true,"href":"https:\/\/www.casadellibro.com\/blog\/wp-json\/"}],"wp:attachment":[{"href":"https:\/\/www.casadellibro.com\/blog\/wp-json\/wp\/v2\/media?parent=4977"}],"wp:term":[{"taxonomy":"category","embeddable":true,"href":"https:\/\/www.casadellibro.com\/blog\/wp-json\/wp\/v2\/categories?post=4977"},{"taxonomy":"post_tag","embeddable":true,"href":"https:\/\/www.casadellibro.com\/blog\/wp-json\/wp\/v2\/tags?post=4977"}],"curies":[{"name":"wp","href":"https:\/\/api.w.org\/{rel}","templated":true}]}}