{"id":5700,"date":"2014-03-31T09:45:43","date_gmt":"2014-03-31T07:45:43","guid":{"rendered":"http:\/\/noticiascasadellibro.es\/?p=5700"},"modified":"2014-03-31T09:45:43","modified_gmt":"2014-03-31T07:45:43","slug":"dia-del-libro-infantil-y-cumpleanos-de-zyro","status":"publish","type":"post","link":"https:\/\/www.casadellibro.com\/blog\/dia-del-libro-infantil-y-cumpleanos-de-zyro\/","title":{"rendered":"D\u00eda del Libro Infantil y \u00a1Cumplea\u00f1os de Zyro!"},"content":{"rendered":"<p style=\"text-align: center;\"><img loading=\"lazy\" decoding=\"async\" class=\" wp-image-5749 aligncenter\" src=\"http:\/\/noticiascasadellibro.es\/wp-content\/uploads\/2014\/03\/CL-DIA-LIBRO-INFANTIL-2014-RRSS-850x315.jpg\" alt=\"D\u00eda del Libro infantil y juvenil. El mundo de Zyro\" width=\"620\" height=\"230\" \/><\/p>\n<p><span style=\"font-size: 13px;\">El d\u00eda <\/span><strong style=\"font-size: 13px;\">02 de abril<\/strong><span style=\"font-size: 13px;\"> se celebra desde el <\/span><strong style=\"font-size: 13px;\">D\u00eda Internacional del Libro Infantil<\/strong><span style=\"font-size: 13px;\">\u00a0con el fin de promocionar los libros y la lectura entre los m\u00e1s j\u00f3venes. Es adem\u00e1s, un d\u00eda perfecto para acercar el mundo de la lectura a los m\u00e1s peque\u00f1os y fomentar el h\u00e1bito entre los j\u00f3venes.\u00a0La fecha coincide con el\u00a0nacimiento del escritor dan\u00e9s\u00a0<\/span><strong style=\"font-size: 13px;\">Hans Christian Andersen<\/strong><span style=\"font-size: 13px;\">, y se celebra desde 1967.<\/span><\/p>\n<p>En Casa del Libro nos unimos a esta celebraci\u00f3n y hemos preparado una cuidada selecci\u00f3n de t\u00edtulos con un <strong>5% de descuento adicional, <\/strong>desde cl\u00e1sicos de la literatura adaptados a los m\u00e1s peque\u00f1os hasta t\u00edtulos m\u00e1s actuales que se convertir\u00e1n en imprescindibles de las bibliotecas de los ni\u00f1os y de toda la familia.\u00a0Podr\u00e1s encontrar estos libros infantiles con descuento en nuestras librer\u00edas, del 31 de marzo al 06 de abril.<\/p>\n<p><a title=\"Un libro Herve Tullet\" href=\"http:\/\/www.casadellibro.com\/libro-un-libro\/9788492750368\/1824984\" target=\"_blank\" rel=\"noopener noreferrer\"><img loading=\"lazy\" decoding=\"async\" class=\"alignleft size-medium wp-image-5718\" src=\"http:\/\/noticiascasadellibro.es\/wp-content\/uploads\/2014\/03\/UN-LIBRO-HERVE-TULLET-comprar-el-libro-en-tu-librer\u00eda-online-Casa-del-Libro-263x300.jpg\" alt=\"N LIBRO - HERVE TULLET, comprar el libro en tu librer\u00eda online Casa del Libro\" width=\"263\" height=\"300\" \/><\/a><\/p>\n<p>1.\u00a0<a title=\"Un libro Herv\u00e9 Tullet\" href=\"http:\/\/www.casadellibro.com\/libro-un-libro\/9788492750368\/1824984\" target=\"_blank\" rel=\"noopener noreferrer\">UN LIBRO &#8211; Herv\u00e9 Tullet\u00a0<\/a><\/p>\n<p>Al abrir este libro solo se ve un c\u00edrculo amarillo sobre la p\u00e1gina en blanco. Entonces, se invita al lector a pulsar ese c\u00edrculo con el dedo y averiguar qu\u00e9 ocurre. \u00bfQu\u00e9 ni\u00f1o curioso podr\u00eda resistirse a semejante desaf\u00edo?\u00a0Para saber la respuesta simplemente hay que dar la vuelta a la p\u00e1gina\u0085 \u00a1Y as\u00ed empieza la magia!<\/p>\n<p><a title=\"Emocionario Casa del Libro\" href=\"http:\/\/www.casadellibro.com\/libro-emocionario\/9788494151309\/2196897\" target=\"_blank\" rel=\"noopener noreferrer\"><img loading=\"lazy\" decoding=\"async\" class=\"alignright size-medium wp-image-5714\" src=\"http:\/\/noticiascasadellibro.es\/wp-content\/uploads\/2014\/03\/Emocionario-9788494151309-Casa-del-Libro-274x300.jpg\" alt=\"Emocionario-9788494151309 Casa del Libro\" width=\"274\" height=\"300\" \/><\/a><br \/>\n2.<a title=\"Emocionario CRISTINA NU\u00d1EZ; RAFAEL ROMERO ISBN 9788494151309\" href=\"http:\/\/www.casadellibro.com\/libro-emocionario\/9788494151309\/2196897\" target=\"_blank\" rel=\"noopener noreferrer\"> EMOCIONARIO &#8211; Cristina Nu\u00f1ez; Rafael Romero<\/a><\/p>\n<p>Emocionario es un completo itinerario a trav\u00e9s de las emociones que tenemos cualquier ser humano. Con esta herramienta los ni\u00f1os crecer\u00e1n aprendiendo a identificar cualquier sentimiento y aprender\u00e1n a controlarlos.<\/p>\n<h1><\/h1>\n<p><a title=\"los mejores cuentos de Gloria Fuertes\" href=\"http:\/\/www.casadellibro.com\/libro-los-mejores-cuentos-de-gloria-fuertes\/9788430524020\/1268552\" target=\"_blank\" rel=\"noopener noreferrer\"><img loading=\"lazy\" decoding=\"async\" class=\"size-medium wp-image-5717 alignleft\" src=\"http:\/\/noticiascasadellibro.es\/wp-content\/uploads\/2014\/03\/S0031007-250x300.jpg\" alt=\"Los mejores cuentos de Gloria Fuertes\" width=\"250\" height=\"300\" \/><\/a><\/p>\n<p>3.<a title=\"Los mejores cuentos de Gloria Fuertes\" href=\"http:\/\/www.casadellibro.com\/libro-los-mejores-cuentos-de-gloria-fuertes\/9788430524020\/1268552\" target=\"_blank\" rel=\"noopener noreferrer\"> LOS MEJORES CUENTOS DE GLORIA FUERTES<\/a><\/p>\n<p>Un gran libro para todos, lleno de ilustraciones simp\u00e1ticas e imaginativas, que nos har\u00e1 pasar un buen rato leyendo los mejores cuentos de Gloria Fuertes, siempre divertidos, originales y sorprendentes. Un volumen que no debe faltar en nuestra biblioteca.<\/p>\n<p><a title=\"Don quijote de la Macha pictogramas\" href=\"http:\/\/www.casadellibro.com\/libro-don-quijote-de-la-mancha-pictogramas\/9788467502879\/989469\" target=\"_blank\" rel=\"noopener noreferrer\"><img loading=\"lazy\" decoding=\"async\" class=\"alignright size-medium wp-image-5713\" src=\"http:\/\/noticiascasadellibro.es\/wp-content\/uploads\/2014\/03\/Don-quijote-de-la-Mancha-9788467502879-230x300.jpg\" alt=\"Don quijote de la Mancha 9788467502879\" width=\"230\" height=\"300\" \/><\/a><\/p>\n<p>4. <a title=\"Don Quijote de la Mancha Pictogramas\" href=\"http:\/\/www.casadellibro.com\/libro-don-quijote-de-la-mancha-pictogramas\/9788467502879\/989469\" target=\"_blank\" rel=\"noopener noreferrer\">DON QUIJOTE DE LA MANCHA<\/a> (Pictogramas)<\/p>\n<p>Este libro recita en versos sencillos las m\u00e1s famosas aventuras de Don Quijote de la Macha. Un libro ideal para primeros lectores que, con la ayuda de los pictogramas, se divertir\u00e1n leyendo las aventuras de este cl\u00e1sico de la literatura universal.<\/p>\n<p><a title=\"Platero y yo\" href=\"http:\/\/www.casadellibro.com\/libro-platero-y-yo\/9788467860894\/2266755\" target=\"_blank\" rel=\"noopener noreferrer\"><img loading=\"lazy\" decoding=\"async\" class=\"alignleft size-medium wp-image-5716\" src=\"http:\/\/noticiascasadellibro.es\/wp-content\/uploads\/2014\/03\/platero-y-yo-9788467860894-203x300.jpg\" alt=\"Platero y yo Juan Ram\u00f3n Jim\u00e9nez\" width=\"203\" height=\"300\" \/><\/a><\/p>\n<p>5. <a title=\"Platero y yo Juan Ram\u00f3n Jim\u00e9nez \" href=\"http:\/\/www.casadellibro.com\/libro-platero-y-yo\/9788467860894\/2266755\" target=\"_blank\" rel=\"noopener noreferrer\">PLATERO Y YO &#8211; Juan Ram\u00f3n Jim\u00e9nez<\/a><\/p>\n<p>Platero ser\u00e1 el objeto de la exteriorizaci\u00f3n po\u00e9tica de Juan Ram\u00f3n, el ser que le mueve a la manifestaci\u00f3n l\u00edrica, y quien parece entender todo lo que nombra el poeta.\u00a0Este personaje creado por Juan Ram\u00f3n, no es un burro concreto, pues como \u00e9l mismo dice: \u201cEn realidad, mi Platero no es un solo burro, sino varios, una s\u00edntesis de burros plateros. Yo tuve de muchacho y de joven varios. Todos eran plateros\u201d.<\/p>\n<p><a title=\"las divertidas aventuras de las letras\" href=\"http:\/\/www.casadellibro.com\/libro-las-divertidas-aventuras-de-las-letras\/9788421685129\/1809588\" target=\"_blank\" rel=\"noopener noreferrer\"><img loading=\"lazy\" decoding=\"async\" class=\"size-medium wp-image-5715 alignright\" src=\"http:\/\/noticiascasadellibro.es\/wp-content\/uploads\/2014\/03\/las-divertidas-aventuras-de-las-letras-9788421685129-300x292.jpg\" alt=\"Las divertidas aventuras de las letras 9788421685129\" width=\"300\" height=\"292\" \/><\/a><\/p>\n<p><span style=\"font-size: 13px;\">6. <\/span><a style=\"font-size: 13px;\" title=\"LAS DIVERTIDAS AVENTURAS DE LAS LETRAS\" href=\"http:\/\/www.casadellibro.com\/libro-las-divertidas-aventuras-de-las-letras\/9788421685129\/1809588\" target=\"_blank\" rel=\"noopener noreferrer\">LAS DIVERTIDAS AVENTURAS DE LAS LETRAS<\/a><\/p>\n<p>Las divertidas aventuras de las letras, de la A a la Z, quedan recogidas en estos 29 cuentos, uno por cada sonido del abecedario. Cada sonido, personalizado en un simp\u00e1tico dibujo, es protagonista de su propia historia, y as\u00ed, la A es una aventurera que pasea por la selva africana; la B tiene un poco de barriga porque le encanta comer bizcochos&#8230; y as\u00ed hasta la Z, que es zapatera. Textos adaptados a la edad prelectora, en letra manuscrita y con el sonido protagonista de cada cuento destacado en color a lo largo de sus p\u00e1ginas.<\/p>\n<h1><\/h1>\n<p><span style=\"font-size: 13px;\"><a href=\"http:\/\/noticiascasadellibro.es\/wp-content\/uploads\/2014\/03\/CL-DIA-LIBRO-INFANTIL-2014-A41.jpg\"><img loading=\"lazy\" decoding=\"async\" class=\"alignleft size-medium wp-image-5767\" src=\"http:\/\/noticiascasadellibro.es\/wp-content\/uploads\/2014\/03\/CL-DIA-LIBRO-INFANTIL-2014-A41-212x300.jpg\" alt=\"Dia Libro Infantil 2 abril. Casa del Libro\" width=\"212\" height=\"300\" \/><\/a>Recuerda que el 02 de Abril es el <strong>D\u00eda del Libro Infantil y Juvenil<\/strong> y adem\u00e1s&#8230; \u00a1\u00a1es el <strong>cumplea\u00f1os de Zyro<\/strong>!! <\/span><\/p>\n<p><span style=\"font-size: 13px;\">Nuestro curioso gato <strong>Zyro cumple 2 a\u00f1os<\/strong> y sigue descubriendo y disfrutando de los libros junto a sus amigos Palabrejas y Tata la Pata y por supuesto, quiere celebrarlo con los m\u00e1s peque\u00f1os.\u00a0<\/span><span style=\"font-size: 13px;\">Descubre nuestra selecci\u00f3n de imprescindibles de la literatura infantil con un 5% de descuento, del 31 de marzo al 06 de abril.\u00a0<\/span><\/p>\n<p>\u00a1\u00a1Y no te olvides de felicitar a Zyro!! \ud83d\ude42<\/p>\n<p>Adem\u00e1s, encuentra todos tus\u00a0<a title=\"mangas\" href=\"https:\/\/www.casadellibro.com\/libros\/comics\/manga\/411006000\">mangas<\/a>\u00a0favoritos en nuestra tienda online.<\/p>\n<div class=\"et_social_inline et_social_mobile_on et_social_inline_bottom\">\n<div class=\"et_social_networks et_social_4col et_social_slide et_social_rounded et_social_left et_social_no_animation et_social_withnetworknames et_social_outer_dark\">\n<ul class=\"et_social_icons_container\">\n<li class=\"et_social_facebook\"><\/li>\n<\/ul>\n<\/div>\n<\/div>\n","protected":false},"excerpt":{"rendered":"<p>El d\u00eda 02 de abril se celebra desde el D\u00eda Internacional del Libro Infantil\u00a0con el fin de promocionar los libros y la lectura entre los m\u00e1s j\u00f3venes. Es adem\u00e1s, un d\u00eda perfecto para acercar el mundo de la lectura a los m\u00e1s peque\u00f1os y fomentar el h\u00e1bito entre los j\u00f3venes.\u00a0La fecha coincide con el\u00a0nacimiento del [&hellip;]<\/p>\n","protected":false},"author":2,"featured_media":0,"comment_status":"open","ping_status":"open","sticky":false,"template":"","format":"standard","meta":{"tdm_status":"","tdm_grid_status":"","footnotes":""},"categories":[29],"tags":[767,200],"class_list":{"0":"post-5700","1":"post","2":"type-post","3":"status-publish","4":"format-standard","6":"category-recomendaciones","7":"tag-descuento","8":"tag-literatura-infantil"},"yoast_head":"<!-- This site is optimized with the Yoast SEO plugin v26.8 - https:\/\/yoast.com\/product\/yoast-seo-wordpress\/ -->\n<title>D\u00eda del Libro Infantil y \u00a1Cumplea\u00f1os de Zyro! | Casa del Libro<\/title>\n<meta name=\"robots\" content=\"index, follow, max-snippet:-1, max-image-preview:large, max-video-preview:-1\" \/>\n<link rel=\"canonical\" href=\"https:\/\/www.casadellibro.com\/blog\/dia-del-libro-infantil-y-cumpleanos-de-zyro\/\" \/>\n<meta property=\"og:locale\" content=\"es_ES\" \/>\n<meta property=\"og:type\" content=\"article\" \/>\n<meta property=\"og:title\" content=\"D\u00eda del Libro Infantil y \u00a1Cumplea\u00f1os de Zyro! | Casa del Libro\" \/>\n<meta property=\"og:description\" content=\"El d\u00eda 02 de abril se celebra desde el D\u00eda Internacional del Libro Infantil\u00a0con el fin de promocionar los libros y la lectura entre los m\u00e1s j\u00f3venes. Es adem\u00e1s, un d\u00eda perfecto para acercar el mundo de la lectura a los m\u00e1s peque\u00f1os y fomentar el h\u00e1bito entre los j\u00f3venes.\u00a0La fecha coincide con el\u00a0nacimiento del [&hellip;]\" \/>\n<meta property=\"og:url\" content=\"https:\/\/www.casadellibro.com\/blog\/dia-del-libro-infantil-y-cumpleanos-de-zyro\/\" \/>\n<meta property=\"og:site_name\" content=\"Blog Casa del Libro\" \/>\n<meta property=\"article:publisher\" content=\"https:\/\/www.facebook.com\/casadellibro\" \/>\n<meta property=\"article:published_time\" content=\"2014-03-31T07:45:43+00:00\" \/>\n<meta property=\"og:image\" content=\"http:\/\/noticiascasadellibro.es\/wp-content\/uploads\/2014\/03\/CL-DIA-LIBRO-INFANTIL-2014-RRSS-850x315.jpg\" \/>\n<meta name=\"author\" content=\"Casa del Libro\" \/>\n<meta name=\"twitter:card\" content=\"summary_large_image\" \/>\n<meta name=\"twitter:creator\" content=\"@casadellibro\" \/>\n<meta name=\"twitter:site\" content=\"@casadellibro\" \/>\n<meta name=\"twitter:label1\" content=\"Written by\" \/>\n\t<meta name=\"twitter:data1\" content=\"Casa del Libro\" \/>\n\t<meta name=\"twitter:label2\" content=\"Est. reading time\" \/>\n\t<meta name=\"twitter:data2\" content=\"3 minutos\" \/>\n<script type=\"application\/ld+json\" class=\"yoast-schema-graph\">{\"@context\":\"https:\/\/schema.org\",\"@graph\":[{\"@type\":\"Article\",\"@id\":\"https:\/\/www.casadellibro.com\/blog\/dia-del-libro-infantil-y-cumpleanos-de-zyro\/#article\",\"isPartOf\":{\"@id\":\"https:\/\/www.casadellibro.com\/blog\/dia-del-libro-infantil-y-cumpleanos-de-zyro\/\"},\"author\":{\"name\":\"Casa del Libro\",\"@id\":\"https:\/\/www.casadellibro.com\/blog\/#\/schema\/person\/4c5249ad5735629a37e929060c823fe5\"},\"headline\":\"D\u00eda del Libro Infantil y \u00a1Cumplea\u00f1os de Zyro!\",\"datePublished\":\"2014-03-31T07:45:43+00:00\",\"mainEntityOfPage\":{\"@id\":\"https:\/\/www.casadellibro.com\/blog\/dia-del-libro-infantil-y-cumpleanos-de-zyro\/\"},\"wordCount\":662,\"commentCount\":0,\"publisher\":{\"@id\":\"https:\/\/www.casadellibro.com\/blog\/#organization\"},\"image\":{\"@id\":\"https:\/\/www.casadellibro.com\/blog\/dia-del-libro-infantil-y-cumpleanos-de-zyro\/#primaryimage\"},\"thumbnailUrl\":\"http:\/\/noticiascasadellibro.es\/wp-content\/uploads\/2014\/03\/CL-DIA-LIBRO-INFANTIL-2014-RRSS-850x315.jpg\",\"keywords\":[\"descuento\",\"Literatura infantil\"],\"articleSection\":[\"Recomendaciones\"],\"inLanguage\":\"es\",\"potentialAction\":[{\"@type\":\"CommentAction\",\"name\":\"Comment\",\"target\":[\"https:\/\/www.casadellibro.com\/blog\/dia-del-libro-infantil-y-cumpleanos-de-zyro\/#respond\"]}]},{\"@type\":\"WebPage\",\"@id\":\"https:\/\/www.casadellibro.com\/blog\/dia-del-libro-infantil-y-cumpleanos-de-zyro\/\",\"url\":\"https:\/\/www.casadellibro.com\/blog\/dia-del-libro-infantil-y-cumpleanos-de-zyro\/\",\"name\":\"D\u00eda del Libro Infantil y \u00a1Cumplea\u00f1os de Zyro! | Casa del Libro\",\"isPartOf\":{\"@id\":\"https:\/\/www.casadellibro.com\/blog\/#website\"},\"primaryImageOfPage\":{\"@id\":\"https:\/\/www.casadellibro.com\/blog\/dia-del-libro-infantil-y-cumpleanos-de-zyro\/#primaryimage\"},\"image\":{\"@id\":\"https:\/\/www.casadellibro.com\/blog\/dia-del-libro-infantil-y-cumpleanos-de-zyro\/#primaryimage\"},\"thumbnailUrl\":\"http:\/\/noticiascasadellibro.es\/wp-content\/uploads\/2014\/03\/CL-DIA-LIBRO-INFANTIL-2014-RRSS-850x315.jpg\",\"datePublished\":\"2014-03-31T07:45:43+00:00\",\"breadcrumb\":{\"@id\":\"https:\/\/www.casadellibro.com\/blog\/dia-del-libro-infantil-y-cumpleanos-de-zyro\/#breadcrumb\"},\"inLanguage\":\"es\",\"potentialAction\":[{\"@type\":\"ReadAction\",\"target\":[\"https:\/\/www.casadellibro.com\/blog\/dia-del-libro-infantil-y-cumpleanos-de-zyro\/\"]}]},{\"@type\":\"ImageObject\",\"inLanguage\":\"es\",\"@id\":\"https:\/\/www.casadellibro.com\/blog\/dia-del-libro-infantil-y-cumpleanos-de-zyro\/#primaryimage\",\"url\":\"http:\/\/noticiascasadellibro.es\/wp-content\/uploads\/2014\/03\/CL-DIA-LIBRO-INFANTIL-2014-RRSS-850x315.jpg\",\"contentUrl\":\"http:\/\/noticiascasadellibro.es\/wp-content\/uploads\/2014\/03\/CL-DIA-LIBRO-INFANTIL-2014-RRSS-850x315.jpg\"},{\"@type\":\"BreadcrumbList\",\"@id\":\"https:\/\/www.casadellibro.com\/blog\/dia-del-libro-infantil-y-cumpleanos-de-zyro\/#breadcrumb\",\"itemListElement\":[{\"@type\":\"ListItem\",\"position\":1,\"name\":\"Casa del Libro\",\"item\":\"https:\/\/www.casadellibro.com\/blog\/\"},{\"@type\":\"ListItem\",\"position\":2,\"name\":\"D\u00eda del Libro Infantil y \u00a1Cumplea\u00f1os de Zyro!\"}]},{\"@type\":\"WebSite\",\"@id\":\"https:\/\/www.casadellibro.com\/blog\/#website\",\"url\":\"https:\/\/www.casadellibro.com\/blog\/\",\"name\":\"Blog Casa del Libro\",\"description\":\"Descubre todas las novedades en eBooks, eReaders y Libros en el Blog oficial de Casa del Libro, recomendaciones en eBook, eReader y Libro online\",\"publisher\":{\"@id\":\"https:\/\/www.casadellibro.com\/blog\/#organization\"},\"potentialAction\":[{\"@type\":\"SearchAction\",\"target\":{\"@type\":\"EntryPoint\",\"urlTemplate\":\"https:\/\/www.casadellibro.com\/blog\/?s={search_term_string}\"},\"query-input\":{\"@type\":\"PropertyValueSpecification\",\"valueRequired\":true,\"valueName\":\"search_term_string\"}}],\"inLanguage\":\"es\"},{\"@type\":\"Organization\",\"@id\":\"https:\/\/www.casadellibro.com\/blog\/#organization\",\"name\":\"Blog Casa del Libro\",\"url\":\"https:\/\/www.casadellibro.com\/blog\/\",\"logo\":{\"@type\":\"ImageObject\",\"inLanguage\":\"es\",\"@id\":\"https:\/\/www.casadellibro.com\/blog\/#\/schema\/logo\/image\/\",\"url\":\"https:\/\/www.casadellibro.com\/blog\/wp-content\/uploads\/2022\/04\/cropped-image-2-300x98-1.png\",\"contentUrl\":\"https:\/\/www.casadellibro.com\/blog\/wp-content\/uploads\/2022\/04\/cropped-image-2-300x98-1.png\",\"width\":300,\"height\":98,\"caption\":\"Blog Casa del Libro\"},\"image\":{\"@id\":\"https:\/\/www.casadellibro.com\/blog\/#\/schema\/logo\/image\/\"},\"sameAs\":[\"https:\/\/www.facebook.com\/casadellibro\",\"https:\/\/x.com\/casadellibro\",\"https:\/\/www.youtube.com\/user\/casadellibropuntocom\",\"https:\/\/es.pinterest.com\/casadellibro\/\",\"https:\/\/open.spotify.com\/user\/wi2k27ijtmw114f531okf8nd4?si=JEaWkM75S56kXufnbmExww&nd=1&dlsi=6959f4c0a6474806\"]},{\"@type\":\"Person\",\"@id\":\"https:\/\/www.casadellibro.com\/blog\/#\/schema\/person\/4c5249ad5735629a37e929060c823fe5\",\"name\":\"Casa del Libro\",\"image\":{\"@type\":\"ImageObject\",\"inLanguage\":\"es\",\"@id\":\"https:\/\/www.casadellibro.com\/blog\/#\/schema\/person\/image\/\",\"url\":\"https:\/\/secure.gravatar.com\/avatar\/1ac01d90ad8e35013aff9d51865aa025?s=96&d=identicon&r=g\",\"contentUrl\":\"https:\/\/secure.gravatar.com\/avatar\/1ac01d90ad8e35013aff9d51865aa025?s=96&d=identicon&r=g\",\"caption\":\"Casa del Libro\"}}]}<\/script>\n<!-- \/ Yoast SEO plugin. -->","yoast_head_json":{"title":"D\u00eda del Libro Infantil y \u00a1Cumplea\u00f1os de Zyro! | Casa del Libro","robots":{"index":"index","follow":"follow","max-snippet":"max-snippet:-1","max-image-preview":"max-image-preview:large","max-video-preview":"max-video-preview:-1"},"canonical":"https:\/\/www.casadellibro.com\/blog\/dia-del-libro-infantil-y-cumpleanos-de-zyro\/","og_locale":"es_ES","og_type":"article","og_title":"D\u00eda del Libro Infantil y \u00a1Cumplea\u00f1os de Zyro! | Casa del Libro","og_description":"El d\u00eda 02 de abril se celebra desde el D\u00eda Internacional del Libro Infantil\u00a0con el fin de promocionar los libros y la lectura entre los m\u00e1s j\u00f3venes. Es adem\u00e1s, un d\u00eda perfecto para acercar el mundo de la lectura a los m\u00e1s peque\u00f1os y fomentar el h\u00e1bito entre los j\u00f3venes.\u00a0La fecha coincide con el\u00a0nacimiento del [&hellip;]","og_url":"https:\/\/www.casadellibro.com\/blog\/dia-del-libro-infantil-y-cumpleanos-de-zyro\/","og_site_name":"Blog Casa del Libro","article_publisher":"https:\/\/www.facebook.com\/casadellibro","article_published_time":"2014-03-31T07:45:43+00:00","og_image":[{"url":"http:\/\/noticiascasadellibro.es\/wp-content\/uploads\/2014\/03\/CL-DIA-LIBRO-INFANTIL-2014-RRSS-850x315.jpg","type":"","width":"","height":""}],"author":"Casa del Libro","twitter_card":"summary_large_image","twitter_creator":"@casadellibro","twitter_site":"@casadellibro","twitter_misc":{"Written by":"Casa del Libro","Est. reading time":"3 minutos"},"schema":{"@context":"https:\/\/schema.org","@graph":[{"@type":"Article","@id":"https:\/\/www.casadellibro.com\/blog\/dia-del-libro-infantil-y-cumpleanos-de-zyro\/#article","isPartOf":{"@id":"https:\/\/www.casadellibro.com\/blog\/dia-del-libro-infantil-y-cumpleanos-de-zyro\/"},"author":{"name":"Casa del Libro","@id":"https:\/\/www.casadellibro.com\/blog\/#\/schema\/person\/4c5249ad5735629a37e929060c823fe5"},"headline":"D\u00eda del Libro Infantil y \u00a1Cumplea\u00f1os de Zyro!","datePublished":"2014-03-31T07:45:43+00:00","mainEntityOfPage":{"@id":"https:\/\/www.casadellibro.com\/blog\/dia-del-libro-infantil-y-cumpleanos-de-zyro\/"},"wordCount":662,"commentCount":0,"publisher":{"@id":"https:\/\/www.casadellibro.com\/blog\/#organization"},"image":{"@id":"https:\/\/www.casadellibro.com\/blog\/dia-del-libro-infantil-y-cumpleanos-de-zyro\/#primaryimage"},"thumbnailUrl":"http:\/\/noticiascasadellibro.es\/wp-content\/uploads\/2014\/03\/CL-DIA-LIBRO-INFANTIL-2014-RRSS-850x315.jpg","keywords":["descuento","Literatura infantil"],"articleSection":["Recomendaciones"],"inLanguage":"es","potentialAction":[{"@type":"CommentAction","name":"Comment","target":["https:\/\/www.casadellibro.com\/blog\/dia-del-libro-infantil-y-cumpleanos-de-zyro\/#respond"]}]},{"@type":"WebPage","@id":"https:\/\/www.casadellibro.com\/blog\/dia-del-libro-infantil-y-cumpleanos-de-zyro\/","url":"https:\/\/www.casadellibro.com\/blog\/dia-del-libro-infantil-y-cumpleanos-de-zyro\/","name":"D\u00eda del Libro Infantil y \u00a1Cumplea\u00f1os de Zyro! | Casa del Libro","isPartOf":{"@id":"https:\/\/www.casadellibro.com\/blog\/#website"},"primaryImageOfPage":{"@id":"https:\/\/www.casadellibro.com\/blog\/dia-del-libro-infantil-y-cumpleanos-de-zyro\/#primaryimage"},"image":{"@id":"https:\/\/www.casadellibro.com\/blog\/dia-del-libro-infantil-y-cumpleanos-de-zyro\/#primaryimage"},"thumbnailUrl":"http:\/\/noticiascasadellibro.es\/wp-content\/uploads\/2014\/03\/CL-DIA-LIBRO-INFANTIL-2014-RRSS-850x315.jpg","datePublished":"2014-03-31T07:45:43+00:00","breadcrumb":{"@id":"https:\/\/www.casadellibro.com\/blog\/dia-del-libro-infantil-y-cumpleanos-de-zyro\/#breadcrumb"},"inLanguage":"es","potentialAction":[{"@type":"ReadAction","target":["https:\/\/www.casadellibro.com\/blog\/dia-del-libro-infantil-y-cumpleanos-de-zyro\/"]}]},{"@type":"ImageObject","inLanguage":"es","@id":"https:\/\/www.casadellibro.com\/blog\/dia-del-libro-infantil-y-cumpleanos-de-zyro\/#primaryimage","url":"http:\/\/noticiascasadellibro.es\/wp-content\/uploads\/2014\/03\/CL-DIA-LIBRO-INFANTIL-2014-RRSS-850x315.jpg","contentUrl":"http:\/\/noticiascasadellibro.es\/wp-content\/uploads\/2014\/03\/CL-DIA-LIBRO-INFANTIL-2014-RRSS-850x315.jpg"},{"@type":"BreadcrumbList","@id":"https:\/\/www.casadellibro.com\/blog\/dia-del-libro-infantil-y-cumpleanos-de-zyro\/#breadcrumb","itemListElement":[{"@type":"ListItem","position":1,"name":"Casa del Libro","item":"https:\/\/www.casadellibro.com\/blog\/"},{"@type":"ListItem","position":2,"name":"D\u00eda del Libro Infantil y \u00a1Cumplea\u00f1os de Zyro!"}]},{"@type":"WebSite","@id":"https:\/\/www.casadellibro.com\/blog\/#website","url":"https:\/\/www.casadellibro.com\/blog\/","name":"Blog Casa del Libro","description":"Descubre todas las novedades en eBooks, eReaders y Libros en el Blog oficial de Casa del Libro, recomendaciones en eBook, eReader y Libro online","publisher":{"@id":"https:\/\/www.casadellibro.com\/blog\/#organization"},"potentialAction":[{"@type":"SearchAction","target":{"@type":"EntryPoint","urlTemplate":"https:\/\/www.casadellibro.com\/blog\/?s={search_term_string}"},"query-input":{"@type":"PropertyValueSpecification","valueRequired":true,"valueName":"search_term_string"}}],"inLanguage":"es"},{"@type":"Organization","@id":"https:\/\/www.casadellibro.com\/blog\/#organization","name":"Blog Casa del Libro","url":"https:\/\/www.casadellibro.com\/blog\/","logo":{"@type":"ImageObject","inLanguage":"es","@id":"https:\/\/www.casadellibro.com\/blog\/#\/schema\/logo\/image\/","url":"https:\/\/www.casadellibro.com\/blog\/wp-content\/uploads\/2022\/04\/cropped-image-2-300x98-1.png","contentUrl":"https:\/\/www.casadellibro.com\/blog\/wp-content\/uploads\/2022\/04\/cropped-image-2-300x98-1.png","width":300,"height":98,"caption":"Blog Casa del Libro"},"image":{"@id":"https:\/\/www.casadellibro.com\/blog\/#\/schema\/logo\/image\/"},"sameAs":["https:\/\/www.facebook.com\/casadellibro","https:\/\/x.com\/casadellibro","https:\/\/www.youtube.com\/user\/casadellibropuntocom","https:\/\/es.pinterest.com\/casadellibro\/","https:\/\/open.spotify.com\/user\/wi2k27ijtmw114f531okf8nd4?si=JEaWkM75S56kXufnbmExww&nd=1&dlsi=6959f4c0a6474806"]},{"@type":"Person","@id":"https:\/\/www.casadellibro.com\/blog\/#\/schema\/person\/4c5249ad5735629a37e929060c823fe5","name":"Casa del Libro","image":{"@type":"ImageObject","inLanguage":"es","@id":"https:\/\/www.casadellibro.com\/blog\/#\/schema\/person\/image\/","url":"https:\/\/secure.gravatar.com\/avatar\/1ac01d90ad8e35013aff9d51865aa025?s=96&d=identicon&r=g","contentUrl":"https:\/\/secure.gravatar.com\/avatar\/1ac01d90ad8e35013aff9d51865aa025?s=96&d=identicon&r=g","caption":"Casa del Libro"}}]}},"_links":{"self":[{"href":"https:\/\/www.casadellibro.com\/blog\/wp-json\/wp\/v2\/posts\/5700","targetHints":{"allow":["GET"]}}],"collection":[{"href":"https:\/\/www.casadellibro.com\/blog\/wp-json\/wp\/v2\/posts"}],"about":[{"href":"https:\/\/www.casadellibro.com\/blog\/wp-json\/wp\/v2\/types\/post"}],"author":[{"embeddable":true,"href":"https:\/\/www.casadellibro.com\/blog\/wp-json\/wp\/v2\/users\/2"}],"replies":[{"embeddable":true,"href":"https:\/\/www.casadellibro.com\/blog\/wp-json\/wp\/v2\/comments?post=5700"}],"version-history":[{"count":0,"href":"https:\/\/www.casadellibro.com\/blog\/wp-json\/wp\/v2\/posts\/5700\/revisions"}],"wp:attachment":[{"href":"https:\/\/www.casadellibro.com\/blog\/wp-json\/wp\/v2\/media?parent=5700"}],"wp:term":[{"taxonomy":"category","embeddable":true,"href":"https:\/\/www.casadellibro.com\/blog\/wp-json\/wp\/v2\/categories?post=5700"},{"taxonomy":"post_tag","embeddable":true,"href":"https:\/\/www.casadellibro.com\/blog\/wp-json\/wp\/v2\/tags?post=5700"}],"curies":[{"name":"wp","href":"https:\/\/api.w.org\/{rel}","templated":true}]}}