{"id":5772,"date":"2014-04-01T09:49:10","date_gmt":"2014-04-01T07:49:10","guid":{"rendered":"http:\/\/noticiascasadellibro.es\/?p=5772"},"modified":"2014-04-01T09:49:10","modified_gmt":"2014-04-01T07:49:10","slug":"el-largo-camino-hasta-verdun","status":"publish","type":"post","link":"https:\/\/www.casadellibro.com\/blog\/el-largo-camino-hasta-verdun\/","title":{"rendered":"El largo camino hasta Verd\u00fan"},"content":{"rendered":"<p><a href=\"http:\/\/noticiascasadellibro.es\/wp-content\/uploads\/2014\/03\/Niebla_en_la_trinchera_portada.jpg\"><img loading=\"lazy\" decoding=\"async\" class=\"aligncenter size-medium wp-image-5774\" alt=\"Niebla_en_la_trinchera_portada\" src=\"http:\/\/noticiascasadellibro.es\/wp-content\/uploads\/2014\/03\/Niebla_en_la_trinchera_portada-211x300.jpg\" width=\"211\" height=\"300\"><\/a><\/p>\n<p>Era una tarde oscura, con el cielo cubierto de nubes negras y un silencio absoluto en la verde campi\u00f1a. All\u00ed estaba yo, montado en un autob\u00fas que recorr\u00eda la famosa \u2018voie sacr\u00e9e\u2019 en direcci\u00f3n a <strong>Verd\u00fan<\/strong>. Aquella era la \u00faltima etapa, tal vez la m\u00e1s importante, sin duda la m\u00e1s desgarradora, de un viaje que hab\u00eda comenzado dos a\u00f1os atr\u00e1s, en agosto de 2010.<\/p>\n<p>Siempre hab\u00eda estado interesado por la historia militar, pero en aquel mes le\u00ed acerca de una batalla que ya conoc\u00eda, aunque superficialmente. Por alguna raz\u00f3n, y debo reconocer que no podr\u00eda explicarla con claridad, una multitud de ideas se agolparon en mi mente en el momento en el que mis ojos se posaron sobre una palabra: Verd\u00fan. En los d\u00edas siguientes, con m\u00e1s calma, me esforc\u00e9 por poner un orden a la <strong>tormenta<\/strong> que invad\u00eda mi cabeza. Logr\u00e9, poco a poco, que aquellos pensamientos fueran tomando cuerpo, que con ellos se fuera creando una historia que sirviera de nexo de uni\u00f3n para todos ellos.<\/p>\n<p>Todav\u00eda recuerdo como si fuera ayer un g\u00e9lido d\u00eda de octubre de 2010 cuando comenc\u00e9 a reflejar en papel lo que ya ten\u00eda en mente. Podr\u00eda describir el lugar, la luz, los sentimientos ante aquel nuevo reto. No sab\u00eda si en esta ocasi\u00f3n podr\u00eda llegar a concluir la historia o quedar\u00eda, como en tantas otras ocasiones, como un simple proyecto inacabado. Lo que s\u00ed que sab\u00eda, era plenamente consciente de ello, es que aquel tema hab\u00eda conseguido <strong>obsesionarme<\/strong> en muy poco tiempo. La acci\u00f3n que se desarrolla en la obra me persegu\u00eda a todas partes, estaba siempre presente en mi cabeza. Tal vez fuera eso lo que me hizo seguir adelante pese a los momentos de des\u00e1nimo.<\/p>\n<p>Empec\u00e9 a devorar libros, art\u00edculos, im\u00e1genes, cualquier cosa que estuviera relacionada con la batalla de Verd\u00fan. Intent\u00e9 verla desde un punto de vista cercano, el de los <strong>soldados<\/strong> que lucharon en ella, personas normales que, de pronto, se ven enfrentadas a una situaci\u00f3n excepcional y reaccionan de formas diversas ante ella.<\/p>\n<p>Poco a poco, los personajes comenzaron a cobrar <strong>vida propia<\/strong>. Su historia, sus pensamientos y acciones se sal\u00edan del camino marcado de antemano. Nunca hubiera imaginado que algo as\u00ed fuera a suceder. Ya no eran un producto, apenas unas l\u00edneas garabateadas en un papel, sino que ten\u00edan su propia personalidad, su moral, su visi\u00f3n del mundo y actuaban con respecto a sus propios valores. Una vez puestos en marcha, ellos caminaban solos.<\/p>\n<p>Sin embargo, la misma obsesi\u00f3n que me empujaba a seguir, la que me animaba a investigar acerca de aquella batalla, de los equipos, de la vida de los soldados en el frente, tambi\u00e9n me iba sumergiendo lentamente en el <strong>agobio y la claustrofobia<\/strong> de la guerra en las trincheras en un terreno muy reducido en el que miles de hombres mor\u00edan y no pod\u00edan ser enterrados. A veces, escribir algunas de las p\u00e1ginas no era apasionante ni placentero, era agotador. A oscuras, iluminado s\u00f3lo por la p\u00e1lida luz del ordenador, me transportaba al lugar donde se desarrollaba la historia. Al final del d\u00eda, muchas veces resultaba dif\u00edcil desconectar. Sucesos de la vida diaria aparec\u00edan como banales al compararlos con lo que les sucedi\u00f3 a muchos soldados como los de la historia, a los que yo ya conoc\u00eda como si hubiera compartido toda clase de momentos con ellos.<\/p>\n<p>Otras veces, la situaci\u00f3n era a la inversa. Tras momentos de alegr\u00eda, volver a sumergirse en la narraci\u00f3n de una historia dram\u00e1tica exig\u00eda un esfuerzo que, en muchas ocasiones, parec\u00eda in\u00fatil. Fueron varias las veces en las que la idea de dejar la novela me rondaron la cabeza. Pero, de una forma u otra, algo me <strong>empujaba<\/strong> una y otra vez a volver a escribir, a seguir avanzando en el relato, pese a los sinsabores, el esfuerzo y el tiempo que requiere el proceso creativo.<\/p>\n<p>Cerca de dos a\u00f1os despu\u00e9s de comenzar el proyecto, s\u00f3lo restaban algunos detalles para dar por concluida la obra, pero una espina segu\u00eda clavada en mi coraz\u00f3n. Tanto tiempo pensando en aquel lugar, en las aldeas arrasadas y las trincheras que ara\u00f1aban el suelo, me obligaban a poner all\u00ed los pies. <strong>Ten\u00eda que ir al campo de batalla<\/strong> para dar por terminada una obsesi\u00f3n que ya empezaba a durar demasiado tiempo.<\/p>\n<p>No podr\u00e9 nunca olvidar el <strong>silencio<\/strong>. Un silencio sepulcral, solemne, que rodea el campo de batalla, respetuoso, como si quisiera dar a los muertos la paz que no tuvieron en vida. Y el osario del cementerio de Douaumont, donde se apilan los restos \u00f3seos de miles de soldados de ambos bandos. Recuerdo que ca\u00eda una lluvia fina del cielo gris oscuro y la torre del osario se alzaba erguida, inmensa, seria, una presencia imponente que exig\u00eda respeto para los que descansaban en su seno.<\/p>\n<p>All\u00ed, entre los restos de lo que un d\u00eda fue Fleury, las trincheras abandonadas y disimuladas por el tiempo, los abrigos de hormig\u00f3n que se hab\u00edan venido abajo, comprend\u00ed realmente la magnitud de lo que hab\u00eda sucedido en un espacio tan peque\u00f1o como lo fue el campo de batalla de Verd\u00fan. All\u00ed, en el mismo lugar en el que sucedieron los hechos de la <strong>novela<\/strong>, <a href=\"http:\/\/ow.ly\/uOoFg\" target=\"_blank\" rel=\"noopener noreferrer\">Niebla en la trinchera<\/a>, en esa tierra en la que muchos soldados, hombres de todo tipo y condici\u00f3n, se enfrentaron a una situaci\u00f3n que marcar\u00eda a fuego el lugar y que quedar\u00eda grabada para siempre en la Historia. All\u00ed concluy\u00f3 la obsesi\u00f3n, que qued\u00f3 enterrada en la sufrida tierra de Verd\u00fan. La obra, ahora s\u00ed, estaba terminada y todo acababa en un silencio sobrecogedor, pero a la vez \u00edntimo y, sobre todo, respetuoso con la memoria y el descanso de todos los que perdieron la vida en aquella batalla y todav\u00eda hoy, 98 a\u00f1os despu\u00e9s, siguen reposando en el mismo lugar en el que cayeron. Quiera ser esta obra un humilde homenaje a todos ellos.<\/p>\n","protected":false},"excerpt":{"rendered":"<p>Era una tarde oscura, con el cielo cubierto de nubes negras y un silencio absoluto en la verde campi\u00f1a. All\u00ed estaba yo, montado en un autob\u00fas que recorr\u00eda la famosa \u2018voie sacr\u00e9e\u2019 en direcci\u00f3n a Verd\u00fan. Aquella era la \u00faltima etapa, tal vez la m\u00e1s importante, sin duda la m\u00e1s desgarradora, de un viaje que [&hellip;]<\/p>\n","protected":false},"author":2,"featured_media":5776,"comment_status":"open","ping_status":"open","sticky":false,"template":"","format":"standard","meta":{"tdm_status":"","tdm_grid_status":"","footnotes":""},"categories":[771],"tags":[40],"class_list":{"0":"post-5772","1":"post","2":"type-post","3":"status-publish","4":"format-standard","5":"has-post-thumbnail","7":"category-libros-digitales","8":"tag-novela-historica"},"yoast_head":"<!-- This site is optimized with the Yoast SEO plugin v26.8 - https:\/\/yoast.com\/product\/yoast-seo-wordpress\/ -->\n<title>El largo camino hasta Verd\u00fan | Casa del Libro<\/title>\n<meta name=\"robots\" content=\"index, follow, max-snippet:-1, max-image-preview:large, max-video-preview:-1\" \/>\n<link rel=\"canonical\" href=\"https:\/\/www.casadellibro.com\/blog\/el-largo-camino-hasta-verdun\/\" \/>\n<meta property=\"og:locale\" content=\"es_ES\" \/>\n<meta property=\"og:type\" content=\"article\" \/>\n<meta property=\"og:title\" content=\"El largo camino hasta Verd\u00fan | Casa del Libro\" \/>\n<meta property=\"og:description\" content=\"Era una tarde oscura, con el cielo cubierto de nubes negras y un silencio absoluto en la verde campi\u00f1a. All\u00ed estaba yo, montado en un autob\u00fas que recorr\u00eda la famosa \u2018voie sacr\u00e9e\u2019 en direcci\u00f3n a Verd\u00fan. Aquella era la \u00faltima etapa, tal vez la m\u00e1s importante, sin duda la m\u00e1s desgarradora, de un viaje que [&hellip;]\" \/>\n<meta property=\"og:url\" content=\"https:\/\/www.casadellibro.com\/blog\/el-largo-camino-hasta-verdun\/\" \/>\n<meta property=\"og:site_name\" content=\"Blog Casa del Libro\" \/>\n<meta property=\"article:publisher\" content=\"https:\/\/www.facebook.com\/casadellibro\" \/>\n<meta property=\"article:published_time\" content=\"2014-04-01T07:49:10+00:00\" \/>\n<meta property=\"og:image\" content=\"https:\/\/www.casadellibro.com\/blog\/wp-content\/uploads\/2025\/01\/Favicon.png\" \/>\n\t<meta property=\"og:image:width\" content=\"512\" \/>\n\t<meta property=\"og:image:height\" content=\"512\" \/>\n\t<meta property=\"og:image:type\" content=\"image\/png\" \/>\n<meta name=\"author\" content=\"Casa del Libro\" \/>\n<meta name=\"twitter:card\" content=\"summary_large_image\" \/>\n<meta name=\"twitter:creator\" content=\"@casadellibro\" \/>\n<meta name=\"twitter:site\" content=\"@casadellibro\" \/>\n<meta name=\"twitter:label1\" content=\"Written by\" \/>\n\t<meta name=\"twitter:data1\" content=\"Casa del Libro\" \/>\n\t<meta name=\"twitter:label2\" content=\"Est. reading time\" \/>\n\t<meta name=\"twitter:data2\" content=\"5 minutos\" \/>\n<script type=\"application\/ld+json\" class=\"yoast-schema-graph\">{\"@context\":\"https:\/\/schema.org\",\"@graph\":[{\"@type\":\"Article\",\"@id\":\"https:\/\/www.casadellibro.com\/blog\/el-largo-camino-hasta-verdun\/#article\",\"isPartOf\":{\"@id\":\"https:\/\/www.casadellibro.com\/blog\/el-largo-camino-hasta-verdun\/\"},\"author\":{\"name\":\"Casa del Libro\",\"@id\":\"https:\/\/www.casadellibro.com\/blog\/#\/schema\/person\/4c5249ad5735629a37e929060c823fe5\"},\"headline\":\"El largo camino hasta Verd\u00fan\",\"datePublished\":\"2014-04-01T07:49:10+00:00\",\"mainEntityOfPage\":{\"@id\":\"https:\/\/www.casadellibro.com\/blog\/el-largo-camino-hasta-verdun\/\"},\"wordCount\":1063,\"commentCount\":0,\"publisher\":{\"@id\":\"https:\/\/www.casadellibro.com\/blog\/#organization\"},\"image\":{\"@id\":\"https:\/\/www.casadellibro.com\/blog\/el-largo-camino-hasta-verdun\/#primaryimage\"},\"thumbnailUrl\":\"\",\"keywords\":[\"novela hist\u00f3rica\"],\"articleSection\":[\"Libros digitales\"],\"inLanguage\":\"es\",\"potentialAction\":[{\"@type\":\"CommentAction\",\"name\":\"Comment\",\"target\":[\"https:\/\/www.casadellibro.com\/blog\/el-largo-camino-hasta-verdun\/#respond\"]}]},{\"@type\":\"WebPage\",\"@id\":\"https:\/\/www.casadellibro.com\/blog\/el-largo-camino-hasta-verdun\/\",\"url\":\"https:\/\/www.casadellibro.com\/blog\/el-largo-camino-hasta-verdun\/\",\"name\":\"El largo camino hasta Verd\u00fan | Casa del Libro\",\"isPartOf\":{\"@id\":\"https:\/\/www.casadellibro.com\/blog\/#website\"},\"primaryImageOfPage\":{\"@id\":\"https:\/\/www.casadellibro.com\/blog\/el-largo-camino-hasta-verdun\/#primaryimage\"},\"image\":{\"@id\":\"https:\/\/www.casadellibro.com\/blog\/el-largo-camino-hasta-verdun\/#primaryimage\"},\"thumbnailUrl\":\"\",\"datePublished\":\"2014-04-01T07:49:10+00:00\",\"breadcrumb\":{\"@id\":\"https:\/\/www.casadellibro.com\/blog\/el-largo-camino-hasta-verdun\/#breadcrumb\"},\"inLanguage\":\"es\",\"potentialAction\":[{\"@type\":\"ReadAction\",\"target\":[\"https:\/\/www.casadellibro.com\/blog\/el-largo-camino-hasta-verdun\/\"]}]},{\"@type\":\"ImageObject\",\"inLanguage\":\"es\",\"@id\":\"https:\/\/www.casadellibro.com\/blog\/el-largo-camino-hasta-verdun\/#primaryimage\",\"url\":\"\",\"contentUrl\":\"\"},{\"@type\":\"BreadcrumbList\",\"@id\":\"https:\/\/www.casadellibro.com\/blog\/el-largo-camino-hasta-verdun\/#breadcrumb\",\"itemListElement\":[{\"@type\":\"ListItem\",\"position\":1,\"name\":\"Casa del Libro\",\"item\":\"https:\/\/www.casadellibro.com\/blog\/\"},{\"@type\":\"ListItem\",\"position\":2,\"name\":\"El largo camino hasta Verd\u00fan\"}]},{\"@type\":\"WebSite\",\"@id\":\"https:\/\/www.casadellibro.com\/blog\/#website\",\"url\":\"https:\/\/www.casadellibro.com\/blog\/\",\"name\":\"Blog Casa del Libro\",\"description\":\"Descubre todas las novedades en eBooks, eReaders y Libros en el Blog oficial de Casa del Libro, recomendaciones en eBook, eReader y Libro online\",\"publisher\":{\"@id\":\"https:\/\/www.casadellibro.com\/blog\/#organization\"},\"potentialAction\":[{\"@type\":\"SearchAction\",\"target\":{\"@type\":\"EntryPoint\",\"urlTemplate\":\"https:\/\/www.casadellibro.com\/blog\/?s={search_term_string}\"},\"query-input\":{\"@type\":\"PropertyValueSpecification\",\"valueRequired\":true,\"valueName\":\"search_term_string\"}}],\"inLanguage\":\"es\"},{\"@type\":\"Organization\",\"@id\":\"https:\/\/www.casadellibro.com\/blog\/#organization\",\"name\":\"Blog Casa del Libro\",\"url\":\"https:\/\/www.casadellibro.com\/blog\/\",\"logo\":{\"@type\":\"ImageObject\",\"inLanguage\":\"es\",\"@id\":\"https:\/\/www.casadellibro.com\/blog\/#\/schema\/logo\/image\/\",\"url\":\"https:\/\/www.casadellibro.com\/blog\/wp-content\/uploads\/2022\/04\/cropped-image-2-300x98-1.png\",\"contentUrl\":\"https:\/\/www.casadellibro.com\/blog\/wp-content\/uploads\/2022\/04\/cropped-image-2-300x98-1.png\",\"width\":300,\"height\":98,\"caption\":\"Blog Casa del Libro\"},\"image\":{\"@id\":\"https:\/\/www.casadellibro.com\/blog\/#\/schema\/logo\/image\/\"},\"sameAs\":[\"https:\/\/www.facebook.com\/casadellibro\",\"https:\/\/x.com\/casadellibro\",\"https:\/\/www.youtube.com\/user\/casadellibropuntocom\",\"https:\/\/es.pinterest.com\/casadellibro\/\",\"https:\/\/open.spotify.com\/user\/wi2k27ijtmw114f531okf8nd4?si=JEaWkM75S56kXufnbmExww&nd=1&dlsi=6959f4c0a6474806\"]},{\"@type\":\"Person\",\"@id\":\"https:\/\/www.casadellibro.com\/blog\/#\/schema\/person\/4c5249ad5735629a37e929060c823fe5\",\"name\":\"Casa del Libro\",\"image\":{\"@type\":\"ImageObject\",\"inLanguage\":\"es\",\"@id\":\"https:\/\/www.casadellibro.com\/blog\/#\/schema\/person\/image\/\",\"url\":\"https:\/\/secure.gravatar.com\/avatar\/1ac01d90ad8e35013aff9d51865aa025?s=96&d=identicon&r=g\",\"contentUrl\":\"https:\/\/secure.gravatar.com\/avatar\/1ac01d90ad8e35013aff9d51865aa025?s=96&d=identicon&r=g\",\"caption\":\"Casa del Libro\"}}]}<\/script>\n<!-- \/ Yoast SEO plugin. -->","yoast_head_json":{"title":"El largo camino hasta Verd\u00fan | Casa del Libro","robots":{"index":"index","follow":"follow","max-snippet":"max-snippet:-1","max-image-preview":"max-image-preview:large","max-video-preview":"max-video-preview:-1"},"canonical":"https:\/\/www.casadellibro.com\/blog\/el-largo-camino-hasta-verdun\/","og_locale":"es_ES","og_type":"article","og_title":"El largo camino hasta Verd\u00fan | Casa del Libro","og_description":"Era una tarde oscura, con el cielo cubierto de nubes negras y un silencio absoluto en la verde campi\u00f1a. All\u00ed estaba yo, montado en un autob\u00fas que recorr\u00eda la famosa \u2018voie sacr\u00e9e\u2019 en direcci\u00f3n a Verd\u00fan. Aquella era la \u00faltima etapa, tal vez la m\u00e1s importante, sin duda la m\u00e1s desgarradora, de un viaje que [&hellip;]","og_url":"https:\/\/www.casadellibro.com\/blog\/el-largo-camino-hasta-verdun\/","og_site_name":"Blog Casa del Libro","article_publisher":"https:\/\/www.facebook.com\/casadellibro","article_published_time":"2014-04-01T07:49:10+00:00","og_image":[{"width":512,"height":512,"url":"https:\/\/www.casadellibro.com\/blog\/wp-content\/uploads\/2025\/01\/Favicon.png","type":"image\/png"}],"author":"Casa del Libro","twitter_card":"summary_large_image","twitter_creator":"@casadellibro","twitter_site":"@casadellibro","twitter_misc":{"Written by":"Casa del Libro","Est. reading time":"5 minutos"},"schema":{"@context":"https:\/\/schema.org","@graph":[{"@type":"Article","@id":"https:\/\/www.casadellibro.com\/blog\/el-largo-camino-hasta-verdun\/#article","isPartOf":{"@id":"https:\/\/www.casadellibro.com\/blog\/el-largo-camino-hasta-verdun\/"},"author":{"name":"Casa del Libro","@id":"https:\/\/www.casadellibro.com\/blog\/#\/schema\/person\/4c5249ad5735629a37e929060c823fe5"},"headline":"El largo camino hasta Verd\u00fan","datePublished":"2014-04-01T07:49:10+00:00","mainEntityOfPage":{"@id":"https:\/\/www.casadellibro.com\/blog\/el-largo-camino-hasta-verdun\/"},"wordCount":1063,"commentCount":0,"publisher":{"@id":"https:\/\/www.casadellibro.com\/blog\/#organization"},"image":{"@id":"https:\/\/www.casadellibro.com\/blog\/el-largo-camino-hasta-verdun\/#primaryimage"},"thumbnailUrl":"","keywords":["novela hist\u00f3rica"],"articleSection":["Libros digitales"],"inLanguage":"es","potentialAction":[{"@type":"CommentAction","name":"Comment","target":["https:\/\/www.casadellibro.com\/blog\/el-largo-camino-hasta-verdun\/#respond"]}]},{"@type":"WebPage","@id":"https:\/\/www.casadellibro.com\/blog\/el-largo-camino-hasta-verdun\/","url":"https:\/\/www.casadellibro.com\/blog\/el-largo-camino-hasta-verdun\/","name":"El largo camino hasta Verd\u00fan | Casa del Libro","isPartOf":{"@id":"https:\/\/www.casadellibro.com\/blog\/#website"},"primaryImageOfPage":{"@id":"https:\/\/www.casadellibro.com\/blog\/el-largo-camino-hasta-verdun\/#primaryimage"},"image":{"@id":"https:\/\/www.casadellibro.com\/blog\/el-largo-camino-hasta-verdun\/#primaryimage"},"thumbnailUrl":"","datePublished":"2014-04-01T07:49:10+00:00","breadcrumb":{"@id":"https:\/\/www.casadellibro.com\/blog\/el-largo-camino-hasta-verdun\/#breadcrumb"},"inLanguage":"es","potentialAction":[{"@type":"ReadAction","target":["https:\/\/www.casadellibro.com\/blog\/el-largo-camino-hasta-verdun\/"]}]},{"@type":"ImageObject","inLanguage":"es","@id":"https:\/\/www.casadellibro.com\/blog\/el-largo-camino-hasta-verdun\/#primaryimage","url":"","contentUrl":""},{"@type":"BreadcrumbList","@id":"https:\/\/www.casadellibro.com\/blog\/el-largo-camino-hasta-verdun\/#breadcrumb","itemListElement":[{"@type":"ListItem","position":1,"name":"Casa del Libro","item":"https:\/\/www.casadellibro.com\/blog\/"},{"@type":"ListItem","position":2,"name":"El largo camino hasta Verd\u00fan"}]},{"@type":"WebSite","@id":"https:\/\/www.casadellibro.com\/blog\/#website","url":"https:\/\/www.casadellibro.com\/blog\/","name":"Blog Casa del Libro","description":"Descubre todas las novedades en eBooks, eReaders y Libros en el Blog oficial de Casa del Libro, recomendaciones en eBook, eReader y Libro online","publisher":{"@id":"https:\/\/www.casadellibro.com\/blog\/#organization"},"potentialAction":[{"@type":"SearchAction","target":{"@type":"EntryPoint","urlTemplate":"https:\/\/www.casadellibro.com\/blog\/?s={search_term_string}"},"query-input":{"@type":"PropertyValueSpecification","valueRequired":true,"valueName":"search_term_string"}}],"inLanguage":"es"},{"@type":"Organization","@id":"https:\/\/www.casadellibro.com\/blog\/#organization","name":"Blog Casa del Libro","url":"https:\/\/www.casadellibro.com\/blog\/","logo":{"@type":"ImageObject","inLanguage":"es","@id":"https:\/\/www.casadellibro.com\/blog\/#\/schema\/logo\/image\/","url":"https:\/\/www.casadellibro.com\/blog\/wp-content\/uploads\/2022\/04\/cropped-image-2-300x98-1.png","contentUrl":"https:\/\/www.casadellibro.com\/blog\/wp-content\/uploads\/2022\/04\/cropped-image-2-300x98-1.png","width":300,"height":98,"caption":"Blog Casa del Libro"},"image":{"@id":"https:\/\/www.casadellibro.com\/blog\/#\/schema\/logo\/image\/"},"sameAs":["https:\/\/www.facebook.com\/casadellibro","https:\/\/x.com\/casadellibro","https:\/\/www.youtube.com\/user\/casadellibropuntocom","https:\/\/es.pinterest.com\/casadellibro\/","https:\/\/open.spotify.com\/user\/wi2k27ijtmw114f531okf8nd4?si=JEaWkM75S56kXufnbmExww&nd=1&dlsi=6959f4c0a6474806"]},{"@type":"Person","@id":"https:\/\/www.casadellibro.com\/blog\/#\/schema\/person\/4c5249ad5735629a37e929060c823fe5","name":"Casa del Libro","image":{"@type":"ImageObject","inLanguage":"es","@id":"https:\/\/www.casadellibro.com\/blog\/#\/schema\/person\/image\/","url":"https:\/\/secure.gravatar.com\/avatar\/1ac01d90ad8e35013aff9d51865aa025?s=96&d=identicon&r=g","contentUrl":"https:\/\/secure.gravatar.com\/avatar\/1ac01d90ad8e35013aff9d51865aa025?s=96&d=identicon&r=g","caption":"Casa del Libro"}}]}},"_links":{"self":[{"href":"https:\/\/www.casadellibro.com\/blog\/wp-json\/wp\/v2\/posts\/5772","targetHints":{"allow":["GET"]}}],"collection":[{"href":"https:\/\/www.casadellibro.com\/blog\/wp-json\/wp\/v2\/posts"}],"about":[{"href":"https:\/\/www.casadellibro.com\/blog\/wp-json\/wp\/v2\/types\/post"}],"author":[{"embeddable":true,"href":"https:\/\/www.casadellibro.com\/blog\/wp-json\/wp\/v2\/users\/2"}],"replies":[{"embeddable":true,"href":"https:\/\/www.casadellibro.com\/blog\/wp-json\/wp\/v2\/comments?post=5772"}],"version-history":[{"count":0,"href":"https:\/\/www.casadellibro.com\/blog\/wp-json\/wp\/v2\/posts\/5772\/revisions"}],"wp:featuredmedia":[{"embeddable":true,"href":"https:\/\/www.casadellibro.com\/blog\/wp-json\/"}],"wp:attachment":[{"href":"https:\/\/www.casadellibro.com\/blog\/wp-json\/wp\/v2\/media?parent=5772"}],"wp:term":[{"taxonomy":"category","embeddable":true,"href":"https:\/\/www.casadellibro.com\/blog\/wp-json\/wp\/v2\/categories?post=5772"},{"taxonomy":"post_tag","embeddable":true,"href":"https:\/\/www.casadellibro.com\/blog\/wp-json\/wp\/v2\/tags?post=5772"}],"curies":[{"name":"wp","href":"https:\/\/api.w.org\/{rel}","templated":true}]}}