{"id":5830,"date":"2014-04-11T15:06:51","date_gmt":"2014-04-11T13:06:51","guid":{"rendered":"http:\/\/noticiascasadellibro.es\/?p=5830"},"modified":"2014-04-11T15:06:51","modified_gmt":"2014-04-11T13:06:51","slug":"empezamos-las-vacaciones-de-semana-santa-con-mucha-diversion","status":"publish","type":"post","link":"https:\/\/www.casadellibro.com\/blog\/empezamos-las-vacaciones-de-semana-santa-con-mucha-diversion\/","title":{"rendered":"\u00a1Empezamos las vacaciones de Semana Santa con mucha diversi\u00f3n!"},"content":{"rendered":"<p style=\"text-align: center;\"><a href=\"http:\/\/noticiascasadellibro.es\/wp-content\/uploads\/2014\/04\/cuentacuentos-eclipse-de-luna.png\" target=\"_blank\" rel=\"noopener noreferrer\"><img decoding=\"async\" class=\" wp-image-5831 aligncenter\" src=\"http:\/\/noticiascasadellibro.es\/wp-content\/uploads\/2014\/04\/cuentacuentos-eclipse-de-luna-1024x616.png\" alt=\"cuentacuentos-eclipse-de-luna\" width=\"600\" \/><\/a><\/p>\n<p>Hoy empiezan las vacaciones de Semana Santa para los peques de la casa y en<a title=\"librer\u00edas Casa del Libro\" href=\"http:\/\/www.casadellibro.com\/nosotros\/nuestras-tiendas-nuestrastiendas\/0\" target=\"_blank\" rel=\"noopener noreferrer\"> <b>librer\u00edas Casa del Libro<\/b><\/a> lo queremos celebrar con las mejores actividades y cuentacuentos para este fin de semana.<\/p>\n<p>Tenemos cuentacuentos en ingl\u00e9s, cuentacuentos y actividades especiales para celebrar la Pascua, \u00a0juegos educativos, talleres en los que podr\u00e1s crear marionetas o tu nombre en pop-up, etc.<\/p>\n<p>Empezad con <b>El Mundo de Zyro<\/b> estas vacaciones de Semana Santa de la forma m\u00e1s divertida ;O)<\/p>\n<p><b>ALICANTE:<\/b><\/p>\n<p><a title=\"Casa del Libro Alicante\" href=\"http:\/\/www.casadellibro.com\/nosotros\/tienda\/poeta-vila-i-blanco-8\/25\" target=\"_blank\" rel=\"noopener noreferrer\"><b>Casa del Libro Alicante<\/b><\/a><\/p>\n<ul>\n<li><b>S\u00e1bado 12<\/b>, 18h \u2013 Cuentacuentos infantil. La academia VERSI IDIOMAS nos ofrece de nuevo una sesi\u00f3n de cuentacuentos en ingl\u00e9s destinados a los m\u00e1s peque\u00f1os de la casa.<\/li>\n<li><\/li>\n<\/ul>\n<p><b>BARCELONA:<\/b><\/p>\n<p><a title=\"Casa del Llibre Paseo de Gr\u00e0cia\" href=\"http:\/\/www.casadellibro.com\/nosotros\/tienda\/passeig-de-gracia-62\/4\" target=\"_blank\" rel=\"noopener noreferrer\"><b>Casa del Llibre\u00a0Paseo de Gr\u00e0cia<\/b><\/a><\/p>\n<ul>\n<li><b>Dissabte 12<\/b>, 12:30h \u2013 Contacontes. PER PASQUA, LA MONA<\/li>\n<\/ul>\n<p><a title=\"Casa del Llibre Rambla Catalunya\" href=\"http:\/\/www.casadellibro.com\/nosotros\/tienda\/rambla-catalunya-37\/35\" target=\"_blank\" rel=\"noopener noreferrer\"><b>Casa del Llibre\u00a0Rambla\u00a0Catalunya<\/b><\/a><\/p>\n<ul>\n<li><b>Dissabte 12,<\/b>\u00a017:30h \u2013 Activitat infantil.<\/li>\n<\/ul>\n<p><b>CASTELL\u00d3N:<\/b><\/p>\n<p><a title=\"Casa del Libro Castell\u00f3n\" href=\"http:\/\/www.casadellibro.com\/nosotros\/nuestras-tiendas-castellon\/12\" target=\"_blank\" rel=\"noopener noreferrer\"><b>Casa del Libro C.C. Salera (Castell\u00f3n)<\/b><\/a><\/p>\n<ul>\n<li><b>S\u00e1bado 12<\/b>, 12h \u2013 Actividad infantil. Cuentacuentos con uno de los personajes m\u00e1s queridos por los peque\u00f1os de la casa, Teo.<\/li>\n<\/ul>\n<p><b>LE\u00d3N:<\/b><\/p>\n<p><a title=\"Casa del Libro lPonferrada\" href=\"http:\/\/www.casadellibro.com\/nosotros\/tienda\/cc-el-rosal-avda-de-asturias-sn\/41\" target=\"_blank\" rel=\"noopener noreferrer\"><b>Casa del Libro C.C. El Rosal (Ponferrada)<\/b><\/a><\/p>\n<ul>\n<li><b>S\u00e1bado 12<\/b>, 12h \u2013 Cuentacuentos Infantil Especial Pascua. Los huevos de pascua son los protagonistas de esta historia del s\u00e1bado.<\/li>\n<\/ul>\n<p><b>MADRID:\u00a0<\/b><\/p>\n<p><a title=\"Casa del Libro Orense\" href=\"http:\/\/www.casadellibro.com\/nosotros\/tienda\/orense-11\/21\" target=\"_blank\" rel=\"noopener noreferrer\"><b>Casa del Libro Orense<\/b><\/a><\/p>\n<ul>\n<li><b>Viernes 11<\/b> \u2013 Actividades Infantiles. Entrada libre hasta llenar aforo.<\/li>\n<\/ul>\n<p><a title=\"Casa del Libro Gran V\u00eda\" href=\"http:\/\/www.casadellibro.com\/nosotros\/tienda\/gran-via-29\/1\" target=\"_blank\" rel=\"noopener noreferrer\"><b>Casa del Libro Gran V\u00eda<\/b><\/a><\/p>\n<ul>\n<li><b>S\u00e1bado 12,\u00a0<\/b>12:30h \u2013 Actividades Infantiles. Cuentacuentos. Entrada libre hasta llenar aforo.<\/li>\n<\/ul>\n<p><a title=\"Casa del Libro Alcal\u00e1\" href=\"http:\/\/www.casadellibro.com\/nosotros\/tienda\/alcala-96\/3\" target=\"_blank\" rel=\"noopener noreferrer\"><b>Casa del Libro Goya<\/b><\/a><\/p>\n<ul>\n<li><b>S\u00e1bado 12<\/b>\u2013 Actividades Infantiles. Cuentacuentos. Entrada libre hasta llenar aforo.<\/li>\n<\/ul>\n<p><a title=\"Casa del Libro Islazul\" href=\"http:\/\/www.casadellibro.com\/nosotros\/tienda\/cc-islazul-c-calderilla-1\/22\" target=\"_blank\" rel=\"noopener noreferrer\"><b>Casa del Libro C.C. Islazul (Madrid)<\/b><\/a><\/p>\n<ul>\n<li><b>S\u00e1bado 12,<\/b>\u00a018h\u00a0\u2013 Cuentacuentos infantil. Cuentacuentos con Coti Coti (Valeria Marc\u00f3n) Se realizar\u00e1n actividades manuales en relaci\u00f3n al cuento de la semana. \u00a0Entrada libre hasta llenar aforo.<\/li>\n<\/ul>\n<p><a title=\"Casa del Libro C.C. Tres Aguas (Alcorc\u00f3n)\" href=\"http:\/\/www.casadellibro.com\/nosotros\/tienda\/cc-tres-aguas-avda-america-7-9\/19\" target=\"_blank\" rel=\"noopener noreferrer\"><b>Casa del Libro C.C Tres Aguas (Alcorc\u00f3n)<\/b><\/a><\/p>\n<ul>\n<li><b>Domingo 12 &#8211;<\/b><b>\u00a0<\/b>Actividades Infantiles. Cuentacuentos. Entrada libre hasta llenar aforo.<\/li>\n<\/ul>\n<p><a title=\"Casa del Libro Maestro Victoria\" href=\"http:\/\/www.casadellibro.com\/nosotros\/tienda\/maestro-victoria-3\/2\" target=\"_blank\" rel=\"noopener noreferrer\"><b>Casa del Libro Maestro Victoria<\/b><\/a><\/p>\n<ul>\n<li><b>Domingo 13,\u00a0<\/b>12h \u2013 Taller Infantil tarjetas pop-up. Sorprende a tu familia y amigos con tarjetas pop-up con sus nombres, o crea tu propia tarjeta de presentaci\u00f3n. \u00a1\u00a1\u00a1Te esperamos!!!<\/li>\n<\/ul>\n<p><a title=\"Casa del Libro Fuencarral\" href=\"http:\/\/www.casadellibro.com\/nosotros\/tienda\/fuencarral-119\/15\" target=\"_blank\" rel=\"noopener noreferrer\"><b>Casa del Libro Fuencarral<\/b><\/a><\/p>\n<ul>\n<li><b>Domingo 13,<\/b>\u00a012:30h\u00a0\u2013 Cuentacuentos. Lily har\u00e1 pasar un momento inolvidable a ni\u00f1os y mayores.<\/li>\n<\/ul>\n<p><b>MURCIA:<\/b><\/p>\n<p><a title=\"Casa del Libro Cartagena\" href=\"http:\/\/www.casadellibro.com\/nosotros\/nuestras-tiendas-murcia\/30\" target=\"_blank\" rel=\"noopener noreferrer\"><b>Casa del Libro C.C. Espacio Mediterr\u00e1neo (Cartagena)<\/b><\/a><\/p>\n<ul>\n<li><b>S\u00e1bado 12<\/b>, 18:30h \u2013 Actividad infantil. Realizaci\u00f3n de juegos educativos.<\/li>\n<\/ul>\n<p><b>SEVILLA\u00a0<\/b><\/p>\n<p><a title=\"Casa del Libro Sevilla\" href=\"http:\/\/www.casadellibro.com\/nosotros\/tienda\/velazquez-8\/8\" target=\"_blank\" rel=\"noopener noreferrer\"><b>Casa del Libro Sevilla<\/b><\/a><\/p>\n<ul>\n<li><b>S\u00e1bado 12<\/b>, 12h \u2013 \u00abTaller infantil de manualidades con Isabel Donadios. Construye tu marioneta y participa con nosotros en la aventura del teatro.<\/li>\n<\/ul>\n<p><b>VALLADOLID<\/b><\/p>\n<p><a title=\"Casa del Lilbro Valladolid\" href=\"http:\/\/www.casadellibro.com\/nosotros\/nuestras-tiendas-valladolid\/47\" target=\"_blank\" rel=\"noopener noreferrer\"><b>Casa<\/b><b>\u00a0del Libro Valladolid<\/b><\/a><\/p>\n<ul>\n<li><b>S\u00e1bado 12<\/b>, 12h \u2013 Cuentacuentos Infantil \u201cEclipse de luna\u201d. Para ni\u00f1os a partir de 4 a\u00f1os. Plazas limitadas, inscripci\u00f3n previa.<\/li>\n<\/ul>\n<p><b>VIGO\u00a0<\/b><\/p>\n<p><a title=\"Casa del Libro Vigo\" href=\"http:\/\/www.casadellibro.com\/nosotros\/tienda\/velazquez-moreno-27\/9\" target=\"_blank\" rel=\"noopener noreferrer\"><b>Casa del Libro Vigo<\/b><\/a><\/p>\n<ul>\n<li><b>S\u00e1bado 12<\/b>, 18:30h \u2013 Cuentacuentos Infantil. Disfruta de nuestro cuentacuentos con el libro\u201cEl coraz\u00f3n tejido de Catarina\u201d.<\/li>\n<\/ul>\n<p><b>ZARAGOZA<\/b><\/p>\n<p><a title=\"Casa del Libro Zaragoza\" href=\"http:\/\/www.casadellibro.com\/nosotros\/tienda\/san-miguel-4\/20\" target=\"_blank\" rel=\"noopener noreferrer\"><b>Casa del<\/b><b>\u00a0Libro Zaragoza<\/b><\/a><\/p>\n<ul>\n<li><b>S\u00e1bado 12<\/b>, 18h \u2013 Cuentacuentos Infantil San Jorge y el drag\u00f3n. \u00bfQuer\u00e9is conocer la verdadera historia de San Jorge, la princesa y el drag\u00f3n? Roberto Malo nos la descubre \u00a1\u00a1\u00a1 No os lo perd\u00e1is!!!<\/li>\n<\/ul>\n<p>Y si quieres seguir al d\u00eda de novedades sobre ocio y literatura infantil, puedes seguir a Zyro en:<\/p>\n<ul>\n<li>Twitter:\u00a0@MundoZyro<\/li>\n<li>Facebook:\u00a0facebook.com\/ElMundodeZyro.CasaDelLibro<\/li>\n<\/ul>\n<p>Adem\u00e1s, encuentra todos tus <a title=\"mangas\" href=\"https:\/\/www.casadellibro.com\/libros\/comics\/manga\/411006000\">mangas<\/a> favoritos en nuestra tienda online.<\/p>\n","protected":false},"excerpt":{"rendered":"<p>Hoy empiezan las vacaciones de Semana Santa para los peques de la casa y en librer\u00edas Casa del Libro lo queremos celebrar con las mejores actividades y cuentacuentos para este fin de semana. Tenemos cuentacuentos en ingl\u00e9s, cuentacuentos y actividades especiales para celebrar la Pascua, \u00a0juegos educativos, talleres en los que podr\u00e1s crear marionetas o [&hellip;]<\/p>\n","protected":false},"author":2,"featured_media":0,"comment_status":"open","ping_status":"open","sticky":false,"template":"","format":"standard","meta":{"tdm_status":"","tdm_grid_status":"","footnotes":""},"categories":[6],"tags":[765,201,200,182],"class_list":{"0":"post-5830","1":"post","2":"type-post","3":"status-publish","4":"format-standard","6":"category-eventos-en-tu-libreria","7":"tag-actividades-infantiles","8":"tag-cuentacuentos","9":"tag-literatura-infantil","10":"tag-zyro"},"yoast_head":"<!-- This site is optimized with the Yoast SEO plugin v26.8 - https:\/\/yoast.com\/product\/yoast-seo-wordpress\/ -->\n<title>\u00a1Empezamos las vacaciones de Semana Santa con mucha diversi\u00f3n! | Casa del Libro<\/title>\n<meta name=\"robots\" content=\"index, follow, max-snippet:-1, max-image-preview:large, max-video-preview:-1\" \/>\n<link rel=\"canonical\" href=\"https:\/\/www.casadellibro.com\/blog\/empezamos-las-vacaciones-de-semana-santa-con-mucha-diversion\/\" \/>\n<meta property=\"og:locale\" content=\"es_ES\" \/>\n<meta property=\"og:type\" content=\"article\" \/>\n<meta property=\"og:title\" content=\"\u00a1Empezamos las vacaciones de Semana Santa con mucha diversi\u00f3n! | Casa del Libro\" \/>\n<meta property=\"og:description\" content=\"Hoy empiezan las vacaciones de Semana Santa para los peques de la casa y en librer\u00edas Casa del Libro lo queremos celebrar con las mejores actividades y cuentacuentos para este fin de semana. Tenemos cuentacuentos en ingl\u00e9s, cuentacuentos y actividades especiales para celebrar la Pascua, \u00a0juegos educativos, talleres en los que podr\u00e1s crear marionetas o [&hellip;]\" \/>\n<meta property=\"og:url\" content=\"https:\/\/www.casadellibro.com\/blog\/empezamos-las-vacaciones-de-semana-santa-con-mucha-diversion\/\" \/>\n<meta property=\"og:site_name\" content=\"Blog Casa del Libro\" \/>\n<meta property=\"article:publisher\" content=\"https:\/\/www.facebook.com\/casadellibro\" \/>\n<meta property=\"article:published_time\" content=\"2014-04-11T13:06:51+00:00\" \/>\n<meta property=\"og:image\" content=\"http:\/\/noticiascasadellibro.es\/wp-content\/uploads\/2014\/04\/cuentacuentos-eclipse-de-luna-1024x616.png\" \/>\n<meta name=\"author\" content=\"Casa del Libro\" \/>\n<meta name=\"twitter:card\" content=\"summary_large_image\" \/>\n<meta name=\"twitter:creator\" content=\"@casadellibro\" \/>\n<meta name=\"twitter:site\" content=\"@casadellibro\" \/>\n<meta name=\"twitter:label1\" content=\"Written by\" \/>\n\t<meta name=\"twitter:data1\" content=\"Casa del Libro\" \/>\n\t<meta name=\"twitter:label2\" content=\"Est. reading time\" \/>\n\t<meta name=\"twitter:data2\" content=\"3 minutos\" \/>\n<script type=\"application\/ld+json\" class=\"yoast-schema-graph\">{\"@context\":\"https:\/\/schema.org\",\"@graph\":[{\"@type\":\"Article\",\"@id\":\"https:\/\/www.casadellibro.com\/blog\/empezamos-las-vacaciones-de-semana-santa-con-mucha-diversion\/#article\",\"isPartOf\":{\"@id\":\"https:\/\/www.casadellibro.com\/blog\/empezamos-las-vacaciones-de-semana-santa-con-mucha-diversion\/\"},\"author\":{\"name\":\"Casa del Libro\",\"@id\":\"https:\/\/www.casadellibro.com\/blog\/#\/schema\/person\/4c5249ad5735629a37e929060c823fe5\"},\"headline\":\"\u00a1Empezamos las vacaciones de Semana Santa con mucha diversi\u00f3n!\",\"datePublished\":\"2014-04-11T13:06:51+00:00\",\"mainEntityOfPage\":{\"@id\":\"https:\/\/www.casadellibro.com\/blog\/empezamos-las-vacaciones-de-semana-santa-con-mucha-diversion\/\"},\"wordCount\":538,\"commentCount\":0,\"publisher\":{\"@id\":\"https:\/\/www.casadellibro.com\/blog\/#organization\"},\"image\":{\"@id\":\"https:\/\/www.casadellibro.com\/blog\/empezamos-las-vacaciones-de-semana-santa-con-mucha-diversion\/#primaryimage\"},\"thumbnailUrl\":\"http:\/\/noticiascasadellibro.es\/wp-content\/uploads\/2014\/04\/cuentacuentos-eclipse-de-luna-1024x616.png\",\"keywords\":[\"Actividades infantiles\",\"cuentacuentos\",\"Literatura infantil\",\"Zyro\"],\"articleSection\":[\"Eventos en tu librer\u00eda\"],\"inLanguage\":\"es\",\"potentialAction\":[{\"@type\":\"CommentAction\",\"name\":\"Comment\",\"target\":[\"https:\/\/www.casadellibro.com\/blog\/empezamos-las-vacaciones-de-semana-santa-con-mucha-diversion\/#respond\"]}]},{\"@type\":\"WebPage\",\"@id\":\"https:\/\/www.casadellibro.com\/blog\/empezamos-las-vacaciones-de-semana-santa-con-mucha-diversion\/\",\"url\":\"https:\/\/www.casadellibro.com\/blog\/empezamos-las-vacaciones-de-semana-santa-con-mucha-diversion\/\",\"name\":\"\u00a1Empezamos las vacaciones de Semana Santa con mucha diversi\u00f3n! | Casa del Libro\",\"isPartOf\":{\"@id\":\"https:\/\/www.casadellibro.com\/blog\/#website\"},\"primaryImageOfPage\":{\"@id\":\"https:\/\/www.casadellibro.com\/blog\/empezamos-las-vacaciones-de-semana-santa-con-mucha-diversion\/#primaryimage\"},\"image\":{\"@id\":\"https:\/\/www.casadellibro.com\/blog\/empezamos-las-vacaciones-de-semana-santa-con-mucha-diversion\/#primaryimage\"},\"thumbnailUrl\":\"http:\/\/noticiascasadellibro.es\/wp-content\/uploads\/2014\/04\/cuentacuentos-eclipse-de-luna-1024x616.png\",\"datePublished\":\"2014-04-11T13:06:51+00:00\",\"breadcrumb\":{\"@id\":\"https:\/\/www.casadellibro.com\/blog\/empezamos-las-vacaciones-de-semana-santa-con-mucha-diversion\/#breadcrumb\"},\"inLanguage\":\"es\",\"potentialAction\":[{\"@type\":\"ReadAction\",\"target\":[\"https:\/\/www.casadellibro.com\/blog\/empezamos-las-vacaciones-de-semana-santa-con-mucha-diversion\/\"]}]},{\"@type\":\"ImageObject\",\"inLanguage\":\"es\",\"@id\":\"https:\/\/www.casadellibro.com\/blog\/empezamos-las-vacaciones-de-semana-santa-con-mucha-diversion\/#primaryimage\",\"url\":\"http:\/\/noticiascasadellibro.es\/wp-content\/uploads\/2014\/04\/cuentacuentos-eclipse-de-luna-1024x616.png\",\"contentUrl\":\"http:\/\/noticiascasadellibro.es\/wp-content\/uploads\/2014\/04\/cuentacuentos-eclipse-de-luna-1024x616.png\"},{\"@type\":\"BreadcrumbList\",\"@id\":\"https:\/\/www.casadellibro.com\/blog\/empezamos-las-vacaciones-de-semana-santa-con-mucha-diversion\/#breadcrumb\",\"itemListElement\":[{\"@type\":\"ListItem\",\"position\":1,\"name\":\"Casa del Libro\",\"item\":\"https:\/\/www.casadellibro.com\/blog\/\"},{\"@type\":\"ListItem\",\"position\":2,\"name\":\"\u00a1Empezamos las vacaciones de Semana Santa con mucha diversi\u00f3n!\"}]},{\"@type\":\"WebSite\",\"@id\":\"https:\/\/www.casadellibro.com\/blog\/#website\",\"url\":\"https:\/\/www.casadellibro.com\/blog\/\",\"name\":\"Blog Casa del Libro\",\"description\":\"Descubre todas las novedades en eBooks, eReaders y Libros en el Blog oficial de Casa del Libro, recomendaciones en eBook, eReader y Libro online\",\"publisher\":{\"@id\":\"https:\/\/www.casadellibro.com\/blog\/#organization\"},\"potentialAction\":[{\"@type\":\"SearchAction\",\"target\":{\"@type\":\"EntryPoint\",\"urlTemplate\":\"https:\/\/www.casadellibro.com\/blog\/?s={search_term_string}\"},\"query-input\":{\"@type\":\"PropertyValueSpecification\",\"valueRequired\":true,\"valueName\":\"search_term_string\"}}],\"inLanguage\":\"es\"},{\"@type\":\"Organization\",\"@id\":\"https:\/\/www.casadellibro.com\/blog\/#organization\",\"name\":\"Blog Casa del Libro\",\"url\":\"https:\/\/www.casadellibro.com\/blog\/\",\"logo\":{\"@type\":\"ImageObject\",\"inLanguage\":\"es\",\"@id\":\"https:\/\/www.casadellibro.com\/blog\/#\/schema\/logo\/image\/\",\"url\":\"https:\/\/www.casadellibro.com\/blog\/wp-content\/uploads\/2022\/04\/cropped-image-2-300x98-1.png\",\"contentUrl\":\"https:\/\/www.casadellibro.com\/blog\/wp-content\/uploads\/2022\/04\/cropped-image-2-300x98-1.png\",\"width\":300,\"height\":98,\"caption\":\"Blog Casa del Libro\"},\"image\":{\"@id\":\"https:\/\/www.casadellibro.com\/blog\/#\/schema\/logo\/image\/\"},\"sameAs\":[\"https:\/\/www.facebook.com\/casadellibro\",\"https:\/\/x.com\/casadellibro\",\"https:\/\/www.youtube.com\/user\/casadellibropuntocom\",\"https:\/\/es.pinterest.com\/casadellibro\/\",\"https:\/\/open.spotify.com\/user\/wi2k27ijtmw114f531okf8nd4?si=JEaWkM75S56kXufnbmExww&nd=1&dlsi=6959f4c0a6474806\"]},{\"@type\":\"Person\",\"@id\":\"https:\/\/www.casadellibro.com\/blog\/#\/schema\/person\/4c5249ad5735629a37e929060c823fe5\",\"name\":\"Casa del Libro\",\"image\":{\"@type\":\"ImageObject\",\"inLanguage\":\"es\",\"@id\":\"https:\/\/www.casadellibro.com\/blog\/#\/schema\/person\/image\/\",\"url\":\"https:\/\/secure.gravatar.com\/avatar\/1ac01d90ad8e35013aff9d51865aa025?s=96&d=identicon&r=g\",\"contentUrl\":\"https:\/\/secure.gravatar.com\/avatar\/1ac01d90ad8e35013aff9d51865aa025?s=96&d=identicon&r=g\",\"caption\":\"Casa del Libro\"}}]}<\/script>\n<!-- \/ Yoast SEO plugin. -->","yoast_head_json":{"title":"\u00a1Empezamos las vacaciones de Semana Santa con mucha diversi\u00f3n! | Casa del Libro","robots":{"index":"index","follow":"follow","max-snippet":"max-snippet:-1","max-image-preview":"max-image-preview:large","max-video-preview":"max-video-preview:-1"},"canonical":"https:\/\/www.casadellibro.com\/blog\/empezamos-las-vacaciones-de-semana-santa-con-mucha-diversion\/","og_locale":"es_ES","og_type":"article","og_title":"\u00a1Empezamos las vacaciones de Semana Santa con mucha diversi\u00f3n! | Casa del Libro","og_description":"Hoy empiezan las vacaciones de Semana Santa para los peques de la casa y en librer\u00edas Casa del Libro lo queremos celebrar con las mejores actividades y cuentacuentos para este fin de semana. Tenemos cuentacuentos en ingl\u00e9s, cuentacuentos y actividades especiales para celebrar la Pascua, \u00a0juegos educativos, talleres en los que podr\u00e1s crear marionetas o [&hellip;]","og_url":"https:\/\/www.casadellibro.com\/blog\/empezamos-las-vacaciones-de-semana-santa-con-mucha-diversion\/","og_site_name":"Blog Casa del Libro","article_publisher":"https:\/\/www.facebook.com\/casadellibro","article_published_time":"2014-04-11T13:06:51+00:00","og_image":[{"url":"http:\/\/noticiascasadellibro.es\/wp-content\/uploads\/2014\/04\/cuentacuentos-eclipse-de-luna-1024x616.png","type":"","width":"","height":""}],"author":"Casa del Libro","twitter_card":"summary_large_image","twitter_creator":"@casadellibro","twitter_site":"@casadellibro","twitter_misc":{"Written by":"Casa del Libro","Est. reading time":"3 minutos"},"schema":{"@context":"https:\/\/schema.org","@graph":[{"@type":"Article","@id":"https:\/\/www.casadellibro.com\/blog\/empezamos-las-vacaciones-de-semana-santa-con-mucha-diversion\/#article","isPartOf":{"@id":"https:\/\/www.casadellibro.com\/blog\/empezamos-las-vacaciones-de-semana-santa-con-mucha-diversion\/"},"author":{"name":"Casa del Libro","@id":"https:\/\/www.casadellibro.com\/blog\/#\/schema\/person\/4c5249ad5735629a37e929060c823fe5"},"headline":"\u00a1Empezamos las vacaciones de Semana Santa con mucha diversi\u00f3n!","datePublished":"2014-04-11T13:06:51+00:00","mainEntityOfPage":{"@id":"https:\/\/www.casadellibro.com\/blog\/empezamos-las-vacaciones-de-semana-santa-con-mucha-diversion\/"},"wordCount":538,"commentCount":0,"publisher":{"@id":"https:\/\/www.casadellibro.com\/blog\/#organization"},"image":{"@id":"https:\/\/www.casadellibro.com\/blog\/empezamos-las-vacaciones-de-semana-santa-con-mucha-diversion\/#primaryimage"},"thumbnailUrl":"http:\/\/noticiascasadellibro.es\/wp-content\/uploads\/2014\/04\/cuentacuentos-eclipse-de-luna-1024x616.png","keywords":["Actividades infantiles","cuentacuentos","Literatura infantil","Zyro"],"articleSection":["Eventos en tu librer\u00eda"],"inLanguage":"es","potentialAction":[{"@type":"CommentAction","name":"Comment","target":["https:\/\/www.casadellibro.com\/blog\/empezamos-las-vacaciones-de-semana-santa-con-mucha-diversion\/#respond"]}]},{"@type":"WebPage","@id":"https:\/\/www.casadellibro.com\/blog\/empezamos-las-vacaciones-de-semana-santa-con-mucha-diversion\/","url":"https:\/\/www.casadellibro.com\/blog\/empezamos-las-vacaciones-de-semana-santa-con-mucha-diversion\/","name":"\u00a1Empezamos las vacaciones de Semana Santa con mucha diversi\u00f3n! | Casa del Libro","isPartOf":{"@id":"https:\/\/www.casadellibro.com\/blog\/#website"},"primaryImageOfPage":{"@id":"https:\/\/www.casadellibro.com\/blog\/empezamos-las-vacaciones-de-semana-santa-con-mucha-diversion\/#primaryimage"},"image":{"@id":"https:\/\/www.casadellibro.com\/blog\/empezamos-las-vacaciones-de-semana-santa-con-mucha-diversion\/#primaryimage"},"thumbnailUrl":"http:\/\/noticiascasadellibro.es\/wp-content\/uploads\/2014\/04\/cuentacuentos-eclipse-de-luna-1024x616.png","datePublished":"2014-04-11T13:06:51+00:00","breadcrumb":{"@id":"https:\/\/www.casadellibro.com\/blog\/empezamos-las-vacaciones-de-semana-santa-con-mucha-diversion\/#breadcrumb"},"inLanguage":"es","potentialAction":[{"@type":"ReadAction","target":["https:\/\/www.casadellibro.com\/blog\/empezamos-las-vacaciones-de-semana-santa-con-mucha-diversion\/"]}]},{"@type":"ImageObject","inLanguage":"es","@id":"https:\/\/www.casadellibro.com\/blog\/empezamos-las-vacaciones-de-semana-santa-con-mucha-diversion\/#primaryimage","url":"http:\/\/noticiascasadellibro.es\/wp-content\/uploads\/2014\/04\/cuentacuentos-eclipse-de-luna-1024x616.png","contentUrl":"http:\/\/noticiascasadellibro.es\/wp-content\/uploads\/2014\/04\/cuentacuentos-eclipse-de-luna-1024x616.png"},{"@type":"BreadcrumbList","@id":"https:\/\/www.casadellibro.com\/blog\/empezamos-las-vacaciones-de-semana-santa-con-mucha-diversion\/#breadcrumb","itemListElement":[{"@type":"ListItem","position":1,"name":"Casa del Libro","item":"https:\/\/www.casadellibro.com\/blog\/"},{"@type":"ListItem","position":2,"name":"\u00a1Empezamos las vacaciones de Semana Santa con mucha diversi\u00f3n!"}]},{"@type":"WebSite","@id":"https:\/\/www.casadellibro.com\/blog\/#website","url":"https:\/\/www.casadellibro.com\/blog\/","name":"Blog Casa del Libro","description":"Descubre todas las novedades en eBooks, eReaders y Libros en el Blog oficial de Casa del Libro, recomendaciones en eBook, eReader y Libro online","publisher":{"@id":"https:\/\/www.casadellibro.com\/blog\/#organization"},"potentialAction":[{"@type":"SearchAction","target":{"@type":"EntryPoint","urlTemplate":"https:\/\/www.casadellibro.com\/blog\/?s={search_term_string}"},"query-input":{"@type":"PropertyValueSpecification","valueRequired":true,"valueName":"search_term_string"}}],"inLanguage":"es"},{"@type":"Organization","@id":"https:\/\/www.casadellibro.com\/blog\/#organization","name":"Blog Casa del Libro","url":"https:\/\/www.casadellibro.com\/blog\/","logo":{"@type":"ImageObject","inLanguage":"es","@id":"https:\/\/www.casadellibro.com\/blog\/#\/schema\/logo\/image\/","url":"https:\/\/www.casadellibro.com\/blog\/wp-content\/uploads\/2022\/04\/cropped-image-2-300x98-1.png","contentUrl":"https:\/\/www.casadellibro.com\/blog\/wp-content\/uploads\/2022\/04\/cropped-image-2-300x98-1.png","width":300,"height":98,"caption":"Blog Casa del Libro"},"image":{"@id":"https:\/\/www.casadellibro.com\/blog\/#\/schema\/logo\/image\/"},"sameAs":["https:\/\/www.facebook.com\/casadellibro","https:\/\/x.com\/casadellibro","https:\/\/www.youtube.com\/user\/casadellibropuntocom","https:\/\/es.pinterest.com\/casadellibro\/","https:\/\/open.spotify.com\/user\/wi2k27ijtmw114f531okf8nd4?si=JEaWkM75S56kXufnbmExww&nd=1&dlsi=6959f4c0a6474806"]},{"@type":"Person","@id":"https:\/\/www.casadellibro.com\/blog\/#\/schema\/person\/4c5249ad5735629a37e929060c823fe5","name":"Casa del Libro","image":{"@type":"ImageObject","inLanguage":"es","@id":"https:\/\/www.casadellibro.com\/blog\/#\/schema\/person\/image\/","url":"https:\/\/secure.gravatar.com\/avatar\/1ac01d90ad8e35013aff9d51865aa025?s=96&d=identicon&r=g","contentUrl":"https:\/\/secure.gravatar.com\/avatar\/1ac01d90ad8e35013aff9d51865aa025?s=96&d=identicon&r=g","caption":"Casa del Libro"}}]}},"_links":{"self":[{"href":"https:\/\/www.casadellibro.com\/blog\/wp-json\/wp\/v2\/posts\/5830","targetHints":{"allow":["GET"]}}],"collection":[{"href":"https:\/\/www.casadellibro.com\/blog\/wp-json\/wp\/v2\/posts"}],"about":[{"href":"https:\/\/www.casadellibro.com\/blog\/wp-json\/wp\/v2\/types\/post"}],"author":[{"embeddable":true,"href":"https:\/\/www.casadellibro.com\/blog\/wp-json\/wp\/v2\/users\/2"}],"replies":[{"embeddable":true,"href":"https:\/\/www.casadellibro.com\/blog\/wp-json\/wp\/v2\/comments?post=5830"}],"version-history":[{"count":0,"href":"https:\/\/www.casadellibro.com\/blog\/wp-json\/wp\/v2\/posts\/5830\/revisions"}],"wp:attachment":[{"href":"https:\/\/www.casadellibro.com\/blog\/wp-json\/wp\/v2\/media?parent=5830"}],"wp:term":[{"taxonomy":"category","embeddable":true,"href":"https:\/\/www.casadellibro.com\/blog\/wp-json\/wp\/v2\/categories?post=5830"},{"taxonomy":"post_tag","embeddable":true,"href":"https:\/\/www.casadellibro.com\/blog\/wp-json\/wp\/v2\/tags?post=5830"}],"curies":[{"name":"wp","href":"https:\/\/api.w.org\/{rel}","templated":true}]}}