{"id":5870,"date":"2014-04-23T09:00:05","date_gmt":"2014-04-23T07:00:05","guid":{"rendered":"http:\/\/noticiascasadellibro.es\/?p=5870"},"modified":"2014-04-23T09:00:05","modified_gmt":"2014-04-23T07:00:05","slug":"dia-del-libro-con-personajes-clasicos","status":"publish","type":"post","link":"https:\/\/www.casadellibro.com\/blog\/dia-del-libro-con-personajes-clasicos\/","title":{"rendered":"D\u00eda del Libro con personajes cl\u00e1sicos"},"content":{"rendered":"<p style=\"text-align: center;\"><img loading=\"lazy\" decoding=\"async\" class=\"aligncenter wp-image-5875\" src=\"http:\/\/noticiascasadellibro.es\/wp-content\/uploads\/2014\/04\/CL-DIA-LIBRO-2014-RRSS-850x315.jpg\" alt=\"D\u00eda del Libro 23 de abril \" width=\"620\" height=\"230\" \/><\/p>\n<p>Hoy d\u00eda\u00a0<strong>23 de abril<\/strong>\u00a0se celebra el\u00a0<strong><a href=\"http:\/\/www.casadellibro.com\/libros-dia-del-libro\/765\">D\u00eda del Libro<\/a> \u00a0<\/strong>y desde El Mundo de Zyro nos unimos a la fiesta m\u00e1s importante del mundo literario para seguir reivindicando los libros y, por supuesto, fomentar la lectura entre los m\u00e1s peque\u00f1os.<\/p>\n<p>En esta ocasi\u00f3n, rescatamos una serie de <strong>personajes cl\u00e1sicos<\/strong> que hac\u00eda mucho que no ve\u00edamos como <strong>Pac Man<\/strong> o las <strong>Mellizas de Santa Clara<\/strong>; y otros como <strong>Mortadelo y Filem\u00f3n<\/strong>, que nunca nos han dejado pero nos siguen sorprendiendo como el primer d\u00eda. Bien conocidos por padres, abuelos, t\u00edos y hermanos mayores, estas nuevas aventuras y versiones de los personajes m\u00e1s cl\u00e1sicos har\u00e1n las delicias de los ni\u00f1os.<\/p>\n<p>Os invitamos a que los re-descubr\u00e1is con los m\u00e1s peque\u00f1os y a que celebr\u00e9is este d\u00eda tan especial con nosotros en <a title=\"Casa del Libro Tiendas\" href=\"http:\/\/www.casadellibro.com\/nosotros\/nuestras-tiendas-nuestrastiendas\/0\" target=\"_blank\" rel=\"noopener noreferrer\">Casa del Libro<\/a>, \u00a1s\u00f3lo hoy todos los libros tendr\u00e1n un 10% de descuento!<\/p>\n<p><a style=\"font-size: 13px;\" title=\"PAC-MAN Y LAS AVENTURAS FANTASMALES N\u00ba 1: \u00a1COMIENZA LA AVENTURA!\" href=\"http:\/\/www.casadellibro.com\/libro-pac-man-y-las-aventuras-fantasmales-n-1-comienza-la-aventura\/9788448838843\/2268816\" target=\"_blank\" rel=\"noopener noreferrer\"><img loading=\"lazy\" decoding=\"async\" class=\" wp-image-5874 alignleft\" src=\"http:\/\/noticiascasadellibro.es\/wp-content\/uploads\/2014\/04\/pac-man-y-las-aventuras-fantasmales-n-1-comienza-la-aventura-9788448838843.jpg\" alt=\"Pac Man y las aventuras fantasmales\" width=\"221\" height=\"341\" \/><\/a><\/p>\n<p>1<a title=\"PAC-MAN Y LAS AVENTURAS FANTASMALES N\u00ba 1: \u00a1COMIENZA LA AVENTURA!\" href=\"http:\/\/www.casadellibro.com\/libro-pac-man-y-las-aventuras-fantasmales-n-1-comienza-la-aventura\/9788448838843\/2268816\" target=\"_blank\" rel=\"noopener noreferrer\">. PAC-MAN y las aventuras fantasmales\u00a0n\u00ba1 \u00a1Comienza la Aventura!<\/a><\/p>\n<p>El cl\u00e1sico comecocos que se convirti\u00f3 en un verdadero icono de los a\u00f1os 80 vuelve con un dise\u00f1o renovado.<\/p>\n<p>Pac es el t\u00edpico adolescente del Pac mundo excepto por tres peque\u00f1os detalles: es amarillo, redondo y es el enemigo n\u00famero 1 del malvado Lord Betrayus, el l\u00edder del Mundo de las Tinieblas. Pac y su pandilla emprenden una batalla contra los fantasmas para salvar su mundo y, sobre todo, para divertirse haci\u00e9ndolo.<\/p>\n<p><a title=\"PAC-MAN Y LAS AVENTURAS FANTASMALES N\u00ba 1: \u00a1COMIENZA LA AVENTURA!\" href=\"http:\/\/www.casadellibro.com\/libro-pac-man-y-las-aventuras-fantasmales-n-1-comienza-la-aventura\/9788448838843\/2268816\" target=\"_blank\" rel=\"noopener noreferrer\">\u00a0<\/a><\/p>\n<p><a title=\"MUNDIAL 2014 (MAGOS DEL HUMOR: MORTADELO Y FILEMON)\" href=\"http:\/\/www.casadellibro.com\/libro-mundial-2014-magos-del-humor-mortadelo-y-filemon\/9788466653923\/2277854\" target=\"_blank\" rel=\"noopener noreferrer\"><img loading=\"lazy\" decoding=\"async\" class=\" wp-image-5873 alignright\" src=\"http:\/\/noticiascasadellibro.es\/wp-content\/uploads\/2014\/04\/mortadelo-y-filemon.jpg\" alt=\"Mortadelo y Filem\u00f3n Mundial 2014\" width=\"288\" height=\"401\" \/><\/a><\/p>\n<p><a style=\"font-size: 13px;\" title=\"MUNDIAL 2014 (MAGOS DEL HUMOR: MORTADELO Y FILEMON)\" href=\"http:\/\/www.casadellibro.com\/libro-mundial-2014-magos-del-humor-mortadelo-y-filemon\/9788466653923\/2277854\" target=\"_blank\" rel=\"noopener noreferrer\">2. MUNDIAL 2014: MORTADELO Y FILEM\u00d3N<\/a><\/p>\n<p>En 2014 se celebra el Mundial de f\u00fatbol en Brasil, uno de los pa\u00edses que viven m\u00e1s intensamente la pasi\u00f3n por este deporte, no en vano su selecci\u00f3n es la que m\u00e1s copas del mundo atesora.<\/p>\n<p>Mortadelo y Filem\u00f3n vuelven con una nueva misi\u00f3n; han de ir a Brasil ya que un siniestro personaje intentar\u00e1 sabotear el campeonato en su propio beneficio. Para dar con el malhechor lo antes posible, nuestros h\u00e9roes formar\u00e1n parte de la selecci\u00f3n espa\u00f1ola.<\/p>\n<p><a title=\"Las mellizas de Santa Clara. Blyton\" href=\"http:\/\/www.casadellibro.com\/libro-las-mellizas-cambian-de-colegio\/9788427206779\/2259739\" target=\"_blank\" rel=\"noopener noreferrer\"><span style=\"font-size: 13px;\"><img loading=\"lazy\" decoding=\"async\" class=\"alignleft wp-image-5886\" title=\"Las mellizas cambian de colegio\" src=\"http:\/\/noticiascasadellibro.es\/wp-content\/uploads\/2014\/04\/las-mellizas-cambian-de-colegio-9788427206779.jpg\" alt=\"Las mellizas cambian de colegio\" width=\"252\" height=\"373\" \/><\/span><\/a><\/p>\n<p><span style=\"font-size: 13px;\"><a title=\"Las mellizas cambian de colegio. Enid Blyton\" href=\"http:\/\/www.casadellibro.com\/libro-las-mellizas-cambian-de-colegio\/9788427206779\/2259739\" target=\"_blank\" rel=\"noopener noreferrer\">3. LAS MELLIZAS CAMBIAN DE COLEGIO<\/a><\/span><\/p>\n<p>Pat e Isabel O&#8217;Sullivan quieren ir al mismo colegio que sus amigas, pero su madre ha decidido enviarlas al Santa Clara. Las mellizas han aceptado el cambio, pero tienen un plan secreto&#8230;\u00a1hacer diabluras hasta que las cambien de colegio!<\/p>\n<p>Descubre las aventuras de las famosas Mellizas O&#8217;Sullivan en esta nueva colecci\u00f3n actualizada.<\/p>\n<p><a style=\"font-size: 13px;\" title=\"Los mejores cuentos de Gloria Fuertes\" href=\"http:\/\/www.casadellibro.com\/libro-los-mejores-cuentos-de-gloria-fuertes\/9788430524020\/1268552\" target=\"_blank\" rel=\"noopener noreferrer\">\u00a0<\/a><\/p>\n<p><a title=\"Primer curso en las torres de malory\" href=\"http:\/\/www.casadellibro.com\/libro-primer-curso-en-torres-de-malory\/9788427201880\/1958470\" target=\"_blank\" rel=\"noopener noreferrer\"><img loading=\"lazy\" decoding=\"async\" class=\" wp-image-5885 alignright\" title=\"Primer curso en las Torres de Malory\" src=\"http:\/\/noticiascasadellibro.es\/wp-content\/uploads\/2014\/04\/Torres-de-Malory1.jpg\" alt=\"Primer curso en las Torres de Malory\" width=\"252\" height=\"336\" \/><\/a><\/p>\n<p>4<a title=\"PRIMER CURSO EN TORRES DE MALORY. ENID BLYTON\" href=\"http:\/\/www.casadellibro.com\/libro-primer-curso-en-torres-de-malory\/9788427201880\/1958470\" target=\"_blank\" rel=\"noopener noreferrer\">. PRIMER CURSO EN LAS TORRES DE MALORY<\/a><\/p>\n<p>Vuelven las memorables aventuras de las chicas del internado Torres de Malory con un aspecto muy rejuvenecido, ilustraciones modernas y con divertidos gui\u00f1os de actualidad.<\/p>\n<p>Una de las series con mayor \u00e9xito entre las lectoras femeninas de Enid Blyton gracias a su tema atemporal: un internado repleto de ni\u00f1as uniformadas y estiradas profesoras.<\/p>\n<p><a title=\"AVENTURA EN LA ISLA. ENID BLYTON\" href=\"http:\/\/www.casadellibro.com\/libro-aventura-en-la-isla\/9788427204102\/2107074\" target=\"_blank\" rel=\"noopener noreferrer\"><img loading=\"lazy\" decoding=\"async\" class=\"alignleft wp-image-5888\" title=\"Aventura en la isla. Enid Blyton\" src=\"http:\/\/noticiascasadellibro.es\/wp-content\/uploads\/2014\/04\/aventura-en-la-isla-9788427204102.jpg\" alt=\"Aventura en la isla. Enid Blyton\" width=\"241\" height=\"360\" \/><\/a><a title=\"AVENTURA EN LA ISLA. ENID BLYTON\" href=\"http:\/\/www.casadellibro.com\/libro-aventura-en-la-isla\/9788427204102\/2107074\" target=\"_blank\" rel=\"noopener noreferrer\">5. AVENTURA EN LA ISLA<\/a><a title=\"Platero y yo Juan Ram\u00f3n Jim\u00e9nez \" href=\"http:\/\/www.casadellibro.com\/libro-platero-y-yo\/9788467860894\/2266755\" target=\"_blank\" rel=\"noopener noreferrer\"><br \/>\n<\/a><\/p>\n<p>Las tranquilas vacaciones en la destartalada casa de la isla de los t\u00edos se convierten en un viaje repleto de aventuras cuando Jorge, Dolly, Lucy y Jack investigan los siniestros misterios de la isla. All\u00ed encontraran t\u00faneles subterr\u00e1neos secretos, luces nocturnas\u00a0sobre el acantilado y se toparan con peligrosos malhechores.\u00a0\u00a1Vivir\u00e1n unas vacaciones que no podr\u00e1n olvidar!<\/p>\n<p>Las divertidas aventuras de Enid Blyton con Jorge, Dolly, Jack, Lucy y el parlanch\u00edn loro Kiki en una nueva edici\u00f3n actualizada.<\/p>\n<h1><\/h1>\n<p>Recuerda que s\u00f3lo hoy, 23 de Abril, con motivo del\u00a0<strong>D\u00eda del Libro <\/strong>podr\u00e1s disfrutar de un 10% de descuento en todos los libros en nuestras librer\u00edas.<\/p>\n<p><strong>\u00a1Feliz D\u00eda del Libro!<\/strong><\/p>\n<p>Y si quieres seguir al d\u00eda de novedades sobre ocio y literatura infantil, puedes seguir a Zyro en:<\/p>\n<ul>\n<li>Twitter:\u00a0<a title=\"Twitter El Mundo de Zyro. Casa del Libro\" href=\"https:\/\/twitter.com\/mundozyro\" target=\"_blank\" rel=\"nofollow noopener\">@MundoZyro<\/a><\/li>\n<li>Facebook:\u00a0<a title=\"Facebook El Mundo de Zyro. Casa del Libro\" href=\"https:\/\/www.facebook.com\/ElMundodeZyro.CasaDelLibro\" target=\"_blank\" rel=\"nofollow noopener\">facebook.com\/ElMundodeZyro.CasaDelLibro<\/a><\/li>\n<\/ul>\n","protected":false},"excerpt":{"rendered":"<p>Hoy d\u00eda\u00a023 de abril\u00a0se celebra el\u00a0D\u00eda del Libro \u00a0y desde El Mundo de Zyro nos unimos a la fiesta m\u00e1s importante del mundo literario para seguir reivindicando los libros y, por supuesto, fomentar la lectura entre los m\u00e1s peque\u00f1os. En esta ocasi\u00f3n, rescatamos una serie de personajes cl\u00e1sicos que hac\u00eda mucho que no ve\u00edamos como [&hellip;]<\/p>\n","protected":false},"author":2,"featured_media":0,"comment_status":"open","ping_status":"open","sticky":false,"template":"","format":"standard","meta":{"tdm_status":"","tdm_grid_status":"","footnotes":""},"categories":[29],"tags":[184],"class_list":{"0":"post-5870","1":"post","2":"type-post","3":"status-publish","4":"format-standard","6":"category-recomendaciones","7":"tag-dia-del-libro"},"yoast_head":"<!-- This site is optimized with the Yoast SEO plugin v26.8 - https:\/\/yoast.com\/product\/yoast-seo-wordpress\/ -->\n<title>D\u00eda del Libro con personajes cl\u00e1sicos | Casa del Libro<\/title>\n<meta name=\"robots\" content=\"index, follow, max-snippet:-1, max-image-preview:large, max-video-preview:-1\" \/>\n<link rel=\"canonical\" href=\"https:\/\/www.casadellibro.com\/blog\/dia-del-libro-con-personajes-clasicos\/\" \/>\n<meta property=\"og:locale\" content=\"es_ES\" \/>\n<meta property=\"og:type\" content=\"article\" \/>\n<meta property=\"og:title\" content=\"D\u00eda del Libro con personajes cl\u00e1sicos | Casa del Libro\" \/>\n<meta property=\"og:description\" content=\"Hoy d\u00eda\u00a023 de abril\u00a0se celebra el\u00a0D\u00eda del Libro \u00a0y desde El Mundo de Zyro nos unimos a la fiesta m\u00e1s importante del mundo literario para seguir reivindicando los libros y, por supuesto, fomentar la lectura entre los m\u00e1s peque\u00f1os. En esta ocasi\u00f3n, rescatamos una serie de personajes cl\u00e1sicos que hac\u00eda mucho que no ve\u00edamos como [&hellip;]\" \/>\n<meta property=\"og:url\" content=\"https:\/\/www.casadellibro.com\/blog\/dia-del-libro-con-personajes-clasicos\/\" \/>\n<meta property=\"og:site_name\" content=\"Blog Casa del Libro\" \/>\n<meta property=\"article:publisher\" content=\"https:\/\/www.facebook.com\/casadellibro\" \/>\n<meta property=\"article:published_time\" content=\"2014-04-23T07:00:05+00:00\" \/>\n<meta property=\"og:image\" content=\"http:\/\/noticiascasadellibro.es\/wp-content\/uploads\/2014\/04\/CL-DIA-LIBRO-2014-RRSS-850x315.jpg\" \/>\n<meta name=\"author\" content=\"Casa del Libro\" \/>\n<meta name=\"twitter:card\" content=\"summary_large_image\" \/>\n<meta name=\"twitter:creator\" content=\"@casadellibro\" \/>\n<meta name=\"twitter:site\" content=\"@casadellibro\" \/>\n<meta name=\"twitter:label1\" content=\"Written by\" \/>\n\t<meta name=\"twitter:data1\" content=\"Casa del Libro\" \/>\n\t<meta name=\"twitter:label2\" content=\"Est. reading time\" \/>\n\t<meta name=\"twitter:data2\" content=\"3 minutos\" \/>\n<script type=\"application\/ld+json\" class=\"yoast-schema-graph\">{\"@context\":\"https:\/\/schema.org\",\"@graph\":[{\"@type\":\"Article\",\"@id\":\"https:\/\/www.casadellibro.com\/blog\/dia-del-libro-con-personajes-clasicos\/#article\",\"isPartOf\":{\"@id\":\"https:\/\/www.casadellibro.com\/blog\/dia-del-libro-con-personajes-clasicos\/\"},\"author\":{\"name\":\"Casa del Libro\",\"@id\":\"https:\/\/www.casadellibro.com\/blog\/#\/schema\/person\/4c5249ad5735629a37e929060c823fe5\"},\"headline\":\"D\u00eda del Libro con personajes cl\u00e1sicos\",\"datePublished\":\"2014-04-23T07:00:05+00:00\",\"mainEntityOfPage\":{\"@id\":\"https:\/\/www.casadellibro.com\/blog\/dia-del-libro-con-personajes-clasicos\/\"},\"wordCount\":626,\"commentCount\":0,\"publisher\":{\"@id\":\"https:\/\/www.casadellibro.com\/blog\/#organization\"},\"image\":{\"@id\":\"https:\/\/www.casadellibro.com\/blog\/dia-del-libro-con-personajes-clasicos\/#primaryimage\"},\"thumbnailUrl\":\"http:\/\/noticiascasadellibro.es\/wp-content\/uploads\/2014\/04\/CL-DIA-LIBRO-2014-RRSS-850x315.jpg\",\"keywords\":[\"D\u00eda del Libro\"],\"articleSection\":[\"Recomendaciones\"],\"inLanguage\":\"es\",\"potentialAction\":[{\"@type\":\"CommentAction\",\"name\":\"Comment\",\"target\":[\"https:\/\/www.casadellibro.com\/blog\/dia-del-libro-con-personajes-clasicos\/#respond\"]}]},{\"@type\":\"WebPage\",\"@id\":\"https:\/\/www.casadellibro.com\/blog\/dia-del-libro-con-personajes-clasicos\/\",\"url\":\"https:\/\/www.casadellibro.com\/blog\/dia-del-libro-con-personajes-clasicos\/\",\"name\":\"D\u00eda del Libro con personajes cl\u00e1sicos | Casa del Libro\",\"isPartOf\":{\"@id\":\"https:\/\/www.casadellibro.com\/blog\/#website\"},\"primaryImageOfPage\":{\"@id\":\"https:\/\/www.casadellibro.com\/blog\/dia-del-libro-con-personajes-clasicos\/#primaryimage\"},\"image\":{\"@id\":\"https:\/\/www.casadellibro.com\/blog\/dia-del-libro-con-personajes-clasicos\/#primaryimage\"},\"thumbnailUrl\":\"http:\/\/noticiascasadellibro.es\/wp-content\/uploads\/2014\/04\/CL-DIA-LIBRO-2014-RRSS-850x315.jpg\",\"datePublished\":\"2014-04-23T07:00:05+00:00\",\"breadcrumb\":{\"@id\":\"https:\/\/www.casadellibro.com\/blog\/dia-del-libro-con-personajes-clasicos\/#breadcrumb\"},\"inLanguage\":\"es\",\"potentialAction\":[{\"@type\":\"ReadAction\",\"target\":[\"https:\/\/www.casadellibro.com\/blog\/dia-del-libro-con-personajes-clasicos\/\"]}]},{\"@type\":\"ImageObject\",\"inLanguage\":\"es\",\"@id\":\"https:\/\/www.casadellibro.com\/blog\/dia-del-libro-con-personajes-clasicos\/#primaryimage\",\"url\":\"http:\/\/noticiascasadellibro.es\/wp-content\/uploads\/2014\/04\/CL-DIA-LIBRO-2014-RRSS-850x315.jpg\",\"contentUrl\":\"http:\/\/noticiascasadellibro.es\/wp-content\/uploads\/2014\/04\/CL-DIA-LIBRO-2014-RRSS-850x315.jpg\"},{\"@type\":\"BreadcrumbList\",\"@id\":\"https:\/\/www.casadellibro.com\/blog\/dia-del-libro-con-personajes-clasicos\/#breadcrumb\",\"itemListElement\":[{\"@type\":\"ListItem\",\"position\":1,\"name\":\"Casa del Libro\",\"item\":\"https:\/\/www.casadellibro.com\/blog\/\"},{\"@type\":\"ListItem\",\"position\":2,\"name\":\"D\u00eda del Libro con personajes cl\u00e1sicos\"}]},{\"@type\":\"WebSite\",\"@id\":\"https:\/\/www.casadellibro.com\/blog\/#website\",\"url\":\"https:\/\/www.casadellibro.com\/blog\/\",\"name\":\"Blog Casa del Libro\",\"description\":\"Descubre todas las novedades en eBooks, eReaders y Libros en el Blog oficial de Casa del Libro, recomendaciones en eBook, eReader y Libro online\",\"publisher\":{\"@id\":\"https:\/\/www.casadellibro.com\/blog\/#organization\"},\"potentialAction\":[{\"@type\":\"SearchAction\",\"target\":{\"@type\":\"EntryPoint\",\"urlTemplate\":\"https:\/\/www.casadellibro.com\/blog\/?s={search_term_string}\"},\"query-input\":{\"@type\":\"PropertyValueSpecification\",\"valueRequired\":true,\"valueName\":\"search_term_string\"}}],\"inLanguage\":\"es\"},{\"@type\":\"Organization\",\"@id\":\"https:\/\/www.casadellibro.com\/blog\/#organization\",\"name\":\"Blog Casa del Libro\",\"url\":\"https:\/\/www.casadellibro.com\/blog\/\",\"logo\":{\"@type\":\"ImageObject\",\"inLanguage\":\"es\",\"@id\":\"https:\/\/www.casadellibro.com\/blog\/#\/schema\/logo\/image\/\",\"url\":\"https:\/\/www.casadellibro.com\/blog\/wp-content\/uploads\/2022\/04\/cropped-image-2-300x98-1.png\",\"contentUrl\":\"https:\/\/www.casadellibro.com\/blog\/wp-content\/uploads\/2022\/04\/cropped-image-2-300x98-1.png\",\"width\":300,\"height\":98,\"caption\":\"Blog Casa del Libro\"},\"image\":{\"@id\":\"https:\/\/www.casadellibro.com\/blog\/#\/schema\/logo\/image\/\"},\"sameAs\":[\"https:\/\/www.facebook.com\/casadellibro\",\"https:\/\/x.com\/casadellibro\",\"https:\/\/www.youtube.com\/user\/casadellibropuntocom\",\"https:\/\/es.pinterest.com\/casadellibro\/\",\"https:\/\/open.spotify.com\/user\/wi2k27ijtmw114f531okf8nd4?si=JEaWkM75S56kXufnbmExww&nd=1&dlsi=6959f4c0a6474806\"]},{\"@type\":\"Person\",\"@id\":\"https:\/\/www.casadellibro.com\/blog\/#\/schema\/person\/4c5249ad5735629a37e929060c823fe5\",\"name\":\"Casa del Libro\",\"image\":{\"@type\":\"ImageObject\",\"inLanguage\":\"es\",\"@id\":\"https:\/\/www.casadellibro.com\/blog\/#\/schema\/person\/image\/\",\"url\":\"https:\/\/secure.gravatar.com\/avatar\/1ac01d90ad8e35013aff9d51865aa025?s=96&d=identicon&r=g\",\"contentUrl\":\"https:\/\/secure.gravatar.com\/avatar\/1ac01d90ad8e35013aff9d51865aa025?s=96&d=identicon&r=g\",\"caption\":\"Casa del Libro\"}}]}<\/script>\n<!-- \/ Yoast SEO plugin. -->","yoast_head_json":{"title":"D\u00eda del Libro con personajes cl\u00e1sicos | Casa del Libro","robots":{"index":"index","follow":"follow","max-snippet":"max-snippet:-1","max-image-preview":"max-image-preview:large","max-video-preview":"max-video-preview:-1"},"canonical":"https:\/\/www.casadellibro.com\/blog\/dia-del-libro-con-personajes-clasicos\/","og_locale":"es_ES","og_type":"article","og_title":"D\u00eda del Libro con personajes cl\u00e1sicos | Casa del Libro","og_description":"Hoy d\u00eda\u00a023 de abril\u00a0se celebra el\u00a0D\u00eda del Libro \u00a0y desde El Mundo de Zyro nos unimos a la fiesta m\u00e1s importante del mundo literario para seguir reivindicando los libros y, por supuesto, fomentar la lectura entre los m\u00e1s peque\u00f1os. En esta ocasi\u00f3n, rescatamos una serie de personajes cl\u00e1sicos que hac\u00eda mucho que no ve\u00edamos como [&hellip;]","og_url":"https:\/\/www.casadellibro.com\/blog\/dia-del-libro-con-personajes-clasicos\/","og_site_name":"Blog Casa del Libro","article_publisher":"https:\/\/www.facebook.com\/casadellibro","article_published_time":"2014-04-23T07:00:05+00:00","og_image":[{"url":"http:\/\/noticiascasadellibro.es\/wp-content\/uploads\/2014\/04\/CL-DIA-LIBRO-2014-RRSS-850x315.jpg","type":"","width":"","height":""}],"author":"Casa del Libro","twitter_card":"summary_large_image","twitter_creator":"@casadellibro","twitter_site":"@casadellibro","twitter_misc":{"Written by":"Casa del Libro","Est. reading time":"3 minutos"},"schema":{"@context":"https:\/\/schema.org","@graph":[{"@type":"Article","@id":"https:\/\/www.casadellibro.com\/blog\/dia-del-libro-con-personajes-clasicos\/#article","isPartOf":{"@id":"https:\/\/www.casadellibro.com\/blog\/dia-del-libro-con-personajes-clasicos\/"},"author":{"name":"Casa del Libro","@id":"https:\/\/www.casadellibro.com\/blog\/#\/schema\/person\/4c5249ad5735629a37e929060c823fe5"},"headline":"D\u00eda del Libro con personajes cl\u00e1sicos","datePublished":"2014-04-23T07:00:05+00:00","mainEntityOfPage":{"@id":"https:\/\/www.casadellibro.com\/blog\/dia-del-libro-con-personajes-clasicos\/"},"wordCount":626,"commentCount":0,"publisher":{"@id":"https:\/\/www.casadellibro.com\/blog\/#organization"},"image":{"@id":"https:\/\/www.casadellibro.com\/blog\/dia-del-libro-con-personajes-clasicos\/#primaryimage"},"thumbnailUrl":"http:\/\/noticiascasadellibro.es\/wp-content\/uploads\/2014\/04\/CL-DIA-LIBRO-2014-RRSS-850x315.jpg","keywords":["D\u00eda del Libro"],"articleSection":["Recomendaciones"],"inLanguage":"es","potentialAction":[{"@type":"CommentAction","name":"Comment","target":["https:\/\/www.casadellibro.com\/blog\/dia-del-libro-con-personajes-clasicos\/#respond"]}]},{"@type":"WebPage","@id":"https:\/\/www.casadellibro.com\/blog\/dia-del-libro-con-personajes-clasicos\/","url":"https:\/\/www.casadellibro.com\/blog\/dia-del-libro-con-personajes-clasicos\/","name":"D\u00eda del Libro con personajes cl\u00e1sicos | Casa del Libro","isPartOf":{"@id":"https:\/\/www.casadellibro.com\/blog\/#website"},"primaryImageOfPage":{"@id":"https:\/\/www.casadellibro.com\/blog\/dia-del-libro-con-personajes-clasicos\/#primaryimage"},"image":{"@id":"https:\/\/www.casadellibro.com\/blog\/dia-del-libro-con-personajes-clasicos\/#primaryimage"},"thumbnailUrl":"http:\/\/noticiascasadellibro.es\/wp-content\/uploads\/2014\/04\/CL-DIA-LIBRO-2014-RRSS-850x315.jpg","datePublished":"2014-04-23T07:00:05+00:00","breadcrumb":{"@id":"https:\/\/www.casadellibro.com\/blog\/dia-del-libro-con-personajes-clasicos\/#breadcrumb"},"inLanguage":"es","potentialAction":[{"@type":"ReadAction","target":["https:\/\/www.casadellibro.com\/blog\/dia-del-libro-con-personajes-clasicos\/"]}]},{"@type":"ImageObject","inLanguage":"es","@id":"https:\/\/www.casadellibro.com\/blog\/dia-del-libro-con-personajes-clasicos\/#primaryimage","url":"http:\/\/noticiascasadellibro.es\/wp-content\/uploads\/2014\/04\/CL-DIA-LIBRO-2014-RRSS-850x315.jpg","contentUrl":"http:\/\/noticiascasadellibro.es\/wp-content\/uploads\/2014\/04\/CL-DIA-LIBRO-2014-RRSS-850x315.jpg"},{"@type":"BreadcrumbList","@id":"https:\/\/www.casadellibro.com\/blog\/dia-del-libro-con-personajes-clasicos\/#breadcrumb","itemListElement":[{"@type":"ListItem","position":1,"name":"Casa del Libro","item":"https:\/\/www.casadellibro.com\/blog\/"},{"@type":"ListItem","position":2,"name":"D\u00eda del Libro con personajes cl\u00e1sicos"}]},{"@type":"WebSite","@id":"https:\/\/www.casadellibro.com\/blog\/#website","url":"https:\/\/www.casadellibro.com\/blog\/","name":"Blog Casa del Libro","description":"Descubre todas las novedades en eBooks, eReaders y Libros en el Blog oficial de Casa del Libro, recomendaciones en eBook, eReader y Libro online","publisher":{"@id":"https:\/\/www.casadellibro.com\/blog\/#organization"},"potentialAction":[{"@type":"SearchAction","target":{"@type":"EntryPoint","urlTemplate":"https:\/\/www.casadellibro.com\/blog\/?s={search_term_string}"},"query-input":{"@type":"PropertyValueSpecification","valueRequired":true,"valueName":"search_term_string"}}],"inLanguage":"es"},{"@type":"Organization","@id":"https:\/\/www.casadellibro.com\/blog\/#organization","name":"Blog Casa del Libro","url":"https:\/\/www.casadellibro.com\/blog\/","logo":{"@type":"ImageObject","inLanguage":"es","@id":"https:\/\/www.casadellibro.com\/blog\/#\/schema\/logo\/image\/","url":"https:\/\/www.casadellibro.com\/blog\/wp-content\/uploads\/2022\/04\/cropped-image-2-300x98-1.png","contentUrl":"https:\/\/www.casadellibro.com\/blog\/wp-content\/uploads\/2022\/04\/cropped-image-2-300x98-1.png","width":300,"height":98,"caption":"Blog Casa del Libro"},"image":{"@id":"https:\/\/www.casadellibro.com\/blog\/#\/schema\/logo\/image\/"},"sameAs":["https:\/\/www.facebook.com\/casadellibro","https:\/\/x.com\/casadellibro","https:\/\/www.youtube.com\/user\/casadellibropuntocom","https:\/\/es.pinterest.com\/casadellibro\/","https:\/\/open.spotify.com\/user\/wi2k27ijtmw114f531okf8nd4?si=JEaWkM75S56kXufnbmExww&nd=1&dlsi=6959f4c0a6474806"]},{"@type":"Person","@id":"https:\/\/www.casadellibro.com\/blog\/#\/schema\/person\/4c5249ad5735629a37e929060c823fe5","name":"Casa del Libro","image":{"@type":"ImageObject","inLanguage":"es","@id":"https:\/\/www.casadellibro.com\/blog\/#\/schema\/person\/image\/","url":"https:\/\/secure.gravatar.com\/avatar\/1ac01d90ad8e35013aff9d51865aa025?s=96&d=identicon&r=g","contentUrl":"https:\/\/secure.gravatar.com\/avatar\/1ac01d90ad8e35013aff9d51865aa025?s=96&d=identicon&r=g","caption":"Casa del Libro"}}]}},"_links":{"self":[{"href":"https:\/\/www.casadellibro.com\/blog\/wp-json\/wp\/v2\/posts\/5870","targetHints":{"allow":["GET"]}}],"collection":[{"href":"https:\/\/www.casadellibro.com\/blog\/wp-json\/wp\/v2\/posts"}],"about":[{"href":"https:\/\/www.casadellibro.com\/blog\/wp-json\/wp\/v2\/types\/post"}],"author":[{"embeddable":true,"href":"https:\/\/www.casadellibro.com\/blog\/wp-json\/wp\/v2\/users\/2"}],"replies":[{"embeddable":true,"href":"https:\/\/www.casadellibro.com\/blog\/wp-json\/wp\/v2\/comments?post=5870"}],"version-history":[{"count":0,"href":"https:\/\/www.casadellibro.com\/blog\/wp-json\/wp\/v2\/posts\/5870\/revisions"}],"wp:attachment":[{"href":"https:\/\/www.casadellibro.com\/blog\/wp-json\/wp\/v2\/media?parent=5870"}],"wp:term":[{"taxonomy":"category","embeddable":true,"href":"https:\/\/www.casadellibro.com\/blog\/wp-json\/wp\/v2\/categories?post=5870"},{"taxonomy":"post_tag","embeddable":true,"href":"https:\/\/www.casadellibro.com\/blog\/wp-json\/wp\/v2\/tags?post=5870"}],"curies":[{"name":"wp","href":"https:\/\/api.w.org\/{rel}","templated":true}]}}