{"id":672,"date":"2012-02-14T09:25:52","date_gmt":"2012-02-14T08:25:52","guid":{"rendered":"http:\/\/noticiascasadellibro.es\/?p=672"},"modified":"2012-02-14T09:25:52","modified_gmt":"2012-02-14T08:25:52","slug":"los-ebooks-de-corin-tellado-a-1e-en-san-valentin","status":"publish","type":"post","link":"https:\/\/www.casadellibro.com\/blog\/los-ebooks-de-corin-tellado-a-1e-en-san-valentin\/","title":{"rendered":"\u00a1Los ebooks de Cor\u00edn Tellado, a 1\u20ac en San Valent\u00edn!"},"content":{"rendered":"<p>En <a href=\"http:\/\/www.casadellibro.com\/\" target=\"_blank\" rel=\"noopener noreferrer\">Casadellibro.com<\/a> tambi\u00e9n celebramos el d\u00eda de los enamorados. Durante el d\u00eda de\u00a0 San Valent\u00edn queremos rendir un homenaje a Cor\u00edn Tellado. Los lectores podr\u00e1n<a href=\"http:\/\/www.casadellibro.com\/libros-corin-tellado-en-ebook\/804\" target=\"_blank\" rel=\"noopener noreferrer\"> adquirir por 1\u20ac los ebooks de la escritora<\/a> de novela rom\u00e1ntica m\u00e1s prol\u00edfica de Espa\u00f1a. \u00a1Hay muchos para elegir!<br \/>\n<span style=\"color: #ffffff;\">&#8211;<\/span><\/p>\n<p style=\"text-align: center;\"><a href=\"http:\/\/noticiascasadellibro.es\/wp-content\/uploads\/2012\/02\/tellado-770.jpg\"><img loading=\"lazy\" decoding=\"async\" class=\"aligncenter  wp-image-673\" style=\"border: 1px solid black;\" title=\"Cor\u00edn Tellado\" src=\"http:\/\/noticiascasadellibro.es\/wp-content\/uploads\/2012\/02\/tellado-770.jpg\" alt=\"Cor\u00edn Tellado\" width=\"539\" height=\"245\" \/><\/a><\/p>\n<p><span style=\"color: #ffffff;\">&#8211;<\/span><br \/>\n<a href=\"http:\/\/www.casadellibro.com\/libros-ebooks\/corin-tellado\/80461\" target=\"_blank\" rel=\"noopener noreferrer\">Cor\u00edn Tellado<\/a>, populariz\u00f3 las historias rom\u00e1nticas con m\u00e1s de 4.000 t\u00edtulos publicados en los que daba rienda suelta al amor y la pasi\u00f3n. Cualquiera de sus novelas, como \u201c<a href=\"http:\/\/www.casadellibro.com\/ebook-ella-entre-los-dos-ebook\/9788415154730\/1942522\" target=\"_blank\" rel=\"noopener noreferrer\">Ella entre los dos<\/a>\u201d o \u201c<a href=\"http:\/\/www.casadellibro.com\/ebook-ella-era-asi-ebook\/9788415154747\/1942512\" target=\"_blank\" rel=\"noopener noreferrer\">Ella era as\u00ed<\/a>\u201d pueden ser la compra o el regalo perfecto para celebrar el d\u00eda del amor.<\/p>\n","protected":false},"excerpt":{"rendered":"<p>En Casadellibro.com tambi\u00e9n celebramos el d\u00eda de los enamorados. Durante el d\u00eda de\u00a0 San Valent\u00edn queremos rendir un homenaje a Cor\u00edn Tellado. Los lectores podr\u00e1n adquirir por 1\u20ac los ebooks de la escritora de novela rom\u00e1ntica m\u00e1s prol\u00edfica de Espa\u00f1a. \u00a1Hay muchos para elegir! &#8211; &#8211; Cor\u00edn Tellado, populariz\u00f3 las historias rom\u00e1nticas con m\u00e1s de [&hellip;]<\/p>\n","protected":false},"author":2,"featured_media":749,"comment_status":"open","ping_status":"open","sticky":false,"template":"","format":"standard","meta":{"tdm_status":"","tdm_grid_status":"","footnotes":""},"categories":[4],"tags":[176],"class_list":{"0":"post-672","1":"post","2":"type-post","3":"status-publish","4":"format-standard","5":"has-post-thumbnail","7":"category-actualidad","8":"tag-san-valentin"},"yoast_head":"<!-- This site is optimized with the Yoast SEO plugin v26.8 - https:\/\/yoast.com\/product\/yoast-seo-wordpress\/ -->\n<title>\u00a1Los ebooks de Cor\u00edn Tellado, a 1\u20ac en San Valent\u00edn! | Casa del Libro<\/title>\n<meta name=\"robots\" content=\"index, follow, max-snippet:-1, max-image-preview:large, max-video-preview:-1\" \/>\n<link rel=\"canonical\" href=\"https:\/\/www.casadellibro.com\/blog\/los-ebooks-de-corin-tellado-a-1e-en-san-valentin\/\" \/>\n<meta property=\"og:locale\" content=\"es_ES\" \/>\n<meta property=\"og:type\" content=\"article\" \/>\n<meta property=\"og:title\" content=\"\u00a1Los ebooks de Cor\u00edn Tellado, a 1\u20ac en San Valent\u00edn! | Casa del Libro\" \/>\n<meta property=\"og:description\" content=\"En Casadellibro.com tambi\u00e9n celebramos el d\u00eda de los enamorados. Durante el d\u00eda de\u00a0 San Valent\u00edn queremos rendir un homenaje a Cor\u00edn Tellado. Los lectores podr\u00e1n adquirir por 1\u20ac los ebooks de la escritora de novela rom\u00e1ntica m\u00e1s prol\u00edfica de Espa\u00f1a. \u00a1Hay muchos para elegir! &#8211; &#8211; Cor\u00edn Tellado, populariz\u00f3 las historias rom\u00e1nticas con m\u00e1s de [&hellip;]\" \/>\n<meta property=\"og:url\" content=\"https:\/\/www.casadellibro.com\/blog\/los-ebooks-de-corin-tellado-a-1e-en-san-valentin\/\" \/>\n<meta property=\"og:site_name\" content=\"Blog Casa del Libro\" \/>\n<meta property=\"article:publisher\" content=\"https:\/\/www.facebook.com\/casadellibro\" \/>\n<meta property=\"article:published_time\" content=\"2012-02-14T08:25:52+00:00\" \/>\n<meta property=\"og:image\" content=\"https:\/\/www.casadellibro.com\/blog\/wp-content\/uploads\/2025\/01\/Favicon.png\" \/>\n\t<meta property=\"og:image:width\" content=\"512\" \/>\n\t<meta property=\"og:image:height\" content=\"512\" \/>\n\t<meta property=\"og:image:type\" content=\"image\/png\" \/>\n<meta name=\"author\" content=\"Casa del Libro\" \/>\n<meta name=\"twitter:card\" content=\"summary_large_image\" \/>\n<meta name=\"twitter:creator\" content=\"@casadellibro\" \/>\n<meta name=\"twitter:site\" content=\"@casadellibro\" \/>\n<meta name=\"twitter:label1\" content=\"Written by\" \/>\n\t<meta name=\"twitter:data1\" content=\"Casa del Libro\" \/>\n\t<meta name=\"twitter:label2\" content=\"Est. reading time\" \/>\n\t<meta name=\"twitter:data2\" content=\"1 minuto\" \/>\n<script type=\"application\/ld+json\" class=\"yoast-schema-graph\">{\"@context\":\"https:\/\/schema.org\",\"@graph\":[{\"@type\":\"Article\",\"@id\":\"https:\/\/www.casadellibro.com\/blog\/los-ebooks-de-corin-tellado-a-1e-en-san-valentin\/#article\",\"isPartOf\":{\"@id\":\"https:\/\/www.casadellibro.com\/blog\/los-ebooks-de-corin-tellado-a-1e-en-san-valentin\/\"},\"author\":{\"name\":\"Casa del Libro\",\"@id\":\"https:\/\/www.casadellibro.com\/blog\/#\/schema\/person\/4c5249ad5735629a37e929060c823fe5\"},\"headline\":\"\u00a1Los ebooks de Cor\u00edn Tellado, a 1\u20ac en San Valent\u00edn!\",\"datePublished\":\"2012-02-14T08:25:52+00:00\",\"mainEntityOfPage\":{\"@id\":\"https:\/\/www.casadellibro.com\/blog\/los-ebooks-de-corin-tellado-a-1e-en-san-valentin\/\"},\"wordCount\":122,\"commentCount\":0,\"publisher\":{\"@id\":\"https:\/\/www.casadellibro.com\/blog\/#organization\"},\"image\":{\"@id\":\"https:\/\/www.casadellibro.com\/blog\/los-ebooks-de-corin-tellado-a-1e-en-san-valentin\/#primaryimage\"},\"thumbnailUrl\":\"\",\"keywords\":[\"San Valent\u00edn\"],\"articleSection\":[\"Actualidad\"],\"inLanguage\":\"es\",\"potentialAction\":[{\"@type\":\"CommentAction\",\"name\":\"Comment\",\"target\":[\"https:\/\/www.casadellibro.com\/blog\/los-ebooks-de-corin-tellado-a-1e-en-san-valentin\/#respond\"]}]},{\"@type\":\"WebPage\",\"@id\":\"https:\/\/www.casadellibro.com\/blog\/los-ebooks-de-corin-tellado-a-1e-en-san-valentin\/\",\"url\":\"https:\/\/www.casadellibro.com\/blog\/los-ebooks-de-corin-tellado-a-1e-en-san-valentin\/\",\"name\":\"\u00a1Los ebooks de Cor\u00edn Tellado, a 1\u20ac en San Valent\u00edn! | Casa del Libro\",\"isPartOf\":{\"@id\":\"https:\/\/www.casadellibro.com\/blog\/#website\"},\"primaryImageOfPage\":{\"@id\":\"https:\/\/www.casadellibro.com\/blog\/los-ebooks-de-corin-tellado-a-1e-en-san-valentin\/#primaryimage\"},\"image\":{\"@id\":\"https:\/\/www.casadellibro.com\/blog\/los-ebooks-de-corin-tellado-a-1e-en-san-valentin\/#primaryimage\"},\"thumbnailUrl\":\"\",\"datePublished\":\"2012-02-14T08:25:52+00:00\",\"breadcrumb\":{\"@id\":\"https:\/\/www.casadellibro.com\/blog\/los-ebooks-de-corin-tellado-a-1e-en-san-valentin\/#breadcrumb\"},\"inLanguage\":\"es\",\"potentialAction\":[{\"@type\":\"ReadAction\",\"target\":[\"https:\/\/www.casadellibro.com\/blog\/los-ebooks-de-corin-tellado-a-1e-en-san-valentin\/\"]}]},{\"@type\":\"ImageObject\",\"inLanguage\":\"es\",\"@id\":\"https:\/\/www.casadellibro.com\/blog\/los-ebooks-de-corin-tellado-a-1e-en-san-valentin\/#primaryimage\",\"url\":\"\",\"contentUrl\":\"\"},{\"@type\":\"BreadcrumbList\",\"@id\":\"https:\/\/www.casadellibro.com\/blog\/los-ebooks-de-corin-tellado-a-1e-en-san-valentin\/#breadcrumb\",\"itemListElement\":[{\"@type\":\"ListItem\",\"position\":1,\"name\":\"Casa del Libro\",\"item\":\"https:\/\/www.casadellibro.com\/blog\/\"},{\"@type\":\"ListItem\",\"position\":2,\"name\":\"\u00a1Los ebooks de Cor\u00edn Tellado, a 1\u20ac en San Valent\u00edn!\"}]},{\"@type\":\"WebSite\",\"@id\":\"https:\/\/www.casadellibro.com\/blog\/#website\",\"url\":\"https:\/\/www.casadellibro.com\/blog\/\",\"name\":\"Blog Casa del Libro\",\"description\":\"Descubre todas las novedades en eBooks, eReaders y Libros en el Blog oficial de Casa del Libro, recomendaciones en eBook, eReader y Libro online\",\"publisher\":{\"@id\":\"https:\/\/www.casadellibro.com\/blog\/#organization\"},\"potentialAction\":[{\"@type\":\"SearchAction\",\"target\":{\"@type\":\"EntryPoint\",\"urlTemplate\":\"https:\/\/www.casadellibro.com\/blog\/?s={search_term_string}\"},\"query-input\":{\"@type\":\"PropertyValueSpecification\",\"valueRequired\":true,\"valueName\":\"search_term_string\"}}],\"inLanguage\":\"es\"},{\"@type\":\"Organization\",\"@id\":\"https:\/\/www.casadellibro.com\/blog\/#organization\",\"name\":\"Blog Casa del Libro\",\"url\":\"https:\/\/www.casadellibro.com\/blog\/\",\"logo\":{\"@type\":\"ImageObject\",\"inLanguage\":\"es\",\"@id\":\"https:\/\/www.casadellibro.com\/blog\/#\/schema\/logo\/image\/\",\"url\":\"https:\/\/www.casadellibro.com\/blog\/wp-content\/uploads\/2022\/04\/cropped-image-2-300x98-1.png\",\"contentUrl\":\"https:\/\/www.casadellibro.com\/blog\/wp-content\/uploads\/2022\/04\/cropped-image-2-300x98-1.png\",\"width\":300,\"height\":98,\"caption\":\"Blog Casa del Libro\"},\"image\":{\"@id\":\"https:\/\/www.casadellibro.com\/blog\/#\/schema\/logo\/image\/\"},\"sameAs\":[\"https:\/\/www.facebook.com\/casadellibro\",\"https:\/\/x.com\/casadellibro\",\"https:\/\/www.youtube.com\/user\/casadellibropuntocom\",\"https:\/\/es.pinterest.com\/casadellibro\/\",\"https:\/\/open.spotify.com\/user\/wi2k27ijtmw114f531okf8nd4?si=JEaWkM75S56kXufnbmExww&nd=1&dlsi=6959f4c0a6474806\"]},{\"@type\":\"Person\",\"@id\":\"https:\/\/www.casadellibro.com\/blog\/#\/schema\/person\/4c5249ad5735629a37e929060c823fe5\",\"name\":\"Casa del Libro\",\"image\":{\"@type\":\"ImageObject\",\"inLanguage\":\"es\",\"@id\":\"https:\/\/www.casadellibro.com\/blog\/#\/schema\/person\/image\/\",\"url\":\"https:\/\/secure.gravatar.com\/avatar\/1ac01d90ad8e35013aff9d51865aa025?s=96&d=identicon&r=g\",\"contentUrl\":\"https:\/\/secure.gravatar.com\/avatar\/1ac01d90ad8e35013aff9d51865aa025?s=96&d=identicon&r=g\",\"caption\":\"Casa del Libro\"}}]}<\/script>\n<!-- \/ Yoast SEO plugin. -->","yoast_head_json":{"title":"\u00a1Los ebooks de Cor\u00edn Tellado, a 1\u20ac en San Valent\u00edn! | Casa del Libro","robots":{"index":"index","follow":"follow","max-snippet":"max-snippet:-1","max-image-preview":"max-image-preview:large","max-video-preview":"max-video-preview:-1"},"canonical":"https:\/\/www.casadellibro.com\/blog\/los-ebooks-de-corin-tellado-a-1e-en-san-valentin\/","og_locale":"es_ES","og_type":"article","og_title":"\u00a1Los ebooks de Cor\u00edn Tellado, a 1\u20ac en San Valent\u00edn! | Casa del Libro","og_description":"En Casadellibro.com tambi\u00e9n celebramos el d\u00eda de los enamorados. Durante el d\u00eda de\u00a0 San Valent\u00edn queremos rendir un homenaje a Cor\u00edn Tellado. Los lectores podr\u00e1n adquirir por 1\u20ac los ebooks de la escritora de novela rom\u00e1ntica m\u00e1s prol\u00edfica de Espa\u00f1a. \u00a1Hay muchos para elegir! &#8211; &#8211; Cor\u00edn Tellado, populariz\u00f3 las historias rom\u00e1nticas con m\u00e1s de [&hellip;]","og_url":"https:\/\/www.casadellibro.com\/blog\/los-ebooks-de-corin-tellado-a-1e-en-san-valentin\/","og_site_name":"Blog Casa del Libro","article_publisher":"https:\/\/www.facebook.com\/casadellibro","article_published_time":"2012-02-14T08:25:52+00:00","og_image":[{"width":512,"height":512,"url":"https:\/\/www.casadellibro.com\/blog\/wp-content\/uploads\/2025\/01\/Favicon.png","type":"image\/png"}],"author":"Casa del Libro","twitter_card":"summary_large_image","twitter_creator":"@casadellibro","twitter_site":"@casadellibro","twitter_misc":{"Written by":"Casa del Libro","Est. reading time":"1 minuto"},"schema":{"@context":"https:\/\/schema.org","@graph":[{"@type":"Article","@id":"https:\/\/www.casadellibro.com\/blog\/los-ebooks-de-corin-tellado-a-1e-en-san-valentin\/#article","isPartOf":{"@id":"https:\/\/www.casadellibro.com\/blog\/los-ebooks-de-corin-tellado-a-1e-en-san-valentin\/"},"author":{"name":"Casa del Libro","@id":"https:\/\/www.casadellibro.com\/blog\/#\/schema\/person\/4c5249ad5735629a37e929060c823fe5"},"headline":"\u00a1Los ebooks de Cor\u00edn Tellado, a 1\u20ac en San Valent\u00edn!","datePublished":"2012-02-14T08:25:52+00:00","mainEntityOfPage":{"@id":"https:\/\/www.casadellibro.com\/blog\/los-ebooks-de-corin-tellado-a-1e-en-san-valentin\/"},"wordCount":122,"commentCount":0,"publisher":{"@id":"https:\/\/www.casadellibro.com\/blog\/#organization"},"image":{"@id":"https:\/\/www.casadellibro.com\/blog\/los-ebooks-de-corin-tellado-a-1e-en-san-valentin\/#primaryimage"},"thumbnailUrl":"","keywords":["San Valent\u00edn"],"articleSection":["Actualidad"],"inLanguage":"es","potentialAction":[{"@type":"CommentAction","name":"Comment","target":["https:\/\/www.casadellibro.com\/blog\/los-ebooks-de-corin-tellado-a-1e-en-san-valentin\/#respond"]}]},{"@type":"WebPage","@id":"https:\/\/www.casadellibro.com\/blog\/los-ebooks-de-corin-tellado-a-1e-en-san-valentin\/","url":"https:\/\/www.casadellibro.com\/blog\/los-ebooks-de-corin-tellado-a-1e-en-san-valentin\/","name":"\u00a1Los ebooks de Cor\u00edn Tellado, a 1\u20ac en San Valent\u00edn! | Casa del Libro","isPartOf":{"@id":"https:\/\/www.casadellibro.com\/blog\/#website"},"primaryImageOfPage":{"@id":"https:\/\/www.casadellibro.com\/blog\/los-ebooks-de-corin-tellado-a-1e-en-san-valentin\/#primaryimage"},"image":{"@id":"https:\/\/www.casadellibro.com\/blog\/los-ebooks-de-corin-tellado-a-1e-en-san-valentin\/#primaryimage"},"thumbnailUrl":"","datePublished":"2012-02-14T08:25:52+00:00","breadcrumb":{"@id":"https:\/\/www.casadellibro.com\/blog\/los-ebooks-de-corin-tellado-a-1e-en-san-valentin\/#breadcrumb"},"inLanguage":"es","potentialAction":[{"@type":"ReadAction","target":["https:\/\/www.casadellibro.com\/blog\/los-ebooks-de-corin-tellado-a-1e-en-san-valentin\/"]}]},{"@type":"ImageObject","inLanguage":"es","@id":"https:\/\/www.casadellibro.com\/blog\/los-ebooks-de-corin-tellado-a-1e-en-san-valentin\/#primaryimage","url":"","contentUrl":""},{"@type":"BreadcrumbList","@id":"https:\/\/www.casadellibro.com\/blog\/los-ebooks-de-corin-tellado-a-1e-en-san-valentin\/#breadcrumb","itemListElement":[{"@type":"ListItem","position":1,"name":"Casa del Libro","item":"https:\/\/www.casadellibro.com\/blog\/"},{"@type":"ListItem","position":2,"name":"\u00a1Los ebooks de Cor\u00edn Tellado, a 1\u20ac en San Valent\u00edn!"}]},{"@type":"WebSite","@id":"https:\/\/www.casadellibro.com\/blog\/#website","url":"https:\/\/www.casadellibro.com\/blog\/","name":"Blog Casa del Libro","description":"Descubre todas las novedades en eBooks, eReaders y Libros en el Blog oficial de Casa del Libro, recomendaciones en eBook, eReader y Libro online","publisher":{"@id":"https:\/\/www.casadellibro.com\/blog\/#organization"},"potentialAction":[{"@type":"SearchAction","target":{"@type":"EntryPoint","urlTemplate":"https:\/\/www.casadellibro.com\/blog\/?s={search_term_string}"},"query-input":{"@type":"PropertyValueSpecification","valueRequired":true,"valueName":"search_term_string"}}],"inLanguage":"es"},{"@type":"Organization","@id":"https:\/\/www.casadellibro.com\/blog\/#organization","name":"Blog Casa del Libro","url":"https:\/\/www.casadellibro.com\/blog\/","logo":{"@type":"ImageObject","inLanguage":"es","@id":"https:\/\/www.casadellibro.com\/blog\/#\/schema\/logo\/image\/","url":"https:\/\/www.casadellibro.com\/blog\/wp-content\/uploads\/2022\/04\/cropped-image-2-300x98-1.png","contentUrl":"https:\/\/www.casadellibro.com\/blog\/wp-content\/uploads\/2022\/04\/cropped-image-2-300x98-1.png","width":300,"height":98,"caption":"Blog Casa del Libro"},"image":{"@id":"https:\/\/www.casadellibro.com\/blog\/#\/schema\/logo\/image\/"},"sameAs":["https:\/\/www.facebook.com\/casadellibro","https:\/\/x.com\/casadellibro","https:\/\/www.youtube.com\/user\/casadellibropuntocom","https:\/\/es.pinterest.com\/casadellibro\/","https:\/\/open.spotify.com\/user\/wi2k27ijtmw114f531okf8nd4?si=JEaWkM75S56kXufnbmExww&nd=1&dlsi=6959f4c0a6474806"]},{"@type":"Person","@id":"https:\/\/www.casadellibro.com\/blog\/#\/schema\/person\/4c5249ad5735629a37e929060c823fe5","name":"Casa del Libro","image":{"@type":"ImageObject","inLanguage":"es","@id":"https:\/\/www.casadellibro.com\/blog\/#\/schema\/person\/image\/","url":"https:\/\/secure.gravatar.com\/avatar\/1ac01d90ad8e35013aff9d51865aa025?s=96&d=identicon&r=g","contentUrl":"https:\/\/secure.gravatar.com\/avatar\/1ac01d90ad8e35013aff9d51865aa025?s=96&d=identicon&r=g","caption":"Casa del Libro"}}]}},"_links":{"self":[{"href":"https:\/\/www.casadellibro.com\/blog\/wp-json\/wp\/v2\/posts\/672","targetHints":{"allow":["GET"]}}],"collection":[{"href":"https:\/\/www.casadellibro.com\/blog\/wp-json\/wp\/v2\/posts"}],"about":[{"href":"https:\/\/www.casadellibro.com\/blog\/wp-json\/wp\/v2\/types\/post"}],"author":[{"embeddable":true,"href":"https:\/\/www.casadellibro.com\/blog\/wp-json\/wp\/v2\/users\/2"}],"replies":[{"embeddable":true,"href":"https:\/\/www.casadellibro.com\/blog\/wp-json\/wp\/v2\/comments?post=672"}],"version-history":[{"count":0,"href":"https:\/\/www.casadellibro.com\/blog\/wp-json\/wp\/v2\/posts\/672\/revisions"}],"wp:featuredmedia":[{"embeddable":true,"href":"https:\/\/www.casadellibro.com\/blog\/wp-json\/"}],"wp:attachment":[{"href":"https:\/\/www.casadellibro.com\/blog\/wp-json\/wp\/v2\/media?parent=672"}],"wp:term":[{"taxonomy":"category","embeddable":true,"href":"https:\/\/www.casadellibro.com\/blog\/wp-json\/wp\/v2\/categories?post=672"},{"taxonomy":"post_tag","embeddable":true,"href":"https:\/\/www.casadellibro.com\/blog\/wp-json\/wp\/v2\/tags?post=672"}],"curies":[{"name":"wp","href":"https:\/\/api.w.org\/{rel}","templated":true}]}}