{"id":9659,"date":"2014-10-27T15:00:39","date_gmt":"2014-10-27T14:00:39","guid":{"rendered":"http:\/\/noticiascasadellibro.es\/?p=9659"},"modified":"2014-10-27T15:00:39","modified_gmt":"2014-10-27T14:00:39","slug":"miografia-de-luis-piedrahita","status":"publish","type":"post","link":"https:\/\/www.casadellibro.com\/blog\/miografia-de-luis-piedrahita\/","title":{"rendered":"Miograf\u00eda de Luis Piedrahita"},"content":{"rendered":"<p style=\"text-align: justify;\"><img loading=\"lazy\" decoding=\"async\" class=\"alignleft wp-image-9665 size-medium\" src=\"http:\/\/noticiascasadellibro.es\/wp-content\/uploads\/2014\/10\/Luis_Piedrahita-219x300.jpg\" alt=\"Luis_Piedrahita\" width=\"219\" height=\"300\" \/>Seguramente est\u00e9s leyendo esto en una pantalla y no en papel. No s\u00e9 qu\u00e9 es mejor, la verdad. Yo quiero que inventen pronto un marcap\u00e1ginas a pilas para poner en mi libro electr\u00f3nico. S\u00ed, porque de tanto doblarle la esquina se est\u00e1 empezando a estropear. Cuando yo era peque\u00f1o le\u00edamos libros. Bueno, yo no porque en casa \u00e9ramos muy pobres y no ten\u00edamos libros. A veces le\u00edamos la sopa. Cuando de verdad quer\u00eda leer algo, sal\u00eda a la calle y me le\u00eda los letreros de las tiendas, los nombres de las calles y los carteles de los taxis, que casi siempre estaban ocupados. Dicen que cualquier tiempo pasado fue mejor; no creo.<\/p>\n<p style=\"text-align: justify;\">Mi vida fue dura. Yo nac\u00ed muy joven, a la corta edad de ning\u00fan a\u00f1o. Nac\u00ed en el seno de una familia muy humilde. Mi casa era tan peque\u00f1a que s\u00f3lo se pod\u00eda entrar con el est\u00f3mago vac\u00edo, y mis padres me vendieron para comprarse un hijo m\u00e1s barato y que ocupara poco.<\/p>\n<p style=\"text-align: justify;\">Me vendieron a un deshollinador que vio en mi flequillo un utensilio estupendo para limpiar conductos obstruidos. Cada ma\u00f1ana me ataba a un palo y&#8230; \u00a1hala, a limpiar chimeneas! A los dos a\u00f1os yo estaba m\u00e1s negro que el sobaco de un toro. Una noche me escap\u00e9. Claro: de noche a m\u00ed no me ve\u00eda ni Dios. Le\u00ed un cartel en el que pon\u00eda \u00abA6 Madrid\u00bb y corr\u00ed a zancada de ni\u00f1o de dos a\u00f1os desde mi Coru\u00f1a natal hasta mi Madrid capital. Entr\u00e9 por la Casa de Campo, por el zoo. Lo s\u00e9 porque al llegar me di de morros contra el cartel. Pon\u00eda: \u00abZoo\u00bb. Alguien pensar\u00e1: \u00ab\u00bfC\u00f3mo es posible que un ni\u00f1o de apenas dos a\u00f1os sepa leer?\u00bb. Pues porque zoo es una palabra muy f\u00e1cil de leer, que son s\u00f3lo tres letras y una est\u00e1 repetida. \u00bfCu\u00e1l? La o. Lo aclaro por si alguien ha llegado a estas alturas del relato sin saber leer. Total, que llego al cartel de \u00abZoo\u00bb, me quito el holl\u00edn de los ojos para poder leer \u2014os recuerdo que yo estaba negro negro\u2014, me quito el holl\u00edn de los ojos as\u00ed, con las manos, y en ese momento aparece un se\u00f1or del zoo:<\/p>\n<p style=\"text-align: justify;\">\u00ab\u00a1Anda! \u00a1Un oso panda!\u00bb, grita. Me agarra as\u00ed, por el pescuezo, y me lleva a la jaula de los osos panda. \u00a1Cuatro a\u00f1os pas\u00e9 en la jaula de los osos panda! Y yo no era un oso panda. Hac\u00eda grrrrrr para dar el pego, pero la madre panda se daba cuenta. Me dec\u00eda:<\/p>\n<p style=\"text-align: justify;\">\u2014T\u00fa no eres un oso panda, \u00bfeh?<\/p>\n<p style=\"text-align: justify;\">\u2014Ya lo s\u00e9, pero, por favor, no diga nada, que viene el deshollinador.<\/p>\n<p style=\"text-align: justify;\">All\u00ed pas\u00e9 mis primeros a\u00f1os, en la jaula de los osos panda, osopandeando como hubiera hecho cualquiera en mi situaci\u00f3n. La vida en la jaula no era f\u00e1cil y la alimentaci\u00f3n era horrible. Ten\u00edamos tres cubos: uno para la comida, otro para la orina y otro para las heces, y no era f\u00e1cil distinguirlos.<\/p>\n<p style=\"text-align: justify;\">Hice amigos: una caballito de mar y un pez gato. El pez gato ten\u00eda problemas de doble personalidad; dec\u00eda: \u00abAhora soy un pez, ahora soy un gato&#8230; y me est\u00e1n entrando unas ganas de comerme&#8230;\u00bb.<\/p>\n<p style=\"text-align: justify;\">El tema de la comida en los zoos es delicado. Es evidente que hay una oscura red de tr\u00e1fico de animalillos. Cuando nacen cobayas, alguna se va al terrario de las culebras, fijo. \u00bfPara qu\u00e9 va a comprar cobayas un encargado de alimentar a las culebras teniendo sus propias cobayas all\u00ed? Y cuando nacen las culebras, lo mismo: no todas se quedan a los pechos de mam\u00e1 pit\u00f3n, no. Algunas se iban a la jaula del \u00e1guila culebrera. Y los huevos del \u00e1guila culebrera no se quedaban todos en el nido. Alguno acababa en la cafeter\u00eda del zoo, donde ponen una tortilla estupenda.<\/p>\n<p style=\"text-align: justify;\">Una ma\u00f1ana, el caballito de mar, el pez gato y yo nos enteramos de la fatal noticia: la cafeter\u00eda del zoo iba a incluir zarzuela de mariscos en el men\u00fa del d\u00eda. Enseguida supimos que iba a ser nuestra \u00faltima tarde juntos y quisimos aprovechar esas horas. Nos sentamos a ver la puesta de sol y a charlar de las t\u00edpicas cosas de las que charlan los osos panda, los caballitos de mar y los peces gato cuando ven que la tarde languidece.<\/p>\n<p style=\"text-align: justify;\">Ellos ten\u00edan muchas cosas en com\u00fan, como por ejemplo aliento a pescado. Ten\u00edan los ojos hu\u00e9vados, no ten\u00edan pies; de hecho, me preguntaban a m\u00ed: \u00abLuis, \u00bfpara qu\u00e9 sirven los pies?\u00bb.<\/p>\n<p style=\"text-align: justify;\">Y claro, explicar para qu\u00e9 sirven los pies viviendo en una jaula no tiene mucho sentido:<\/p>\n<p style=\"text-align: justify;\">\u2014\u00bfPara qu\u00e9 sirven?<\/p>\n<p style=\"text-align: justify;\">\u2014Pues para ir a los sitios.<\/p>\n<p style=\"text-align: justify;\">\u2014\u00bfY qu\u00e9 son los sitios?<\/p>\n<p style=\"text-align: justify;\">Ya casi se me hab\u00eda olvidado lo que eran los sitios y para qu\u00e9 serv\u00edan los pies. Entonces record\u00e9 que hubo una noche en la que mis pies me hab\u00edan salvado la vida: la noche que corr\u00ed desde A Coru\u00f1a hasta Madrid. En cuanto lo dije, el caballito de mar y el pez gato me miraron con sus ojos hu\u00e9vados y me dijeron:<\/p>\n<p style=\"text-align: justify;\">\u2014\u00bfEres de A Coru\u00f1a?<\/p>\n<p style=\"text-align: justify;\">\u2014S\u00ed.<\/p>\n<p style=\"text-align: justify;\">\u2014Queremos ver el mar. Vamos a morir sin ver el mar. Luis, haz algo.<\/p>\n<p style=\"text-align: justify;\">El caballito de mar hab\u00eda nacido en el zoo y Pezga era de piscifactor\u00eda. Dije: \u00ab\u00a1Qu\u00e9 demonios! \u00a1Mis amigos no pueden morir sin ver el mar!\u00bb.<\/p>\n<p style=\"text-align: justify;\">Rob\u00e9 un coche del zoo. Alguien que haya llegado a estas alturas del relato sin saber leer es posible que se est\u00e9 preguntando&#8230;: \u00bfqui\u00e9n conduc\u00eda? \u00bfEl ni\u00f1o panda o el pez gato? El caballito de mar no, que iba colgado en el retrovisor.<\/p>\n<p style=\"text-align: justify;\">Cuando llegamos a la playa, los tres sab\u00edamos que era una despedida. Los dej\u00e9 en el agua, sus l\u00e1grimas se disolvieron en el mar y, en mi caso, una l\u00e1grima cay\u00f3 en la arena, en la arena cay\u00f3 una l\u00e1grima. Se fueron y no los volv\u00eda a ver. Yo volv\u00ed a Madrid caminando porque hac\u00eda muy buena noche, pero con un sentimiento agridulce. La vida es como la hiel y como la miel, que suenan parecidas en la boca y en la misma boca saben tan distintas.<\/p>\n<p style=\"text-align: justify;\">\u00a9 Luis Piedrahita, 2014<\/p>\n<p style=\"text-align: justify;\">Puedes seguir leyendo a Luis Piedrahita en Casa del Libro en <a title=\"A M\u00cd ESTE SIGLO SE ME EST\u00c1 HACIENDO LARGO\" href=\"http:\/\/www.casadellibro.com\/libro-a-mi-este-siglo-se-me-esta-haciendo-largo\/9788408132615\/2358991\" target=\"_blank\" rel=\"noopener noreferrer\">papel<\/a> y en <a title=\"A M\u00cd ESTE SIGLO SE ME EST\u00c1 HACIENDO LARGO (EBOOK)\" href=\"http:\/\/www.casadellibro.com\/ebook-a-mi-este-siglo-se-me-esta-haciendo-largo-ebook\/9788408133605\/2399527\" target=\"_blank\" rel=\"noopener noreferrer\">eBook<\/a>.<\/p>\n<p style=\"text-align: justify;\">Foto de <a title=\"Foto de Luis Piedrahita\" href=\"http:\/\/es.wikipedia.org\/wiki\/Luis_Piedrahita#mediaviewer\/File:Luis_Piedrahita.jpg\" target=\"_blank\" rel=\"noopener noreferrer\">che<\/a>.<\/p>\n","protected":false},"excerpt":{"rendered":"<p>Seguramente est\u00e9s leyendo esto en una pantalla y no en papel. No s\u00e9 qu\u00e9 es mejor, la verdad. Yo quiero que inventen pronto un marcap\u00e1ginas a pilas para poner en mi libro electr\u00f3nico. S\u00ed, porque de tanto doblarle la esquina se est\u00e1 empezando a estropear. Cuando yo era peque\u00f1o le\u00edamos libros. Bueno, yo no porque [&hellip;]<\/p>\n","protected":false},"author":2,"featured_media":9665,"comment_status":"open","ping_status":"open","sticky":false,"template":"","format":"standard","meta":{"tdm_status":"","tdm_grid_status":"","footnotes":""},"categories":[4],"tags":[198],"class_list":{"0":"post-9659","1":"post","2":"type-post","3":"status-publish","4":"format-standard","5":"has-post-thumbnail","7":"category-actualidad","8":"tag-humor"},"yoast_head":"<!-- This site is optimized with the Yoast SEO plugin v26.8 - https:\/\/yoast.com\/product\/yoast-seo-wordpress\/ -->\n<title>Miograf\u00eda de Luis Piedrahita | Casa del Libro<\/title>\n<meta name=\"robots\" content=\"index, follow, max-snippet:-1, max-image-preview:large, max-video-preview:-1\" \/>\n<link rel=\"canonical\" href=\"https:\/\/www.casadellibro.com\/blog\/miografia-de-luis-piedrahita\/\" \/>\n<meta property=\"og:locale\" content=\"es_ES\" \/>\n<meta property=\"og:type\" content=\"article\" \/>\n<meta property=\"og:title\" content=\"Miograf\u00eda de Luis Piedrahita | Casa del Libro\" \/>\n<meta property=\"og:description\" content=\"Seguramente est\u00e9s leyendo esto en una pantalla y no en papel. No s\u00e9 qu\u00e9 es mejor, la verdad. Yo quiero que inventen pronto un marcap\u00e1ginas a pilas para poner en mi libro electr\u00f3nico. S\u00ed, porque de tanto doblarle la esquina se est\u00e1 empezando a estropear. Cuando yo era peque\u00f1o le\u00edamos libros. Bueno, yo no porque [&hellip;]\" \/>\n<meta property=\"og:url\" content=\"https:\/\/www.casadellibro.com\/blog\/miografia-de-luis-piedrahita\/\" \/>\n<meta property=\"og:site_name\" content=\"Blog Casa del Libro\" \/>\n<meta property=\"article:publisher\" content=\"https:\/\/www.facebook.com\/casadellibro\" \/>\n<meta property=\"article:published_time\" content=\"2014-10-27T14:00:39+00:00\" \/>\n<meta property=\"og:image\" content=\"https:\/\/www.casadellibro.com\/blog\/wp-content\/uploads\/2025\/01\/Favicon.png\" \/>\n\t<meta property=\"og:image:width\" content=\"512\" \/>\n\t<meta property=\"og:image:height\" content=\"512\" \/>\n\t<meta property=\"og:image:type\" content=\"image\/png\" \/>\n<meta name=\"author\" content=\"Casa del Libro\" \/>\n<meta name=\"twitter:card\" content=\"summary_large_image\" \/>\n<meta name=\"twitter:creator\" content=\"@casadellibro\" \/>\n<meta name=\"twitter:site\" content=\"@casadellibro\" \/>\n<meta name=\"twitter:label1\" content=\"Written by\" \/>\n\t<meta name=\"twitter:data1\" content=\"Casa del Libro\" \/>\n\t<meta name=\"twitter:label2\" content=\"Est. reading time\" \/>\n\t<meta name=\"twitter:data2\" content=\"6 minutos\" \/>\n<script type=\"application\/ld+json\" class=\"yoast-schema-graph\">{\"@context\":\"https:\/\/schema.org\",\"@graph\":[{\"@type\":\"Article\",\"@id\":\"https:\/\/www.casadellibro.com\/blog\/miografia-de-luis-piedrahita\/#article\",\"isPartOf\":{\"@id\":\"https:\/\/www.casadellibro.com\/blog\/miografia-de-luis-piedrahita\/\"},\"author\":{\"name\":\"Casa del Libro\",\"@id\":\"https:\/\/www.casadellibro.com\/blog\/#\/schema\/person\/4c5249ad5735629a37e929060c823fe5\"},\"headline\":\"Miograf\u00eda de Luis Piedrahita\",\"datePublished\":\"2014-10-27T14:00:39+00:00\",\"mainEntityOfPage\":{\"@id\":\"https:\/\/www.casadellibro.com\/blog\/miografia-de-luis-piedrahita\/\"},\"wordCount\":1115,\"commentCount\":0,\"publisher\":{\"@id\":\"https:\/\/www.casadellibro.com\/blog\/#organization\"},\"image\":{\"@id\":\"https:\/\/www.casadellibro.com\/blog\/miografia-de-luis-piedrahita\/#primaryimage\"},\"thumbnailUrl\":\"\",\"keywords\":[\"humor\"],\"articleSection\":[\"Actualidad\"],\"inLanguage\":\"es\",\"potentialAction\":[{\"@type\":\"CommentAction\",\"name\":\"Comment\",\"target\":[\"https:\/\/www.casadellibro.com\/blog\/miografia-de-luis-piedrahita\/#respond\"]}]},{\"@type\":\"WebPage\",\"@id\":\"https:\/\/www.casadellibro.com\/blog\/miografia-de-luis-piedrahita\/\",\"url\":\"https:\/\/www.casadellibro.com\/blog\/miografia-de-luis-piedrahita\/\",\"name\":\"Miograf\u00eda de Luis Piedrahita | Casa del Libro\",\"isPartOf\":{\"@id\":\"https:\/\/www.casadellibro.com\/blog\/#website\"},\"primaryImageOfPage\":{\"@id\":\"https:\/\/www.casadellibro.com\/blog\/miografia-de-luis-piedrahita\/#primaryimage\"},\"image\":{\"@id\":\"https:\/\/www.casadellibro.com\/blog\/miografia-de-luis-piedrahita\/#primaryimage\"},\"thumbnailUrl\":\"\",\"datePublished\":\"2014-10-27T14:00:39+00:00\",\"breadcrumb\":{\"@id\":\"https:\/\/www.casadellibro.com\/blog\/miografia-de-luis-piedrahita\/#breadcrumb\"},\"inLanguage\":\"es\",\"potentialAction\":[{\"@type\":\"ReadAction\",\"target\":[\"https:\/\/www.casadellibro.com\/blog\/miografia-de-luis-piedrahita\/\"]}]},{\"@type\":\"ImageObject\",\"inLanguage\":\"es\",\"@id\":\"https:\/\/www.casadellibro.com\/blog\/miografia-de-luis-piedrahita\/#primaryimage\",\"url\":\"\",\"contentUrl\":\"\"},{\"@type\":\"BreadcrumbList\",\"@id\":\"https:\/\/www.casadellibro.com\/blog\/miografia-de-luis-piedrahita\/#breadcrumb\",\"itemListElement\":[{\"@type\":\"ListItem\",\"position\":1,\"name\":\"Casa del Libro\",\"item\":\"https:\/\/www.casadellibro.com\/blog\/\"},{\"@type\":\"ListItem\",\"position\":2,\"name\":\"Miograf\u00eda de Luis Piedrahita\"}]},{\"@type\":\"WebSite\",\"@id\":\"https:\/\/www.casadellibro.com\/blog\/#website\",\"url\":\"https:\/\/www.casadellibro.com\/blog\/\",\"name\":\"Blog Casa del Libro\",\"description\":\"Descubre todas las novedades en eBooks, eReaders y Libros en el Blog oficial de Casa del Libro, recomendaciones en eBook, eReader y Libro online\",\"publisher\":{\"@id\":\"https:\/\/www.casadellibro.com\/blog\/#organization\"},\"potentialAction\":[{\"@type\":\"SearchAction\",\"target\":{\"@type\":\"EntryPoint\",\"urlTemplate\":\"https:\/\/www.casadellibro.com\/blog\/?s={search_term_string}\"},\"query-input\":{\"@type\":\"PropertyValueSpecification\",\"valueRequired\":true,\"valueName\":\"search_term_string\"}}],\"inLanguage\":\"es\"},{\"@type\":\"Organization\",\"@id\":\"https:\/\/www.casadellibro.com\/blog\/#organization\",\"name\":\"Blog Casa del Libro\",\"url\":\"https:\/\/www.casadellibro.com\/blog\/\",\"logo\":{\"@type\":\"ImageObject\",\"inLanguage\":\"es\",\"@id\":\"https:\/\/www.casadellibro.com\/blog\/#\/schema\/logo\/image\/\",\"url\":\"https:\/\/www.casadellibro.com\/blog\/wp-content\/uploads\/2022\/04\/cropped-image-2-300x98-1.png\",\"contentUrl\":\"https:\/\/www.casadellibro.com\/blog\/wp-content\/uploads\/2022\/04\/cropped-image-2-300x98-1.png\",\"width\":300,\"height\":98,\"caption\":\"Blog Casa del Libro\"},\"image\":{\"@id\":\"https:\/\/www.casadellibro.com\/blog\/#\/schema\/logo\/image\/\"},\"sameAs\":[\"https:\/\/www.facebook.com\/casadellibro\",\"https:\/\/x.com\/casadellibro\",\"https:\/\/www.youtube.com\/user\/casadellibropuntocom\",\"https:\/\/es.pinterest.com\/casadellibro\/\",\"https:\/\/open.spotify.com\/user\/wi2k27ijtmw114f531okf8nd4?si=JEaWkM75S56kXufnbmExww&nd=1&dlsi=6959f4c0a6474806\"]},{\"@type\":\"Person\",\"@id\":\"https:\/\/www.casadellibro.com\/blog\/#\/schema\/person\/4c5249ad5735629a37e929060c823fe5\",\"name\":\"Casa del Libro\",\"image\":{\"@type\":\"ImageObject\",\"inLanguage\":\"es\",\"@id\":\"https:\/\/www.casadellibro.com\/blog\/#\/schema\/person\/image\/\",\"url\":\"https:\/\/secure.gravatar.com\/avatar\/1ac01d90ad8e35013aff9d51865aa025?s=96&d=identicon&r=g\",\"contentUrl\":\"https:\/\/secure.gravatar.com\/avatar\/1ac01d90ad8e35013aff9d51865aa025?s=96&d=identicon&r=g\",\"caption\":\"Casa del Libro\"}}]}<\/script>\n<!-- \/ Yoast SEO plugin. -->","yoast_head_json":{"title":"Miograf\u00eda de Luis Piedrahita | Casa del Libro","robots":{"index":"index","follow":"follow","max-snippet":"max-snippet:-1","max-image-preview":"max-image-preview:large","max-video-preview":"max-video-preview:-1"},"canonical":"https:\/\/www.casadellibro.com\/blog\/miografia-de-luis-piedrahita\/","og_locale":"es_ES","og_type":"article","og_title":"Miograf\u00eda de Luis Piedrahita | Casa del Libro","og_description":"Seguramente est\u00e9s leyendo esto en una pantalla y no en papel. No s\u00e9 qu\u00e9 es mejor, la verdad. Yo quiero que inventen pronto un marcap\u00e1ginas a pilas para poner en mi libro electr\u00f3nico. S\u00ed, porque de tanto doblarle la esquina se est\u00e1 empezando a estropear. Cuando yo era peque\u00f1o le\u00edamos libros. Bueno, yo no porque [&hellip;]","og_url":"https:\/\/www.casadellibro.com\/blog\/miografia-de-luis-piedrahita\/","og_site_name":"Blog Casa del Libro","article_publisher":"https:\/\/www.facebook.com\/casadellibro","article_published_time":"2014-10-27T14:00:39+00:00","og_image":[{"width":512,"height":512,"url":"https:\/\/www.casadellibro.com\/blog\/wp-content\/uploads\/2025\/01\/Favicon.png","type":"image\/png"}],"author":"Casa del Libro","twitter_card":"summary_large_image","twitter_creator":"@casadellibro","twitter_site":"@casadellibro","twitter_misc":{"Written by":"Casa del Libro","Est. reading time":"6 minutos"},"schema":{"@context":"https:\/\/schema.org","@graph":[{"@type":"Article","@id":"https:\/\/www.casadellibro.com\/blog\/miografia-de-luis-piedrahita\/#article","isPartOf":{"@id":"https:\/\/www.casadellibro.com\/blog\/miografia-de-luis-piedrahita\/"},"author":{"name":"Casa del Libro","@id":"https:\/\/www.casadellibro.com\/blog\/#\/schema\/person\/4c5249ad5735629a37e929060c823fe5"},"headline":"Miograf\u00eda de Luis Piedrahita","datePublished":"2014-10-27T14:00:39+00:00","mainEntityOfPage":{"@id":"https:\/\/www.casadellibro.com\/blog\/miografia-de-luis-piedrahita\/"},"wordCount":1115,"commentCount":0,"publisher":{"@id":"https:\/\/www.casadellibro.com\/blog\/#organization"},"image":{"@id":"https:\/\/www.casadellibro.com\/blog\/miografia-de-luis-piedrahita\/#primaryimage"},"thumbnailUrl":"","keywords":["humor"],"articleSection":["Actualidad"],"inLanguage":"es","potentialAction":[{"@type":"CommentAction","name":"Comment","target":["https:\/\/www.casadellibro.com\/blog\/miografia-de-luis-piedrahita\/#respond"]}]},{"@type":"WebPage","@id":"https:\/\/www.casadellibro.com\/blog\/miografia-de-luis-piedrahita\/","url":"https:\/\/www.casadellibro.com\/blog\/miografia-de-luis-piedrahita\/","name":"Miograf\u00eda de Luis Piedrahita | Casa del Libro","isPartOf":{"@id":"https:\/\/www.casadellibro.com\/blog\/#website"},"primaryImageOfPage":{"@id":"https:\/\/www.casadellibro.com\/blog\/miografia-de-luis-piedrahita\/#primaryimage"},"image":{"@id":"https:\/\/www.casadellibro.com\/blog\/miografia-de-luis-piedrahita\/#primaryimage"},"thumbnailUrl":"","datePublished":"2014-10-27T14:00:39+00:00","breadcrumb":{"@id":"https:\/\/www.casadellibro.com\/blog\/miografia-de-luis-piedrahita\/#breadcrumb"},"inLanguage":"es","potentialAction":[{"@type":"ReadAction","target":["https:\/\/www.casadellibro.com\/blog\/miografia-de-luis-piedrahita\/"]}]},{"@type":"ImageObject","inLanguage":"es","@id":"https:\/\/www.casadellibro.com\/blog\/miografia-de-luis-piedrahita\/#primaryimage","url":"","contentUrl":""},{"@type":"BreadcrumbList","@id":"https:\/\/www.casadellibro.com\/blog\/miografia-de-luis-piedrahita\/#breadcrumb","itemListElement":[{"@type":"ListItem","position":1,"name":"Casa del Libro","item":"https:\/\/www.casadellibro.com\/blog\/"},{"@type":"ListItem","position":2,"name":"Miograf\u00eda de Luis Piedrahita"}]},{"@type":"WebSite","@id":"https:\/\/www.casadellibro.com\/blog\/#website","url":"https:\/\/www.casadellibro.com\/blog\/","name":"Blog Casa del Libro","description":"Descubre todas las novedades en eBooks, eReaders y Libros en el Blog oficial de Casa del Libro, recomendaciones en eBook, eReader y Libro online","publisher":{"@id":"https:\/\/www.casadellibro.com\/blog\/#organization"},"potentialAction":[{"@type":"SearchAction","target":{"@type":"EntryPoint","urlTemplate":"https:\/\/www.casadellibro.com\/blog\/?s={search_term_string}"},"query-input":{"@type":"PropertyValueSpecification","valueRequired":true,"valueName":"search_term_string"}}],"inLanguage":"es"},{"@type":"Organization","@id":"https:\/\/www.casadellibro.com\/blog\/#organization","name":"Blog Casa del Libro","url":"https:\/\/www.casadellibro.com\/blog\/","logo":{"@type":"ImageObject","inLanguage":"es","@id":"https:\/\/www.casadellibro.com\/blog\/#\/schema\/logo\/image\/","url":"https:\/\/www.casadellibro.com\/blog\/wp-content\/uploads\/2022\/04\/cropped-image-2-300x98-1.png","contentUrl":"https:\/\/www.casadellibro.com\/blog\/wp-content\/uploads\/2022\/04\/cropped-image-2-300x98-1.png","width":300,"height":98,"caption":"Blog Casa del Libro"},"image":{"@id":"https:\/\/www.casadellibro.com\/blog\/#\/schema\/logo\/image\/"},"sameAs":["https:\/\/www.facebook.com\/casadellibro","https:\/\/x.com\/casadellibro","https:\/\/www.youtube.com\/user\/casadellibropuntocom","https:\/\/es.pinterest.com\/casadellibro\/","https:\/\/open.spotify.com\/user\/wi2k27ijtmw114f531okf8nd4?si=JEaWkM75S56kXufnbmExww&nd=1&dlsi=6959f4c0a6474806"]},{"@type":"Person","@id":"https:\/\/www.casadellibro.com\/blog\/#\/schema\/person\/4c5249ad5735629a37e929060c823fe5","name":"Casa del Libro","image":{"@type":"ImageObject","inLanguage":"es","@id":"https:\/\/www.casadellibro.com\/blog\/#\/schema\/person\/image\/","url":"https:\/\/secure.gravatar.com\/avatar\/1ac01d90ad8e35013aff9d51865aa025?s=96&d=identicon&r=g","contentUrl":"https:\/\/secure.gravatar.com\/avatar\/1ac01d90ad8e35013aff9d51865aa025?s=96&d=identicon&r=g","caption":"Casa del Libro"}}]}},"_links":{"self":[{"href":"https:\/\/www.casadellibro.com\/blog\/wp-json\/wp\/v2\/posts\/9659","targetHints":{"allow":["GET"]}}],"collection":[{"href":"https:\/\/www.casadellibro.com\/blog\/wp-json\/wp\/v2\/posts"}],"about":[{"href":"https:\/\/www.casadellibro.com\/blog\/wp-json\/wp\/v2\/types\/post"}],"author":[{"embeddable":true,"href":"https:\/\/www.casadellibro.com\/blog\/wp-json\/wp\/v2\/users\/2"}],"replies":[{"embeddable":true,"href":"https:\/\/www.casadellibro.com\/blog\/wp-json\/wp\/v2\/comments?post=9659"}],"version-history":[{"count":0,"href":"https:\/\/www.casadellibro.com\/blog\/wp-json\/wp\/v2\/posts\/9659\/revisions"}],"wp:featuredmedia":[{"embeddable":true,"href":"https:\/\/www.casadellibro.com\/blog\/wp-json\/"}],"wp:attachment":[{"href":"https:\/\/www.casadellibro.com\/blog\/wp-json\/wp\/v2\/media?parent=9659"}],"wp:term":[{"taxonomy":"category","embeddable":true,"href":"https:\/\/www.casadellibro.com\/blog\/wp-json\/wp\/v2\/categories?post=9659"},{"taxonomy":"post_tag","embeddable":true,"href":"https:\/\/www.casadellibro.com\/blog\/wp-json\/wp\/v2\/tags?post=9659"}],"curies":[{"name":"wp","href":"https:\/\/api.w.org\/{rel}","templated":true}]}}